{"id":2888,"date":"2016-02-25T15:58:41","date_gmt":"2016-02-25T18:58:41","guid":{"rendered":"http:\/\/otimoneiro.com.br\/?p=2888"},"modified":"2016-02-25T15:58:41","modified_gmt":"2016-02-25T18:58:41","slug":"producao-de-machos-estereis-do-aedes-aegypti-deve-comecar-em-setembro","status":"publish","type":"post","link":"https:\/\/jornaltimoneiro.com.br\/index.php\/2016\/02\/25\/producao-de-machos-estereis-do-aedes-aegypti-deve-comecar-em-setembro\/","title":{"rendered":"Produ\u00e7\u00e3o de machos est\u00e9reis do Aedes aegypti deve come\u00e7ar em setembro"},"content":{"rendered":"<p><a href=\"http:\/\/otimoneiro.com.br\/wp-content\/uploads\/2016\/02\/mosquito.jpg\"><img decoding=\"async\" class=\"aligncenter size-full wp-image-2891\" src=\"http:\/\/otimoneiro.com.br\/wp-content\/uploads\/2016\/02\/mosquito.jpg\" alt=\"mosquito\" width=\"620\" height=\"350\" \/><\/a><\/p>\n<p>Em meio ao cen\u00e1rio de epidemia do v\u00edrus Zika na Am\u00e9rica Latina e no Caribe, a Ag\u00eancia Internacional de Energia At\u00f4mica (Aiea) anunciou esta semana que vai transferir ao Brasil a tecnologia necess\u00e1ria para esterilizar machos do mosquito <em>Aedes aegypti <\/em>em<em>\u00a0<\/em>uma tentativa de controle populacional do vetor na regi\u00e3o.<\/p>\n<p>O equipamento ser\u00e1 enviado para a biof\u00e1brica Moscamed Brasil, localizada na cidade de Juazeiro, regi\u00e3o norte da Bahia. A institui\u00e7\u00e3o foi escolhida pela pr\u00f3pria ag\u00eancia de energia nuclear das Na\u00e7\u00f5es Unidas e \u00e9 a primeira biof\u00e1brica do mundo a utilizar a tecnologia de raios-x para esteriliza\u00e7\u00e3o de insetos e controle biol\u00f3gico de pragas.<\/p>\n<p>Em entrevista \u00e0 Ag\u00eancia Brasil, o doutor em radioentomologia pelo Centro de Energia Nuclear Aplicada \u00e0 Agricultura da Universidade de S\u00e3o Paulo (USP) e diretor-presidente da Moscamed, Jair Virg\u00ednio, explicou que a chegada de um irradiador gama de cobalto-60 vai permitir \u00e0 biof\u00e1brica a produ\u00e7\u00e3o de at\u00e9 12 milh\u00f5es de machos est\u00e9reis do <em>Aedes aegypti<\/em> por semana.<\/p>\n<p>Uma vez superados os procedimentos de desembara\u00e7o para a entrada do aparelho no pa\u00eds, sobretudo no que diz respeito \u00e0s normas t\u00e9cnicas para equipamentos nucleares, a expectativa \u00e9 que a produ\u00e7\u00e3o em larga escala de machos est\u00e9reis seja iniciada at\u00e9 setembro. J\u00e1 a libera\u00e7\u00e3o dos mosquitos est\u00e1 prevista para come\u00e7ar at\u00e9 o final do ano \u2013 inicialmente, em munic\u00edpios com at\u00e9 30 mil habitantes.<\/p>\n<p>Segundo ele, a t\u00e9cnica a ser usada se assemelha a uma esp\u00e9cie de controle de natalidade do mosquito.<\/p>\n<p>&#8220;\u00c9 sempre bom lembrar que o macho n\u00e3o pica as pessoas. Ele se alimenta de subst\u00e2ncias a\u00e7ucaradas, como n\u00e9ctar e seiva. \u00c9 a f\u00eamea quem precisa de sangue para maturar os ovos e coloc\u00e1-los. E a f\u00eamea do Aedes copula uma \u00fanica vez na vida&#8221;, explica Jair Virg\u00ednio.<\/p>\n","protected":false},"excerpt":{"rendered":"<p>A t\u00e9cnica a ser usada se assemelha a uma esp\u00e9cie de controle de natalidade do mosquito<\/p>\n","protected":false},"author":1,"featured_media":2891,"comment_status":"open","ping_status":"open","sticky":false,"template":"","format":"standard","meta":{"amp_status":"","footnotes":""},"categories":[19],"tags":[],"class_list":["post-2888","post","type-post","status-publish","format-standard","has-post-thumbnail","hentry","category-destaques"],"yoast_head":"<!-- This site is optimized with the Yoast SEO plugin v20.5 - https:\/\/yoast.com\/wordpress\/plugins\/seo\/ -->\n<title>Produ\u00e7\u00e3o de machos est\u00e9reis do Aedes aegypti deve come\u00e7ar em setembro - O Timoneiro Jornal Canoas RS<\/title>\n<meta name=\"robots\" content=\"index, follow, max-snippet:-1, max-image-preview:large, max-video-preview:-1\" \/>\n<link rel=\"canonical\" href=\"https:\/\/jornaltimoneiro.com.br\/index.php\/2016\/02\/25\/producao-de-machos-estereis-do-aedes-aegypti-deve-comecar-em-setembro\/\" \/>\n<meta property=\"og:locale\" content=\"pt_BR\" \/>\n<meta property=\"og:type\" content=\"article\" \/>\n<meta property=\"og:title\" content=\"Produ\u00e7\u00e3o de machos est\u00e9reis do Aedes aegypti deve come\u00e7ar em setembro - O Timoneiro Jornal Canoas RS\" \/>\n<meta property=\"og:description\" content=\"A t\u00e9cnica a ser usada se assemelha a uma esp\u00e9cie de controle de natalidade do mosquito\" \/>\n<meta property=\"og:url\" content=\"https:\/\/jornaltimoneiro.com.br\/index.php\/2016\/02\/25\/producao-de-machos-estereis-do-aedes-aegypti-deve-comecar-em-setembro\/\" \/>\n<meta property=\"og:site_name\" content=\"O Timoneiro Jornal Canoas RS\" \/>\n<meta property=\"article:publisher\" content=\"https:\/\/www.facebook.com\/jornaltimoneiro\" \/>\n<meta property=\"article:published_time\" content=\"2016-02-25T18:58:41+00:00\" \/>\n<meta name=\"author\" content=\"Reda\u00e7\u00e3o\" \/>\n<meta name=\"twitter:card\" content=\"summary_large_image\" \/>\n<meta name=\"twitter:creator\" content=\"@_OTimoneiro\" \/>\n<meta name=\"twitter:site\" content=\"@_OTimoneiro\" \/>\n<meta name=\"twitter:label1\" content=\"Escrito por\" \/>\n\t<meta name=\"twitter:data1\" content=\"Reda\u00e7\u00e3o\" \/>\n\t<meta name=\"twitter:label2\" content=\"Est. tempo de leitura\" \/>\n\t<meta name=\"twitter:data2\" content=\"2 minutos\" \/>\n<script type=\"application\/ld+json\" class=\"yoast-schema-graph\">{\"@context\":\"https:\/\/schema.org\",\"@graph\":[{\"@type\":\"Article\",\"@id\":\"https:\/\/jornaltimoneiro.com.br\/index.php\/2016\/02\/25\/producao-de-machos-estereis-do-aedes-aegypti-deve-comecar-em-setembro\/#article\",\"isPartOf\":{\"@id\":\"https:\/\/jornaltimoneiro.com.br\/index.php\/2016\/02\/25\/producao-de-machos-estereis-do-aedes-aegypti-deve-comecar-em-setembro\/\"},\"author\":{\"name\":\"Reda\u00e7\u00e3o\",\"@id\":\"https:\/\/jornaltimoneiro.com.br\/#\/schema\/person\/620efd1d8244466117482be494360b08\"},\"headline\":\"Produ\u00e7\u00e3o de machos est\u00e9reis do Aedes aegypti deve come\u00e7ar em setembro\",\"datePublished\":\"2016-02-25T18:58:41+00:00\",\"dateModified\":\"2016-02-25T18:58:41+00:00\",\"mainEntityOfPage\":{\"@id\":\"https:\/\/jornaltimoneiro.com.br\/index.php\/2016\/02\/25\/producao-de-machos-estereis-do-aedes-aegypti-deve-comecar-em-setembro\/\"},\"wordCount\":335,\"commentCount\":0,\"publisher\":{\"@id\":\"https:\/\/jornaltimoneiro.com.br\/#organization\"},\"articleSection\":[\"Destaques\"],\"inLanguage\":\"pt-BR\",\"potentialAction\":[{\"@type\":\"CommentAction\",\"name\":\"Comment\",\"target\":[\"https:\/\/jornaltimoneiro.com.br\/index.php\/2016\/02\/25\/producao-de-machos-estereis-do-aedes-aegypti-deve-comecar-em-setembro\/#respond\"]}]},{\"@type\":\"WebPage\",\"@id\":\"https:\/\/jornaltimoneiro.com.br\/index.php\/2016\/02\/25\/producao-de-machos-estereis-do-aedes-aegypti-deve-comecar-em-setembro\/\",\"url\":\"https:\/\/jornaltimoneiro.com.br\/index.php\/2016\/02\/25\/producao-de-machos-estereis-do-aedes-aegypti-deve-comecar-em-setembro\/\",\"name\":\"Produ\u00e7\u00e3o de machos est\u00e9reis do Aedes aegypti deve come\u00e7ar em setembro - O Timoneiro Jornal Canoas RS\",\"isPartOf\":{\"@id\":\"https:\/\/jornaltimoneiro.com.br\/#website\"},\"datePublished\":\"2016-02-25T18:58:41+00:00\",\"dateModified\":\"2016-02-25T18:58:41+00:00\",\"breadcrumb\":{\"@id\":\"https:\/\/jornaltimoneiro.com.br\/index.php\/2016\/02\/25\/producao-de-machos-estereis-do-aedes-aegypti-deve-comecar-em-setembro\/#breadcrumb\"},\"inLanguage\":\"pt-BR\",\"potentialAction\":[{\"@type\":\"ReadAction\",\"target\":[\"https:\/\/jornaltimoneiro.com.br\/index.php\/2016\/02\/25\/producao-de-machos-estereis-do-aedes-aegypti-deve-comecar-em-setembro\/\"]}]},{\"@type\":\"BreadcrumbList\",\"@id\":\"https:\/\/jornaltimoneiro.com.br\/index.php\/2016\/02\/25\/producao-de-machos-estereis-do-aedes-aegypti-deve-comecar-em-setembro\/#breadcrumb\",\"itemListElement\":[{\"@type\":\"ListItem\",\"position\":1,\"name\":\"In\u00edcio\",\"item\":\"https:\/\/jornaltimoneiro.com.br\/\"},{\"@type\":\"ListItem\",\"position\":2,\"name\":\"Produ\u00e7\u00e3o de machos est\u00e9reis do Aedes aegypti deve come\u00e7ar em setembro\"}]},{\"@type\":\"WebSite\",\"@id\":\"https:\/\/jornaltimoneiro.com.br\/#website\",\"url\":\"https:\/\/jornaltimoneiro.com.br\/\",\"name\":\"Jornal Timoneiro Canoas RS\",\"description\":\"Jornal O Timoneiro, o verdadeiro jornal de Canoas\",\"publisher\":{\"@id\":\"https:\/\/jornaltimoneiro.com.br\/#organization\"},\"potentialAction\":[{\"@type\":\"SearchAction\",\"target\":{\"@type\":\"EntryPoint\",\"urlTemplate\":\"https:\/\/jornaltimoneiro.com.br\/?s={search_term_string}\"},\"query-input\":\"required name=search_term_string\"}],\"inLanguage\":\"pt-BR\"},{\"@type\":\"Organization\",\"@id\":\"https:\/\/jornaltimoneiro.com.br\/#organization\",\"name\":\"Jornal Timoneiro Canoas RS\",\"url\":\"https:\/\/jornaltimoneiro.com.br\/\",\"logo\":{\"@type\":\"ImageObject\",\"inLanguage\":\"pt-BR\",\"@id\":\"https:\/\/jornaltimoneiro.com.br\/#\/schema\/logo\/image\/\",\"url\":\"https:\/\/jornaltimoneiro.com.br\/wp-content\/uploads\/2023\/03\/logonovo.png\",\"contentUrl\":\"https:\/\/jornaltimoneiro.com.br\/wp-content\/uploads\/2023\/03\/logonovo.png\",\"width\":\"469\",\"height\":\"171\",\"caption\":\"Jornal Timoneiro Canoas RS\"},\"image\":{\"@id\":\"https:\/\/jornaltimoneiro.com.br\/#\/schema\/logo\/image\/\"},\"sameAs\":[\"https:\/\/www.facebook.com\/jornaltimoneiro\",\"https:\/\/twitter.com\/_OTimoneiro\",\"https:\/\/www.instagram.com\/jornaltimoneirocanoas\/\",\"https:\/\/www.youtube.com\/@jornalotimoneiro7927\"]},{\"@type\":\"Person\",\"@id\":\"https:\/\/jornaltimoneiro.com.br\/#\/schema\/person\/620efd1d8244466117482be494360b08\",\"name\":\"Reda\u00e7\u00e3o\",\"image\":{\"@type\":\"ImageObject\",\"inLanguage\":\"pt-BR\",\"@id\":\"https:\/\/jornaltimoneiro.com.br\/#\/schema\/person\/image\/\",\"url\":\"https:\/\/secure.gravatar.com\/avatar\/2f04e1b304682a8d9db336c7acd77f08?s=96&d=mm&r=g\",\"contentUrl\":\"https:\/\/secure.gravatar.com\/avatar\/2f04e1b304682a8d9db336c7acd77f08?s=96&d=mm&r=g\",\"caption\":\"Reda\u00e7\u00e3o\"},\"url\":\"https:\/\/jornaltimoneiro.com.br\/index.php\/author\/timoneirocanoas\/\"}]}<\/script>\n<!-- \/ Yoast SEO plugin. -->","yoast_head_json":{"title":"Produ\u00e7\u00e3o de machos est\u00e9reis do Aedes aegypti deve come\u00e7ar em setembro - O Timoneiro Jornal Canoas RS","robots":{"index":"index","follow":"follow","max-snippet":"max-snippet:-1","max-image-preview":"max-image-preview:large","max-video-preview":"max-video-preview:-1"},"canonical":"https:\/\/jornaltimoneiro.com.br\/index.php\/2016\/02\/25\/producao-de-machos-estereis-do-aedes-aegypti-deve-comecar-em-setembro\/","og_locale":"pt_BR","og_type":"article","og_title":"Produ\u00e7\u00e3o de machos est\u00e9reis do Aedes aegypti deve come\u00e7ar em setembro - O Timoneiro Jornal Canoas RS","og_description":"A t\u00e9cnica a ser usada se assemelha a uma esp\u00e9cie de controle de natalidade do mosquito","og_url":"https:\/\/jornaltimoneiro.com.br\/index.php\/2016\/02\/25\/producao-de-machos-estereis-do-aedes-aegypti-deve-comecar-em-setembro\/","og_site_name":"O Timoneiro Jornal Canoas RS","article_publisher":"https:\/\/www.facebook.com\/jornaltimoneiro","article_published_time":"2016-02-25T18:58:41+00:00","author":"Reda\u00e7\u00e3o","twitter_card":"summary_large_image","twitter_creator":"@_OTimoneiro","twitter_site":"@_OTimoneiro","twitter_misc":{"Escrito por":"Reda\u00e7\u00e3o","Est. tempo de leitura":"2 minutos"},"schema":{"@context":"https:\/\/schema.org","@graph":[{"@type":"Article","@id":"https:\/\/jornaltimoneiro.com.br\/index.php\/2016\/02\/25\/producao-de-machos-estereis-do-aedes-aegypti-deve-comecar-em-setembro\/#article","isPartOf":{"@id":"https:\/\/jornaltimoneiro.com.br\/index.php\/2016\/02\/25\/producao-de-machos-estereis-do-aedes-aegypti-deve-comecar-em-setembro\/"},"author":{"name":"Reda\u00e7\u00e3o","@id":"https:\/\/jornaltimoneiro.com.br\/#\/schema\/person\/620efd1d8244466117482be494360b08"},"headline":"Produ\u00e7\u00e3o de machos est\u00e9reis do Aedes aegypti deve come\u00e7ar em setembro","datePublished":"2016-02-25T18:58:41+00:00","dateModified":"2016-02-25T18:58:41+00:00","mainEntityOfPage":{"@id":"https:\/\/jornaltimoneiro.com.br\/index.php\/2016\/02\/25\/producao-de-machos-estereis-do-aedes-aegypti-deve-comecar-em-setembro\/"},"wordCount":335,"commentCount":0,"publisher":{"@id":"https:\/\/jornaltimoneiro.com.br\/#organization"},"articleSection":["Destaques"],"inLanguage":"pt-BR","potentialAction":[{"@type":"CommentAction","name":"Comment","target":["https:\/\/jornaltimoneiro.com.br\/index.php\/2016\/02\/25\/producao-de-machos-estereis-do-aedes-aegypti-deve-comecar-em-setembro\/#respond"]}]},{"@type":"WebPage","@id":"https:\/\/jornaltimoneiro.com.br\/index.php\/2016\/02\/25\/producao-de-machos-estereis-do-aedes-aegypti-deve-comecar-em-setembro\/","url":"https:\/\/jornaltimoneiro.com.br\/index.php\/2016\/02\/25\/producao-de-machos-estereis-do-aedes-aegypti-deve-comecar-em-setembro\/","name":"Produ\u00e7\u00e3o de machos est\u00e9reis do Aedes aegypti deve come\u00e7ar em setembro - O Timoneiro Jornal Canoas RS","isPartOf":{"@id":"https:\/\/jornaltimoneiro.com.br\/#website"},"datePublished":"2016-02-25T18:58:41+00:00","dateModified":"2016-02-25T18:58:41+00:00","breadcrumb":{"@id":"https:\/\/jornaltimoneiro.com.br\/index.php\/2016\/02\/25\/producao-de-machos-estereis-do-aedes-aegypti-deve-comecar-em-setembro\/#breadcrumb"},"inLanguage":"pt-BR","potentialAction":[{"@type":"ReadAction","target":["https:\/\/jornaltimoneiro.com.br\/index.php\/2016\/02\/25\/producao-de-machos-estereis-do-aedes-aegypti-deve-comecar-em-setembro\/"]}]},{"@type":"BreadcrumbList","@id":"https:\/\/jornaltimoneiro.com.br\/index.php\/2016\/02\/25\/producao-de-machos-estereis-do-aedes-aegypti-deve-comecar-em-setembro\/#breadcrumb","itemListElement":[{"@type":"ListItem","position":1,"name":"In\u00edcio","item":"https:\/\/jornaltimoneiro.com.br\/"},{"@type":"ListItem","position":2,"name":"Produ\u00e7\u00e3o de machos est\u00e9reis do Aedes aegypti deve come\u00e7ar em setembro"}]},{"@type":"WebSite","@id":"https:\/\/jornaltimoneiro.com.br\/#website","url":"https:\/\/jornaltimoneiro.com.br\/","name":"Jornal Timoneiro Canoas RS","description":"Jornal O Timoneiro, o verdadeiro jornal de Canoas","publisher":{"@id":"https:\/\/jornaltimoneiro.com.br\/#organization"},"potentialAction":[{"@type":"SearchAction","target":{"@type":"EntryPoint","urlTemplate":"https:\/\/jornaltimoneiro.com.br\/?s={search_term_string}"},"query-input":"required name=search_term_string"}],"inLanguage":"pt-BR"},{"@type":"Organization","@id":"https:\/\/jornaltimoneiro.com.br\/#organization","name":"Jornal Timoneiro Canoas RS","url":"https:\/\/jornaltimoneiro.com.br\/","logo":{"@type":"ImageObject","inLanguage":"pt-BR","@id":"https:\/\/jornaltimoneiro.com.br\/#\/schema\/logo\/image\/","url":"https:\/\/jornaltimoneiro.com.br\/wp-content\/uploads\/2023\/03\/logonovo.png","contentUrl":"https:\/\/jornaltimoneiro.com.br\/wp-content\/uploads\/2023\/03\/logonovo.png","width":"469","height":"171","caption":"Jornal Timoneiro Canoas RS"},"image":{"@id":"https:\/\/jornaltimoneiro.com.br\/#\/schema\/logo\/image\/"},"sameAs":["https:\/\/www.facebook.com\/jornaltimoneiro","https:\/\/twitter.com\/_OTimoneiro","https:\/\/www.instagram.com\/jornaltimoneirocanoas\/","https:\/\/www.youtube.com\/@jornalotimoneiro7927"]},{"@type":"Person","@id":"https:\/\/jornaltimoneiro.com.br\/#\/schema\/person\/620efd1d8244466117482be494360b08","name":"Reda\u00e7\u00e3o","image":{"@type":"ImageObject","inLanguage":"pt-BR","@id":"https:\/\/jornaltimoneiro.com.br\/#\/schema\/person\/image\/","url":"https:\/\/secure.gravatar.com\/avatar\/2f04e1b304682a8d9db336c7acd77f08?s=96&d=mm&r=g","contentUrl":"https:\/\/secure.gravatar.com\/avatar\/2f04e1b304682a8d9db336c7acd77f08?s=96&d=mm&r=g","caption":"Reda\u00e7\u00e3o"},"url":"https:\/\/jornaltimoneiro.com.br\/index.php\/author\/timoneirocanoas\/"}]}},"_links":{"self":[{"href":"https:\/\/jornaltimoneiro.com.br\/index.php\/wp-json\/wp\/v2\/posts\/2888"}],"collection":[{"href":"https:\/\/jornaltimoneiro.com.br\/index.php\/wp-json\/wp\/v2\/posts"}],"about":[{"href":"https:\/\/jornaltimoneiro.com.br\/index.php\/wp-json\/wp\/v2\/types\/post"}],"author":[{"embeddable":true,"href":"https:\/\/jornaltimoneiro.com.br\/index.php\/wp-json\/wp\/v2\/users\/1"}],"replies":[{"embeddable":true,"href":"https:\/\/jornaltimoneiro.com.br\/index.php\/wp-json\/wp\/v2\/comments?post=2888"}],"version-history":[{"count":0,"href":"https:\/\/jornaltimoneiro.com.br\/index.php\/wp-json\/wp\/v2\/posts\/2888\/revisions"}],"wp:featuredmedia":[{"embeddable":true,"href":"https:\/\/jornaltimoneiro.com.br\/index.php\/wp-json\/"}],"wp:attachment":[{"href":"https:\/\/jornaltimoneiro.com.br\/index.php\/wp-json\/wp\/v2\/media?parent=2888"}],"wp:term":[{"taxonomy":"category","embeddable":true,"href":"https:\/\/jornaltimoneiro.com.br\/index.php\/wp-json\/wp\/v2\/categories?post=2888"},{"taxonomy":"post_tag","embeddable":true,"href":"https:\/\/jornaltimoneiro.com.br\/index.php\/wp-json\/wp\/v2\/tags?post=2888"}],"curies":[{"name":"wp","href":"https:\/\/api.w.org\/{rel}","templated":true}]}}