{"id":28797,"date":"2024-04-23T17:44:09","date_gmt":"2024-04-23T20:44:09","guid":{"rendered":"https:\/\/jornaltimoneiro.com.br\/?p=28797"},"modified":"2024-04-23T17:44:09","modified_gmt":"2024-04-23T20:44:09","slug":"camara-de-canoas-homenageia-forcas-de-seguranca","status":"publish","type":"post","link":"https:\/\/jornaltimoneiro.com.br\/index.php\/2024\/04\/23\/camara-de-canoas-homenageia-forcas-de-seguranca\/","title":{"rendered":"C\u00e2mara de Canoas homenageia for\u00e7as de seguran\u00e7a"},"content":{"rendered":"<p>A C\u00e2mara de Vereadores de Canoas prestou uma homenagem \u00e0s for\u00e7as de seguran\u00e7a p\u00fablica, com a participa\u00e7\u00e3o de membros da Brigada Militar e da Pol\u00edcia Civil, na sess\u00e3o desta ter\u00e7a-feira, 23. O evento, proposto pelo vereador Juares Hoy (Progressistas), coincidiu com as celebra\u00e7\u00f5es do Dia do Policial, ocorrido em 21 de abril.<\/p>\n<p>O Grande Expediente contou com a presen\u00e7a de figuras da seguran\u00e7a p\u00fablica, incluindo o Secret\u00e1rio de Seguran\u00e7a P\u00fablica Municipal, Guilherme Pac\u00edfico, e o Delegado Cristiano Reschke, Diretor da 2\u00aa DPRM. Dentre os homenageados, estiveram os tenentes-coron\u00e9is Clovis Ivan Alves e Vinicius de Aguiar Ayres, comandantes dos 15\u00ba e 17\u00ba Batalh\u00f5es da Pol\u00edcia Militar, respectivamente, e o Coronel M\u00e1rcio de Azevedo Gon\u00e7alves, do Comando de Policiamento Metropolitano.<\/p>\n<p>A homenagem estendeu-se tamb\u00e9m a um grupo de sete soldados que sobreviveram a uma tentativa de homic\u00eddio durante uma ocorr\u00eancia policial em Gravata\u00ed\u00a0 em mar\u00e7o.<\/p>\n<p>Durante seu discurso, o vereador Juares Hoy ressaltou a import\u00e2ncia do reconhecimento aos policiais que enfrentam desafios em suas miss\u00f5es di\u00e1rias. &#8220;\u00c9 com muita satisfa\u00e7\u00e3o que reunimos as for\u00e7as policiais para esta homenagem, ressaltando a profiss\u00e3o \u00fanica que, todos os dias, se dedica \u00e0 prote\u00e7\u00e3o da sociedade&#8221;, afirmou Hoy.<\/p>\n<p>Por sua vez, o Secret\u00e1rio Pac\u00edfico compartilhou sua experi\u00eancia e as transforma\u00e7\u00f5es na seguran\u00e7a da cidade desde sua chegada em 2008. &#8220;Assisti \u00e0 transforma\u00e7\u00e3o das nossas for\u00e7as de seguran\u00e7a, que hoje s\u00e3o refer\u00eancias em todo o Brasil. Que o Dia do Policial seja sempre um momento de justa homenagem \u00e0queles que nos defendem&#8221;, destacou o secret\u00e1rio.<\/p>\n<p>O Delegado Cristiano Reschke, Diretor da 2\u00aa DPRM, afirmou: &#8220;Obrigado pela homenagem. \u00c9 na simplicidade que encontramos as verdadeiras honrarias da vida. O trabalho precisa ser valorizado, e o esfor\u00e7o conjunto contribui para a diminui\u00e7\u00e3o dos \u00edndices de viol\u00eancia, o que pode trazer, acima de tudo, investimentos para nossa cidade. As palavras principais s\u00e3o gratid\u00e3o e comprometimento.&#8221;<\/p>\n<p>O Coronel M\u00e1rcio Azevedo Gon\u00e7alves, em seu pronunciamento, refletiu sobre as mudan\u00e7as nas condi\u00e7\u00f5es de trabalho e a evolu\u00e7\u00e3o dos \u00edndices de criminalidade, gra\u00e7as ao esfor\u00e7o cont\u00ednuo dos policiais. &#8220;Nos sentimos lisonjeados com esse reconhecimento e estamos sempre prontos para contribuir nas discuss\u00f5es sobre seguran\u00e7a p\u00fablica&#8221;, declarou o coronel.<\/p>\n<div id=\"attachment_28799\" style=\"width: 1290px\" class=\"wp-caption aligncenter\"><img decoding=\"async\" aria-describedby=\"caption-attachment-28799\" class=\"wp-image-28799 size-full\" src=\"https:\/\/jornaltimoneiro.com.br\/wp-content\/uploads\/2024\/04\/WhatsApp-Image-2024-04-23-at-15.48.44.jpeg\" alt=\"\" width=\"1280\" height=\"852\" srcset=\"https:\/\/jornaltimoneiro.com.br\/wp-content\/uploads\/2024\/04\/WhatsApp-Image-2024-04-23-at-15.48.44.jpeg 1280w, https:\/\/jornaltimoneiro.com.br\/wp-content\/uploads\/2024\/04\/WhatsApp-Image-2024-04-23-at-15.48.44-300x200.jpeg 300w, https:\/\/jornaltimoneiro.com.br\/wp-content\/uploads\/2024\/04\/WhatsApp-Image-2024-04-23-at-15.48.44-1024x682.jpeg 1024w, https:\/\/jornaltimoneiro.com.br\/wp-content\/uploads\/2024\/04\/WhatsApp-Image-2024-04-23-at-15.48.44-768x511.jpeg 768w\" sizes=\"(max-width: 1280px) 100vw, 1280px\" \/><p id=\"caption-attachment-28799\" class=\"wp-caption-text\">Foto: JP Rangel\/CMC\/Divulga\u00e7\u00e3o<\/p><\/div>\n","protected":false},"excerpt":{"rendered":"<p>A C\u00e2mara de Vereadores de Canoas prestou uma homenagem \u00e0s for\u00e7as de seguran\u00e7a p\u00fablica, com a participa\u00e7\u00e3o de membros da Brigada Militar e da Pol\u00edcia Civil, na sess\u00e3o desta ter\u00e7a-feira, 23. O evento, proposto pelo vereador Juares Hoy (Progressistas), coincidiu com as celebra\u00e7\u00f5es do Dia do Policial, ocorrido em 21 de abril. O Grande Expediente [&hellip;]<\/p>\n","protected":false},"author":2,"featured_media":28798,"comment_status":"open","ping_status":"open","sticky":false,"template":"","format":"standard","meta":{"amp_status":"","footnotes":""},"categories":[20],"tags":[1870,190,103],"class_list":["post-28797","post","type-post","status-publish","format-standard","has-post-thumbnail","hentry","category-politica-noticias","tag-camara","tag-featured","tag-seguranca-publica"],"yoast_head":"<!-- This site is optimized with the Yoast SEO plugin v20.5 - https:\/\/yoast.com\/wordpress\/plugins\/seo\/ -->\n<title>C\u00e2mara de Canoas homenageia for\u00e7as de seguran\u00e7a - O Timoneiro Jornal Canoas RS<\/title>\n<meta name=\"robots\" content=\"index, follow, max-snippet:-1, max-image-preview:large, max-video-preview:-1\" \/>\n<link rel=\"canonical\" href=\"https:\/\/jornaltimoneiro.com.br\/index.php\/2024\/04\/23\/camara-de-canoas-homenageia-forcas-de-seguranca\/\" \/>\n<meta property=\"og:locale\" content=\"pt_BR\" \/>\n<meta property=\"og:type\" content=\"article\" \/>\n<meta property=\"og:title\" content=\"C\u00e2mara de Canoas homenageia for\u00e7as de seguran\u00e7a - O Timoneiro Jornal Canoas RS\" \/>\n<meta property=\"og:description\" content=\"A C\u00e2mara de Vereadores de Canoas prestou uma homenagem \u00e0s for\u00e7as de seguran\u00e7a p\u00fablica, com a participa\u00e7\u00e3o de membros da Brigada Militar e da Pol\u00edcia Civil, na sess\u00e3o desta ter\u00e7a-feira, 23. O evento, proposto pelo vereador Juares Hoy (Progressistas), coincidiu com as celebra\u00e7\u00f5es do Dia do Policial, ocorrido em 21 de abril. O Grande Expediente [&hellip;]\" \/>\n<meta property=\"og:url\" content=\"https:\/\/jornaltimoneiro.com.br\/index.php\/2024\/04\/23\/camara-de-canoas-homenageia-forcas-de-seguranca\/\" \/>\n<meta property=\"og:site_name\" content=\"O Timoneiro Jornal Canoas RS\" \/>\n<meta property=\"article:publisher\" content=\"https:\/\/www.facebook.com\/jornaltimoneiro\" \/>\n<meta property=\"article:published_time\" content=\"2024-04-23T20:44:09+00:00\" \/>\n<meta property=\"og:image\" content=\"https:\/\/jornaltimoneiro.com.br\/wp-content\/uploads\/2024\/04\/WhatsApp-Image-2024-04-23-at-15.48.45.jpeg\" \/>\n\t<meta property=\"og:image:width\" content=\"1280\" \/>\n\t<meta property=\"og:image:height\" content=\"852\" \/>\n\t<meta property=\"og:image:type\" content=\"image\/jpeg\" \/>\n<meta name=\"author\" content=\"Reda\u00e7\u00e3o\" \/>\n<meta name=\"twitter:card\" content=\"summary_large_image\" \/>\n<meta name=\"twitter:creator\" content=\"@_OTimoneiro\" \/>\n<meta name=\"twitter:site\" content=\"@_OTimoneiro\" \/>\n<meta name=\"twitter:label1\" content=\"Escrito por\" \/>\n\t<meta name=\"twitter:data1\" content=\"Reda\u00e7\u00e3o\" \/>\n\t<meta name=\"twitter:label2\" content=\"Est. tempo de leitura\" \/>\n\t<meta name=\"twitter:data2\" content=\"3 minutos\" \/>\n<script type=\"application\/ld+json\" class=\"yoast-schema-graph\">{\"@context\":\"https:\/\/schema.org\",\"@graph\":[{\"@type\":\"Article\",\"@id\":\"https:\/\/jornaltimoneiro.com.br\/index.php\/2024\/04\/23\/camara-de-canoas-homenageia-forcas-de-seguranca\/#article\",\"isPartOf\":{\"@id\":\"https:\/\/jornaltimoneiro.com.br\/index.php\/2024\/04\/23\/camara-de-canoas-homenageia-forcas-de-seguranca\/\"},\"author\":{\"name\":\"Reda\u00e7\u00e3o\",\"@id\":\"https:\/\/jornaltimoneiro.com.br\/#\/schema\/person\/f63482f1a02b1a9592707865e509ab40\"},\"headline\":\"C\u00e2mara de Canoas homenageia for\u00e7as de seguran\u00e7a\",\"datePublished\":\"2024-04-23T20:44:09+00:00\",\"dateModified\":\"2024-04-23T20:44:09+00:00\",\"mainEntityOfPage\":{\"@id\":\"https:\/\/jornaltimoneiro.com.br\/index.php\/2024\/04\/23\/camara-de-canoas-homenageia-forcas-de-seguranca\/\"},\"wordCount\":425,\"commentCount\":0,\"publisher\":{\"@id\":\"https:\/\/jornaltimoneiro.com.br\/#organization\"},\"keywords\":[\"c\u00e2mara\",\"featured\",\"seguran\u00e7a p\u00fablica\"],\"articleSection\":[\"Pol\u00edtica\"],\"inLanguage\":\"pt-BR\",\"potentialAction\":[{\"@type\":\"CommentAction\",\"name\":\"Comment\",\"target\":[\"https:\/\/jornaltimoneiro.com.br\/index.php\/2024\/04\/23\/camara-de-canoas-homenageia-forcas-de-seguranca\/#respond\"]}]},{\"@type\":\"WebPage\",\"@id\":\"https:\/\/jornaltimoneiro.com.br\/index.php\/2024\/04\/23\/camara-de-canoas-homenageia-forcas-de-seguranca\/\",\"url\":\"https:\/\/jornaltimoneiro.com.br\/index.php\/2024\/04\/23\/camara-de-canoas-homenageia-forcas-de-seguranca\/\",\"name\":\"C\u00e2mara de Canoas homenageia for\u00e7as de seguran\u00e7a - O Timoneiro Jornal Canoas RS\",\"isPartOf\":{\"@id\":\"https:\/\/jornaltimoneiro.com.br\/#website\"},\"datePublished\":\"2024-04-23T20:44:09+00:00\",\"dateModified\":\"2024-04-23T20:44:09+00:00\",\"breadcrumb\":{\"@id\":\"https:\/\/jornaltimoneiro.com.br\/index.php\/2024\/04\/23\/camara-de-canoas-homenageia-forcas-de-seguranca\/#breadcrumb\"},\"inLanguage\":\"pt-BR\",\"potentialAction\":[{\"@type\":\"ReadAction\",\"target\":[\"https:\/\/jornaltimoneiro.com.br\/index.php\/2024\/04\/23\/camara-de-canoas-homenageia-forcas-de-seguranca\/\"]}]},{\"@type\":\"BreadcrumbList\",\"@id\":\"https:\/\/jornaltimoneiro.com.br\/index.php\/2024\/04\/23\/camara-de-canoas-homenageia-forcas-de-seguranca\/#breadcrumb\",\"itemListElement\":[{\"@type\":\"ListItem\",\"position\":1,\"name\":\"In\u00edcio\",\"item\":\"https:\/\/jornaltimoneiro.com.br\/\"},{\"@type\":\"ListItem\",\"position\":2,\"name\":\"C\u00e2mara de Canoas homenageia for\u00e7as de seguran\u00e7a\"}]},{\"@type\":\"WebSite\",\"@id\":\"https:\/\/jornaltimoneiro.com.br\/#website\",\"url\":\"https:\/\/jornaltimoneiro.com.br\/\",\"name\":\"Jornal Timoneiro Canoas RS\",\"description\":\"Jornal O Timoneiro, o verdadeiro jornal de Canoas\",\"publisher\":{\"@id\":\"https:\/\/jornaltimoneiro.com.br\/#organization\"},\"potentialAction\":[{\"@type\":\"SearchAction\",\"target\":{\"@type\":\"EntryPoint\",\"urlTemplate\":\"https:\/\/jornaltimoneiro.com.br\/?s={search_term_string}\"},\"query-input\":\"required name=search_term_string\"}],\"inLanguage\":\"pt-BR\"},{\"@type\":\"Organization\",\"@id\":\"https:\/\/jornaltimoneiro.com.br\/#organization\",\"name\":\"Jornal Timoneiro Canoas RS\",\"url\":\"https:\/\/jornaltimoneiro.com.br\/\",\"logo\":{\"@type\":\"ImageObject\",\"inLanguage\":\"pt-BR\",\"@id\":\"https:\/\/jornaltimoneiro.com.br\/#\/schema\/logo\/image\/\",\"url\":\"https:\/\/jornaltimoneiro.com.br\/wp-content\/uploads\/2023\/03\/logonovo.png\",\"contentUrl\":\"https:\/\/jornaltimoneiro.com.br\/wp-content\/uploads\/2023\/03\/logonovo.png\",\"width\":\"469\",\"height\":\"171\",\"caption\":\"Jornal Timoneiro Canoas RS\"},\"image\":{\"@id\":\"https:\/\/jornaltimoneiro.com.br\/#\/schema\/logo\/image\/\"},\"sameAs\":[\"https:\/\/www.facebook.com\/jornaltimoneiro\",\"https:\/\/twitter.com\/_OTimoneiro\",\"https:\/\/www.instagram.com\/jornaltimoneirocanoas\/\",\"https:\/\/www.youtube.com\/@jornalotimoneiro7927\"]},{\"@type\":\"Person\",\"@id\":\"https:\/\/jornaltimoneiro.com.br\/#\/schema\/person\/f63482f1a02b1a9592707865e509ab40\",\"name\":\"Reda\u00e7\u00e3o\",\"image\":{\"@type\":\"ImageObject\",\"inLanguage\":\"pt-BR\",\"@id\":\"https:\/\/jornaltimoneiro.com.br\/#\/schema\/person\/image\/\",\"url\":\"https:\/\/jornaltimoneiro.com.br\/wp-content\/uploads\/2023\/03\/download.jpeg\",\"contentUrl\":\"https:\/\/jornaltimoneiro.com.br\/wp-content\/uploads\/2023\/03\/download.jpeg\",\"caption\":\"Reda\u00e7\u00e3o\"},\"url\":\"https:\/\/jornaltimoneiro.com.br\/index.php\/author\/simone-dutra\/\"}]}<\/script>\n<!-- \/ Yoast SEO plugin. -->","yoast_head_json":{"title":"C\u00e2mara de Canoas homenageia for\u00e7as de seguran\u00e7a - O Timoneiro Jornal Canoas RS","robots":{"index":"index","follow":"follow","max-snippet":"max-snippet:-1","max-image-preview":"max-image-preview:large","max-video-preview":"max-video-preview:-1"},"canonical":"https:\/\/jornaltimoneiro.com.br\/index.php\/2024\/04\/23\/camara-de-canoas-homenageia-forcas-de-seguranca\/","og_locale":"pt_BR","og_type":"article","og_title":"C\u00e2mara de Canoas homenageia for\u00e7as de seguran\u00e7a - O Timoneiro Jornal Canoas RS","og_description":"A C\u00e2mara de Vereadores de Canoas prestou uma homenagem \u00e0s for\u00e7as de seguran\u00e7a p\u00fablica, com a participa\u00e7\u00e3o de membros da Brigada Militar e da Pol\u00edcia Civil, na sess\u00e3o desta ter\u00e7a-feira, 23. O evento, proposto pelo vereador Juares Hoy (Progressistas), coincidiu com as celebra\u00e7\u00f5es do Dia do Policial, ocorrido em 21 de abril. O Grande Expediente [&hellip;]","og_url":"https:\/\/jornaltimoneiro.com.br\/index.php\/2024\/04\/23\/camara-de-canoas-homenageia-forcas-de-seguranca\/","og_site_name":"O Timoneiro Jornal Canoas RS","article_publisher":"https:\/\/www.facebook.com\/jornaltimoneiro","article_published_time":"2024-04-23T20:44:09+00:00","og_image":[{"width":"1280","height":"852","url":"https:\/\/jornaltimoneiro.com.br\/wp-content\/uploads\/2024\/04\/WhatsApp-Image-2024-04-23-at-15.48.45.jpeg","type":"image\/jpeg"}],"author":"Reda\u00e7\u00e3o","twitter_card":"summary_large_image","twitter_creator":"@_OTimoneiro","twitter_site":"@_OTimoneiro","twitter_misc":{"Escrito por":"Reda\u00e7\u00e3o","Est. tempo de leitura":"3 minutos"},"schema":{"@context":"https:\/\/schema.org","@graph":[{"@type":"Article","@id":"https:\/\/jornaltimoneiro.com.br\/index.php\/2024\/04\/23\/camara-de-canoas-homenageia-forcas-de-seguranca\/#article","isPartOf":{"@id":"https:\/\/jornaltimoneiro.com.br\/index.php\/2024\/04\/23\/camara-de-canoas-homenageia-forcas-de-seguranca\/"},"author":{"name":"Reda\u00e7\u00e3o","@id":"https:\/\/jornaltimoneiro.com.br\/#\/schema\/person\/f63482f1a02b1a9592707865e509ab40"},"headline":"C\u00e2mara de Canoas homenageia for\u00e7as de seguran\u00e7a","datePublished":"2024-04-23T20:44:09+00:00","dateModified":"2024-04-23T20:44:09+00:00","mainEntityOfPage":{"@id":"https:\/\/jornaltimoneiro.com.br\/index.php\/2024\/04\/23\/camara-de-canoas-homenageia-forcas-de-seguranca\/"},"wordCount":425,"commentCount":0,"publisher":{"@id":"https:\/\/jornaltimoneiro.com.br\/#organization"},"keywords":["c\u00e2mara","featured","seguran\u00e7a p\u00fablica"],"articleSection":["Pol\u00edtica"],"inLanguage":"pt-BR","potentialAction":[{"@type":"CommentAction","name":"Comment","target":["https:\/\/jornaltimoneiro.com.br\/index.php\/2024\/04\/23\/camara-de-canoas-homenageia-forcas-de-seguranca\/#respond"]}]},{"@type":"WebPage","@id":"https:\/\/jornaltimoneiro.com.br\/index.php\/2024\/04\/23\/camara-de-canoas-homenageia-forcas-de-seguranca\/","url":"https:\/\/jornaltimoneiro.com.br\/index.php\/2024\/04\/23\/camara-de-canoas-homenageia-forcas-de-seguranca\/","name":"C\u00e2mara de Canoas homenageia for\u00e7as de seguran\u00e7a - O Timoneiro Jornal Canoas RS","isPartOf":{"@id":"https:\/\/jornaltimoneiro.com.br\/#website"},"datePublished":"2024-04-23T20:44:09+00:00","dateModified":"2024-04-23T20:44:09+00:00","breadcrumb":{"@id":"https:\/\/jornaltimoneiro.com.br\/index.php\/2024\/04\/23\/camara-de-canoas-homenageia-forcas-de-seguranca\/#breadcrumb"},"inLanguage":"pt-BR","potentialAction":[{"@type":"ReadAction","target":["https:\/\/jornaltimoneiro.com.br\/index.php\/2024\/04\/23\/camara-de-canoas-homenageia-forcas-de-seguranca\/"]}]},{"@type":"BreadcrumbList","@id":"https:\/\/jornaltimoneiro.com.br\/index.php\/2024\/04\/23\/camara-de-canoas-homenageia-forcas-de-seguranca\/#breadcrumb","itemListElement":[{"@type":"ListItem","position":1,"name":"In\u00edcio","item":"https:\/\/jornaltimoneiro.com.br\/"},{"@type":"ListItem","position":2,"name":"C\u00e2mara de Canoas homenageia for\u00e7as de seguran\u00e7a"}]},{"@type":"WebSite","@id":"https:\/\/jornaltimoneiro.com.br\/#website","url":"https:\/\/jornaltimoneiro.com.br\/","name":"Jornal Timoneiro Canoas RS","description":"Jornal O Timoneiro, o verdadeiro jornal de Canoas","publisher":{"@id":"https:\/\/jornaltimoneiro.com.br\/#organization"},"potentialAction":[{"@type":"SearchAction","target":{"@type":"EntryPoint","urlTemplate":"https:\/\/jornaltimoneiro.com.br\/?s={search_term_string}"},"query-input":"required name=search_term_string"}],"inLanguage":"pt-BR"},{"@type":"Organization","@id":"https:\/\/jornaltimoneiro.com.br\/#organization","name":"Jornal Timoneiro Canoas RS","url":"https:\/\/jornaltimoneiro.com.br\/","logo":{"@type":"ImageObject","inLanguage":"pt-BR","@id":"https:\/\/jornaltimoneiro.com.br\/#\/schema\/logo\/image\/","url":"https:\/\/jornaltimoneiro.com.br\/wp-content\/uploads\/2023\/03\/logonovo.png","contentUrl":"https:\/\/jornaltimoneiro.com.br\/wp-content\/uploads\/2023\/03\/logonovo.png","width":"469","height":"171","caption":"Jornal Timoneiro Canoas RS"},"image":{"@id":"https:\/\/jornaltimoneiro.com.br\/#\/schema\/logo\/image\/"},"sameAs":["https:\/\/www.facebook.com\/jornaltimoneiro","https:\/\/twitter.com\/_OTimoneiro","https:\/\/www.instagram.com\/jornaltimoneirocanoas\/","https:\/\/www.youtube.com\/@jornalotimoneiro7927"]},{"@type":"Person","@id":"https:\/\/jornaltimoneiro.com.br\/#\/schema\/person\/f63482f1a02b1a9592707865e509ab40","name":"Reda\u00e7\u00e3o","image":{"@type":"ImageObject","inLanguage":"pt-BR","@id":"https:\/\/jornaltimoneiro.com.br\/#\/schema\/person\/image\/","url":"https:\/\/jornaltimoneiro.com.br\/wp-content\/uploads\/2023\/03\/download.jpeg","contentUrl":"https:\/\/jornaltimoneiro.com.br\/wp-content\/uploads\/2023\/03\/download.jpeg","caption":"Reda\u00e7\u00e3o"},"url":"https:\/\/jornaltimoneiro.com.br\/index.php\/author\/simone-dutra\/"}]}},"_links":{"self":[{"href":"https:\/\/jornaltimoneiro.com.br\/index.php\/wp-json\/wp\/v2\/posts\/28797"}],"collection":[{"href":"https:\/\/jornaltimoneiro.com.br\/index.php\/wp-json\/wp\/v2\/posts"}],"about":[{"href":"https:\/\/jornaltimoneiro.com.br\/index.php\/wp-json\/wp\/v2\/types\/post"}],"author":[{"embeddable":true,"href":"https:\/\/jornaltimoneiro.com.br\/index.php\/wp-json\/wp\/v2\/users\/2"}],"replies":[{"embeddable":true,"href":"https:\/\/jornaltimoneiro.com.br\/index.php\/wp-json\/wp\/v2\/comments?post=28797"}],"version-history":[{"count":1,"href":"https:\/\/jornaltimoneiro.com.br\/index.php\/wp-json\/wp\/v2\/posts\/28797\/revisions"}],"predecessor-version":[{"id":28800,"href":"https:\/\/jornaltimoneiro.com.br\/index.php\/wp-json\/wp\/v2\/posts\/28797\/revisions\/28800"}],"wp:featuredmedia":[{"embeddable":true,"href":"https:\/\/jornaltimoneiro.com.br\/index.php\/wp-json\/wp\/v2\/media\/28798"}],"wp:attachment":[{"href":"https:\/\/jornaltimoneiro.com.br\/index.php\/wp-json\/wp\/v2\/media?parent=28797"}],"wp:term":[{"taxonomy":"category","embeddable":true,"href":"https:\/\/jornaltimoneiro.com.br\/index.php\/wp-json\/wp\/v2\/categories?post=28797"},{"taxonomy":"post_tag","embeddable":true,"href":"https:\/\/jornaltimoneiro.com.br\/index.php\/wp-json\/wp\/v2\/tags?post=28797"}],"curies":[{"name":"wp","href":"https:\/\/api.w.org\/{rel}","templated":true}]}}