{"id":28786,"date":"2024-04-23T15:02:03","date_gmt":"2024-04-23T18:02:03","guid":{"rendered":"https:\/\/jornaltimoneiro.com.br\/?p=28786"},"modified":"2024-04-23T15:02:03","modified_gmt":"2024-04-23T18:02:03","slug":"empreendedores-de-esteio-assistem-palestra-sobre-vendas-pelo-whatsapp","status":"publish","type":"post","link":"https:\/\/jornaltimoneiro.com.br\/index.php\/2024\/04\/23\/empreendedores-de-esteio-assistem-palestra-sobre-vendas-pelo-whatsapp\/","title":{"rendered":"Empreendedores de Esteio assistem palestra sobre vendas pelo WhatsApp"},"content":{"rendered":"<p>A empres\u00e1ria Myla Deckmann foi a palestrante de mais uma atividade promovida pelo Escrit\u00f3rio do Empreendedor de Esteio na segunda-feira, 22.\u00a0O evento ocorreu no Sal\u00e3o Nobre da Prefeitura.<\/p>\n<p>Myla explanou sobre \u201cVendas no WhatsApp &#8211; Cinco n\u00edveis do engajamento\u201d para empreendedores esteienses ou pessoas interessadas em abrir seu pr\u00f3prio neg\u00f3cio. Ela falou sobre o uso da rede social para diversas atividades no ramo empresarial como constru\u00e7\u00e3o de clientela, uso do status para manter engajamento com o p\u00fablico, oferecimento de promo\u00e7\u00f5es e demais utilidades das ferramentas.<\/p>\n<h4><strong>Capacita\u00e7\u00e3o Financeira<\/strong><\/h4>\n<p>Na pr\u00f3xima segunda-feira (29), o Sicredi Origens vai promover uma capacita\u00e7\u00e3o financeira voltada para associados, empres\u00e1rios MEI, ME e EPP de Esteio. O evento ser\u00e1 \u00a0\u00e0s 18 horas, na Sala de Reuni\u00f5es dos Secret\u00e1rios, na Prefeitura (Rua Eng. Hener de Souza Nunes, n\u00ba 150 &#8211; 2\u00ba andar). A iniciativa integra as a\u00e7\u00f5es do Programa Microcr\u00e9dito Pr\u00f3-Crescer, programa que oferece empr\u00e9stimos para empres\u00e1rios esteienses com os juros pagos pela Prefeitura, que, agora, tamb\u00e9m pode ser contratado junto ao Sicredi. Ao todo, s\u00e3o 40 vagas dispon\u00edveis.<\/p>\n<p>Os interessados podem fazer as inscri\u00e7\u00f5es pelo WhatsApp (51) 98600-8376 ou pelos demais canais do Escrit\u00f3rio do Empreendedor (veja abaixo).<\/p>\n<h4><strong>Escrit\u00f3rio do Empreendedor<\/strong><\/h4>\n<p>Reformulado e reinaugurado em 26 de outubro de 2022, o Escrit\u00f3rio do Empreendedor Longuinho Muzykant oferece acesso a apoio t\u00e9cnico e de gest\u00e3o de neg\u00f3cio, assim como a esclarecimentos sobre quest\u00f5es referentes a formaliza\u00e7\u00e3o, documento de arrecada\u00e7\u00e3o simplificada (DAS), declara\u00e7\u00e3o anual de faturamento, nota fiscal, agenda de cursos, participa\u00e7\u00e3o em licita\u00e7\u00f5es e em feiras municipais e financiamento pelo Programa de Microcr\u00e9dito Municipal de Esteio (Pr\u00f3-Crescer). O espa\u00e7o tamb\u00e9m \u00e9 um ambiente para co-working. Em 2023, o servi\u00e7o atendeu mais de 500 empreendedores em palestras, consultorias e mentorias.<\/p>\n<h4><strong>Consultorias individuais<\/strong><\/h4>\n<p>Uma das iniciativas do Escrit\u00f3rio do Empreendedor \u00e9 a oferta de consultorias gratuitas do Programa de Suporte e Qualifica\u00e7\u00e3o aos Empreendedores Iniciantes. Em sess\u00f5es de 45 minutos, especialistas do Sebrae fazem um atendimento individual aos empres\u00e1rios, que tem como objetivo identificar desafios e oportunidades do neg\u00f3cio (finan\u00e7as, estrat\u00e9gia, pessoas, processos e marketing\/vendas) e apresentar caminhos que o empres\u00e1rio pode trilhar. O empreendedor recebe, ainda, uma consultoria especializada online em Cr\u00e9dito e Finan\u00e7as totalmente gratuita. As pr\u00f3ximas, sobre Gest\u00e3o Financeira e Fluxo de Caixa, \u00a0ser\u00e3o na quinta-feira, 25 com o consultor Cl\u00e1udio Ramos.<\/p>\n<p>Para receber as consultorias gratuitas \u00e9 necess\u00e1rio entrar em contato com a equipe do Escrit\u00f3rio do Empreendedor e agendar hor\u00e1rio..<\/p>\n<h4><strong>Atividades do Escrit\u00f3rio do Empreendedor com inscri\u00e7\u00f5es abertas<\/strong><\/h4>\n<p><em>Consultorias Individuais em Gest\u00e3o Financeira e Fluxo de Caixa<br \/>\nQuando<\/em>: Quinta-feira (25), das 14h as 17h,<br \/>\n<em>Com quem<\/em>: Consultor Cl\u00e1udio Ramos<br \/>\n<em>Local<\/em>: Escrit\u00f3rio do Empreendedor (Rua Eng. Hener de Souza Nunes, n\u00ba150 \u2013 1\u00ba andar)<\/p>\n<p><em>Capacita\u00e7\u00e3o financeira para associados do Sicredi, empres\u00e1rios MEI, ME e EPP<br \/>\nQuando<\/em>: Segunda-feira (29), \u00e0s 18h<br \/>\n<em>Local<\/em>: Sala dos Secret\u00e1rios, atr\u00e1s do audit\u00f3rio da Prefeitura (Rua Eng. Hener de Souza Nunes, 150 \u2013 2\u00ba andar)<\/p>\n","protected":false},"excerpt":{"rendered":"<p>A empres\u00e1ria Myla Deckmann foi a palestrante de mais uma atividade promovida pelo Escrit\u00f3rio do Empreendedor de Esteio na segunda-feira, 22.\u00a0O evento ocorreu no Sal\u00e3o Nobre da Prefeitura. Myla explanou sobre \u201cVendas no WhatsApp &#8211; Cinco n\u00edveis do engajamento\u201d para empreendedores esteienses ou pessoas interessadas em abrir seu pr\u00f3prio neg\u00f3cio. Ela falou sobre o uso [&hellip;]<\/p>\n","protected":false},"author":2,"featured_media":28787,"comment_status":"open","ping_status":"open","sticky":false,"template":"","format":"standard","meta":{"amp_status":"","footnotes":""},"categories":[1854],"tags":[2370,255,659,2000],"class_list":["post-28786","post","type-post","status-publish","format-standard","has-post-thumbnail","hentry","category-economia","tag-empreendedores","tag-esteio","tag-palestra","tag-whatsapp"],"yoast_head":"<!-- This site is optimized with the Yoast SEO plugin v20.5 - https:\/\/yoast.com\/wordpress\/plugins\/seo\/ -->\n<title>Empreendedores de Esteio assistem palestra sobre vendas pelo WhatsApp - O Timoneiro Jornal Canoas RS<\/title>\n<meta name=\"robots\" content=\"index, follow, max-snippet:-1, max-image-preview:large, max-video-preview:-1\" \/>\n<link rel=\"canonical\" href=\"https:\/\/jornaltimoneiro.com.br\/index.php\/2024\/04\/23\/empreendedores-de-esteio-assistem-palestra-sobre-vendas-pelo-whatsapp\/\" \/>\n<meta property=\"og:locale\" content=\"pt_BR\" \/>\n<meta property=\"og:type\" content=\"article\" \/>\n<meta property=\"og:title\" content=\"Empreendedores de Esteio assistem palestra sobre vendas pelo WhatsApp - O Timoneiro Jornal Canoas RS\" \/>\n<meta property=\"og:description\" content=\"A empres\u00e1ria Myla Deckmann foi a palestrante de mais uma atividade promovida pelo Escrit\u00f3rio do Empreendedor de Esteio na segunda-feira, 22.\u00a0O evento ocorreu no Sal\u00e3o Nobre da Prefeitura. Myla explanou sobre \u201cVendas no WhatsApp &#8211; Cinco n\u00edveis do engajamento\u201d para empreendedores esteienses ou pessoas interessadas em abrir seu pr\u00f3prio neg\u00f3cio. Ela falou sobre o uso [&hellip;]\" \/>\n<meta property=\"og:url\" content=\"https:\/\/jornaltimoneiro.com.br\/index.php\/2024\/04\/23\/empreendedores-de-esteio-assistem-palestra-sobre-vendas-pelo-whatsapp\/\" \/>\n<meta property=\"og:site_name\" content=\"O Timoneiro Jornal Canoas RS\" \/>\n<meta property=\"article:publisher\" content=\"https:\/\/www.facebook.com\/jornaltimoneiro\" \/>\n<meta property=\"article:published_time\" content=\"2024-04-23T18:02:03+00:00\" \/>\n<meta property=\"og:image\" content=\"https:\/\/jornaltimoneiro.com.br\/wp-content\/uploads\/2024\/04\/20240422_LeoHenrique_PalestraVendasWhatsappRioGrandeEMpreendedor_abre1713871611807_foto.jpg\" \/>\n\t<meta property=\"og:image:width\" content=\"1024\" \/>\n\t<meta property=\"og:image:height\" content=\"683\" \/>\n\t<meta property=\"og:image:type\" content=\"image\/jpeg\" \/>\n<meta name=\"author\" content=\"Reda\u00e7\u00e3o\" \/>\n<meta name=\"twitter:card\" content=\"summary_large_image\" \/>\n<meta name=\"twitter:creator\" content=\"@_OTimoneiro\" \/>\n<meta name=\"twitter:site\" content=\"@_OTimoneiro\" \/>\n<meta name=\"twitter:label1\" content=\"Escrito por\" \/>\n\t<meta name=\"twitter:data1\" content=\"Reda\u00e7\u00e3o\" \/>\n\t<meta name=\"twitter:label2\" content=\"Est. tempo de leitura\" \/>\n\t<meta name=\"twitter:data2\" content=\"3 minutos\" \/>\n<script type=\"application\/ld+json\" class=\"yoast-schema-graph\">{\"@context\":\"https:\/\/schema.org\",\"@graph\":[{\"@type\":\"Article\",\"@id\":\"https:\/\/jornaltimoneiro.com.br\/index.php\/2024\/04\/23\/empreendedores-de-esteio-assistem-palestra-sobre-vendas-pelo-whatsapp\/#article\",\"isPartOf\":{\"@id\":\"https:\/\/jornaltimoneiro.com.br\/index.php\/2024\/04\/23\/empreendedores-de-esteio-assistem-palestra-sobre-vendas-pelo-whatsapp\/\"},\"author\":{\"name\":\"Reda\u00e7\u00e3o\",\"@id\":\"https:\/\/jornaltimoneiro.com.br\/#\/schema\/person\/f63482f1a02b1a9592707865e509ab40\"},\"headline\":\"Empreendedores de Esteio assistem palestra sobre vendas pelo WhatsApp\",\"datePublished\":\"2024-04-23T18:02:03+00:00\",\"dateModified\":\"2024-04-23T18:02:03+00:00\",\"mainEntityOfPage\":{\"@id\":\"https:\/\/jornaltimoneiro.com.br\/index.php\/2024\/04\/23\/empreendedores-de-esteio-assistem-palestra-sobre-vendas-pelo-whatsapp\/\"},\"wordCount\":529,\"commentCount\":0,\"publisher\":{\"@id\":\"https:\/\/jornaltimoneiro.com.br\/#organization\"},\"keywords\":[\"empreendedores\",\"Esteio\",\"palestra\",\"WhatsApp\"],\"articleSection\":[\"Economia\"],\"inLanguage\":\"pt-BR\",\"potentialAction\":[{\"@type\":\"CommentAction\",\"name\":\"Comment\",\"target\":[\"https:\/\/jornaltimoneiro.com.br\/index.php\/2024\/04\/23\/empreendedores-de-esteio-assistem-palestra-sobre-vendas-pelo-whatsapp\/#respond\"]}]},{\"@type\":\"WebPage\",\"@id\":\"https:\/\/jornaltimoneiro.com.br\/index.php\/2024\/04\/23\/empreendedores-de-esteio-assistem-palestra-sobre-vendas-pelo-whatsapp\/\",\"url\":\"https:\/\/jornaltimoneiro.com.br\/index.php\/2024\/04\/23\/empreendedores-de-esteio-assistem-palestra-sobre-vendas-pelo-whatsapp\/\",\"name\":\"Empreendedores de Esteio assistem palestra sobre vendas pelo WhatsApp - O Timoneiro Jornal Canoas RS\",\"isPartOf\":{\"@id\":\"https:\/\/jornaltimoneiro.com.br\/#website\"},\"datePublished\":\"2024-04-23T18:02:03+00:00\",\"dateModified\":\"2024-04-23T18:02:03+00:00\",\"breadcrumb\":{\"@id\":\"https:\/\/jornaltimoneiro.com.br\/index.php\/2024\/04\/23\/empreendedores-de-esteio-assistem-palestra-sobre-vendas-pelo-whatsapp\/#breadcrumb\"},\"inLanguage\":\"pt-BR\",\"potentialAction\":[{\"@type\":\"ReadAction\",\"target\":[\"https:\/\/jornaltimoneiro.com.br\/index.php\/2024\/04\/23\/empreendedores-de-esteio-assistem-palestra-sobre-vendas-pelo-whatsapp\/\"]}]},{\"@type\":\"BreadcrumbList\",\"@id\":\"https:\/\/jornaltimoneiro.com.br\/index.php\/2024\/04\/23\/empreendedores-de-esteio-assistem-palestra-sobre-vendas-pelo-whatsapp\/#breadcrumb\",\"itemListElement\":[{\"@type\":\"ListItem\",\"position\":1,\"name\":\"In\u00edcio\",\"item\":\"https:\/\/jornaltimoneiro.com.br\/\"},{\"@type\":\"ListItem\",\"position\":2,\"name\":\"Empreendedores de Esteio assistem palestra sobre vendas pelo WhatsApp\"}]},{\"@type\":\"WebSite\",\"@id\":\"https:\/\/jornaltimoneiro.com.br\/#website\",\"url\":\"https:\/\/jornaltimoneiro.com.br\/\",\"name\":\"Jornal Timoneiro Canoas RS\",\"description\":\"Jornal O Timoneiro, o verdadeiro jornal de Canoas\",\"publisher\":{\"@id\":\"https:\/\/jornaltimoneiro.com.br\/#organization\"},\"potentialAction\":[{\"@type\":\"SearchAction\",\"target\":{\"@type\":\"EntryPoint\",\"urlTemplate\":\"https:\/\/jornaltimoneiro.com.br\/?s={search_term_string}\"},\"query-input\":\"required name=search_term_string\"}],\"inLanguage\":\"pt-BR\"},{\"@type\":\"Organization\",\"@id\":\"https:\/\/jornaltimoneiro.com.br\/#organization\",\"name\":\"Jornal Timoneiro Canoas RS\",\"url\":\"https:\/\/jornaltimoneiro.com.br\/\",\"logo\":{\"@type\":\"ImageObject\",\"inLanguage\":\"pt-BR\",\"@id\":\"https:\/\/jornaltimoneiro.com.br\/#\/schema\/logo\/image\/\",\"url\":\"https:\/\/jornaltimoneiro.com.br\/wp-content\/uploads\/2023\/03\/logonovo.png\",\"contentUrl\":\"https:\/\/jornaltimoneiro.com.br\/wp-content\/uploads\/2023\/03\/logonovo.png\",\"width\":\"469\",\"height\":\"171\",\"caption\":\"Jornal Timoneiro Canoas RS\"},\"image\":{\"@id\":\"https:\/\/jornaltimoneiro.com.br\/#\/schema\/logo\/image\/\"},\"sameAs\":[\"https:\/\/www.facebook.com\/jornaltimoneiro\",\"https:\/\/twitter.com\/_OTimoneiro\",\"https:\/\/www.instagram.com\/jornaltimoneirocanoas\/\",\"https:\/\/www.youtube.com\/@jornalotimoneiro7927\"]},{\"@type\":\"Person\",\"@id\":\"https:\/\/jornaltimoneiro.com.br\/#\/schema\/person\/f63482f1a02b1a9592707865e509ab40\",\"name\":\"Reda\u00e7\u00e3o\",\"image\":{\"@type\":\"ImageObject\",\"inLanguage\":\"pt-BR\",\"@id\":\"https:\/\/jornaltimoneiro.com.br\/#\/schema\/person\/image\/\",\"url\":\"https:\/\/jornaltimoneiro.com.br\/wp-content\/uploads\/2023\/03\/download.jpeg\",\"contentUrl\":\"https:\/\/jornaltimoneiro.com.br\/wp-content\/uploads\/2023\/03\/download.jpeg\",\"caption\":\"Reda\u00e7\u00e3o\"},\"url\":\"https:\/\/jornaltimoneiro.com.br\/index.php\/author\/simone-dutra\/\"}]}<\/script>\n<!-- \/ Yoast SEO plugin. -->","yoast_head_json":{"title":"Empreendedores de Esteio assistem palestra sobre vendas pelo WhatsApp - O Timoneiro Jornal Canoas RS","robots":{"index":"index","follow":"follow","max-snippet":"max-snippet:-1","max-image-preview":"max-image-preview:large","max-video-preview":"max-video-preview:-1"},"canonical":"https:\/\/jornaltimoneiro.com.br\/index.php\/2024\/04\/23\/empreendedores-de-esteio-assistem-palestra-sobre-vendas-pelo-whatsapp\/","og_locale":"pt_BR","og_type":"article","og_title":"Empreendedores de Esteio assistem palestra sobre vendas pelo WhatsApp - O Timoneiro Jornal Canoas RS","og_description":"A empres\u00e1ria Myla Deckmann foi a palestrante de mais uma atividade promovida pelo Escrit\u00f3rio do Empreendedor de Esteio na segunda-feira, 22.\u00a0O evento ocorreu no Sal\u00e3o Nobre da Prefeitura. Myla explanou sobre \u201cVendas no WhatsApp &#8211; Cinco n\u00edveis do engajamento\u201d para empreendedores esteienses ou pessoas interessadas em abrir seu pr\u00f3prio neg\u00f3cio. Ela falou sobre o uso [&hellip;]","og_url":"https:\/\/jornaltimoneiro.com.br\/index.php\/2024\/04\/23\/empreendedores-de-esteio-assistem-palestra-sobre-vendas-pelo-whatsapp\/","og_site_name":"O Timoneiro Jornal Canoas RS","article_publisher":"https:\/\/www.facebook.com\/jornaltimoneiro","article_published_time":"2024-04-23T18:02:03+00:00","og_image":[{"width":"1024","height":"683","url":"https:\/\/jornaltimoneiro.com.br\/wp-content\/uploads\/2024\/04\/20240422_LeoHenrique_PalestraVendasWhatsappRioGrandeEMpreendedor_abre1713871611807_foto.jpg","type":"image\/jpeg"}],"author":"Reda\u00e7\u00e3o","twitter_card":"summary_large_image","twitter_creator":"@_OTimoneiro","twitter_site":"@_OTimoneiro","twitter_misc":{"Escrito por":"Reda\u00e7\u00e3o","Est. tempo de leitura":"3 minutos"},"schema":{"@context":"https:\/\/schema.org","@graph":[{"@type":"Article","@id":"https:\/\/jornaltimoneiro.com.br\/index.php\/2024\/04\/23\/empreendedores-de-esteio-assistem-palestra-sobre-vendas-pelo-whatsapp\/#article","isPartOf":{"@id":"https:\/\/jornaltimoneiro.com.br\/index.php\/2024\/04\/23\/empreendedores-de-esteio-assistem-palestra-sobre-vendas-pelo-whatsapp\/"},"author":{"name":"Reda\u00e7\u00e3o","@id":"https:\/\/jornaltimoneiro.com.br\/#\/schema\/person\/f63482f1a02b1a9592707865e509ab40"},"headline":"Empreendedores de Esteio assistem palestra sobre vendas pelo WhatsApp","datePublished":"2024-04-23T18:02:03+00:00","dateModified":"2024-04-23T18:02:03+00:00","mainEntityOfPage":{"@id":"https:\/\/jornaltimoneiro.com.br\/index.php\/2024\/04\/23\/empreendedores-de-esteio-assistem-palestra-sobre-vendas-pelo-whatsapp\/"},"wordCount":529,"commentCount":0,"publisher":{"@id":"https:\/\/jornaltimoneiro.com.br\/#organization"},"keywords":["empreendedores","Esteio","palestra","WhatsApp"],"articleSection":["Economia"],"inLanguage":"pt-BR","potentialAction":[{"@type":"CommentAction","name":"Comment","target":["https:\/\/jornaltimoneiro.com.br\/index.php\/2024\/04\/23\/empreendedores-de-esteio-assistem-palestra-sobre-vendas-pelo-whatsapp\/#respond"]}]},{"@type":"WebPage","@id":"https:\/\/jornaltimoneiro.com.br\/index.php\/2024\/04\/23\/empreendedores-de-esteio-assistem-palestra-sobre-vendas-pelo-whatsapp\/","url":"https:\/\/jornaltimoneiro.com.br\/index.php\/2024\/04\/23\/empreendedores-de-esteio-assistem-palestra-sobre-vendas-pelo-whatsapp\/","name":"Empreendedores de Esteio assistem palestra sobre vendas pelo WhatsApp - O Timoneiro Jornal Canoas RS","isPartOf":{"@id":"https:\/\/jornaltimoneiro.com.br\/#website"},"datePublished":"2024-04-23T18:02:03+00:00","dateModified":"2024-04-23T18:02:03+00:00","breadcrumb":{"@id":"https:\/\/jornaltimoneiro.com.br\/index.php\/2024\/04\/23\/empreendedores-de-esteio-assistem-palestra-sobre-vendas-pelo-whatsapp\/#breadcrumb"},"inLanguage":"pt-BR","potentialAction":[{"@type":"ReadAction","target":["https:\/\/jornaltimoneiro.com.br\/index.php\/2024\/04\/23\/empreendedores-de-esteio-assistem-palestra-sobre-vendas-pelo-whatsapp\/"]}]},{"@type":"BreadcrumbList","@id":"https:\/\/jornaltimoneiro.com.br\/index.php\/2024\/04\/23\/empreendedores-de-esteio-assistem-palestra-sobre-vendas-pelo-whatsapp\/#breadcrumb","itemListElement":[{"@type":"ListItem","position":1,"name":"In\u00edcio","item":"https:\/\/jornaltimoneiro.com.br\/"},{"@type":"ListItem","position":2,"name":"Empreendedores de Esteio assistem palestra sobre vendas pelo WhatsApp"}]},{"@type":"WebSite","@id":"https:\/\/jornaltimoneiro.com.br\/#website","url":"https:\/\/jornaltimoneiro.com.br\/","name":"Jornal Timoneiro Canoas RS","description":"Jornal O Timoneiro, o verdadeiro jornal de Canoas","publisher":{"@id":"https:\/\/jornaltimoneiro.com.br\/#organization"},"potentialAction":[{"@type":"SearchAction","target":{"@type":"EntryPoint","urlTemplate":"https:\/\/jornaltimoneiro.com.br\/?s={search_term_string}"},"query-input":"required name=search_term_string"}],"inLanguage":"pt-BR"},{"@type":"Organization","@id":"https:\/\/jornaltimoneiro.com.br\/#organization","name":"Jornal Timoneiro Canoas RS","url":"https:\/\/jornaltimoneiro.com.br\/","logo":{"@type":"ImageObject","inLanguage":"pt-BR","@id":"https:\/\/jornaltimoneiro.com.br\/#\/schema\/logo\/image\/","url":"https:\/\/jornaltimoneiro.com.br\/wp-content\/uploads\/2023\/03\/logonovo.png","contentUrl":"https:\/\/jornaltimoneiro.com.br\/wp-content\/uploads\/2023\/03\/logonovo.png","width":"469","height":"171","caption":"Jornal Timoneiro Canoas RS"},"image":{"@id":"https:\/\/jornaltimoneiro.com.br\/#\/schema\/logo\/image\/"},"sameAs":["https:\/\/www.facebook.com\/jornaltimoneiro","https:\/\/twitter.com\/_OTimoneiro","https:\/\/www.instagram.com\/jornaltimoneirocanoas\/","https:\/\/www.youtube.com\/@jornalotimoneiro7927"]},{"@type":"Person","@id":"https:\/\/jornaltimoneiro.com.br\/#\/schema\/person\/f63482f1a02b1a9592707865e509ab40","name":"Reda\u00e7\u00e3o","image":{"@type":"ImageObject","inLanguage":"pt-BR","@id":"https:\/\/jornaltimoneiro.com.br\/#\/schema\/person\/image\/","url":"https:\/\/jornaltimoneiro.com.br\/wp-content\/uploads\/2023\/03\/download.jpeg","contentUrl":"https:\/\/jornaltimoneiro.com.br\/wp-content\/uploads\/2023\/03\/download.jpeg","caption":"Reda\u00e7\u00e3o"},"url":"https:\/\/jornaltimoneiro.com.br\/index.php\/author\/simone-dutra\/"}]}},"_links":{"self":[{"href":"https:\/\/jornaltimoneiro.com.br\/index.php\/wp-json\/wp\/v2\/posts\/28786"}],"collection":[{"href":"https:\/\/jornaltimoneiro.com.br\/index.php\/wp-json\/wp\/v2\/posts"}],"about":[{"href":"https:\/\/jornaltimoneiro.com.br\/index.php\/wp-json\/wp\/v2\/types\/post"}],"author":[{"embeddable":true,"href":"https:\/\/jornaltimoneiro.com.br\/index.php\/wp-json\/wp\/v2\/users\/2"}],"replies":[{"embeddable":true,"href":"https:\/\/jornaltimoneiro.com.br\/index.php\/wp-json\/wp\/v2\/comments?post=28786"}],"version-history":[{"count":1,"href":"https:\/\/jornaltimoneiro.com.br\/index.php\/wp-json\/wp\/v2\/posts\/28786\/revisions"}],"predecessor-version":[{"id":28788,"href":"https:\/\/jornaltimoneiro.com.br\/index.php\/wp-json\/wp\/v2\/posts\/28786\/revisions\/28788"}],"wp:featuredmedia":[{"embeddable":true,"href":"https:\/\/jornaltimoneiro.com.br\/index.php\/wp-json\/wp\/v2\/media\/28787"}],"wp:attachment":[{"href":"https:\/\/jornaltimoneiro.com.br\/index.php\/wp-json\/wp\/v2\/media?parent=28786"}],"wp:term":[{"taxonomy":"category","embeddable":true,"href":"https:\/\/jornaltimoneiro.com.br\/index.php\/wp-json\/wp\/v2\/categories?post=28786"},{"taxonomy":"post_tag","embeddable":true,"href":"https:\/\/jornaltimoneiro.com.br\/index.php\/wp-json\/wp\/v2\/tags?post=28786"}],"curies":[{"name":"wp","href":"https:\/\/api.w.org\/{rel}","templated":true}]}}