{"id":28605,"date":"2024-04-16T10:38:57","date_gmt":"2024-04-16T13:38:57","guid":{"rendered":"https:\/\/jornaltimoneiro.com.br\/?p=28605"},"modified":"2024-04-16T10:38:57","modified_gmt":"2024-04-16T13:38:57","slug":"apos-denuncia-de-moradores-cachorros-que-sofriam-maus-tratos-sao-resgatados-em-canoas","status":"publish","type":"post","link":"https:\/\/jornaltimoneiro.com.br\/index.php\/2024\/04\/16\/apos-denuncia-de-moradores-cachorros-que-sofriam-maus-tratos-sao-resgatados-em-canoas\/","title":{"rendered":"Ap\u00f3s den\u00fancia de moradores, cachorros que sofriam maus-tratos s\u00e3o resgatados em Canoas"},"content":{"rendered":"<p>A Secretaria Municipal de Bem-Estar Animal (SMBEA) realizou o resgate de dois c\u00e3es, um macho e uma f\u00eamea, que estavam em situa\u00e7\u00e3o de abandono em um apartamento no bairro Olaria.<\/p>\n<p>A den\u00fancia foi realizada por moradores, que contataram a Pol\u00edcia Civil e a SMBEA, que estiveram presentes na a\u00e7\u00e3o, na \u00faltima sexta-feira, 12.<\/p>\n<p>De acordo com a secret\u00e1ria adjunta da SMBEA, Telma Moraes, os animais estavam trancados, com fome e em uma situa\u00e7\u00e3o totalmente prec\u00e1ria.<\/p>\n<blockquote><p>\u201cN\u00f3s resgatamos os dois animais que viviam em situa\u00e7\u00e3o de maus tratos, sozinhos em um apartamento, sem alimenta\u00e7\u00e3o e de forma insalubre. Agora, eles est\u00e3o aqui na Secretaria Municipal de Bem-Estar Animal, onde receber\u00e3o atendimento veterin\u00e1rio e ficar\u00e3o albergados at\u00e9 se recuperarem\u201d, salientou.<\/p><\/blockquote>\n<h4>Olavo e Olivia<\/h4>\n<p>Os pets, que foram batizados com o nome de Olavo e Olivia, ser\u00e3o vacinados, castrados e ap\u00f3s estarem aptos, ser\u00e3o disponibilizados para ado\u00e7\u00e3o respons\u00e1vel nas feiras de ado\u00e7\u00e3o realizadas pela SMBEA.<\/p>\n<blockquote><p>\u201cEsperamos que eles tenham a chance de ter uma fam\u00edlia amorosa e que proporcione uma nova hist\u00f3ria de vida para eles\u201d, acrescentou Telma.<\/p><\/blockquote>\n<p>A Prefeitura de Canoas refor\u00e7a que maus-tratos aos animais \u00e9 crime, conforme a Lei Federal n\u00ba 9.605\/98. Em 2020, com a aprova\u00e7\u00e3o da Lei Federal n\u00ba 14.064, ocorreu o aumento das penas cominadas ao crime de maus-tratos aos animais quando se tratar de c\u00e3o ou gato.<\/p>\n","protected":false},"excerpt":{"rendered":"<p>A Secretaria Municipal de Bem-Estar Animal (SMBEA) realizou o resgate de dois c\u00e3es, um macho e uma f\u00eamea, que estavam em situa\u00e7\u00e3o de abandono em um apartamento no bairro Olaria. A den\u00fancia foi realizada por moradores, que contataram a Pol\u00edcia Civil e a SMBEA, que estiveram presentes na a\u00e7\u00e3o, na \u00faltima sexta-feira, 12. De acordo [&hellip;]<\/p>\n","protected":false},"author":2,"featured_media":28606,"comment_status":"open","ping_status":"open","sticky":false,"template":"","format":"standard","meta":{"amp_status":"","footnotes":""},"categories":[30],"tags":[1811,2313,31,190,2312,718,214,499,213,80],"class_list":["post-28605","post","type-post","status-publish","format-standard","has-post-thumbnail","hentry","category-policial","tag-bem-estar-animal","tag-cachorros","tag-canoas","tag-featured","tag-maus-tratos","tag-policia-civil","tag-regiao-metropolitana","tag-resgate","tag-rio-grande-do-sul","tag-rs"],"yoast_head":"<!-- This site is optimized with the Yoast SEO plugin v20.5 - https:\/\/yoast.com\/wordpress\/plugins\/seo\/ -->\n<title>Ap\u00f3s den\u00fancia de moradores, cachorros que sofriam maus-tratos s\u00e3o resgatados em Canoas - O Timoneiro Jornal Canoas RS<\/title>\n<meta name=\"description\" content=\"Ap\u00f3s den\u00fancia de moradores, cachorros que sofriam maus-tratos s\u00e3o resgatados em Canoas policia civil bem estar animal rio grande do sul rs\" \/>\n<meta name=\"robots\" content=\"index, follow, max-snippet:-1, max-image-preview:large, max-video-preview:-1\" \/>\n<link rel=\"canonical\" href=\"https:\/\/jornaltimoneiro.com.br\/index.php\/2024\/04\/16\/apos-denuncia-de-moradores-cachorros-que-sofriam-maus-tratos-sao-resgatados-em-canoas\/\" \/>\n<meta property=\"og:locale\" content=\"pt_BR\" \/>\n<meta property=\"og:type\" content=\"article\" \/>\n<meta property=\"og:title\" content=\"Ap\u00f3s den\u00fancia de moradores, cachorros que sofriam maus-tratos s\u00e3o resgatados em Canoas - O Timoneiro Jornal Canoas RS\" \/>\n<meta property=\"og:description\" content=\"Ap\u00f3s den\u00fancia de moradores, cachorros que sofriam maus-tratos s\u00e3o resgatados em Canoas policia civil bem estar animal rio grande do sul rs\" \/>\n<meta property=\"og:url\" content=\"https:\/\/jornaltimoneiro.com.br\/index.php\/2024\/04\/16\/apos-denuncia-de-moradores-cachorros-que-sofriam-maus-tratos-sao-resgatados-em-canoas\/\" \/>\n<meta property=\"og:site_name\" content=\"O Timoneiro Jornal Canoas RS\" \/>\n<meta property=\"article:publisher\" content=\"https:\/\/www.facebook.com\/jornaltimoneiro\" \/>\n<meta property=\"article:published_time\" content=\"2024-04-16T13:38:57+00:00\" \/>\n<meta property=\"og:image\" content=\"https:\/\/jornaltimoneiro.com.br\/wp-content\/uploads\/2024\/04\/RED-12-04-2024-RESGATE-CACHORRO-THIAGO-GUIMARAES-4.jpg\" \/>\n\t<meta property=\"og:image:width\" content=\"2048\" \/>\n\t<meta property=\"og:image:height\" content=\"1365\" \/>\n\t<meta property=\"og:image:type\" content=\"image\/jpeg\" \/>\n<meta name=\"author\" content=\"Reda\u00e7\u00e3o\" \/>\n<meta name=\"twitter:card\" content=\"summary_large_image\" \/>\n<meta name=\"twitter:creator\" content=\"@_OTimoneiro\" \/>\n<meta name=\"twitter:site\" content=\"@_OTimoneiro\" \/>\n<meta name=\"twitter:label1\" content=\"Escrito por\" \/>\n\t<meta name=\"twitter:data1\" content=\"Reda\u00e7\u00e3o\" \/>\n\t<meta name=\"twitter:label2\" content=\"Est. tempo de leitura\" \/>\n\t<meta name=\"twitter:data2\" content=\"2 minutos\" \/>\n<script type=\"application\/ld+json\" class=\"yoast-schema-graph\">{\"@context\":\"https:\/\/schema.org\",\"@graph\":[{\"@type\":\"Article\",\"@id\":\"https:\/\/jornaltimoneiro.com.br\/index.php\/2024\/04\/16\/apos-denuncia-de-moradores-cachorros-que-sofriam-maus-tratos-sao-resgatados-em-canoas\/#article\",\"isPartOf\":{\"@id\":\"https:\/\/jornaltimoneiro.com.br\/index.php\/2024\/04\/16\/apos-denuncia-de-moradores-cachorros-que-sofriam-maus-tratos-sao-resgatados-em-canoas\/\"},\"author\":{\"name\":\"Reda\u00e7\u00e3o\",\"@id\":\"https:\/\/jornaltimoneiro.com.br\/#\/schema\/person\/f63482f1a02b1a9592707865e509ab40\"},\"headline\":\"Ap\u00f3s den\u00fancia de moradores, cachorros que sofriam maus-tratos s\u00e3o resgatados em Canoas\",\"datePublished\":\"2024-04-16T13:38:57+00:00\",\"dateModified\":\"2024-04-16T13:38:57+00:00\",\"mainEntityOfPage\":{\"@id\":\"https:\/\/jornaltimoneiro.com.br\/index.php\/2024\/04\/16\/apos-denuncia-de-moradores-cachorros-que-sofriam-maus-tratos-sao-resgatados-em-canoas\/\"},\"wordCount\":258,\"commentCount\":0,\"publisher\":{\"@id\":\"https:\/\/jornaltimoneiro.com.br\/#organization\"},\"keywords\":[\"Bem-estar animal\",\"cachorros\",\"canoas\",\"featured\",\"maus-tratos\",\"pol\u00edcia civil\",\"regi\u00e3o metropolitana\",\"resgate\",\"rio grande do sul\",\"RS\"],\"articleSection\":[\"Policial\"],\"inLanguage\":\"pt-BR\",\"potentialAction\":[{\"@type\":\"CommentAction\",\"name\":\"Comment\",\"target\":[\"https:\/\/jornaltimoneiro.com.br\/index.php\/2024\/04\/16\/apos-denuncia-de-moradores-cachorros-que-sofriam-maus-tratos-sao-resgatados-em-canoas\/#respond\"]}]},{\"@type\":\"WebPage\",\"@id\":\"https:\/\/jornaltimoneiro.com.br\/index.php\/2024\/04\/16\/apos-denuncia-de-moradores-cachorros-que-sofriam-maus-tratos-sao-resgatados-em-canoas\/\",\"url\":\"https:\/\/jornaltimoneiro.com.br\/index.php\/2024\/04\/16\/apos-denuncia-de-moradores-cachorros-que-sofriam-maus-tratos-sao-resgatados-em-canoas\/\",\"name\":\"Ap\u00f3s den\u00fancia de moradores, cachorros que sofriam maus-tratos s\u00e3o resgatados em Canoas - O Timoneiro Jornal Canoas RS\",\"isPartOf\":{\"@id\":\"https:\/\/jornaltimoneiro.com.br\/#website\"},\"datePublished\":\"2024-04-16T13:38:57+00:00\",\"dateModified\":\"2024-04-16T13:38:57+00:00\",\"description\":\"Ap\u00f3s den\u00fancia de moradores, cachorros que sofriam maus-tratos s\u00e3o resgatados em Canoas policia civil bem estar animal rio grande do sul rs\",\"breadcrumb\":{\"@id\":\"https:\/\/jornaltimoneiro.com.br\/index.php\/2024\/04\/16\/apos-denuncia-de-moradores-cachorros-que-sofriam-maus-tratos-sao-resgatados-em-canoas\/#breadcrumb\"},\"inLanguage\":\"pt-BR\",\"potentialAction\":[{\"@type\":\"ReadAction\",\"target\":[\"https:\/\/jornaltimoneiro.com.br\/index.php\/2024\/04\/16\/apos-denuncia-de-moradores-cachorros-que-sofriam-maus-tratos-sao-resgatados-em-canoas\/\"]}]},{\"@type\":\"BreadcrumbList\",\"@id\":\"https:\/\/jornaltimoneiro.com.br\/index.php\/2024\/04\/16\/apos-denuncia-de-moradores-cachorros-que-sofriam-maus-tratos-sao-resgatados-em-canoas\/#breadcrumb\",\"itemListElement\":[{\"@type\":\"ListItem\",\"position\":1,\"name\":\"In\u00edcio\",\"item\":\"https:\/\/jornaltimoneiro.com.br\/\"},{\"@type\":\"ListItem\",\"position\":2,\"name\":\"Ap\u00f3s den\u00fancia de moradores, cachorros que sofriam maus-tratos s\u00e3o resgatados em Canoas\"}]},{\"@type\":\"WebSite\",\"@id\":\"https:\/\/jornaltimoneiro.com.br\/#website\",\"url\":\"https:\/\/jornaltimoneiro.com.br\/\",\"name\":\"Jornal Timoneiro Canoas RS\",\"description\":\"Jornal O Timoneiro, o verdadeiro jornal de Canoas\",\"publisher\":{\"@id\":\"https:\/\/jornaltimoneiro.com.br\/#organization\"},\"potentialAction\":[{\"@type\":\"SearchAction\",\"target\":{\"@type\":\"EntryPoint\",\"urlTemplate\":\"https:\/\/jornaltimoneiro.com.br\/?s={search_term_string}\"},\"query-input\":\"required name=search_term_string\"}],\"inLanguage\":\"pt-BR\"},{\"@type\":\"Organization\",\"@id\":\"https:\/\/jornaltimoneiro.com.br\/#organization\",\"name\":\"Jornal Timoneiro Canoas RS\",\"url\":\"https:\/\/jornaltimoneiro.com.br\/\",\"logo\":{\"@type\":\"ImageObject\",\"inLanguage\":\"pt-BR\",\"@id\":\"https:\/\/jornaltimoneiro.com.br\/#\/schema\/logo\/image\/\",\"url\":\"https:\/\/jornaltimoneiro.com.br\/wp-content\/uploads\/2023\/03\/logonovo.png\",\"contentUrl\":\"https:\/\/jornaltimoneiro.com.br\/wp-content\/uploads\/2023\/03\/logonovo.png\",\"width\":\"469\",\"height\":\"171\",\"caption\":\"Jornal Timoneiro Canoas RS\"},\"image\":{\"@id\":\"https:\/\/jornaltimoneiro.com.br\/#\/schema\/logo\/image\/\"},\"sameAs\":[\"https:\/\/www.facebook.com\/jornaltimoneiro\",\"https:\/\/twitter.com\/_OTimoneiro\",\"https:\/\/www.instagram.com\/jornaltimoneirocanoas\/\",\"https:\/\/www.youtube.com\/@jornalotimoneiro7927\"]},{\"@type\":\"Person\",\"@id\":\"https:\/\/jornaltimoneiro.com.br\/#\/schema\/person\/f63482f1a02b1a9592707865e509ab40\",\"name\":\"Reda\u00e7\u00e3o\",\"image\":{\"@type\":\"ImageObject\",\"inLanguage\":\"pt-BR\",\"@id\":\"https:\/\/jornaltimoneiro.com.br\/#\/schema\/person\/image\/\",\"url\":\"https:\/\/jornaltimoneiro.com.br\/wp-content\/uploads\/2023\/03\/download.jpeg\",\"contentUrl\":\"https:\/\/jornaltimoneiro.com.br\/wp-content\/uploads\/2023\/03\/download.jpeg\",\"caption\":\"Reda\u00e7\u00e3o\"},\"url\":\"https:\/\/jornaltimoneiro.com.br\/index.php\/author\/simone-dutra\/\"}]}<\/script>\n<!-- \/ Yoast SEO plugin. -->","yoast_head_json":{"title":"Ap\u00f3s den\u00fancia de moradores, cachorros que sofriam maus-tratos s\u00e3o resgatados em Canoas - O Timoneiro Jornal Canoas RS","description":"Ap\u00f3s den\u00fancia de moradores, cachorros que sofriam maus-tratos s\u00e3o resgatados em Canoas policia civil bem estar animal rio grande do sul rs","robots":{"index":"index","follow":"follow","max-snippet":"max-snippet:-1","max-image-preview":"max-image-preview:large","max-video-preview":"max-video-preview:-1"},"canonical":"https:\/\/jornaltimoneiro.com.br\/index.php\/2024\/04\/16\/apos-denuncia-de-moradores-cachorros-que-sofriam-maus-tratos-sao-resgatados-em-canoas\/","og_locale":"pt_BR","og_type":"article","og_title":"Ap\u00f3s den\u00fancia de moradores, cachorros que sofriam maus-tratos s\u00e3o resgatados em Canoas - O Timoneiro Jornal Canoas RS","og_description":"Ap\u00f3s den\u00fancia de moradores, cachorros que sofriam maus-tratos s\u00e3o resgatados em Canoas policia civil bem estar animal rio grande do sul rs","og_url":"https:\/\/jornaltimoneiro.com.br\/index.php\/2024\/04\/16\/apos-denuncia-de-moradores-cachorros-que-sofriam-maus-tratos-sao-resgatados-em-canoas\/","og_site_name":"O Timoneiro Jornal Canoas RS","article_publisher":"https:\/\/www.facebook.com\/jornaltimoneiro","article_published_time":"2024-04-16T13:38:57+00:00","og_image":[{"width":"2048","height":"1365","url":"https:\/\/jornaltimoneiro.com.br\/wp-content\/uploads\/2024\/04\/RED-12-04-2024-RESGATE-CACHORRO-THIAGO-GUIMARAES-4.jpg","type":"image\/jpeg"}],"author":"Reda\u00e7\u00e3o","twitter_card":"summary_large_image","twitter_creator":"@_OTimoneiro","twitter_site":"@_OTimoneiro","twitter_misc":{"Escrito por":"Reda\u00e7\u00e3o","Est. tempo de leitura":"2 minutos"},"schema":{"@context":"https:\/\/schema.org","@graph":[{"@type":"Article","@id":"https:\/\/jornaltimoneiro.com.br\/index.php\/2024\/04\/16\/apos-denuncia-de-moradores-cachorros-que-sofriam-maus-tratos-sao-resgatados-em-canoas\/#article","isPartOf":{"@id":"https:\/\/jornaltimoneiro.com.br\/index.php\/2024\/04\/16\/apos-denuncia-de-moradores-cachorros-que-sofriam-maus-tratos-sao-resgatados-em-canoas\/"},"author":{"name":"Reda\u00e7\u00e3o","@id":"https:\/\/jornaltimoneiro.com.br\/#\/schema\/person\/f63482f1a02b1a9592707865e509ab40"},"headline":"Ap\u00f3s den\u00fancia de moradores, cachorros que sofriam maus-tratos s\u00e3o resgatados em Canoas","datePublished":"2024-04-16T13:38:57+00:00","dateModified":"2024-04-16T13:38:57+00:00","mainEntityOfPage":{"@id":"https:\/\/jornaltimoneiro.com.br\/index.php\/2024\/04\/16\/apos-denuncia-de-moradores-cachorros-que-sofriam-maus-tratos-sao-resgatados-em-canoas\/"},"wordCount":258,"commentCount":0,"publisher":{"@id":"https:\/\/jornaltimoneiro.com.br\/#organization"},"keywords":["Bem-estar animal","cachorros","canoas","featured","maus-tratos","pol\u00edcia civil","regi\u00e3o metropolitana","resgate","rio grande do sul","RS"],"articleSection":["Policial"],"inLanguage":"pt-BR","potentialAction":[{"@type":"CommentAction","name":"Comment","target":["https:\/\/jornaltimoneiro.com.br\/index.php\/2024\/04\/16\/apos-denuncia-de-moradores-cachorros-que-sofriam-maus-tratos-sao-resgatados-em-canoas\/#respond"]}]},{"@type":"WebPage","@id":"https:\/\/jornaltimoneiro.com.br\/index.php\/2024\/04\/16\/apos-denuncia-de-moradores-cachorros-que-sofriam-maus-tratos-sao-resgatados-em-canoas\/","url":"https:\/\/jornaltimoneiro.com.br\/index.php\/2024\/04\/16\/apos-denuncia-de-moradores-cachorros-que-sofriam-maus-tratos-sao-resgatados-em-canoas\/","name":"Ap\u00f3s den\u00fancia de moradores, cachorros que sofriam maus-tratos s\u00e3o resgatados em Canoas - O Timoneiro Jornal Canoas RS","isPartOf":{"@id":"https:\/\/jornaltimoneiro.com.br\/#website"},"datePublished":"2024-04-16T13:38:57+00:00","dateModified":"2024-04-16T13:38:57+00:00","description":"Ap\u00f3s den\u00fancia de moradores, cachorros que sofriam maus-tratos s\u00e3o resgatados em Canoas policia civil bem estar animal rio grande do sul rs","breadcrumb":{"@id":"https:\/\/jornaltimoneiro.com.br\/index.php\/2024\/04\/16\/apos-denuncia-de-moradores-cachorros-que-sofriam-maus-tratos-sao-resgatados-em-canoas\/#breadcrumb"},"inLanguage":"pt-BR","potentialAction":[{"@type":"ReadAction","target":["https:\/\/jornaltimoneiro.com.br\/index.php\/2024\/04\/16\/apos-denuncia-de-moradores-cachorros-que-sofriam-maus-tratos-sao-resgatados-em-canoas\/"]}]},{"@type":"BreadcrumbList","@id":"https:\/\/jornaltimoneiro.com.br\/index.php\/2024\/04\/16\/apos-denuncia-de-moradores-cachorros-que-sofriam-maus-tratos-sao-resgatados-em-canoas\/#breadcrumb","itemListElement":[{"@type":"ListItem","position":1,"name":"In\u00edcio","item":"https:\/\/jornaltimoneiro.com.br\/"},{"@type":"ListItem","position":2,"name":"Ap\u00f3s den\u00fancia de moradores, cachorros que sofriam maus-tratos s\u00e3o resgatados em Canoas"}]},{"@type":"WebSite","@id":"https:\/\/jornaltimoneiro.com.br\/#website","url":"https:\/\/jornaltimoneiro.com.br\/","name":"Jornal Timoneiro Canoas RS","description":"Jornal O Timoneiro, o verdadeiro jornal de Canoas","publisher":{"@id":"https:\/\/jornaltimoneiro.com.br\/#organization"},"potentialAction":[{"@type":"SearchAction","target":{"@type":"EntryPoint","urlTemplate":"https:\/\/jornaltimoneiro.com.br\/?s={search_term_string}"},"query-input":"required name=search_term_string"}],"inLanguage":"pt-BR"},{"@type":"Organization","@id":"https:\/\/jornaltimoneiro.com.br\/#organization","name":"Jornal Timoneiro Canoas RS","url":"https:\/\/jornaltimoneiro.com.br\/","logo":{"@type":"ImageObject","inLanguage":"pt-BR","@id":"https:\/\/jornaltimoneiro.com.br\/#\/schema\/logo\/image\/","url":"https:\/\/jornaltimoneiro.com.br\/wp-content\/uploads\/2023\/03\/logonovo.png","contentUrl":"https:\/\/jornaltimoneiro.com.br\/wp-content\/uploads\/2023\/03\/logonovo.png","width":"469","height":"171","caption":"Jornal Timoneiro Canoas RS"},"image":{"@id":"https:\/\/jornaltimoneiro.com.br\/#\/schema\/logo\/image\/"},"sameAs":["https:\/\/www.facebook.com\/jornaltimoneiro","https:\/\/twitter.com\/_OTimoneiro","https:\/\/www.instagram.com\/jornaltimoneirocanoas\/","https:\/\/www.youtube.com\/@jornalotimoneiro7927"]},{"@type":"Person","@id":"https:\/\/jornaltimoneiro.com.br\/#\/schema\/person\/f63482f1a02b1a9592707865e509ab40","name":"Reda\u00e7\u00e3o","image":{"@type":"ImageObject","inLanguage":"pt-BR","@id":"https:\/\/jornaltimoneiro.com.br\/#\/schema\/person\/image\/","url":"https:\/\/jornaltimoneiro.com.br\/wp-content\/uploads\/2023\/03\/download.jpeg","contentUrl":"https:\/\/jornaltimoneiro.com.br\/wp-content\/uploads\/2023\/03\/download.jpeg","caption":"Reda\u00e7\u00e3o"},"url":"https:\/\/jornaltimoneiro.com.br\/index.php\/author\/simone-dutra\/"}]}},"_links":{"self":[{"href":"https:\/\/jornaltimoneiro.com.br\/index.php\/wp-json\/wp\/v2\/posts\/28605"}],"collection":[{"href":"https:\/\/jornaltimoneiro.com.br\/index.php\/wp-json\/wp\/v2\/posts"}],"about":[{"href":"https:\/\/jornaltimoneiro.com.br\/index.php\/wp-json\/wp\/v2\/types\/post"}],"author":[{"embeddable":true,"href":"https:\/\/jornaltimoneiro.com.br\/index.php\/wp-json\/wp\/v2\/users\/2"}],"replies":[{"embeddable":true,"href":"https:\/\/jornaltimoneiro.com.br\/index.php\/wp-json\/wp\/v2\/comments?post=28605"}],"version-history":[{"count":1,"href":"https:\/\/jornaltimoneiro.com.br\/index.php\/wp-json\/wp\/v2\/posts\/28605\/revisions"}],"predecessor-version":[{"id":28607,"href":"https:\/\/jornaltimoneiro.com.br\/index.php\/wp-json\/wp\/v2\/posts\/28605\/revisions\/28607"}],"wp:featuredmedia":[{"embeddable":true,"href":"https:\/\/jornaltimoneiro.com.br\/index.php\/wp-json\/wp\/v2\/media\/28606"}],"wp:attachment":[{"href":"https:\/\/jornaltimoneiro.com.br\/index.php\/wp-json\/wp\/v2\/media?parent=28605"}],"wp:term":[{"taxonomy":"category","embeddable":true,"href":"https:\/\/jornaltimoneiro.com.br\/index.php\/wp-json\/wp\/v2\/categories?post=28605"},{"taxonomy":"post_tag","embeddable":true,"href":"https:\/\/jornaltimoneiro.com.br\/index.php\/wp-json\/wp\/v2\/tags?post=28605"}],"curies":[{"name":"wp","href":"https:\/\/api.w.org\/{rel}","templated":true}]}}