{"id":28589,"date":"2024-04-15T15:55:37","date_gmt":"2024-04-15T18:55:37","guid":{"rendered":"https:\/\/jornaltimoneiro.com.br\/?p=28589"},"modified":"2024-04-15T15:59:55","modified_gmt":"2024-04-15T18:59:55","slug":"copa-dos-campeoes-de-futsal-conta-com-dois-representantes-de-canoas","status":"publish","type":"post","link":"https:\/\/jornaltimoneiro.com.br\/index.php\/2024\/04\/15\/copa-dos-campeoes-de-futsal-conta-com-dois-representantes-de-canoas\/","title":{"rendered":"Copa dos Campe\u00f5es de Futsal conta com dois representantes de Canoas"},"content":{"rendered":"<p>Sessenta e duas equipes de 24 cidades ga\u00fachas diferentes v\u00e3o disputar a 19\u00aa edi\u00e7\u00e3o da Copa dos Campe\u00f5es de Futsal. A competi\u00e7\u00e3o come\u00e7a em 26 de abril, no Gin\u00e1sio Municipal Edgar Piccioni (Rua 24 de Agosto, n\u00ba 3.079 &#8211; Ol\u00edmpica), em Esteio.<\/p>\n<p>Considerada a maior competi\u00e7\u00e3o amadora do esporte no Rio Grande do Sul, o evento ocorre em Esteio desde 2011. O Congresso T\u00e9cnico, onde foram sorteados os times que comp\u00f5em cada uma das chaves da primeira fase e esclarecidos pontos do regulamento, foi feito na noite da \u00faltima sexta-feira, 12, no mesmo lugar onde acontecer\u00e1 o certame.<\/p>\n<h4><strong>Tr\u00eas categorias<\/strong><\/h4>\n<p>A 19\u00aa Copa dos Campe\u00f5es de Futsal vai ser realizada em tr\u00eas categorias diferentes.\u00a0Na For\u00e7a Livre, a principal do evento esportivo, ser\u00e3o 40 times. Na M\u00e1ster 40, voltada para os que j\u00e1 passaram de quatro d\u00e9cadas de vida, ser\u00e3o 12 agremia\u00e7\u00f5es e, na Feminina, outras 10 (veja grupos abaixo). A tabela de jogos da primeira fase est\u00e1 ainda sendo definida pelos organizadores.<\/p>\n<p>Os canoenses ser\u00e3o representados por dois times na categoria For\u00e7a Live: Brazukas e Diretoria.<\/p>\n<p>Al\u00e9m de trof\u00e9us, os melhores times de cada modalidade v\u00e3o receber premia\u00e7\u00f5es em dinheiro. A maior ser\u00e1 dada ao campe\u00e3o da For\u00e7a Livre, que levar\u00e1 para o clube R$ 20 mil. Ao total, ser\u00e3o R$ 65 mil em pr\u00eamios.<\/p>\n<p>As partidas ser\u00e3o \u00e0s segundas, quintas e sextas-feiras, a partir das 20h15min. A entrada \u00e9 gratuita, com exce\u00e7\u00e3o da noite da final, quando deve ser cobrado ingresso solid\u00e1rio, a ser revertido para entidades assistenciais de Esteio. As finais est\u00e3o previstas para o dia 9 de agosto.<\/p>\n<p>No ano passado, o Borges, de Alvorada, ergueu o trof\u00e9u da For\u00e7a Livre. O Am\u00e9rica\/Perfecta, de Esteio, ficou com o t\u00edtulo na M\u00e1ster 40 e as gurias do Zueira F\u00eanix, de Viam\u00e3o, conquistaram a categoria Feminina.<\/p>\n<h4><strong>19\u00aa Copa dos Campe\u00f5es de Futsal<\/strong><\/h4>\n<ol>\n<li><em>Quando:\u00a0<\/em>A partir de 26 de abril at\u00e9 o dia 9 de agosto<\/li>\n<li><em>Dias de jogos:\u00a0<\/em>Segundas, quintas e sextas-feiras, a partir das 20h15min<\/li>\n<li><em>Local:\u00a0<\/em>Gin\u00e1sio Municipal Edgar Piccioni (Rua 24 de Agosto, 3.079 \u2013 Bairro Ol\u00edmpica)<\/li>\n<li><em>Entrada<\/em>: Gratuita (com exce\u00e7\u00e3o da noite final)<\/li>\n<\/ol>\n<h4><strong>Times participantes<\/strong><\/h4>\n<p><strong>For\u00e7a Livre<\/strong><br \/>\n<em>Grupo A<\/em><br \/>\nEmbriagados &#8211; Taquara<br \/>\nCat\u00f3lica &#8211; Porto Alegre<br \/>\nNova Hartz &#8211; Nova Hartz<br \/>\nACBF Sub-20 &#8211; Carlos Barbosa<\/p>\n<p><em>Grupo B<\/em><br \/>\nBrazukas &#8211; Canoas<br \/>\nASG &#8211; Gravata\u00ed<br \/>\nBalan\u00e7a Rede &#8211; Dois Irm\u00e3os<br \/>\nFarinhada &#8211; Porto Alegre<\/p>\n<p><em>Grupo C<\/em><br \/>\nPNT &#8211; Porto Alegre<br \/>\nDiretoria Futsal &#8211; Canoas<br \/>\nVillage &#8211; Esteio<br \/>\nSCAL &#8211; Sapucaia do Sul<\/p>\n<p><em>Grupo D<\/em><br \/>\nCasa da Lataria &#8211; Caxias do Sul<br \/>\nNova Gera\u00e7\u00e3o &#8211; S\u00e3o Jos\u00e9 dos Ausentes<br \/>\nCaixeiros Viajantes &#8211; Porto Alegre<br \/>\nForest &#8211; Sapucaia do Sul<\/p>\n<p><em>Grupo E<\/em><br \/>\nVidal Pr\u00f3 &#8211; Porto Alegre<br \/>\nStreet Boys &#8211; Esteio<br \/>\nOs Gaiolas &#8211; Montenegro<br \/>\nLoko Loko &#8211; Sapucaia do Sul<\/p>\n<p><em>Grupo F<\/em><br \/>\nRanckouver &#8211; Porto Alegre<br \/>\nBrochier &#8211; Brochier<br \/>\nUJR &#8211; Novo Hamburgo<br \/>\nUniversit\u00e1rio &#8211; Porto Alegre<\/p>\n<p><em>Grupo G<\/em><br \/>\nBorges &#8211; Alvorada<br \/>\nReal Sapucaia &#8211; Sapucaia do Sul<br \/>\nSantos &#8211; Lindolfo Collor<br \/>\nTrianon &#8211; Esteio<\/p>\n<p><em>Grupo H<\/em><br \/>\nOGSR &#8211; Viam\u00e3o<br \/>\nAtl\u00e9tico P\u00f4r do Sol &#8211; Gravata\u00ed<br \/>\nSepi &#8211; Porto Alegre<br \/>\nParob\u00e9 Sub-20 \/ Madelusa \u2013 Parob\u00e9 \/ Novo Hamburgo<\/p>\n<p><em>Grupo I<\/em><br \/>\nTsunami &#8211; Porto Alegre<br \/>\nEFC &#8211; Gravata\u00ed<br \/>\nAGEC \/ AL Futsal &#8211; Gravata\u00ed<br \/>\nAlegria &#8211; Porto Alegre<\/p>\n<p><em>Grupo J<\/em><br \/>\nLa Boca &#8211; Porto Alegre<br \/>\nCupim Futsal &#8211; Os\u00f3rio<br \/>\nPouca Bola &#8211; Nova Petr\u00f3polis<br \/>\nPe\u00f1arol &#8211; Gua\u00edba<\/p>\n<p><strong>M\u00e1ster 40<\/strong><br \/>\n<em>Grupo A<\/em><br \/>\nTrianon &#8211; Esteio<br \/>\nCasa da Lataria &#8211; Caxias do Sul<br \/>\nBoca JR \/ Boka Braba &#8211; Alvorada<br \/>\nJuventus &#8211; Sapucaia do Sul<\/p>\n<p><em>Grupo B<\/em><br \/>\nPe\u00f1arol &#8211; Gua\u00edba<br \/>\nVillage &#8211; Esteio<br \/>\nUPF &#8211; Porto Alegre<br \/>\nAl Futsal &#8211; Gravata\u00ed<\/p>\n<p><em>Grupo C<\/em><br \/>\nIdentifica &#8211; Caxias do Sul<br \/>\nRessaka &#8211; Port\u00e3o<br \/>\nSERB &#8211; Santo Ant\u00f4nio da Patrulha<br \/>\nAm\u00e9rica &#8211; Esteio<\/p>\n<p><strong>Feminina<\/strong><br \/>\n<em>Grupo A<\/em><br \/>\nDamas da Bola &#8211; Esteio<br \/>\nZueira F\u00eanix &#8211; Viam\u00e3o<br \/>\nSER Styllus \u2013 Esteio<br \/>\nVidal Pr\u00f3 &#8211; Porto Alegre<br \/>\nEl Cano &#8211; Porto Alegre<\/p>\n<p><em>Grupo B<\/em><br \/>\nAmigas da Villa &#8211; Taquara<br \/>\nFCA Feminino &#8211; Esteio<br \/>\nUJR \/ Feevale \/ Banrisul &#8211; Novo Hamburgo<br \/>\nVT Futsal &#8211; Sapucaia do Sul<br \/>\nLLFA &#8211; S\u00e3o Leopoldo<\/p>\n<h4><strong>Premia\u00e7\u00e3o<\/strong><\/h4>\n<p><em>For\u00e7a Livre<\/em><br \/>\nCampe\u00e3o: R$ 20 mil<br \/>\nVice-campe\u00e3o: R$ 10 mil<br \/>\nTerceiro lugar: R$ 2,5 mil<br \/>\nQuarto lugar: R$ 2 mil<br \/>\nQuinto lugar: R$ 1,5 mil<br \/>\nSexto lugar: R$ 1 mil<\/p>\n<p><em>M\u00e1ster 40<\/em><br \/>\nCampe\u00e3o: R$ 10 mil<br \/>\nVice-campe\u00e3o: R$ 5 mil<br \/>\nTerceiro lugar: R$ 2 mil<br \/>\nQuarto lugar: R$ 1 mil<\/p>\n<p><em>Feminina<\/em><br \/>\nCampe\u00e3o: R$ 5 mil<br \/>\nVice-campe\u00e3o: R$ 2,5 mil<br \/>\nTerceiro lugar: R$ 1,5 mil<br \/>\nQuarto lugar: R$ 1 mil<\/p>\n","protected":false},"excerpt":{"rendered":"<p>Sessenta e duas equipes de 24 cidades ga\u00fachas diferentes v\u00e3o disputar a 19\u00aa edi\u00e7\u00e3o da Copa dos Campe\u00f5es de Futsal. A competi\u00e7\u00e3o come\u00e7a em 26 de abril, no Gin\u00e1sio Municipal Edgar Piccioni (Rua 24 de Agosto, n\u00ba 3.079 &#8211; Ol\u00edmpica), em Esteio. Considerada a maior competi\u00e7\u00e3o amadora do esporte no Rio Grande do Sul, o [&hellip;]<\/p>\n","protected":false},"author":2,"featured_media":28590,"comment_status":"open","ping_status":"open","sticky":false,"template":"","format":"standard","meta":{"amp_status":"","footnotes":""},"categories":[24],"tags":[2309,255,380],"class_list":["post-28589","post","type-post","status-publish","format-standard","has-post-thumbnail","hentry","category-esporte","tag-copa","tag-esteio","tag-futsal"],"yoast_head":"<!-- This site is optimized with the Yoast SEO plugin v20.5 - https:\/\/yoast.com\/wordpress\/plugins\/seo\/ -->\n<title>Copa dos Campe\u00f5es de Futsal conta com dois representantes de Canoas - O Timoneiro Jornal Canoas RS<\/title>\n<meta name=\"robots\" content=\"index, follow, max-snippet:-1, max-image-preview:large, max-video-preview:-1\" \/>\n<link rel=\"canonical\" href=\"https:\/\/jornaltimoneiro.com.br\/index.php\/2024\/04\/15\/copa-dos-campeoes-de-futsal-conta-com-dois-representantes-de-canoas\/\" \/>\n<meta property=\"og:locale\" content=\"pt_BR\" \/>\n<meta property=\"og:type\" content=\"article\" \/>\n<meta property=\"og:title\" content=\"Copa dos Campe\u00f5es de Futsal conta com dois representantes de Canoas - O Timoneiro Jornal Canoas RS\" \/>\n<meta property=\"og:description\" content=\"Sessenta e duas equipes de 24 cidades ga\u00fachas diferentes v\u00e3o disputar a 19\u00aa edi\u00e7\u00e3o da Copa dos Campe\u00f5es de Futsal. A competi\u00e7\u00e3o come\u00e7a em 26 de abril, no Gin\u00e1sio Municipal Edgar Piccioni (Rua 24 de Agosto, n\u00ba 3.079 &#8211; Ol\u00edmpica), em Esteio. Considerada a maior competi\u00e7\u00e3o amadora do esporte no Rio Grande do Sul, o [&hellip;]\" \/>\n<meta property=\"og:url\" content=\"https:\/\/jornaltimoneiro.com.br\/index.php\/2024\/04\/15\/copa-dos-campeoes-de-futsal-conta-com-dois-representantes-de-canoas\/\" \/>\n<meta property=\"og:site_name\" content=\"O Timoneiro Jornal Canoas RS\" \/>\n<meta property=\"article:publisher\" content=\"https:\/\/www.facebook.com\/jornaltimoneiro\" \/>\n<meta property=\"article:published_time\" content=\"2024-04-15T18:55:37+00:00\" \/>\n<meta property=\"article:modified_time\" content=\"2024-04-15T18:59:55+00:00\" \/>\n<meta property=\"og:image\" content=\"https:\/\/jornaltimoneiro.com.br\/wp-content\/uploads\/2024\/04\/20240412_RSEsportes_CongressoTecnicoCopaCompeoes_abre1713185676408_foto.jpg\" \/>\n\t<meta property=\"og:image:width\" content=\"1024\" \/>\n\t<meta property=\"og:image:height\" content=\"677\" \/>\n\t<meta property=\"og:image:type\" content=\"image\/jpeg\" \/>\n<meta name=\"author\" content=\"Reda\u00e7\u00e3o\" \/>\n<meta name=\"twitter:card\" content=\"summary_large_image\" \/>\n<meta name=\"twitter:creator\" content=\"@_OTimoneiro\" \/>\n<meta name=\"twitter:site\" content=\"@_OTimoneiro\" \/>\n<meta name=\"twitter:label1\" content=\"Escrito por\" \/>\n\t<meta name=\"twitter:data1\" content=\"Reda\u00e7\u00e3o\" \/>\n\t<meta name=\"twitter:label2\" content=\"Est. tempo de leitura\" \/>\n\t<meta name=\"twitter:data2\" content=\"4 minutos\" \/>\n<script type=\"application\/ld+json\" class=\"yoast-schema-graph\">{\"@context\":\"https:\/\/schema.org\",\"@graph\":[{\"@type\":\"Article\",\"@id\":\"https:\/\/jornaltimoneiro.com.br\/index.php\/2024\/04\/15\/copa-dos-campeoes-de-futsal-conta-com-dois-representantes-de-canoas\/#article\",\"isPartOf\":{\"@id\":\"https:\/\/jornaltimoneiro.com.br\/index.php\/2024\/04\/15\/copa-dos-campeoes-de-futsal-conta-com-dois-representantes-de-canoas\/\"},\"author\":{\"name\":\"Reda\u00e7\u00e3o\",\"@id\":\"https:\/\/jornaltimoneiro.com.br\/#\/schema\/person\/f63482f1a02b1a9592707865e509ab40\"},\"headline\":\"Copa dos Campe\u00f5es de Futsal conta com dois representantes de Canoas\",\"datePublished\":\"2024-04-15T18:55:37+00:00\",\"dateModified\":\"2024-04-15T18:59:55+00:00\",\"mainEntityOfPage\":{\"@id\":\"https:\/\/jornaltimoneiro.com.br\/index.php\/2024\/04\/15\/copa-dos-campeoes-de-futsal-conta-com-dois-representantes-de-canoas\/\"},\"wordCount\":781,\"commentCount\":0,\"publisher\":{\"@id\":\"https:\/\/jornaltimoneiro.com.br\/#organization\"},\"keywords\":[\"copa\",\"Esteio\",\"futsal\"],\"articleSection\":[\"Esporte\"],\"inLanguage\":\"pt-BR\",\"potentialAction\":[{\"@type\":\"CommentAction\",\"name\":\"Comment\",\"target\":[\"https:\/\/jornaltimoneiro.com.br\/index.php\/2024\/04\/15\/copa-dos-campeoes-de-futsal-conta-com-dois-representantes-de-canoas\/#respond\"]}]},{\"@type\":\"WebPage\",\"@id\":\"https:\/\/jornaltimoneiro.com.br\/index.php\/2024\/04\/15\/copa-dos-campeoes-de-futsal-conta-com-dois-representantes-de-canoas\/\",\"url\":\"https:\/\/jornaltimoneiro.com.br\/index.php\/2024\/04\/15\/copa-dos-campeoes-de-futsal-conta-com-dois-representantes-de-canoas\/\",\"name\":\"Copa dos Campe\u00f5es de Futsal conta com dois representantes de Canoas - O Timoneiro Jornal Canoas RS\",\"isPartOf\":{\"@id\":\"https:\/\/jornaltimoneiro.com.br\/#website\"},\"datePublished\":\"2024-04-15T18:55:37+00:00\",\"dateModified\":\"2024-04-15T18:59:55+00:00\",\"breadcrumb\":{\"@id\":\"https:\/\/jornaltimoneiro.com.br\/index.php\/2024\/04\/15\/copa-dos-campeoes-de-futsal-conta-com-dois-representantes-de-canoas\/#breadcrumb\"},\"inLanguage\":\"pt-BR\",\"potentialAction\":[{\"@type\":\"ReadAction\",\"target\":[\"https:\/\/jornaltimoneiro.com.br\/index.php\/2024\/04\/15\/copa-dos-campeoes-de-futsal-conta-com-dois-representantes-de-canoas\/\"]}]},{\"@type\":\"BreadcrumbList\",\"@id\":\"https:\/\/jornaltimoneiro.com.br\/index.php\/2024\/04\/15\/copa-dos-campeoes-de-futsal-conta-com-dois-representantes-de-canoas\/#breadcrumb\",\"itemListElement\":[{\"@type\":\"ListItem\",\"position\":1,\"name\":\"In\u00edcio\",\"item\":\"https:\/\/jornaltimoneiro.com.br\/\"},{\"@type\":\"ListItem\",\"position\":2,\"name\":\"Copa dos Campe\u00f5es de Futsal conta com dois representantes de Canoas\"}]},{\"@type\":\"WebSite\",\"@id\":\"https:\/\/jornaltimoneiro.com.br\/#website\",\"url\":\"https:\/\/jornaltimoneiro.com.br\/\",\"name\":\"Jornal Timoneiro Canoas RS\",\"description\":\"Jornal O Timoneiro, o verdadeiro jornal de Canoas\",\"publisher\":{\"@id\":\"https:\/\/jornaltimoneiro.com.br\/#organization\"},\"potentialAction\":[{\"@type\":\"SearchAction\",\"target\":{\"@type\":\"EntryPoint\",\"urlTemplate\":\"https:\/\/jornaltimoneiro.com.br\/?s={search_term_string}\"},\"query-input\":\"required name=search_term_string\"}],\"inLanguage\":\"pt-BR\"},{\"@type\":\"Organization\",\"@id\":\"https:\/\/jornaltimoneiro.com.br\/#organization\",\"name\":\"Jornal Timoneiro Canoas RS\",\"url\":\"https:\/\/jornaltimoneiro.com.br\/\",\"logo\":{\"@type\":\"ImageObject\",\"inLanguage\":\"pt-BR\",\"@id\":\"https:\/\/jornaltimoneiro.com.br\/#\/schema\/logo\/image\/\",\"url\":\"https:\/\/jornaltimoneiro.com.br\/wp-content\/uploads\/2023\/03\/logonovo.png\",\"contentUrl\":\"https:\/\/jornaltimoneiro.com.br\/wp-content\/uploads\/2023\/03\/logonovo.png\",\"width\":\"469\",\"height\":\"171\",\"caption\":\"Jornal Timoneiro Canoas RS\"},\"image\":{\"@id\":\"https:\/\/jornaltimoneiro.com.br\/#\/schema\/logo\/image\/\"},\"sameAs\":[\"https:\/\/www.facebook.com\/jornaltimoneiro\",\"https:\/\/twitter.com\/_OTimoneiro\",\"https:\/\/www.instagram.com\/jornaltimoneirocanoas\/\",\"https:\/\/www.youtube.com\/@jornalotimoneiro7927\"]},{\"@type\":\"Person\",\"@id\":\"https:\/\/jornaltimoneiro.com.br\/#\/schema\/person\/f63482f1a02b1a9592707865e509ab40\",\"name\":\"Reda\u00e7\u00e3o\",\"image\":{\"@type\":\"ImageObject\",\"inLanguage\":\"pt-BR\",\"@id\":\"https:\/\/jornaltimoneiro.com.br\/#\/schema\/person\/image\/\",\"url\":\"https:\/\/jornaltimoneiro.com.br\/wp-content\/uploads\/2023\/03\/download.jpeg\",\"contentUrl\":\"https:\/\/jornaltimoneiro.com.br\/wp-content\/uploads\/2023\/03\/download.jpeg\",\"caption\":\"Reda\u00e7\u00e3o\"},\"url\":\"https:\/\/jornaltimoneiro.com.br\/index.php\/author\/simone-dutra\/\"}]}<\/script>\n<!-- \/ Yoast SEO plugin. -->","yoast_head_json":{"title":"Copa dos Campe\u00f5es de Futsal conta com dois representantes de Canoas - O Timoneiro Jornal Canoas RS","robots":{"index":"index","follow":"follow","max-snippet":"max-snippet:-1","max-image-preview":"max-image-preview:large","max-video-preview":"max-video-preview:-1"},"canonical":"https:\/\/jornaltimoneiro.com.br\/index.php\/2024\/04\/15\/copa-dos-campeoes-de-futsal-conta-com-dois-representantes-de-canoas\/","og_locale":"pt_BR","og_type":"article","og_title":"Copa dos Campe\u00f5es de Futsal conta com dois representantes de Canoas - O Timoneiro Jornal Canoas RS","og_description":"Sessenta e duas equipes de 24 cidades ga\u00fachas diferentes v\u00e3o disputar a 19\u00aa edi\u00e7\u00e3o da Copa dos Campe\u00f5es de Futsal. A competi\u00e7\u00e3o come\u00e7a em 26 de abril, no Gin\u00e1sio Municipal Edgar Piccioni (Rua 24 de Agosto, n\u00ba 3.079 &#8211; Ol\u00edmpica), em Esteio. Considerada a maior competi\u00e7\u00e3o amadora do esporte no Rio Grande do Sul, o [&hellip;]","og_url":"https:\/\/jornaltimoneiro.com.br\/index.php\/2024\/04\/15\/copa-dos-campeoes-de-futsal-conta-com-dois-representantes-de-canoas\/","og_site_name":"O Timoneiro Jornal Canoas RS","article_publisher":"https:\/\/www.facebook.com\/jornaltimoneiro","article_published_time":"2024-04-15T18:55:37+00:00","article_modified_time":"2024-04-15T18:59:55+00:00","og_image":[{"width":"1024","height":"677","url":"https:\/\/jornaltimoneiro.com.br\/wp-content\/uploads\/2024\/04\/20240412_RSEsportes_CongressoTecnicoCopaCompeoes_abre1713185676408_foto.jpg","type":"image\/jpeg"}],"author":"Reda\u00e7\u00e3o","twitter_card":"summary_large_image","twitter_creator":"@_OTimoneiro","twitter_site":"@_OTimoneiro","twitter_misc":{"Escrito por":"Reda\u00e7\u00e3o","Est. tempo de leitura":"4 minutos"},"schema":{"@context":"https:\/\/schema.org","@graph":[{"@type":"Article","@id":"https:\/\/jornaltimoneiro.com.br\/index.php\/2024\/04\/15\/copa-dos-campeoes-de-futsal-conta-com-dois-representantes-de-canoas\/#article","isPartOf":{"@id":"https:\/\/jornaltimoneiro.com.br\/index.php\/2024\/04\/15\/copa-dos-campeoes-de-futsal-conta-com-dois-representantes-de-canoas\/"},"author":{"name":"Reda\u00e7\u00e3o","@id":"https:\/\/jornaltimoneiro.com.br\/#\/schema\/person\/f63482f1a02b1a9592707865e509ab40"},"headline":"Copa dos Campe\u00f5es de Futsal conta com dois representantes de Canoas","datePublished":"2024-04-15T18:55:37+00:00","dateModified":"2024-04-15T18:59:55+00:00","mainEntityOfPage":{"@id":"https:\/\/jornaltimoneiro.com.br\/index.php\/2024\/04\/15\/copa-dos-campeoes-de-futsal-conta-com-dois-representantes-de-canoas\/"},"wordCount":781,"commentCount":0,"publisher":{"@id":"https:\/\/jornaltimoneiro.com.br\/#organization"},"keywords":["copa","Esteio","futsal"],"articleSection":["Esporte"],"inLanguage":"pt-BR","potentialAction":[{"@type":"CommentAction","name":"Comment","target":["https:\/\/jornaltimoneiro.com.br\/index.php\/2024\/04\/15\/copa-dos-campeoes-de-futsal-conta-com-dois-representantes-de-canoas\/#respond"]}]},{"@type":"WebPage","@id":"https:\/\/jornaltimoneiro.com.br\/index.php\/2024\/04\/15\/copa-dos-campeoes-de-futsal-conta-com-dois-representantes-de-canoas\/","url":"https:\/\/jornaltimoneiro.com.br\/index.php\/2024\/04\/15\/copa-dos-campeoes-de-futsal-conta-com-dois-representantes-de-canoas\/","name":"Copa dos Campe\u00f5es de Futsal conta com dois representantes de Canoas - O Timoneiro Jornal Canoas RS","isPartOf":{"@id":"https:\/\/jornaltimoneiro.com.br\/#website"},"datePublished":"2024-04-15T18:55:37+00:00","dateModified":"2024-04-15T18:59:55+00:00","breadcrumb":{"@id":"https:\/\/jornaltimoneiro.com.br\/index.php\/2024\/04\/15\/copa-dos-campeoes-de-futsal-conta-com-dois-representantes-de-canoas\/#breadcrumb"},"inLanguage":"pt-BR","potentialAction":[{"@type":"ReadAction","target":["https:\/\/jornaltimoneiro.com.br\/index.php\/2024\/04\/15\/copa-dos-campeoes-de-futsal-conta-com-dois-representantes-de-canoas\/"]}]},{"@type":"BreadcrumbList","@id":"https:\/\/jornaltimoneiro.com.br\/index.php\/2024\/04\/15\/copa-dos-campeoes-de-futsal-conta-com-dois-representantes-de-canoas\/#breadcrumb","itemListElement":[{"@type":"ListItem","position":1,"name":"In\u00edcio","item":"https:\/\/jornaltimoneiro.com.br\/"},{"@type":"ListItem","position":2,"name":"Copa dos Campe\u00f5es de Futsal conta com dois representantes de Canoas"}]},{"@type":"WebSite","@id":"https:\/\/jornaltimoneiro.com.br\/#website","url":"https:\/\/jornaltimoneiro.com.br\/","name":"Jornal Timoneiro Canoas RS","description":"Jornal O Timoneiro, o verdadeiro jornal de Canoas","publisher":{"@id":"https:\/\/jornaltimoneiro.com.br\/#organization"},"potentialAction":[{"@type":"SearchAction","target":{"@type":"EntryPoint","urlTemplate":"https:\/\/jornaltimoneiro.com.br\/?s={search_term_string}"},"query-input":"required name=search_term_string"}],"inLanguage":"pt-BR"},{"@type":"Organization","@id":"https:\/\/jornaltimoneiro.com.br\/#organization","name":"Jornal Timoneiro Canoas RS","url":"https:\/\/jornaltimoneiro.com.br\/","logo":{"@type":"ImageObject","inLanguage":"pt-BR","@id":"https:\/\/jornaltimoneiro.com.br\/#\/schema\/logo\/image\/","url":"https:\/\/jornaltimoneiro.com.br\/wp-content\/uploads\/2023\/03\/logonovo.png","contentUrl":"https:\/\/jornaltimoneiro.com.br\/wp-content\/uploads\/2023\/03\/logonovo.png","width":"469","height":"171","caption":"Jornal Timoneiro Canoas RS"},"image":{"@id":"https:\/\/jornaltimoneiro.com.br\/#\/schema\/logo\/image\/"},"sameAs":["https:\/\/www.facebook.com\/jornaltimoneiro","https:\/\/twitter.com\/_OTimoneiro","https:\/\/www.instagram.com\/jornaltimoneirocanoas\/","https:\/\/www.youtube.com\/@jornalotimoneiro7927"]},{"@type":"Person","@id":"https:\/\/jornaltimoneiro.com.br\/#\/schema\/person\/f63482f1a02b1a9592707865e509ab40","name":"Reda\u00e7\u00e3o","image":{"@type":"ImageObject","inLanguage":"pt-BR","@id":"https:\/\/jornaltimoneiro.com.br\/#\/schema\/person\/image\/","url":"https:\/\/jornaltimoneiro.com.br\/wp-content\/uploads\/2023\/03\/download.jpeg","contentUrl":"https:\/\/jornaltimoneiro.com.br\/wp-content\/uploads\/2023\/03\/download.jpeg","caption":"Reda\u00e7\u00e3o"},"url":"https:\/\/jornaltimoneiro.com.br\/index.php\/author\/simone-dutra\/"}]}},"_links":{"self":[{"href":"https:\/\/jornaltimoneiro.com.br\/index.php\/wp-json\/wp\/v2\/posts\/28589"}],"collection":[{"href":"https:\/\/jornaltimoneiro.com.br\/index.php\/wp-json\/wp\/v2\/posts"}],"about":[{"href":"https:\/\/jornaltimoneiro.com.br\/index.php\/wp-json\/wp\/v2\/types\/post"}],"author":[{"embeddable":true,"href":"https:\/\/jornaltimoneiro.com.br\/index.php\/wp-json\/wp\/v2\/users\/2"}],"replies":[{"embeddable":true,"href":"https:\/\/jornaltimoneiro.com.br\/index.php\/wp-json\/wp\/v2\/comments?post=28589"}],"version-history":[{"count":3,"href":"https:\/\/jornaltimoneiro.com.br\/index.php\/wp-json\/wp\/v2\/posts\/28589\/revisions"}],"predecessor-version":[{"id":28593,"href":"https:\/\/jornaltimoneiro.com.br\/index.php\/wp-json\/wp\/v2\/posts\/28589\/revisions\/28593"}],"wp:featuredmedia":[{"embeddable":true,"href":"https:\/\/jornaltimoneiro.com.br\/index.php\/wp-json\/wp\/v2\/media\/28590"}],"wp:attachment":[{"href":"https:\/\/jornaltimoneiro.com.br\/index.php\/wp-json\/wp\/v2\/media?parent=28589"}],"wp:term":[{"taxonomy":"category","embeddable":true,"href":"https:\/\/jornaltimoneiro.com.br\/index.php\/wp-json\/wp\/v2\/categories?post=28589"},{"taxonomy":"post_tag","embeddable":true,"href":"https:\/\/jornaltimoneiro.com.br\/index.php\/wp-json\/wp\/v2\/tags?post=28589"}],"curies":[{"name":"wp","href":"https:\/\/api.w.org\/{rel}","templated":true}]}}