{"id":28526,"date":"2024-04-10T19:00:57","date_gmt":"2024-04-10T22:00:57","guid":{"rendered":"https:\/\/jornaltimoneiro.com.br\/?p=28526"},"modified":"2024-04-10T19:00:57","modified_gmt":"2024-04-10T22:00:57","slug":"epidemia-de-dengue-canoas-montara-hospital-de-campanha-para-triagem-de-contaminados","status":"publish","type":"post","link":"https:\/\/jornaltimoneiro.com.br\/index.php\/2024\/04\/10\/epidemia-de-dengue-canoas-montara-hospital-de-campanha-para-triagem-de-contaminados\/","title":{"rendered":"EPIDEMIA DE DENGUE: Canoas montar\u00e1 hospital de campanha para triagem de contaminados"},"content":{"rendered":"<p>Para desafogar o atendimento dos casos de dengue no sistema de sa\u00fade, a Prefeitura de Canoas anunciou que estabeleceu seis medidas para enfrentamento imediato \u00e0 epidemia da doen\u00e7a.<\/p>\n<p>Entre as a\u00e7\u00f5es, est\u00e1 prevista a implanta\u00e7\u00e3o de um hospital de campanha anexo \u00e0 UPA Boqueir\u00e3o, com acolhimento e triagem dos pacientes, para diminuir a press\u00e3o dos atendimentos no local. A regi\u00e3o registra o maior n\u00famero de casos em Canoas.<\/p>\n<p>Ainda de acordo com a nota, ser\u00e1 oferecido tamb\u00e9m atendimento especializado e exclusivo para pessoas com mais de 60 anos com sintomas de dengue na UPA do Idoso, das 7h \u00e0s 19h.<\/p>\n<p>O objetivo \u00e9 tirar os idosos da fila das outras UPAs, garantindo um pronto atendimento no local. A UPA do Idoso \u00e9 atendida pela linha de \u00f4nibus circular dos hospitais.<\/p>\n<h4><strong>Testes r\u00e1pidos<\/strong><\/h4>\n<p>Para acelerar o diagn\u00f3stico dos casos, ser\u00e3o adquiridos 40 mil testes r\u00e1pidos e haver\u00e1 a retomada da Central de Testagem, junto \u00e0 Esta\u00e7\u00e3o Canoas. As a\u00e7\u00f5es di\u00e1rias dos agentes de endemias, como o fumac\u00ea, ser\u00e3o intensificadas nas pr\u00f3ximas semanas, al\u00e9m da contrata\u00e7\u00e3o imediata de 15 agentes.<\/p>\n<p>Outra medida \u00e9 a amplia\u00e7\u00e3o da equipe m\u00e9dica nas unidades de sa\u00fade Guajuviras, CAIC e Est\u00e2ncia Velha, justamente as que atendem a regi\u00e3o com maior n\u00famero de casos. Ser\u00e3o alocados dois m\u00e9dicos a mais em cada um desses servi\u00e7os, com atendimento at\u00e9 \u00e0s 19h.<\/p>\n<h4><strong>Superlota\u00e7\u00e3o das UPAs<\/strong><\/h4>\n<p>O prefeito Jairo Jorge destaca a import\u00e2ncia de garantir uma resposta ao aumento dos casos na cidade.<\/p>\n<blockquote><p>\u201cA popula\u00e7\u00e3o est\u00e1 sofrendo com a superlota\u00e7\u00e3o nas UPAs e precisa de respostas e de a\u00e7\u00e3o. Estamos trabalhando para que o canoense tenha o pronto atendimento. Por isto, a urg\u00eancia em implantar um pacote de medidas que abrange tanto o combate da dengue atrav\u00e9s da preven\u00e7\u00e3o quanto a amplia\u00e7\u00e3o dos atendimentos\u201d, refor\u00e7ou.<\/p><\/blockquote>\n<p>O secret\u00e1rio municipal de Sa\u00fade, Mauro Sparta, refor\u00e7a a necessidade de dar uma resposta para o grande n\u00famero de casos de dengue na cidade.<\/p>\n<blockquote><p>\u201cN\u00e3o podemos deixar a popula\u00e7\u00e3o desassistida. Definimos medidas que v\u00e3o nos ajudar, j\u00e1 no curto prazo, a ter resultados imediatos, ampliando o acesso aos servi\u00e7os de sa\u00fade, intensificando as a\u00e7\u00f5es de preven\u00e7\u00e3o e combate ao mosquito e ofertando mais testes r\u00e1pidos, al\u00e9m de um local adequado para acelerar o diagn\u00f3stico dos casos\u201d, salienta.<\/p><\/blockquote>\n<h4><strong>Nova UPA<\/strong><\/h4>\n<p>Outro importante an\u00fancio \u00e9 a inaugura\u00e7\u00e3o da UPA Niter\u00f3i, que ser\u00e1 entregue at\u00e9 o final deste m\u00eas, com funcionamento das 7h \u00e0s 23h.<\/p>\n<blockquote><p>\u201cA entrega desta nova UPA ser\u00e1 muito importante para o sistema de sa\u00fade da regi\u00e3o, facilitando o acesso dos mun\u00edcipes com casos de m\u00e9dia e alta complexidade, sem que precisem se deslocar at\u00e9 outro bairro ou um dos hospitais\u201d, frisa Sparta.<\/p><\/blockquote>\n<h4><strong>Confira as 6 medidas anunciadas:<\/strong><\/h4>\n<ol>\n<li>Implanta\u00e7\u00e3o de um hospital de campanha anexo \u00e0 UPA Boqueir\u00e3o, no bairro Guajuviras;<br \/>\n2. Amplia\u00e7\u00e3o da equipe m\u00e9dica nas unidades de sa\u00fade Guajuviras, CAIC e Est\u00e2ncia Velha, com dois m\u00e9dicos a mais em cada;<br \/>\n3. Atendimento especializado e exclusivo para pessoas com mais de 60 anos com sintomas de dengue na UPA do Idoso, das 7h \u00e0s 19h;<br \/>\n4. Compra de 40 mil testes r\u00e1pidos e retomada da Central de Testagem junto \u00e0 Esta\u00e7\u00e3o Canoas;<br \/>\n5. Intensifica\u00e7\u00e3o das a\u00e7\u00f5es di\u00e1rias dos agentes de endemias e contrata\u00e7\u00e3o de 15 novos profissionais;<br \/>\n6. Inaugura\u00e7\u00e3o da UPA Niter\u00f3i at\u00e9 o final de abril, com funcionamento das 7h \u00e0s 23h.<\/li>\n<\/ol>\n<h4><strong>Dengue em Canoas<\/strong><\/h4>\n<p>Atualmente, Canoas registra 2.269 casos, sendo 2.259 aut\u00f3ctones e 10 importados. Os bairros com maior incid\u00eancia s\u00e3o Est\u00e2ncia Velha (862 casos), Guajuviras (432) e Nossa Senhora das Gra\u00e7as (180).<\/p>\n<p>A melhor forma de preven\u00e7\u00e3o da dengue \u00e9 evitar a prolifera\u00e7\u00e3o do mosquito Aedes Aegypti, a partir da elimina\u00e7\u00e3o da \u00e1gua armazenada em locais que podem se tornar criadouros, como vasos de plantas, gal\u00f5es de \u00e1gua, pneus, garrafas pl\u00e1sticas e piscinas sem uso e sem manuten\u00e7\u00e3o.<\/p>\n","protected":false},"excerpt":{"rendered":"<p>Para desafogar o atendimento dos casos de dengue no sistema de sa\u00fade, a Prefeitura de Canoas anunciou que estabeleceu seis medidas para enfrentamento imediato \u00e0 epidemia da doen\u00e7a. Entre as a\u00e7\u00f5es, est\u00e1 prevista a implanta\u00e7\u00e3o de um hospital de campanha anexo \u00e0 UPA Boqueir\u00e3o, com acolhimento e triagem dos pacientes, para diminuir a press\u00e3o dos [&hellip;]<\/p>\n","protected":false},"author":2,"featured_media":28527,"comment_status":"open","ping_status":"open","sticky":false,"template":"","format":"standard","meta":{"amp_status":"","footnotes":""},"categories":[26],"tags":[31,1637,1917,190,2300,51,44,189],"class_list":["post-28526","post","type-post","status-publish","format-standard","has-post-thumbnail","hentry","category-saude","tag-canoas","tag-dengue","tag-epidemia","tag-featured","tag-hospital-de-campanha","tag-jairo-jorge","tag-prefeitura-de-canoas","tag-saude"],"yoast_head":"<!-- This site is optimized with the Yoast SEO plugin v20.5 - https:\/\/yoast.com\/wordpress\/plugins\/seo\/ -->\n<title>EPIDEMIA DE DENGUE: Canoas montar\u00e1 hospital de campanha para triagem de contaminados - O Timoneiro Jornal Canoas RS<\/title>\n<meta name=\"description\" content=\"EPIDEMIA DE DENGUE: Canoas montar\u00e1 hospital de campanha para triagem de contaminados sa\u00fade regi\u00e3o metropolitana rio grande do sul RS\" \/>\n<meta name=\"robots\" content=\"index, follow, max-snippet:-1, max-image-preview:large, max-video-preview:-1\" \/>\n<link rel=\"canonical\" href=\"https:\/\/jornaltimoneiro.com.br\/index.php\/2024\/04\/10\/epidemia-de-dengue-canoas-montara-hospital-de-campanha-para-triagem-de-contaminados\/\" \/>\n<meta property=\"og:locale\" content=\"pt_BR\" \/>\n<meta property=\"og:type\" content=\"article\" \/>\n<meta property=\"og:title\" content=\"EPIDEMIA DE DENGUE: Canoas montar\u00e1 hospital de campanha para triagem de contaminados - O Timoneiro Jornal Canoas RS\" \/>\n<meta property=\"og:description\" content=\"EPIDEMIA DE DENGUE: Canoas montar\u00e1 hospital de campanha para triagem de contaminados sa\u00fade regi\u00e3o metropolitana rio grande do sul RS\" \/>\n<meta property=\"og:url\" content=\"https:\/\/jornaltimoneiro.com.br\/index.php\/2024\/04\/10\/epidemia-de-dengue-canoas-montara-hospital-de-campanha-para-triagem-de-contaminados\/\" \/>\n<meta property=\"og:site_name\" content=\"O Timoneiro Jornal Canoas RS\" \/>\n<meta property=\"article:publisher\" content=\"https:\/\/www.facebook.com\/jornaltimoneiro\" \/>\n<meta property=\"article:published_time\" content=\"2024-04-10T22:00:57+00:00\" \/>\n<meta property=\"og:image\" content=\"https:\/\/jornaltimoneiro.com.br\/wp-content\/uploads\/2024\/04\/WhatsApp-Image-2024-04-10-at-18.44.25-1.jpeg\" \/>\n\t<meta property=\"og:image:width\" content=\"1080\" \/>\n\t<meta property=\"og:image:height\" content=\"719\" \/>\n\t<meta property=\"og:image:type\" content=\"image\/jpeg\" \/>\n<meta name=\"author\" content=\"Reda\u00e7\u00e3o\" \/>\n<meta name=\"twitter:card\" content=\"summary_large_image\" \/>\n<meta name=\"twitter:creator\" content=\"@_OTimoneiro\" \/>\n<meta name=\"twitter:site\" content=\"@_OTimoneiro\" \/>\n<meta name=\"twitter:label1\" content=\"Escrito por\" \/>\n\t<meta name=\"twitter:data1\" content=\"Reda\u00e7\u00e3o\" \/>\n\t<meta name=\"twitter:label2\" content=\"Est. tempo de leitura\" \/>\n\t<meta name=\"twitter:data2\" content=\"4 minutos\" \/>\n<script type=\"application\/ld+json\" class=\"yoast-schema-graph\">{\"@context\":\"https:\/\/schema.org\",\"@graph\":[{\"@type\":\"Article\",\"@id\":\"https:\/\/jornaltimoneiro.com.br\/index.php\/2024\/04\/10\/epidemia-de-dengue-canoas-montara-hospital-de-campanha-para-triagem-de-contaminados\/#article\",\"isPartOf\":{\"@id\":\"https:\/\/jornaltimoneiro.com.br\/index.php\/2024\/04\/10\/epidemia-de-dengue-canoas-montara-hospital-de-campanha-para-triagem-de-contaminados\/\"},\"author\":{\"name\":\"Reda\u00e7\u00e3o\",\"@id\":\"https:\/\/jornaltimoneiro.com.br\/#\/schema\/person\/f63482f1a02b1a9592707865e509ab40\"},\"headline\":\"EPIDEMIA DE DENGUE: Canoas montar\u00e1 hospital de campanha para triagem de contaminados\",\"datePublished\":\"2024-04-10T22:00:57+00:00\",\"dateModified\":\"2024-04-10T22:00:57+00:00\",\"mainEntityOfPage\":{\"@id\":\"https:\/\/jornaltimoneiro.com.br\/index.php\/2024\/04\/10\/epidemia-de-dengue-canoas-montara-hospital-de-campanha-para-triagem-de-contaminados\/\"},\"wordCount\":697,\"commentCount\":0,\"publisher\":{\"@id\":\"https:\/\/jornaltimoneiro.com.br\/#organization\"},\"keywords\":[\"canoas\",\"dengue\",\"epidemia\",\"featured\",\"hospital de campanha\",\"Jairo Jorge\",\"Prefeitura de Canoas\",\"sa\u00fade\"],\"articleSection\":[\"Sa\u00fade\"],\"inLanguage\":\"pt-BR\",\"potentialAction\":[{\"@type\":\"CommentAction\",\"name\":\"Comment\",\"target\":[\"https:\/\/jornaltimoneiro.com.br\/index.php\/2024\/04\/10\/epidemia-de-dengue-canoas-montara-hospital-de-campanha-para-triagem-de-contaminados\/#respond\"]}]},{\"@type\":\"WebPage\",\"@id\":\"https:\/\/jornaltimoneiro.com.br\/index.php\/2024\/04\/10\/epidemia-de-dengue-canoas-montara-hospital-de-campanha-para-triagem-de-contaminados\/\",\"url\":\"https:\/\/jornaltimoneiro.com.br\/index.php\/2024\/04\/10\/epidemia-de-dengue-canoas-montara-hospital-de-campanha-para-triagem-de-contaminados\/\",\"name\":\"EPIDEMIA DE DENGUE: Canoas montar\u00e1 hospital de campanha para triagem de contaminados - O Timoneiro Jornal Canoas RS\",\"isPartOf\":{\"@id\":\"https:\/\/jornaltimoneiro.com.br\/#website\"},\"datePublished\":\"2024-04-10T22:00:57+00:00\",\"dateModified\":\"2024-04-10T22:00:57+00:00\",\"description\":\"EPIDEMIA DE DENGUE: Canoas montar\u00e1 hospital de campanha para triagem de contaminados sa\u00fade regi\u00e3o metropolitana rio grande do sul RS\",\"breadcrumb\":{\"@id\":\"https:\/\/jornaltimoneiro.com.br\/index.php\/2024\/04\/10\/epidemia-de-dengue-canoas-montara-hospital-de-campanha-para-triagem-de-contaminados\/#breadcrumb\"},\"inLanguage\":\"pt-BR\",\"potentialAction\":[{\"@type\":\"ReadAction\",\"target\":[\"https:\/\/jornaltimoneiro.com.br\/index.php\/2024\/04\/10\/epidemia-de-dengue-canoas-montara-hospital-de-campanha-para-triagem-de-contaminados\/\"]}]},{\"@type\":\"BreadcrumbList\",\"@id\":\"https:\/\/jornaltimoneiro.com.br\/index.php\/2024\/04\/10\/epidemia-de-dengue-canoas-montara-hospital-de-campanha-para-triagem-de-contaminados\/#breadcrumb\",\"itemListElement\":[{\"@type\":\"ListItem\",\"position\":1,\"name\":\"In\u00edcio\",\"item\":\"https:\/\/jornaltimoneiro.com.br\/\"},{\"@type\":\"ListItem\",\"position\":2,\"name\":\"EPIDEMIA DE DENGUE: Canoas montar\u00e1 hospital de campanha para triagem de contaminados\"}]},{\"@type\":\"WebSite\",\"@id\":\"https:\/\/jornaltimoneiro.com.br\/#website\",\"url\":\"https:\/\/jornaltimoneiro.com.br\/\",\"name\":\"Jornal Timoneiro Canoas RS\",\"description\":\"Jornal O Timoneiro, o verdadeiro jornal de Canoas\",\"publisher\":{\"@id\":\"https:\/\/jornaltimoneiro.com.br\/#organization\"},\"potentialAction\":[{\"@type\":\"SearchAction\",\"target\":{\"@type\":\"EntryPoint\",\"urlTemplate\":\"https:\/\/jornaltimoneiro.com.br\/?s={search_term_string}\"},\"query-input\":\"required name=search_term_string\"}],\"inLanguage\":\"pt-BR\"},{\"@type\":\"Organization\",\"@id\":\"https:\/\/jornaltimoneiro.com.br\/#organization\",\"name\":\"Jornal Timoneiro Canoas RS\",\"url\":\"https:\/\/jornaltimoneiro.com.br\/\",\"logo\":{\"@type\":\"ImageObject\",\"inLanguage\":\"pt-BR\",\"@id\":\"https:\/\/jornaltimoneiro.com.br\/#\/schema\/logo\/image\/\",\"url\":\"https:\/\/jornaltimoneiro.com.br\/wp-content\/uploads\/2023\/03\/logonovo.png\",\"contentUrl\":\"https:\/\/jornaltimoneiro.com.br\/wp-content\/uploads\/2023\/03\/logonovo.png\",\"width\":\"469\",\"height\":\"171\",\"caption\":\"Jornal Timoneiro Canoas RS\"},\"image\":{\"@id\":\"https:\/\/jornaltimoneiro.com.br\/#\/schema\/logo\/image\/\"},\"sameAs\":[\"https:\/\/www.facebook.com\/jornaltimoneiro\",\"https:\/\/twitter.com\/_OTimoneiro\",\"https:\/\/www.instagram.com\/jornaltimoneirocanoas\/\",\"https:\/\/www.youtube.com\/@jornalotimoneiro7927\"]},{\"@type\":\"Person\",\"@id\":\"https:\/\/jornaltimoneiro.com.br\/#\/schema\/person\/f63482f1a02b1a9592707865e509ab40\",\"name\":\"Reda\u00e7\u00e3o\",\"image\":{\"@type\":\"ImageObject\",\"inLanguage\":\"pt-BR\",\"@id\":\"https:\/\/jornaltimoneiro.com.br\/#\/schema\/person\/image\/\",\"url\":\"https:\/\/jornaltimoneiro.com.br\/wp-content\/uploads\/2023\/03\/download.jpeg\",\"contentUrl\":\"https:\/\/jornaltimoneiro.com.br\/wp-content\/uploads\/2023\/03\/download.jpeg\",\"caption\":\"Reda\u00e7\u00e3o\"},\"url\":\"https:\/\/jornaltimoneiro.com.br\/index.php\/author\/simone-dutra\/\"}]}<\/script>\n<!-- \/ Yoast SEO plugin. -->","yoast_head_json":{"title":"EPIDEMIA DE DENGUE: Canoas montar\u00e1 hospital de campanha para triagem de contaminados - O Timoneiro Jornal Canoas RS","description":"EPIDEMIA DE DENGUE: Canoas montar\u00e1 hospital de campanha para triagem de contaminados sa\u00fade regi\u00e3o metropolitana rio grande do sul RS","robots":{"index":"index","follow":"follow","max-snippet":"max-snippet:-1","max-image-preview":"max-image-preview:large","max-video-preview":"max-video-preview:-1"},"canonical":"https:\/\/jornaltimoneiro.com.br\/index.php\/2024\/04\/10\/epidemia-de-dengue-canoas-montara-hospital-de-campanha-para-triagem-de-contaminados\/","og_locale":"pt_BR","og_type":"article","og_title":"EPIDEMIA DE DENGUE: Canoas montar\u00e1 hospital de campanha para triagem de contaminados - O Timoneiro Jornal Canoas RS","og_description":"EPIDEMIA DE DENGUE: Canoas montar\u00e1 hospital de campanha para triagem de contaminados sa\u00fade regi\u00e3o metropolitana rio grande do sul RS","og_url":"https:\/\/jornaltimoneiro.com.br\/index.php\/2024\/04\/10\/epidemia-de-dengue-canoas-montara-hospital-de-campanha-para-triagem-de-contaminados\/","og_site_name":"O Timoneiro Jornal Canoas RS","article_publisher":"https:\/\/www.facebook.com\/jornaltimoneiro","article_published_time":"2024-04-10T22:00:57+00:00","og_image":[{"width":"1080","height":"719","url":"https:\/\/jornaltimoneiro.com.br\/wp-content\/uploads\/2024\/04\/WhatsApp-Image-2024-04-10-at-18.44.25-1.jpeg","type":"image\/jpeg"}],"author":"Reda\u00e7\u00e3o","twitter_card":"summary_large_image","twitter_creator":"@_OTimoneiro","twitter_site":"@_OTimoneiro","twitter_misc":{"Escrito por":"Reda\u00e7\u00e3o","Est. tempo de leitura":"4 minutos"},"schema":{"@context":"https:\/\/schema.org","@graph":[{"@type":"Article","@id":"https:\/\/jornaltimoneiro.com.br\/index.php\/2024\/04\/10\/epidemia-de-dengue-canoas-montara-hospital-de-campanha-para-triagem-de-contaminados\/#article","isPartOf":{"@id":"https:\/\/jornaltimoneiro.com.br\/index.php\/2024\/04\/10\/epidemia-de-dengue-canoas-montara-hospital-de-campanha-para-triagem-de-contaminados\/"},"author":{"name":"Reda\u00e7\u00e3o","@id":"https:\/\/jornaltimoneiro.com.br\/#\/schema\/person\/f63482f1a02b1a9592707865e509ab40"},"headline":"EPIDEMIA DE DENGUE: Canoas montar\u00e1 hospital de campanha para triagem de contaminados","datePublished":"2024-04-10T22:00:57+00:00","dateModified":"2024-04-10T22:00:57+00:00","mainEntityOfPage":{"@id":"https:\/\/jornaltimoneiro.com.br\/index.php\/2024\/04\/10\/epidemia-de-dengue-canoas-montara-hospital-de-campanha-para-triagem-de-contaminados\/"},"wordCount":697,"commentCount":0,"publisher":{"@id":"https:\/\/jornaltimoneiro.com.br\/#organization"},"keywords":["canoas","dengue","epidemia","featured","hospital de campanha","Jairo Jorge","Prefeitura de Canoas","sa\u00fade"],"articleSection":["Sa\u00fade"],"inLanguage":"pt-BR","potentialAction":[{"@type":"CommentAction","name":"Comment","target":["https:\/\/jornaltimoneiro.com.br\/index.php\/2024\/04\/10\/epidemia-de-dengue-canoas-montara-hospital-de-campanha-para-triagem-de-contaminados\/#respond"]}]},{"@type":"WebPage","@id":"https:\/\/jornaltimoneiro.com.br\/index.php\/2024\/04\/10\/epidemia-de-dengue-canoas-montara-hospital-de-campanha-para-triagem-de-contaminados\/","url":"https:\/\/jornaltimoneiro.com.br\/index.php\/2024\/04\/10\/epidemia-de-dengue-canoas-montara-hospital-de-campanha-para-triagem-de-contaminados\/","name":"EPIDEMIA DE DENGUE: Canoas montar\u00e1 hospital de campanha para triagem de contaminados - O Timoneiro Jornal Canoas RS","isPartOf":{"@id":"https:\/\/jornaltimoneiro.com.br\/#website"},"datePublished":"2024-04-10T22:00:57+00:00","dateModified":"2024-04-10T22:00:57+00:00","description":"EPIDEMIA DE DENGUE: Canoas montar\u00e1 hospital de campanha para triagem de contaminados sa\u00fade regi\u00e3o metropolitana rio grande do sul RS","breadcrumb":{"@id":"https:\/\/jornaltimoneiro.com.br\/index.php\/2024\/04\/10\/epidemia-de-dengue-canoas-montara-hospital-de-campanha-para-triagem-de-contaminados\/#breadcrumb"},"inLanguage":"pt-BR","potentialAction":[{"@type":"ReadAction","target":["https:\/\/jornaltimoneiro.com.br\/index.php\/2024\/04\/10\/epidemia-de-dengue-canoas-montara-hospital-de-campanha-para-triagem-de-contaminados\/"]}]},{"@type":"BreadcrumbList","@id":"https:\/\/jornaltimoneiro.com.br\/index.php\/2024\/04\/10\/epidemia-de-dengue-canoas-montara-hospital-de-campanha-para-triagem-de-contaminados\/#breadcrumb","itemListElement":[{"@type":"ListItem","position":1,"name":"In\u00edcio","item":"https:\/\/jornaltimoneiro.com.br\/"},{"@type":"ListItem","position":2,"name":"EPIDEMIA DE DENGUE: Canoas montar\u00e1 hospital de campanha para triagem de contaminados"}]},{"@type":"WebSite","@id":"https:\/\/jornaltimoneiro.com.br\/#website","url":"https:\/\/jornaltimoneiro.com.br\/","name":"Jornal Timoneiro Canoas RS","description":"Jornal O Timoneiro, o verdadeiro jornal de Canoas","publisher":{"@id":"https:\/\/jornaltimoneiro.com.br\/#organization"},"potentialAction":[{"@type":"SearchAction","target":{"@type":"EntryPoint","urlTemplate":"https:\/\/jornaltimoneiro.com.br\/?s={search_term_string}"},"query-input":"required name=search_term_string"}],"inLanguage":"pt-BR"},{"@type":"Organization","@id":"https:\/\/jornaltimoneiro.com.br\/#organization","name":"Jornal Timoneiro Canoas RS","url":"https:\/\/jornaltimoneiro.com.br\/","logo":{"@type":"ImageObject","inLanguage":"pt-BR","@id":"https:\/\/jornaltimoneiro.com.br\/#\/schema\/logo\/image\/","url":"https:\/\/jornaltimoneiro.com.br\/wp-content\/uploads\/2023\/03\/logonovo.png","contentUrl":"https:\/\/jornaltimoneiro.com.br\/wp-content\/uploads\/2023\/03\/logonovo.png","width":"469","height":"171","caption":"Jornal Timoneiro Canoas RS"},"image":{"@id":"https:\/\/jornaltimoneiro.com.br\/#\/schema\/logo\/image\/"},"sameAs":["https:\/\/www.facebook.com\/jornaltimoneiro","https:\/\/twitter.com\/_OTimoneiro","https:\/\/www.instagram.com\/jornaltimoneirocanoas\/","https:\/\/www.youtube.com\/@jornalotimoneiro7927"]},{"@type":"Person","@id":"https:\/\/jornaltimoneiro.com.br\/#\/schema\/person\/f63482f1a02b1a9592707865e509ab40","name":"Reda\u00e7\u00e3o","image":{"@type":"ImageObject","inLanguage":"pt-BR","@id":"https:\/\/jornaltimoneiro.com.br\/#\/schema\/person\/image\/","url":"https:\/\/jornaltimoneiro.com.br\/wp-content\/uploads\/2023\/03\/download.jpeg","contentUrl":"https:\/\/jornaltimoneiro.com.br\/wp-content\/uploads\/2023\/03\/download.jpeg","caption":"Reda\u00e7\u00e3o"},"url":"https:\/\/jornaltimoneiro.com.br\/index.php\/author\/simone-dutra\/"}]}},"_links":{"self":[{"href":"https:\/\/jornaltimoneiro.com.br\/index.php\/wp-json\/wp\/v2\/posts\/28526"}],"collection":[{"href":"https:\/\/jornaltimoneiro.com.br\/index.php\/wp-json\/wp\/v2\/posts"}],"about":[{"href":"https:\/\/jornaltimoneiro.com.br\/index.php\/wp-json\/wp\/v2\/types\/post"}],"author":[{"embeddable":true,"href":"https:\/\/jornaltimoneiro.com.br\/index.php\/wp-json\/wp\/v2\/users\/2"}],"replies":[{"embeddable":true,"href":"https:\/\/jornaltimoneiro.com.br\/index.php\/wp-json\/wp\/v2\/comments?post=28526"}],"version-history":[{"count":1,"href":"https:\/\/jornaltimoneiro.com.br\/index.php\/wp-json\/wp\/v2\/posts\/28526\/revisions"}],"predecessor-version":[{"id":28528,"href":"https:\/\/jornaltimoneiro.com.br\/index.php\/wp-json\/wp\/v2\/posts\/28526\/revisions\/28528"}],"wp:featuredmedia":[{"embeddable":true,"href":"https:\/\/jornaltimoneiro.com.br\/index.php\/wp-json\/wp\/v2\/media\/28527"}],"wp:attachment":[{"href":"https:\/\/jornaltimoneiro.com.br\/index.php\/wp-json\/wp\/v2\/media?parent=28526"}],"wp:term":[{"taxonomy":"category","embeddable":true,"href":"https:\/\/jornaltimoneiro.com.br\/index.php\/wp-json\/wp\/v2\/categories?post=28526"},{"taxonomy":"post_tag","embeddable":true,"href":"https:\/\/jornaltimoneiro.com.br\/index.php\/wp-json\/wp\/v2\/tags?post=28526"}],"curies":[{"name":"wp","href":"https:\/\/api.w.org\/{rel}","templated":true}]}}