{"id":28440,"date":"2024-04-08T13:09:19","date_gmt":"2024-04-08T16:09:19","guid":{"rendered":"https:\/\/jornaltimoneiro.com.br\/?p=28440"},"modified":"2024-04-09T14:42:16","modified_gmt":"2024-04-09T17:42:16","slug":"moraes-inclui-bilionario-elon-musk-em-inquerito-das-milicias-digitais","status":"publish","type":"post","link":"https:\/\/jornaltimoneiro.com.br\/index.php\/2024\/04\/08\/moraes-inclui-bilionario-elon-musk-em-inquerito-das-milicias-digitais\/","title":{"rendered":"Alexandre de Moraes inclui bilion\u00e1rio Elon Musk em inqu\u00e9rito das mil\u00edcias digitais"},"content":{"rendered":"<p>O ministro do Supremo Tribunal Federal (STF) Alexandre de Moraes determinou a inclus\u00e3o do multibilion\u00e1rio Elon Musk entre os investigados do chamado Inqu\u00e9rito das Mil\u00edcias Digitais, que apura a suposta atua\u00e7\u00e3o criminosa de grupos suspeitos de disseminar not\u00edcias falsas em redes sociais para influenciar processos pol\u00edticos.<\/p>\n<p>Na mesma decis\u00e3o, tornada p\u00fablica na noite de domingo, 7, Moraes ordena a instaura\u00e7\u00e3o de um \u201cinqu\u00e9rito por preven\u00e7\u00e3o\u201d para apurar as condutas de Musk, dono da rede social X (antigo Twitter), entre v\u00e1rias outras empresas.<\/p>\n<p>Segundo o ministro, a inclus\u00e3o do empres\u00e1rio no processo foi motivada pela poss\u00edvel \u201cdolosa [intencional] instrumentaliza\u00e7\u00e3o criminosa da rede social X\u201d. J\u00e1 a abertura de um outro processo deve-se \u00e0s recentes manifesta\u00e7\u00f5es de Musk, como a de que liberaria contas de usu\u00e1rios da X suspensas por decis\u00f5es judiciais brasileiras \u2013 conduta que, em sua decis\u00e3o, Moraes tipifica como poss\u00edveis casos de obstru\u00e7\u00e3o da Justi\u00e7a e incita\u00e7\u00e3o ao crime.<\/p>\n<p>Ele determinou, ainda, que ser\u00e1 aplicada multa de R$ 100 mil por dia para cada perfil j\u00e1 bloqueado por decis\u00e3o judicial que Elon reativar na rede social. Al\u00e9m disso, caso o bilion\u00e1rio leve a cabo os desbloqueios, ele ainda ser\u00e1 responsabilizado por desobedi\u00eancia \u00e0s ordens judiciais.<\/p>\n<h4>Cr\u00edticas ao STF<\/h4>\n<p>O ministro proferiu sua decis\u00e3o um dia ap\u00f3s o multibilion\u00e1rio publicar, nas redes sociais, a primeira de uma s\u00e9rie de <a href=\"https:\/\/jornaltimoneiro.com.br\/index.php\/2024\/04\/07\/agu-defende-regulamentacao-de-redes-sociais-apos-elon-musk-desafiar-decisoes-de-moraes\/\"><strong>postagens criticando o ministro e o STF<\/strong><\/a>. No \u00faltimo s\u00e1bado, 6, Musk usou o espa\u00e7o para coment\u00e1rios do perfil do pr\u00f3prio ministro no X para atac\u00e1-lo.<\/p>\n<p>Em uma postagem, ainda no s\u00e1bado, Musk prometeu \u201clevantar\u201d [desobedecer] todas as restri\u00e7\u00f5es judiciais, alegando que Moraes amea\u00e7ou prender funcion\u00e1rios do X no Brasil.<\/p>\n<p>J\u00e1 no domingo, 8, no in\u00edcio da tarde, pouco antes de o ministro divulgar sua decis\u00e3o, Musk acusou Moraes de trair \u201cdescarada e repetidamente a Constitui\u00e7\u00e3o e o povo brasileiro\u201d. Ele afirma que as exig\u00eancias de Moraes violam a pr\u00f3pria legisla\u00e7\u00e3o brasileira. Musk defendeu que o ministro renuncie ou seja destitu\u00eddo do cargo.<\/p>\n<h4>Campanha de desinforma\u00e7\u00e3o<\/h4>\n<p>Em sua senten\u00e7a, Moraes sustenta que, em 6 de abril, o dono da X \u201ciniciou uma campanha de desinforma\u00e7\u00e3o sobre a atua\u00e7\u00e3o do STF e do TSE, reiterada no dia 7, instigando a desobedi\u00eancia e obstru\u00e7\u00e3o \u00e0 Justi\u00e7a, inclusive em rela\u00e7\u00e3o a organiza\u00e7\u00f5es criminosas\u201d.<\/p>\n<p>Moraes tamb\u00e9m cita um outro inqu\u00e9rito, que investiga ind\u00edcios de divulga\u00e7\u00e3o de not\u00edcias falsas, den\u00fancias caluniosas, amea\u00e7as e outras infra\u00e7\u00f5es, para lembrar que a \u201cinstrumentaliza\u00e7\u00e3o criminosa dos provedores de redes sociais e de servi\u00e7os de mensagens para [o cometimento] da mais ampla pr\u00e1tica de atividades criminosas nas redes sociais\u201d est\u00e1 \u201cevidente\u201d.<\/p>\n<p>\u201cRessalto ser inaceit\u00e1vel que qualquer dos representantes dos provedores de redes sociais e de servi\u00e7os de mensageria privada, em especial o ex-Twitter, atual X, desconhe\u00e7am a instrumentaliza\u00e7\u00e3o criminosa que vem sendo realizada pelas denominadas mil\u00edcias digitais, na divulga\u00e7\u00e3o, propaga\u00e7\u00e3o, organiza\u00e7\u00e3o e amplia\u00e7\u00e3o de in\u00fameras pr\u00e1ticas il\u00edcitas nas redes sociais, especialmente no grav\u00edssimo atentado ao Estado Democr\u00e1tico de Direito e na tentativa de destrui\u00e7\u00e3o do STF, Congresso Nacional e Pal\u00e1cio do Planalto, ou seja, da pr\u00f3pria Rep\u00fablica brasileira, principalmente ap\u00f3s a tentativa golpista de 8 de janeiro de 2023\u201d, comentou Moraes, em sua decis\u00e3o, lembrando que ele mesmo se reuniu, em diferentes ocasi\u00f5es, com representantes das principais plataformas digitais para discutir \u201co real perigo dessa instrumentaliza\u00e7\u00e3o criminosa\u201d.<\/p>\n<p>\u201cOs provedores de redes sociais e de servi\u00e7os de mensagem privada devem absoluto respeito \u00e0 Constitui\u00e7\u00e3o Federal, \u00e0 lei e \u00e0 jurisdi\u00e7\u00e3o brasileira\u201d, sentenciou Moraes, acrescentando que a dignidade humana, a prote\u00e7\u00e3o \u00e0 vida de crian\u00e7as e adolescentes e a manuten\u00e7\u00e3o do Estado Democr\u00e1tico de Direito \u201cest\u00e3o acima dos interesses financeiros dos provedores de redes sociais e de servi\u00e7os de mensagem privada\u201d. E que o ordenamento jur\u00eddico brasileiro prev\u00ea a necessidade destas empresas atenderem todas as ordens e decis\u00f5es judiciais, inclusive as que determinam o fornecimento de dados pessoais ou outras informa\u00e7\u00f5es que possam contribuir para a identifica\u00e7\u00e3o de usu\u00e1rios.<\/p>\n","protected":false},"excerpt":{"rendered":"<p>O ministro do Supremo Tribunal Federal (STF) Alexandre de Moraes determinou a inclus\u00e3o do multibilion\u00e1rio Elon Musk entre os investigados do chamado Inqu\u00e9rito das Mil\u00edcias Digitais, que apura a suposta atua\u00e7\u00e3o criminosa de grupos suspeitos de disseminar not\u00edcias falsas em redes sociais para influenciar processos pol\u00edticos. Na mesma decis\u00e3o, tornada p\u00fablica na noite de domingo, [&hellip;]<\/p>\n","protected":false},"author":2,"featured_media":28441,"comment_status":"open","ping_status":"open","sticky":false,"template":"","format":"standard","meta":{"amp_status":"","footnotes":""},"categories":[2139,73,20],"tags":[2261,1027,2262],"class_list":["post-28440","post","type-post","status-publish","format-standard","has-post-thumbnail","hentry","category-justica","category-pais","category-politica-noticias","tag-elon-musk","tag-stf","tag-twitter"],"yoast_head":"<!-- This site is optimized with the Yoast SEO plugin v20.5 - https:\/\/yoast.com\/wordpress\/plugins\/seo\/ -->\n<title>Alexandre de Moraes inclui bilion\u00e1rio Elon Musk em inqu\u00e9rito das mil\u00edcias digitais - O Timoneiro Jornal Canoas RS<\/title>\n<meta name=\"robots\" content=\"index, follow, max-snippet:-1, max-image-preview:large, max-video-preview:-1\" \/>\n<link rel=\"canonical\" href=\"https:\/\/jornaltimoneiro.com.br\/index.php\/2024\/04\/08\/moraes-inclui-bilionario-elon-musk-em-inquerito-das-milicias-digitais\/\" \/>\n<meta property=\"og:locale\" content=\"pt_BR\" \/>\n<meta property=\"og:type\" content=\"article\" \/>\n<meta property=\"og:title\" content=\"Alexandre de Moraes inclui bilion\u00e1rio Elon Musk em inqu\u00e9rito das mil\u00edcias digitais - O Timoneiro Jornal Canoas RS\" \/>\n<meta property=\"og:description\" content=\"O ministro do Supremo Tribunal Federal (STF) Alexandre de Moraes determinou a inclus\u00e3o do multibilion\u00e1rio Elon Musk entre os investigados do chamado Inqu\u00e9rito das Mil\u00edcias Digitais, que apura a suposta atua\u00e7\u00e3o criminosa de grupos suspeitos de disseminar not\u00edcias falsas em redes sociais para influenciar processos pol\u00edticos. Na mesma decis\u00e3o, tornada p\u00fablica na noite de domingo, [&hellip;]\" \/>\n<meta property=\"og:url\" content=\"https:\/\/jornaltimoneiro.com.br\/index.php\/2024\/04\/08\/moraes-inclui-bilionario-elon-musk-em-inquerito-das-milicias-digitais\/\" \/>\n<meta property=\"og:site_name\" content=\"O Timoneiro Jornal Canoas RS\" \/>\n<meta property=\"article:publisher\" content=\"https:\/\/www.facebook.com\/jornaltimoneiro\" \/>\n<meta property=\"article:published_time\" content=\"2024-04-08T16:09:19+00:00\" \/>\n<meta property=\"article:modified_time\" content=\"2024-04-09T17:42:16+00:00\" \/>\n<meta property=\"og:image\" content=\"https:\/\/jornaltimoneiro.com.br\/wp-content\/uploads\/2024\/04\/alexandre-de-moraes-voto-descriminalizacao-drogas-stf-1024x683-1.jpg\" \/>\n\t<meta property=\"og:image:width\" content=\"1024\" \/>\n\t<meta property=\"og:image:height\" content=\"683\" \/>\n\t<meta property=\"og:image:type\" content=\"image\/jpeg\" \/>\n<meta name=\"author\" content=\"Reda\u00e7\u00e3o\" \/>\n<meta name=\"twitter:card\" content=\"summary_large_image\" \/>\n<meta name=\"twitter:creator\" content=\"@_OTimoneiro\" \/>\n<meta name=\"twitter:site\" content=\"@_OTimoneiro\" \/>\n<meta name=\"twitter:label1\" content=\"Escrito por\" \/>\n\t<meta name=\"twitter:data1\" content=\"Reda\u00e7\u00e3o\" \/>\n\t<meta name=\"twitter:label2\" content=\"Est. tempo de leitura\" \/>\n\t<meta name=\"twitter:data2\" content=\"4 minutos\" \/>\n<script type=\"application\/ld+json\" class=\"yoast-schema-graph\">{\"@context\":\"https:\/\/schema.org\",\"@graph\":[{\"@type\":\"Article\",\"@id\":\"https:\/\/jornaltimoneiro.com.br\/index.php\/2024\/04\/08\/moraes-inclui-bilionario-elon-musk-em-inquerito-das-milicias-digitais\/#article\",\"isPartOf\":{\"@id\":\"https:\/\/jornaltimoneiro.com.br\/index.php\/2024\/04\/08\/moraes-inclui-bilionario-elon-musk-em-inquerito-das-milicias-digitais\/\"},\"author\":{\"name\":\"Reda\u00e7\u00e3o\",\"@id\":\"https:\/\/jornaltimoneiro.com.br\/#\/schema\/person\/f63482f1a02b1a9592707865e509ab40\"},\"headline\":\"Alexandre de Moraes inclui bilion\u00e1rio Elon Musk em inqu\u00e9rito das mil\u00edcias digitais\",\"datePublished\":\"2024-04-08T16:09:19+00:00\",\"dateModified\":\"2024-04-09T17:42:16+00:00\",\"mainEntityOfPage\":{\"@id\":\"https:\/\/jornaltimoneiro.com.br\/index.php\/2024\/04\/08\/moraes-inclui-bilionario-elon-musk-em-inquerito-das-milicias-digitais\/\"},\"wordCount\":743,\"commentCount\":0,\"publisher\":{\"@id\":\"https:\/\/jornaltimoneiro.com.br\/#organization\"},\"keywords\":[\"Elon Musk\",\"STF\",\"Twitter\"],\"articleSection\":[\"Justi\u00e7a\",\"Pa\u00eds\",\"Pol\u00edtica\"],\"inLanguage\":\"pt-BR\",\"potentialAction\":[{\"@type\":\"CommentAction\",\"name\":\"Comment\",\"target\":[\"https:\/\/jornaltimoneiro.com.br\/index.php\/2024\/04\/08\/moraes-inclui-bilionario-elon-musk-em-inquerito-das-milicias-digitais\/#respond\"]}]},{\"@type\":\"WebPage\",\"@id\":\"https:\/\/jornaltimoneiro.com.br\/index.php\/2024\/04\/08\/moraes-inclui-bilionario-elon-musk-em-inquerito-das-milicias-digitais\/\",\"url\":\"https:\/\/jornaltimoneiro.com.br\/index.php\/2024\/04\/08\/moraes-inclui-bilionario-elon-musk-em-inquerito-das-milicias-digitais\/\",\"name\":\"Alexandre de Moraes inclui bilion\u00e1rio Elon Musk em inqu\u00e9rito das mil\u00edcias digitais - O Timoneiro Jornal Canoas RS\",\"isPartOf\":{\"@id\":\"https:\/\/jornaltimoneiro.com.br\/#website\"},\"datePublished\":\"2024-04-08T16:09:19+00:00\",\"dateModified\":\"2024-04-09T17:42:16+00:00\",\"breadcrumb\":{\"@id\":\"https:\/\/jornaltimoneiro.com.br\/index.php\/2024\/04\/08\/moraes-inclui-bilionario-elon-musk-em-inquerito-das-milicias-digitais\/#breadcrumb\"},\"inLanguage\":\"pt-BR\",\"potentialAction\":[{\"@type\":\"ReadAction\",\"target\":[\"https:\/\/jornaltimoneiro.com.br\/index.php\/2024\/04\/08\/moraes-inclui-bilionario-elon-musk-em-inquerito-das-milicias-digitais\/\"]}]},{\"@type\":\"BreadcrumbList\",\"@id\":\"https:\/\/jornaltimoneiro.com.br\/index.php\/2024\/04\/08\/moraes-inclui-bilionario-elon-musk-em-inquerito-das-milicias-digitais\/#breadcrumb\",\"itemListElement\":[{\"@type\":\"ListItem\",\"position\":1,\"name\":\"In\u00edcio\",\"item\":\"https:\/\/jornaltimoneiro.com.br\/\"},{\"@type\":\"ListItem\",\"position\":2,\"name\":\"Alexandre de Moraes inclui bilion\u00e1rio Elon Musk em inqu\u00e9rito das mil\u00edcias digitais\"}]},{\"@type\":\"WebSite\",\"@id\":\"https:\/\/jornaltimoneiro.com.br\/#website\",\"url\":\"https:\/\/jornaltimoneiro.com.br\/\",\"name\":\"Jornal Timoneiro Canoas RS\",\"description\":\"Jornal O Timoneiro, o verdadeiro jornal de Canoas\",\"publisher\":{\"@id\":\"https:\/\/jornaltimoneiro.com.br\/#organization\"},\"potentialAction\":[{\"@type\":\"SearchAction\",\"target\":{\"@type\":\"EntryPoint\",\"urlTemplate\":\"https:\/\/jornaltimoneiro.com.br\/?s={search_term_string}\"},\"query-input\":\"required name=search_term_string\"}],\"inLanguage\":\"pt-BR\"},{\"@type\":\"Organization\",\"@id\":\"https:\/\/jornaltimoneiro.com.br\/#organization\",\"name\":\"Jornal Timoneiro Canoas RS\",\"url\":\"https:\/\/jornaltimoneiro.com.br\/\",\"logo\":{\"@type\":\"ImageObject\",\"inLanguage\":\"pt-BR\",\"@id\":\"https:\/\/jornaltimoneiro.com.br\/#\/schema\/logo\/image\/\",\"url\":\"https:\/\/jornaltimoneiro.com.br\/wp-content\/uploads\/2023\/03\/logonovo.png\",\"contentUrl\":\"https:\/\/jornaltimoneiro.com.br\/wp-content\/uploads\/2023\/03\/logonovo.png\",\"width\":\"469\",\"height\":\"171\",\"caption\":\"Jornal Timoneiro Canoas RS\"},\"image\":{\"@id\":\"https:\/\/jornaltimoneiro.com.br\/#\/schema\/logo\/image\/\"},\"sameAs\":[\"https:\/\/www.facebook.com\/jornaltimoneiro\",\"https:\/\/twitter.com\/_OTimoneiro\",\"https:\/\/www.instagram.com\/jornaltimoneirocanoas\/\",\"https:\/\/www.youtube.com\/@jornalotimoneiro7927\"]},{\"@type\":\"Person\",\"@id\":\"https:\/\/jornaltimoneiro.com.br\/#\/schema\/person\/f63482f1a02b1a9592707865e509ab40\",\"name\":\"Reda\u00e7\u00e3o\",\"image\":{\"@type\":\"ImageObject\",\"inLanguage\":\"pt-BR\",\"@id\":\"https:\/\/jornaltimoneiro.com.br\/#\/schema\/person\/image\/\",\"url\":\"https:\/\/jornaltimoneiro.com.br\/wp-content\/uploads\/2023\/03\/download.jpeg\",\"contentUrl\":\"https:\/\/jornaltimoneiro.com.br\/wp-content\/uploads\/2023\/03\/download.jpeg\",\"caption\":\"Reda\u00e7\u00e3o\"},\"url\":\"https:\/\/jornaltimoneiro.com.br\/index.php\/author\/simone-dutra\/\"}]}<\/script>\n<!-- \/ Yoast SEO plugin. -->","yoast_head_json":{"title":"Alexandre de Moraes inclui bilion\u00e1rio Elon Musk em inqu\u00e9rito das mil\u00edcias digitais - O Timoneiro Jornal Canoas RS","robots":{"index":"index","follow":"follow","max-snippet":"max-snippet:-1","max-image-preview":"max-image-preview:large","max-video-preview":"max-video-preview:-1"},"canonical":"https:\/\/jornaltimoneiro.com.br\/index.php\/2024\/04\/08\/moraes-inclui-bilionario-elon-musk-em-inquerito-das-milicias-digitais\/","og_locale":"pt_BR","og_type":"article","og_title":"Alexandre de Moraes inclui bilion\u00e1rio Elon Musk em inqu\u00e9rito das mil\u00edcias digitais - O Timoneiro Jornal Canoas RS","og_description":"O ministro do Supremo Tribunal Federal (STF) Alexandre de Moraes determinou a inclus\u00e3o do multibilion\u00e1rio Elon Musk entre os investigados do chamado Inqu\u00e9rito das Mil\u00edcias Digitais, que apura a suposta atua\u00e7\u00e3o criminosa de grupos suspeitos de disseminar not\u00edcias falsas em redes sociais para influenciar processos pol\u00edticos. Na mesma decis\u00e3o, tornada p\u00fablica na noite de domingo, [&hellip;]","og_url":"https:\/\/jornaltimoneiro.com.br\/index.php\/2024\/04\/08\/moraes-inclui-bilionario-elon-musk-em-inquerito-das-milicias-digitais\/","og_site_name":"O Timoneiro Jornal Canoas RS","article_publisher":"https:\/\/www.facebook.com\/jornaltimoneiro","article_published_time":"2024-04-08T16:09:19+00:00","article_modified_time":"2024-04-09T17:42:16+00:00","og_image":[{"width":"1024","height":"683","url":"https:\/\/jornaltimoneiro.com.br\/wp-content\/uploads\/2024\/04\/alexandre-de-moraes-voto-descriminalizacao-drogas-stf-1024x683-1.jpg","type":"image\/jpeg"}],"author":"Reda\u00e7\u00e3o","twitter_card":"summary_large_image","twitter_creator":"@_OTimoneiro","twitter_site":"@_OTimoneiro","twitter_misc":{"Escrito por":"Reda\u00e7\u00e3o","Est. tempo de leitura":"4 minutos"},"schema":{"@context":"https:\/\/schema.org","@graph":[{"@type":"Article","@id":"https:\/\/jornaltimoneiro.com.br\/index.php\/2024\/04\/08\/moraes-inclui-bilionario-elon-musk-em-inquerito-das-milicias-digitais\/#article","isPartOf":{"@id":"https:\/\/jornaltimoneiro.com.br\/index.php\/2024\/04\/08\/moraes-inclui-bilionario-elon-musk-em-inquerito-das-milicias-digitais\/"},"author":{"name":"Reda\u00e7\u00e3o","@id":"https:\/\/jornaltimoneiro.com.br\/#\/schema\/person\/f63482f1a02b1a9592707865e509ab40"},"headline":"Alexandre de Moraes inclui bilion\u00e1rio Elon Musk em inqu\u00e9rito das mil\u00edcias digitais","datePublished":"2024-04-08T16:09:19+00:00","dateModified":"2024-04-09T17:42:16+00:00","mainEntityOfPage":{"@id":"https:\/\/jornaltimoneiro.com.br\/index.php\/2024\/04\/08\/moraes-inclui-bilionario-elon-musk-em-inquerito-das-milicias-digitais\/"},"wordCount":743,"commentCount":0,"publisher":{"@id":"https:\/\/jornaltimoneiro.com.br\/#organization"},"keywords":["Elon Musk","STF","Twitter"],"articleSection":["Justi\u00e7a","Pa\u00eds","Pol\u00edtica"],"inLanguage":"pt-BR","potentialAction":[{"@type":"CommentAction","name":"Comment","target":["https:\/\/jornaltimoneiro.com.br\/index.php\/2024\/04\/08\/moraes-inclui-bilionario-elon-musk-em-inquerito-das-milicias-digitais\/#respond"]}]},{"@type":"WebPage","@id":"https:\/\/jornaltimoneiro.com.br\/index.php\/2024\/04\/08\/moraes-inclui-bilionario-elon-musk-em-inquerito-das-milicias-digitais\/","url":"https:\/\/jornaltimoneiro.com.br\/index.php\/2024\/04\/08\/moraes-inclui-bilionario-elon-musk-em-inquerito-das-milicias-digitais\/","name":"Alexandre de Moraes inclui bilion\u00e1rio Elon Musk em inqu\u00e9rito das mil\u00edcias digitais - O Timoneiro Jornal Canoas RS","isPartOf":{"@id":"https:\/\/jornaltimoneiro.com.br\/#website"},"datePublished":"2024-04-08T16:09:19+00:00","dateModified":"2024-04-09T17:42:16+00:00","breadcrumb":{"@id":"https:\/\/jornaltimoneiro.com.br\/index.php\/2024\/04\/08\/moraes-inclui-bilionario-elon-musk-em-inquerito-das-milicias-digitais\/#breadcrumb"},"inLanguage":"pt-BR","potentialAction":[{"@type":"ReadAction","target":["https:\/\/jornaltimoneiro.com.br\/index.php\/2024\/04\/08\/moraes-inclui-bilionario-elon-musk-em-inquerito-das-milicias-digitais\/"]}]},{"@type":"BreadcrumbList","@id":"https:\/\/jornaltimoneiro.com.br\/index.php\/2024\/04\/08\/moraes-inclui-bilionario-elon-musk-em-inquerito-das-milicias-digitais\/#breadcrumb","itemListElement":[{"@type":"ListItem","position":1,"name":"In\u00edcio","item":"https:\/\/jornaltimoneiro.com.br\/"},{"@type":"ListItem","position":2,"name":"Alexandre de Moraes inclui bilion\u00e1rio Elon Musk em inqu\u00e9rito das mil\u00edcias digitais"}]},{"@type":"WebSite","@id":"https:\/\/jornaltimoneiro.com.br\/#website","url":"https:\/\/jornaltimoneiro.com.br\/","name":"Jornal Timoneiro Canoas RS","description":"Jornal O Timoneiro, o verdadeiro jornal de Canoas","publisher":{"@id":"https:\/\/jornaltimoneiro.com.br\/#organization"},"potentialAction":[{"@type":"SearchAction","target":{"@type":"EntryPoint","urlTemplate":"https:\/\/jornaltimoneiro.com.br\/?s={search_term_string}"},"query-input":"required name=search_term_string"}],"inLanguage":"pt-BR"},{"@type":"Organization","@id":"https:\/\/jornaltimoneiro.com.br\/#organization","name":"Jornal Timoneiro Canoas RS","url":"https:\/\/jornaltimoneiro.com.br\/","logo":{"@type":"ImageObject","inLanguage":"pt-BR","@id":"https:\/\/jornaltimoneiro.com.br\/#\/schema\/logo\/image\/","url":"https:\/\/jornaltimoneiro.com.br\/wp-content\/uploads\/2023\/03\/logonovo.png","contentUrl":"https:\/\/jornaltimoneiro.com.br\/wp-content\/uploads\/2023\/03\/logonovo.png","width":"469","height":"171","caption":"Jornal Timoneiro Canoas RS"},"image":{"@id":"https:\/\/jornaltimoneiro.com.br\/#\/schema\/logo\/image\/"},"sameAs":["https:\/\/www.facebook.com\/jornaltimoneiro","https:\/\/twitter.com\/_OTimoneiro","https:\/\/www.instagram.com\/jornaltimoneirocanoas\/","https:\/\/www.youtube.com\/@jornalotimoneiro7927"]},{"@type":"Person","@id":"https:\/\/jornaltimoneiro.com.br\/#\/schema\/person\/f63482f1a02b1a9592707865e509ab40","name":"Reda\u00e7\u00e3o","image":{"@type":"ImageObject","inLanguage":"pt-BR","@id":"https:\/\/jornaltimoneiro.com.br\/#\/schema\/person\/image\/","url":"https:\/\/jornaltimoneiro.com.br\/wp-content\/uploads\/2023\/03\/download.jpeg","contentUrl":"https:\/\/jornaltimoneiro.com.br\/wp-content\/uploads\/2023\/03\/download.jpeg","caption":"Reda\u00e7\u00e3o"},"url":"https:\/\/jornaltimoneiro.com.br\/index.php\/author\/simone-dutra\/"}]}},"_links":{"self":[{"href":"https:\/\/jornaltimoneiro.com.br\/index.php\/wp-json\/wp\/v2\/posts\/28440"}],"collection":[{"href":"https:\/\/jornaltimoneiro.com.br\/index.php\/wp-json\/wp\/v2\/posts"}],"about":[{"href":"https:\/\/jornaltimoneiro.com.br\/index.php\/wp-json\/wp\/v2\/types\/post"}],"author":[{"embeddable":true,"href":"https:\/\/jornaltimoneiro.com.br\/index.php\/wp-json\/wp\/v2\/users\/2"}],"replies":[{"embeddable":true,"href":"https:\/\/jornaltimoneiro.com.br\/index.php\/wp-json\/wp\/v2\/comments?post=28440"}],"version-history":[{"count":3,"href":"https:\/\/jornaltimoneiro.com.br\/index.php\/wp-json\/wp\/v2\/posts\/28440\/revisions"}],"predecessor-version":[{"id":28462,"href":"https:\/\/jornaltimoneiro.com.br\/index.php\/wp-json\/wp\/v2\/posts\/28440\/revisions\/28462"}],"wp:featuredmedia":[{"embeddable":true,"href":"https:\/\/jornaltimoneiro.com.br\/index.php\/wp-json\/wp\/v2\/media\/28441"}],"wp:attachment":[{"href":"https:\/\/jornaltimoneiro.com.br\/index.php\/wp-json\/wp\/v2\/media?parent=28440"}],"wp:term":[{"taxonomy":"category","embeddable":true,"href":"https:\/\/jornaltimoneiro.com.br\/index.php\/wp-json\/wp\/v2\/categories?post=28440"},{"taxonomy":"post_tag","embeddable":true,"href":"https:\/\/jornaltimoneiro.com.br\/index.php\/wp-json\/wp\/v2\/tags?post=28440"}],"curies":[{"name":"wp","href":"https:\/\/api.w.org\/{rel}","templated":true}]}}