{"id":28341,"date":"2024-04-03T14:53:46","date_gmt":"2024-04-03T17:53:46","guid":{"rendered":"https:\/\/jornaltimoneiro.com.br\/?p=28341"},"modified":"2024-04-03T14:53:46","modified_gmt":"2024-04-03T17:53:46","slug":"utensilios-para-acoes-de-emergencia-sao-doados-a-defesa-civil-do-rs","status":"publish","type":"post","link":"https:\/\/jornaltimoneiro.com.br\/index.php\/2024\/04\/03\/utensilios-para-acoes-de-emergencia-sao-doados-a-defesa-civil-do-rs\/","title":{"rendered":"Utens\u00edlios para a\u00e7\u00f5es de emerg\u00eancia\u00a0s\u00e3o doados \u00e0 Defesa Civil do RS"},"content":{"rendered":"<p>A Defesa Civil do RS recebeu a doa\u00e7\u00e3o de 11 toneladas de resinas produzidas pela Braskem, no Polo Petroqu\u00edmico de Triunfo, em parceria com as ind\u00fastrias de transforma\u00e7\u00e3o Best Box (Campo Bom) e Erplasti (Montenegro), que entregou 4.700 baldes, 50 mil unidades de sacos pl\u00e1sticos de tamanho 50X80, e 600 bobinas de filme stretch para o \u00f3rg\u00e3o do Estado.<\/p>\n<p>Os utens\u00edlios ser\u00e3o empregados em opera\u00e7\u00f5es de atendimento \u00e0 comunidade ga\u00facha em eventos meteorol\u00f3gicos extremos como enxurradas, alagamentos e inunda\u00e7\u00f5es, e envolvam atividades como limpeza de resid\u00eancias e vias urbanas, transporte de \u00e1gua, equipamentos, entre outras.<\/p>\n<h4><strong>Doa\u00e7\u00f5es<\/strong><\/h4>\n<p>A doa\u00e7\u00e3o foi formalizada em evento realizado na manh\u00e3 de ter\u00e7a-feira, 2, em Porto Alegre.<\/p>\n<blockquote><p>\u201cPartindo do pressuposto de que Defesa Civil somos todos n\u00f3s, \u00e9 relevante verificar o engajamento de empresas do porte da Braskem e seus parceiros para apoiar a popula\u00e7\u00e3o ga\u00facha atingida por desastres\u201d, explica o coordenador estadual de Prote\u00e7\u00e3o e Defesa Civil, coronel Luciano Boeira.<\/p>\n<p>\u201cEsses itens, usados na limpeza das resid\u00eancias atingidas e na montagem dos kits de alimentos a serem entregues pela Defesa Civil \u00e0s pessoas, s\u00e3o de extrema necessidade, e fazem toda a diferen\u00e7a para as fam\u00edlias em vulnerabilidade que s\u00e3o beneficiadas\u201d, finalizou.<\/p><\/blockquote>\n<h4><strong>Empresas parceiras<\/strong><\/h4>\n<p>Segundo o gerente de Rela\u00e7\u00f5es Institucionais da Braskem no RS, Daniel Fleischer, a companhia mant\u00e9m historicamente uma atua\u00e7\u00e3o atenta a demandas locais de forma articulada com algumas das principais lideran\u00e7as ga\u00fachas.<\/p>\n<blockquote><p>\u201cEssa \u00e9 uma entrega pr\u00e1tica, mas tamb\u00e9m simb\u00f3lica, pois \u00e9 resultado de uma articula\u00e7\u00e3o conjunta que une diferentes atores em um mesmo prop\u00f3sito\u201d, destaca.<\/p><\/blockquote>\n<p>Com sede em Montenegro, a Erplasti recebeu 6.875 quilos de resinas de polietileno da Braskem para produ\u00e7\u00e3o dos sacos pl\u00e1sticos e bobinas de filme stretch.<\/p>\n<blockquote><p>\u00a0\u201cA Erplasti est\u00e1 sempre atenta \u00e0s necessidades da sua comunidade, colaborando com doa\u00e7\u00f5es com o intuito de minimizar as dificuldades das pessoas que enfrentam adversidades meteorol\u00f3gicas e sociais\u201d, explica o gerente administrativo da empresa, S\u00e9rgio Weber. Para a produ\u00e7\u00e3o dos baldes, a Best Box, de Campo Bom, recebeu 4.125kg de polipropileno (PP).<\/p><\/blockquote>\n<p>&nbsp;<\/p>\n","protected":false},"excerpt":{"rendered":"<p>A Defesa Civil do RS recebeu a doa\u00e7\u00e3o de 11 toneladas de resinas produzidas pela Braskem, no Polo Petroqu\u00edmico de Triunfo, em parceria com as ind\u00fastrias de transforma\u00e7\u00e3o Best Box (Campo Bom) e Erplasti (Montenegro), que entregou 4.700 baldes, 50 mil unidades de sacos pl\u00e1sticos de tamanho 50X80, e 600 bobinas de filme stretch para [&hellip;]<\/p>\n","protected":false},"author":2,"featured_media":28342,"comment_status":"open","ping_status":"open","sticky":false,"template":"","format":"standard","meta":{"amp_status":"","footnotes":""},"categories":[23],"tags":[2232,2233,911,213,80,663],"class_list":["post-28341","post","type-post","status-publish","format-standard","has-post-thumbnail","hentry","category-geral","tag-braskem","tag-defesa-civil-rs","tag-doacoes","tag-rio-grande-do-sul","tag-rs","tag-solidariedade"],"yoast_head":"<!-- This site is optimized with the Yoast SEO plugin v20.5 - https:\/\/yoast.com\/wordpress\/plugins\/seo\/ -->\n<title>Utens\u00edlios para a\u00e7\u00f5es de emerg\u00eancia\u00a0s\u00e3o doados \u00e0 Defesa Civil do RS - O Timoneiro Jornal Canoas RS<\/title>\n<meta name=\"description\" content=\"Utens\u00edlios para a\u00e7\u00f5es de emerg\u00eancia\u00a0s\u00e3o doados \u00e0 Defesa Civil do RS braskem rio grande do sul rs solidariedade\" \/>\n<meta name=\"robots\" content=\"index, follow, max-snippet:-1, max-image-preview:large, max-video-preview:-1\" \/>\n<link rel=\"canonical\" href=\"https:\/\/jornaltimoneiro.com.br\/index.php\/2024\/04\/03\/utensilios-para-acoes-de-emergencia-sao-doados-a-defesa-civil-do-rs\/\" \/>\n<meta property=\"og:locale\" content=\"pt_BR\" \/>\n<meta property=\"og:type\" content=\"article\" \/>\n<meta property=\"og:title\" content=\"Utens\u00edlios para a\u00e7\u00f5es de emerg\u00eancia\u00a0s\u00e3o doados \u00e0 Defesa Civil do RS - O Timoneiro Jornal Canoas RS\" \/>\n<meta property=\"og:description\" content=\"Utens\u00edlios para a\u00e7\u00f5es de emerg\u00eancia\u00a0s\u00e3o doados \u00e0 Defesa Civil do RS braskem rio grande do sul rs solidariedade\" \/>\n<meta property=\"og:url\" content=\"https:\/\/jornaltimoneiro.com.br\/index.php\/2024\/04\/03\/utensilios-para-acoes-de-emergencia-sao-doados-a-defesa-civil-do-rs\/\" \/>\n<meta property=\"og:site_name\" content=\"O Timoneiro Jornal Canoas RS\" \/>\n<meta property=\"article:publisher\" content=\"https:\/\/www.facebook.com\/jornaltimoneiro\" \/>\n<meta property=\"article:published_time\" content=\"2024-04-03T17:53:46+00:00\" \/>\n<meta property=\"og:image\" content=\"https:\/\/jornaltimoneiro.com.br\/wp-content\/uploads\/2024\/04\/Braskem-e-parceiros-realizam-doacao-a-Defesa-Civil-do-RS-Divulgacao-Jefferson-Bernardes.jpg\" \/>\n\t<meta property=\"og:image:width\" content=\"1080\" \/>\n\t<meta property=\"og:image:height\" content=\"719\" \/>\n\t<meta property=\"og:image:type\" content=\"image\/jpeg\" \/>\n<meta name=\"author\" content=\"Reda\u00e7\u00e3o\" \/>\n<meta name=\"twitter:card\" content=\"summary_large_image\" \/>\n<meta name=\"twitter:creator\" content=\"@_OTimoneiro\" \/>\n<meta name=\"twitter:site\" content=\"@_OTimoneiro\" \/>\n<meta name=\"twitter:label1\" content=\"Escrito por\" \/>\n\t<meta name=\"twitter:data1\" content=\"Reda\u00e7\u00e3o\" \/>\n\t<meta name=\"twitter:label2\" content=\"Est. tempo de leitura\" \/>\n\t<meta name=\"twitter:data2\" content=\"2 minutos\" \/>\n<script type=\"application\/ld+json\" class=\"yoast-schema-graph\">{\"@context\":\"https:\/\/schema.org\",\"@graph\":[{\"@type\":\"Article\",\"@id\":\"https:\/\/jornaltimoneiro.com.br\/index.php\/2024\/04\/03\/utensilios-para-acoes-de-emergencia-sao-doados-a-defesa-civil-do-rs\/#article\",\"isPartOf\":{\"@id\":\"https:\/\/jornaltimoneiro.com.br\/index.php\/2024\/04\/03\/utensilios-para-acoes-de-emergencia-sao-doados-a-defesa-civil-do-rs\/\"},\"author\":{\"name\":\"Reda\u00e7\u00e3o\",\"@id\":\"https:\/\/jornaltimoneiro.com.br\/#\/schema\/person\/f63482f1a02b1a9592707865e509ab40\"},\"headline\":\"Utens\u00edlios para a\u00e7\u00f5es de emerg\u00eancia\u00a0s\u00e3o doados \u00e0 Defesa Civil do RS\",\"datePublished\":\"2024-04-03T17:53:46+00:00\",\"dateModified\":\"2024-04-03T17:53:46+00:00\",\"mainEntityOfPage\":{\"@id\":\"https:\/\/jornaltimoneiro.com.br\/index.php\/2024\/04\/03\/utensilios-para-acoes-de-emergencia-sao-doados-a-defesa-civil-do-rs\/\"},\"wordCount\":377,\"commentCount\":0,\"publisher\":{\"@id\":\"https:\/\/jornaltimoneiro.com.br\/#organization\"},\"keywords\":[\"braskem\",\"defesa civil rs\",\"doa\u00e7\u00f5es\",\"rio grande do sul\",\"RS\",\"solidariedade\"],\"articleSection\":[\"Geral\"],\"inLanguage\":\"pt-BR\",\"potentialAction\":[{\"@type\":\"CommentAction\",\"name\":\"Comment\",\"target\":[\"https:\/\/jornaltimoneiro.com.br\/index.php\/2024\/04\/03\/utensilios-para-acoes-de-emergencia-sao-doados-a-defesa-civil-do-rs\/#respond\"]}]},{\"@type\":\"WebPage\",\"@id\":\"https:\/\/jornaltimoneiro.com.br\/index.php\/2024\/04\/03\/utensilios-para-acoes-de-emergencia-sao-doados-a-defesa-civil-do-rs\/\",\"url\":\"https:\/\/jornaltimoneiro.com.br\/index.php\/2024\/04\/03\/utensilios-para-acoes-de-emergencia-sao-doados-a-defesa-civil-do-rs\/\",\"name\":\"Utens\u00edlios para a\u00e7\u00f5es de emerg\u00eancia\u00a0s\u00e3o doados \u00e0 Defesa Civil do RS - O Timoneiro Jornal Canoas RS\",\"isPartOf\":{\"@id\":\"https:\/\/jornaltimoneiro.com.br\/#website\"},\"datePublished\":\"2024-04-03T17:53:46+00:00\",\"dateModified\":\"2024-04-03T17:53:46+00:00\",\"description\":\"Utens\u00edlios para a\u00e7\u00f5es de emerg\u00eancia\u00a0s\u00e3o doados \u00e0 Defesa Civil do RS braskem rio grande do sul rs solidariedade\",\"breadcrumb\":{\"@id\":\"https:\/\/jornaltimoneiro.com.br\/index.php\/2024\/04\/03\/utensilios-para-acoes-de-emergencia-sao-doados-a-defesa-civil-do-rs\/#breadcrumb\"},\"inLanguage\":\"pt-BR\",\"potentialAction\":[{\"@type\":\"ReadAction\",\"target\":[\"https:\/\/jornaltimoneiro.com.br\/index.php\/2024\/04\/03\/utensilios-para-acoes-de-emergencia-sao-doados-a-defesa-civil-do-rs\/\"]}]},{\"@type\":\"BreadcrumbList\",\"@id\":\"https:\/\/jornaltimoneiro.com.br\/index.php\/2024\/04\/03\/utensilios-para-acoes-de-emergencia-sao-doados-a-defesa-civil-do-rs\/#breadcrumb\",\"itemListElement\":[{\"@type\":\"ListItem\",\"position\":1,\"name\":\"In\u00edcio\",\"item\":\"https:\/\/jornaltimoneiro.com.br\/\"},{\"@type\":\"ListItem\",\"position\":2,\"name\":\"Utens\u00edlios para a\u00e7\u00f5es de emerg\u00eancia\u00a0s\u00e3o doados \u00e0 Defesa Civil do RS\"}]},{\"@type\":\"WebSite\",\"@id\":\"https:\/\/jornaltimoneiro.com.br\/#website\",\"url\":\"https:\/\/jornaltimoneiro.com.br\/\",\"name\":\"Jornal Timoneiro Canoas RS\",\"description\":\"Jornal O Timoneiro, o verdadeiro jornal de Canoas\",\"publisher\":{\"@id\":\"https:\/\/jornaltimoneiro.com.br\/#organization\"},\"potentialAction\":[{\"@type\":\"SearchAction\",\"target\":{\"@type\":\"EntryPoint\",\"urlTemplate\":\"https:\/\/jornaltimoneiro.com.br\/?s={search_term_string}\"},\"query-input\":\"required name=search_term_string\"}],\"inLanguage\":\"pt-BR\"},{\"@type\":\"Organization\",\"@id\":\"https:\/\/jornaltimoneiro.com.br\/#organization\",\"name\":\"Jornal Timoneiro Canoas RS\",\"url\":\"https:\/\/jornaltimoneiro.com.br\/\",\"logo\":{\"@type\":\"ImageObject\",\"inLanguage\":\"pt-BR\",\"@id\":\"https:\/\/jornaltimoneiro.com.br\/#\/schema\/logo\/image\/\",\"url\":\"https:\/\/jornaltimoneiro.com.br\/wp-content\/uploads\/2023\/03\/logonovo.png\",\"contentUrl\":\"https:\/\/jornaltimoneiro.com.br\/wp-content\/uploads\/2023\/03\/logonovo.png\",\"width\":\"469\",\"height\":\"171\",\"caption\":\"Jornal Timoneiro Canoas RS\"},\"image\":{\"@id\":\"https:\/\/jornaltimoneiro.com.br\/#\/schema\/logo\/image\/\"},\"sameAs\":[\"https:\/\/www.facebook.com\/jornaltimoneiro\",\"https:\/\/twitter.com\/_OTimoneiro\",\"https:\/\/www.instagram.com\/jornaltimoneirocanoas\/\",\"https:\/\/www.youtube.com\/@jornalotimoneiro7927\"]},{\"@type\":\"Person\",\"@id\":\"https:\/\/jornaltimoneiro.com.br\/#\/schema\/person\/f63482f1a02b1a9592707865e509ab40\",\"name\":\"Reda\u00e7\u00e3o\",\"image\":{\"@type\":\"ImageObject\",\"inLanguage\":\"pt-BR\",\"@id\":\"https:\/\/jornaltimoneiro.com.br\/#\/schema\/person\/image\/\",\"url\":\"https:\/\/jornaltimoneiro.com.br\/wp-content\/uploads\/2023\/03\/download.jpeg\",\"contentUrl\":\"https:\/\/jornaltimoneiro.com.br\/wp-content\/uploads\/2023\/03\/download.jpeg\",\"caption\":\"Reda\u00e7\u00e3o\"},\"url\":\"https:\/\/jornaltimoneiro.com.br\/index.php\/author\/simone-dutra\/\"}]}<\/script>\n<!-- \/ Yoast SEO plugin. -->","yoast_head_json":{"title":"Utens\u00edlios para a\u00e7\u00f5es de emerg\u00eancia\u00a0s\u00e3o doados \u00e0 Defesa Civil do RS - O Timoneiro Jornal Canoas RS","description":"Utens\u00edlios para a\u00e7\u00f5es de emerg\u00eancia\u00a0s\u00e3o doados \u00e0 Defesa Civil do RS braskem rio grande do sul rs solidariedade","robots":{"index":"index","follow":"follow","max-snippet":"max-snippet:-1","max-image-preview":"max-image-preview:large","max-video-preview":"max-video-preview:-1"},"canonical":"https:\/\/jornaltimoneiro.com.br\/index.php\/2024\/04\/03\/utensilios-para-acoes-de-emergencia-sao-doados-a-defesa-civil-do-rs\/","og_locale":"pt_BR","og_type":"article","og_title":"Utens\u00edlios para a\u00e7\u00f5es de emerg\u00eancia\u00a0s\u00e3o doados \u00e0 Defesa Civil do RS - O Timoneiro Jornal Canoas RS","og_description":"Utens\u00edlios para a\u00e7\u00f5es de emerg\u00eancia\u00a0s\u00e3o doados \u00e0 Defesa Civil do RS braskem rio grande do sul rs solidariedade","og_url":"https:\/\/jornaltimoneiro.com.br\/index.php\/2024\/04\/03\/utensilios-para-acoes-de-emergencia-sao-doados-a-defesa-civil-do-rs\/","og_site_name":"O Timoneiro Jornal Canoas RS","article_publisher":"https:\/\/www.facebook.com\/jornaltimoneiro","article_published_time":"2024-04-03T17:53:46+00:00","og_image":[{"width":"1080","height":"719","url":"https:\/\/jornaltimoneiro.com.br\/wp-content\/uploads\/2024\/04\/Braskem-e-parceiros-realizam-doacao-a-Defesa-Civil-do-RS-Divulgacao-Jefferson-Bernardes.jpg","type":"image\/jpeg"}],"author":"Reda\u00e7\u00e3o","twitter_card":"summary_large_image","twitter_creator":"@_OTimoneiro","twitter_site":"@_OTimoneiro","twitter_misc":{"Escrito por":"Reda\u00e7\u00e3o","Est. tempo de leitura":"2 minutos"},"schema":{"@context":"https:\/\/schema.org","@graph":[{"@type":"Article","@id":"https:\/\/jornaltimoneiro.com.br\/index.php\/2024\/04\/03\/utensilios-para-acoes-de-emergencia-sao-doados-a-defesa-civil-do-rs\/#article","isPartOf":{"@id":"https:\/\/jornaltimoneiro.com.br\/index.php\/2024\/04\/03\/utensilios-para-acoes-de-emergencia-sao-doados-a-defesa-civil-do-rs\/"},"author":{"name":"Reda\u00e7\u00e3o","@id":"https:\/\/jornaltimoneiro.com.br\/#\/schema\/person\/f63482f1a02b1a9592707865e509ab40"},"headline":"Utens\u00edlios para a\u00e7\u00f5es de emerg\u00eancia\u00a0s\u00e3o doados \u00e0 Defesa Civil do RS","datePublished":"2024-04-03T17:53:46+00:00","dateModified":"2024-04-03T17:53:46+00:00","mainEntityOfPage":{"@id":"https:\/\/jornaltimoneiro.com.br\/index.php\/2024\/04\/03\/utensilios-para-acoes-de-emergencia-sao-doados-a-defesa-civil-do-rs\/"},"wordCount":377,"commentCount":0,"publisher":{"@id":"https:\/\/jornaltimoneiro.com.br\/#organization"},"keywords":["braskem","defesa civil rs","doa\u00e7\u00f5es","rio grande do sul","RS","solidariedade"],"articleSection":["Geral"],"inLanguage":"pt-BR","potentialAction":[{"@type":"CommentAction","name":"Comment","target":["https:\/\/jornaltimoneiro.com.br\/index.php\/2024\/04\/03\/utensilios-para-acoes-de-emergencia-sao-doados-a-defesa-civil-do-rs\/#respond"]}]},{"@type":"WebPage","@id":"https:\/\/jornaltimoneiro.com.br\/index.php\/2024\/04\/03\/utensilios-para-acoes-de-emergencia-sao-doados-a-defesa-civil-do-rs\/","url":"https:\/\/jornaltimoneiro.com.br\/index.php\/2024\/04\/03\/utensilios-para-acoes-de-emergencia-sao-doados-a-defesa-civil-do-rs\/","name":"Utens\u00edlios para a\u00e7\u00f5es de emerg\u00eancia\u00a0s\u00e3o doados \u00e0 Defesa Civil do RS - O Timoneiro Jornal Canoas RS","isPartOf":{"@id":"https:\/\/jornaltimoneiro.com.br\/#website"},"datePublished":"2024-04-03T17:53:46+00:00","dateModified":"2024-04-03T17:53:46+00:00","description":"Utens\u00edlios para a\u00e7\u00f5es de emerg\u00eancia\u00a0s\u00e3o doados \u00e0 Defesa Civil do RS braskem rio grande do sul rs solidariedade","breadcrumb":{"@id":"https:\/\/jornaltimoneiro.com.br\/index.php\/2024\/04\/03\/utensilios-para-acoes-de-emergencia-sao-doados-a-defesa-civil-do-rs\/#breadcrumb"},"inLanguage":"pt-BR","potentialAction":[{"@type":"ReadAction","target":["https:\/\/jornaltimoneiro.com.br\/index.php\/2024\/04\/03\/utensilios-para-acoes-de-emergencia-sao-doados-a-defesa-civil-do-rs\/"]}]},{"@type":"BreadcrumbList","@id":"https:\/\/jornaltimoneiro.com.br\/index.php\/2024\/04\/03\/utensilios-para-acoes-de-emergencia-sao-doados-a-defesa-civil-do-rs\/#breadcrumb","itemListElement":[{"@type":"ListItem","position":1,"name":"In\u00edcio","item":"https:\/\/jornaltimoneiro.com.br\/"},{"@type":"ListItem","position":2,"name":"Utens\u00edlios para a\u00e7\u00f5es de emerg\u00eancia\u00a0s\u00e3o doados \u00e0 Defesa Civil do RS"}]},{"@type":"WebSite","@id":"https:\/\/jornaltimoneiro.com.br\/#website","url":"https:\/\/jornaltimoneiro.com.br\/","name":"Jornal Timoneiro Canoas RS","description":"Jornal O Timoneiro, o verdadeiro jornal de Canoas","publisher":{"@id":"https:\/\/jornaltimoneiro.com.br\/#organization"},"potentialAction":[{"@type":"SearchAction","target":{"@type":"EntryPoint","urlTemplate":"https:\/\/jornaltimoneiro.com.br\/?s={search_term_string}"},"query-input":"required name=search_term_string"}],"inLanguage":"pt-BR"},{"@type":"Organization","@id":"https:\/\/jornaltimoneiro.com.br\/#organization","name":"Jornal Timoneiro Canoas RS","url":"https:\/\/jornaltimoneiro.com.br\/","logo":{"@type":"ImageObject","inLanguage":"pt-BR","@id":"https:\/\/jornaltimoneiro.com.br\/#\/schema\/logo\/image\/","url":"https:\/\/jornaltimoneiro.com.br\/wp-content\/uploads\/2023\/03\/logonovo.png","contentUrl":"https:\/\/jornaltimoneiro.com.br\/wp-content\/uploads\/2023\/03\/logonovo.png","width":"469","height":"171","caption":"Jornal Timoneiro Canoas RS"},"image":{"@id":"https:\/\/jornaltimoneiro.com.br\/#\/schema\/logo\/image\/"},"sameAs":["https:\/\/www.facebook.com\/jornaltimoneiro","https:\/\/twitter.com\/_OTimoneiro","https:\/\/www.instagram.com\/jornaltimoneirocanoas\/","https:\/\/www.youtube.com\/@jornalotimoneiro7927"]},{"@type":"Person","@id":"https:\/\/jornaltimoneiro.com.br\/#\/schema\/person\/f63482f1a02b1a9592707865e509ab40","name":"Reda\u00e7\u00e3o","image":{"@type":"ImageObject","inLanguage":"pt-BR","@id":"https:\/\/jornaltimoneiro.com.br\/#\/schema\/person\/image\/","url":"https:\/\/jornaltimoneiro.com.br\/wp-content\/uploads\/2023\/03\/download.jpeg","contentUrl":"https:\/\/jornaltimoneiro.com.br\/wp-content\/uploads\/2023\/03\/download.jpeg","caption":"Reda\u00e7\u00e3o"},"url":"https:\/\/jornaltimoneiro.com.br\/index.php\/author\/simone-dutra\/"}]}},"_links":{"self":[{"href":"https:\/\/jornaltimoneiro.com.br\/index.php\/wp-json\/wp\/v2\/posts\/28341"}],"collection":[{"href":"https:\/\/jornaltimoneiro.com.br\/index.php\/wp-json\/wp\/v2\/posts"}],"about":[{"href":"https:\/\/jornaltimoneiro.com.br\/index.php\/wp-json\/wp\/v2\/types\/post"}],"author":[{"embeddable":true,"href":"https:\/\/jornaltimoneiro.com.br\/index.php\/wp-json\/wp\/v2\/users\/2"}],"replies":[{"embeddable":true,"href":"https:\/\/jornaltimoneiro.com.br\/index.php\/wp-json\/wp\/v2\/comments?post=28341"}],"version-history":[{"count":1,"href":"https:\/\/jornaltimoneiro.com.br\/index.php\/wp-json\/wp\/v2\/posts\/28341\/revisions"}],"predecessor-version":[{"id":28343,"href":"https:\/\/jornaltimoneiro.com.br\/index.php\/wp-json\/wp\/v2\/posts\/28341\/revisions\/28343"}],"wp:featuredmedia":[{"embeddable":true,"href":"https:\/\/jornaltimoneiro.com.br\/index.php\/wp-json\/wp\/v2\/media\/28342"}],"wp:attachment":[{"href":"https:\/\/jornaltimoneiro.com.br\/index.php\/wp-json\/wp\/v2\/media?parent=28341"}],"wp:term":[{"taxonomy":"category","embeddable":true,"href":"https:\/\/jornaltimoneiro.com.br\/index.php\/wp-json\/wp\/v2\/categories?post=28341"},{"taxonomy":"post_tag","embeddable":true,"href":"https:\/\/jornaltimoneiro.com.br\/index.php\/wp-json\/wp\/v2\/tags?post=28341"}],"curies":[{"name":"wp","href":"https:\/\/api.w.org\/{rel}","templated":true}]}}