{"id":28329,"date":"2024-04-03T14:37:39","date_gmt":"2024-04-03T17:37:39","guid":{"rendered":"https:\/\/jornaltimoneiro.com.br\/?p=28329"},"modified":"2024-04-03T14:37:39","modified_gmt":"2024-04-03T17:37:39","slug":"airton-souza-e-aposta-do-pl-em-canoas-para-concorrer-a-prefeitura","status":"publish","type":"post","link":"https:\/\/jornaltimoneiro.com.br\/index.php\/2024\/04\/03\/airton-souza-e-aposta-do-pl-em-canoas-para-concorrer-a-prefeitura\/","title":{"rendered":"Airton Souza \u00e9 aposta do PL em Canoas para concorrer \u00e0 Prefeitura"},"content":{"rendered":"<p>Ap\u00f3s diversos nomes serem sondados e se auto declararem pr\u00e9-candidatos pela sigla em Canoas, a partir desta ter\u00e7a-feira, 2, o Partido Liberal na cidade tem uma nova lideran\u00e7a.<\/p>\n<p>Aproveitando a vig\u00eancia da janela partid\u00e1ria &#8211; per\u00edodo que permite que pol\u00edticos troquem de partido sem preju\u00edzos a seus mandatos &#8211; Airton Souza anunciou seu ingresso no PL.<\/p>\n<p>A chegada do ex-emedebista para a sigla ocorre com a anu\u00eancia do deputado federal Bibo Nunes (PL), que posou, junto da sua filha, para foto que o vereador usou para ilustrar a postagem de an\u00fancio da mudan\u00e7a de partido nas redes sociais.<\/p>\n<h4><strong>Airton Souza<\/strong><\/h4>\n<p>Airton Souza est\u00e1 no seu quinto mandato como vereador em Canoas e em duas oportunidades (2008 e 2012) foi recordista de votos no munic\u00edpio, ultrapassando a marca dos cinco mil.<\/p>\n<h4><strong>Defensor de Bolsonaro<\/strong><\/h4>\n<p>Sempre se declarando como um defensor de Bolsonaro, Airton Souza tem atua\u00e7\u00e3o forte nas redes sociais, onde faz postagens com o norte do &#8220;Deus, P\u00e1tria e Fam\u00edlia&#8221; &#8211; slogan bastante usado por Bolsonaro e seus aliados.<\/p>\n<h4>Postura conservadora<\/h4>\n<p>Nos \u00faltimos anos, o vereador ganhou notoriedade nacional ao conseguir impedir o show da MC Pipokinha em Canoas e ap\u00f3s ser intimado a depor, por, na tribuna da C\u00e2mara, reafirmar a fala do Pastor Jorge Linhares quanto ao tema &#8220;Menino \u00e9 menino e menina \u00e9 menina.&#8221;<\/p>\n<p>Al\u00e9m de assumir a presid\u00eancia do PL em Canoas, Airton Souza deve ter confirmado, nos pr\u00f3ximos dias, a sua indica\u00e7\u00e3o como pr\u00e9-candidato ao executivo municipal. A aposta do ent\u00e3o vereador \u00e9 buscar os votos dos bolsonaristas na cidade, onde o ex-presidente obteve a prefer\u00eancia de 54% dos canoenses.<\/p>\n","protected":false},"excerpt":{"rendered":"<p>Ap\u00f3s diversos nomes serem sondados e se auto declararem pr\u00e9-candidatos pela sigla em Canoas, a partir desta ter\u00e7a-feira, 2, o Partido Liberal na cidade tem uma nova lideran\u00e7a. Aproveitando a vig\u00eancia da janela partid\u00e1ria &#8211; per\u00edodo que permite que pol\u00edticos troquem de partido sem preju\u00edzos a seus mandatos &#8211; Airton Souza anunciou seu ingresso no [&hellip;]<\/p>\n","protected":false},"author":2,"featured_media":28337,"comment_status":"open","ping_status":"open","sticky":false,"template":"","format":"standard","meta":{"amp_status":"","footnotes":""},"categories":[20],"tags":[2230,1024,31,708,1383,126,214,213,80],"class_list":["post-28329","post","type-post","status-publish","format-standard","has-post-thumbnail","hentry","category-politica-noticias","tag-airton-souza","tag-bolsonaro","tag-canoas","tag-eleicoes-2024","tag-pl","tag-politica","tag-regiao-metropolitana","tag-rio-grande-do-sul","tag-rs"],"yoast_head":"<!-- This site is optimized with the Yoast SEO plugin v20.5 - https:\/\/yoast.com\/wordpress\/plugins\/seo\/ -->\n<title>Airton Souza \u00e9 aposta do PL em Canoas para concorrer \u00e0 Prefeitura - O Timoneiro Jornal Canoas RS<\/title>\n<meta name=\"description\" content=\"Airton Souza \u00e9 aposta do PL em Canoas para concorrer \u00e0 Prefeitura elei\u00e7\u00f5es 2024 vereador bolsonaro pol\u00edtica pr\u00e9-candidato rio grande do sul rs\" \/>\n<meta name=\"robots\" content=\"index, follow, max-snippet:-1, max-image-preview:large, max-video-preview:-1\" \/>\n<link rel=\"canonical\" href=\"https:\/\/jornaltimoneiro.com.br\/index.php\/2024\/04\/03\/airton-souza-e-aposta-do-pl-em-canoas-para-concorrer-a-prefeitura\/\" \/>\n<meta property=\"og:locale\" content=\"pt_BR\" \/>\n<meta property=\"og:type\" content=\"article\" \/>\n<meta property=\"og:title\" content=\"Airton Souza \u00e9 aposta do PL em Canoas para concorrer \u00e0 Prefeitura - O Timoneiro Jornal Canoas RS\" \/>\n<meta property=\"og:description\" content=\"Airton Souza \u00e9 aposta do PL em Canoas para concorrer \u00e0 Prefeitura elei\u00e7\u00f5es 2024 vereador bolsonaro pol\u00edtica pr\u00e9-candidato rio grande do sul rs\" \/>\n<meta property=\"og:url\" content=\"https:\/\/jornaltimoneiro.com.br\/index.php\/2024\/04\/03\/airton-souza-e-aposta-do-pl-em-canoas-para-concorrer-a-prefeitura\/\" \/>\n<meta property=\"og:site_name\" content=\"O Timoneiro Jornal Canoas RS\" \/>\n<meta property=\"article:publisher\" content=\"https:\/\/www.facebook.com\/jornaltimoneiro\" \/>\n<meta property=\"article:published_time\" content=\"2024-04-03T17:37:39+00:00\" \/>\n<meta property=\"og:image\" content=\"https:\/\/jornaltimoneiro.com.br\/wp-content\/uploads\/2024\/04\/WhatsApp-Image-2024-04-02-at-18.20.57.jpeg\" \/>\n\t<meta property=\"og:image:width\" content=\"960\" \/>\n\t<meta property=\"og:image:height\" content=\"832\" \/>\n\t<meta property=\"og:image:type\" content=\"image\/jpeg\" \/>\n<meta name=\"author\" content=\"Reda\u00e7\u00e3o\" \/>\n<meta name=\"twitter:card\" content=\"summary_large_image\" \/>\n<meta name=\"twitter:creator\" content=\"@_OTimoneiro\" \/>\n<meta name=\"twitter:site\" content=\"@_OTimoneiro\" \/>\n<meta name=\"twitter:label1\" content=\"Escrito por\" \/>\n\t<meta name=\"twitter:data1\" content=\"Reda\u00e7\u00e3o\" \/>\n\t<meta name=\"twitter:label2\" content=\"Est. tempo de leitura\" \/>\n\t<meta name=\"twitter:data2\" content=\"2 minutos\" \/>\n<script type=\"application\/ld+json\" class=\"yoast-schema-graph\">{\"@context\":\"https:\/\/schema.org\",\"@graph\":[{\"@type\":\"Article\",\"@id\":\"https:\/\/jornaltimoneiro.com.br\/index.php\/2024\/04\/03\/airton-souza-e-aposta-do-pl-em-canoas-para-concorrer-a-prefeitura\/#article\",\"isPartOf\":{\"@id\":\"https:\/\/jornaltimoneiro.com.br\/index.php\/2024\/04\/03\/airton-souza-e-aposta-do-pl-em-canoas-para-concorrer-a-prefeitura\/\"},\"author\":{\"name\":\"Reda\u00e7\u00e3o\",\"@id\":\"https:\/\/jornaltimoneiro.com.br\/#\/schema\/person\/f63482f1a02b1a9592707865e509ab40\"},\"headline\":\"Airton Souza \u00e9 aposta do PL em Canoas para concorrer \u00e0 Prefeitura\",\"datePublished\":\"2024-04-03T17:37:39+00:00\",\"dateModified\":\"2024-04-03T17:37:39+00:00\",\"mainEntityOfPage\":{\"@id\":\"https:\/\/jornaltimoneiro.com.br\/index.php\/2024\/04\/03\/airton-souza-e-aposta-do-pl-em-canoas-para-concorrer-a-prefeitura\/\"},\"wordCount\":293,\"commentCount\":0,\"publisher\":{\"@id\":\"https:\/\/jornaltimoneiro.com.br\/#organization\"},\"keywords\":[\"airton souza\",\"bolsonaro\",\"canoas\",\"elei\u00e7\u00f5es 2024\",\"PL\",\"Pol\u00edtica\",\"regi\u00e3o metropolitana\",\"rio grande do sul\",\"RS\"],\"articleSection\":[\"Pol\u00edtica\"],\"inLanguage\":\"pt-BR\",\"potentialAction\":[{\"@type\":\"CommentAction\",\"name\":\"Comment\",\"target\":[\"https:\/\/jornaltimoneiro.com.br\/index.php\/2024\/04\/03\/airton-souza-e-aposta-do-pl-em-canoas-para-concorrer-a-prefeitura\/#respond\"]}]},{\"@type\":\"WebPage\",\"@id\":\"https:\/\/jornaltimoneiro.com.br\/index.php\/2024\/04\/03\/airton-souza-e-aposta-do-pl-em-canoas-para-concorrer-a-prefeitura\/\",\"url\":\"https:\/\/jornaltimoneiro.com.br\/index.php\/2024\/04\/03\/airton-souza-e-aposta-do-pl-em-canoas-para-concorrer-a-prefeitura\/\",\"name\":\"Airton Souza \u00e9 aposta do PL em Canoas para concorrer \u00e0 Prefeitura - O Timoneiro Jornal Canoas RS\",\"isPartOf\":{\"@id\":\"https:\/\/jornaltimoneiro.com.br\/#website\"},\"datePublished\":\"2024-04-03T17:37:39+00:00\",\"dateModified\":\"2024-04-03T17:37:39+00:00\",\"description\":\"Airton Souza \u00e9 aposta do PL em Canoas para concorrer \u00e0 Prefeitura elei\u00e7\u00f5es 2024 vereador bolsonaro pol\u00edtica pr\u00e9-candidato rio grande do sul rs\",\"breadcrumb\":{\"@id\":\"https:\/\/jornaltimoneiro.com.br\/index.php\/2024\/04\/03\/airton-souza-e-aposta-do-pl-em-canoas-para-concorrer-a-prefeitura\/#breadcrumb\"},\"inLanguage\":\"pt-BR\",\"potentialAction\":[{\"@type\":\"ReadAction\",\"target\":[\"https:\/\/jornaltimoneiro.com.br\/index.php\/2024\/04\/03\/airton-souza-e-aposta-do-pl-em-canoas-para-concorrer-a-prefeitura\/\"]}]},{\"@type\":\"BreadcrumbList\",\"@id\":\"https:\/\/jornaltimoneiro.com.br\/index.php\/2024\/04\/03\/airton-souza-e-aposta-do-pl-em-canoas-para-concorrer-a-prefeitura\/#breadcrumb\",\"itemListElement\":[{\"@type\":\"ListItem\",\"position\":1,\"name\":\"In\u00edcio\",\"item\":\"https:\/\/jornaltimoneiro.com.br\/\"},{\"@type\":\"ListItem\",\"position\":2,\"name\":\"Airton Souza \u00e9 aposta do PL em Canoas para concorrer \u00e0 Prefeitura\"}]},{\"@type\":\"WebSite\",\"@id\":\"https:\/\/jornaltimoneiro.com.br\/#website\",\"url\":\"https:\/\/jornaltimoneiro.com.br\/\",\"name\":\"Jornal Timoneiro Canoas RS\",\"description\":\"Jornal O Timoneiro, o verdadeiro jornal de Canoas\",\"publisher\":{\"@id\":\"https:\/\/jornaltimoneiro.com.br\/#organization\"},\"potentialAction\":[{\"@type\":\"SearchAction\",\"target\":{\"@type\":\"EntryPoint\",\"urlTemplate\":\"https:\/\/jornaltimoneiro.com.br\/?s={search_term_string}\"},\"query-input\":\"required name=search_term_string\"}],\"inLanguage\":\"pt-BR\"},{\"@type\":\"Organization\",\"@id\":\"https:\/\/jornaltimoneiro.com.br\/#organization\",\"name\":\"Jornal Timoneiro Canoas RS\",\"url\":\"https:\/\/jornaltimoneiro.com.br\/\",\"logo\":{\"@type\":\"ImageObject\",\"inLanguage\":\"pt-BR\",\"@id\":\"https:\/\/jornaltimoneiro.com.br\/#\/schema\/logo\/image\/\",\"url\":\"https:\/\/jornaltimoneiro.com.br\/wp-content\/uploads\/2023\/03\/logonovo.png\",\"contentUrl\":\"https:\/\/jornaltimoneiro.com.br\/wp-content\/uploads\/2023\/03\/logonovo.png\",\"width\":\"469\",\"height\":\"171\",\"caption\":\"Jornal Timoneiro Canoas RS\"},\"image\":{\"@id\":\"https:\/\/jornaltimoneiro.com.br\/#\/schema\/logo\/image\/\"},\"sameAs\":[\"https:\/\/www.facebook.com\/jornaltimoneiro\",\"https:\/\/twitter.com\/_OTimoneiro\",\"https:\/\/www.instagram.com\/jornaltimoneirocanoas\/\",\"https:\/\/www.youtube.com\/@jornalotimoneiro7927\"]},{\"@type\":\"Person\",\"@id\":\"https:\/\/jornaltimoneiro.com.br\/#\/schema\/person\/f63482f1a02b1a9592707865e509ab40\",\"name\":\"Reda\u00e7\u00e3o\",\"image\":{\"@type\":\"ImageObject\",\"inLanguage\":\"pt-BR\",\"@id\":\"https:\/\/jornaltimoneiro.com.br\/#\/schema\/person\/image\/\",\"url\":\"https:\/\/jornaltimoneiro.com.br\/wp-content\/uploads\/2023\/03\/download.jpeg\",\"contentUrl\":\"https:\/\/jornaltimoneiro.com.br\/wp-content\/uploads\/2023\/03\/download.jpeg\",\"caption\":\"Reda\u00e7\u00e3o\"},\"url\":\"https:\/\/jornaltimoneiro.com.br\/index.php\/author\/simone-dutra\/\"}]}<\/script>\n<!-- \/ Yoast SEO plugin. -->","yoast_head_json":{"title":"Airton Souza \u00e9 aposta do PL em Canoas para concorrer \u00e0 Prefeitura - O Timoneiro Jornal Canoas RS","description":"Airton Souza \u00e9 aposta do PL em Canoas para concorrer \u00e0 Prefeitura elei\u00e7\u00f5es 2024 vereador bolsonaro pol\u00edtica pr\u00e9-candidato rio grande do sul rs","robots":{"index":"index","follow":"follow","max-snippet":"max-snippet:-1","max-image-preview":"max-image-preview:large","max-video-preview":"max-video-preview:-1"},"canonical":"https:\/\/jornaltimoneiro.com.br\/index.php\/2024\/04\/03\/airton-souza-e-aposta-do-pl-em-canoas-para-concorrer-a-prefeitura\/","og_locale":"pt_BR","og_type":"article","og_title":"Airton Souza \u00e9 aposta do PL em Canoas para concorrer \u00e0 Prefeitura - O Timoneiro Jornal Canoas RS","og_description":"Airton Souza \u00e9 aposta do PL em Canoas para concorrer \u00e0 Prefeitura elei\u00e7\u00f5es 2024 vereador bolsonaro pol\u00edtica pr\u00e9-candidato rio grande do sul rs","og_url":"https:\/\/jornaltimoneiro.com.br\/index.php\/2024\/04\/03\/airton-souza-e-aposta-do-pl-em-canoas-para-concorrer-a-prefeitura\/","og_site_name":"O Timoneiro Jornal Canoas RS","article_publisher":"https:\/\/www.facebook.com\/jornaltimoneiro","article_published_time":"2024-04-03T17:37:39+00:00","og_image":[{"width":"960","height":"832","url":"https:\/\/jornaltimoneiro.com.br\/wp-content\/uploads\/2024\/04\/WhatsApp-Image-2024-04-02-at-18.20.57.jpeg","type":"image\/jpeg"}],"author":"Reda\u00e7\u00e3o","twitter_card":"summary_large_image","twitter_creator":"@_OTimoneiro","twitter_site":"@_OTimoneiro","twitter_misc":{"Escrito por":"Reda\u00e7\u00e3o","Est. tempo de leitura":"2 minutos"},"schema":{"@context":"https:\/\/schema.org","@graph":[{"@type":"Article","@id":"https:\/\/jornaltimoneiro.com.br\/index.php\/2024\/04\/03\/airton-souza-e-aposta-do-pl-em-canoas-para-concorrer-a-prefeitura\/#article","isPartOf":{"@id":"https:\/\/jornaltimoneiro.com.br\/index.php\/2024\/04\/03\/airton-souza-e-aposta-do-pl-em-canoas-para-concorrer-a-prefeitura\/"},"author":{"name":"Reda\u00e7\u00e3o","@id":"https:\/\/jornaltimoneiro.com.br\/#\/schema\/person\/f63482f1a02b1a9592707865e509ab40"},"headline":"Airton Souza \u00e9 aposta do PL em Canoas para concorrer \u00e0 Prefeitura","datePublished":"2024-04-03T17:37:39+00:00","dateModified":"2024-04-03T17:37:39+00:00","mainEntityOfPage":{"@id":"https:\/\/jornaltimoneiro.com.br\/index.php\/2024\/04\/03\/airton-souza-e-aposta-do-pl-em-canoas-para-concorrer-a-prefeitura\/"},"wordCount":293,"commentCount":0,"publisher":{"@id":"https:\/\/jornaltimoneiro.com.br\/#organization"},"keywords":["airton souza","bolsonaro","canoas","elei\u00e7\u00f5es 2024","PL","Pol\u00edtica","regi\u00e3o metropolitana","rio grande do sul","RS"],"articleSection":["Pol\u00edtica"],"inLanguage":"pt-BR","potentialAction":[{"@type":"CommentAction","name":"Comment","target":["https:\/\/jornaltimoneiro.com.br\/index.php\/2024\/04\/03\/airton-souza-e-aposta-do-pl-em-canoas-para-concorrer-a-prefeitura\/#respond"]}]},{"@type":"WebPage","@id":"https:\/\/jornaltimoneiro.com.br\/index.php\/2024\/04\/03\/airton-souza-e-aposta-do-pl-em-canoas-para-concorrer-a-prefeitura\/","url":"https:\/\/jornaltimoneiro.com.br\/index.php\/2024\/04\/03\/airton-souza-e-aposta-do-pl-em-canoas-para-concorrer-a-prefeitura\/","name":"Airton Souza \u00e9 aposta do PL em Canoas para concorrer \u00e0 Prefeitura - O Timoneiro Jornal Canoas RS","isPartOf":{"@id":"https:\/\/jornaltimoneiro.com.br\/#website"},"datePublished":"2024-04-03T17:37:39+00:00","dateModified":"2024-04-03T17:37:39+00:00","description":"Airton Souza \u00e9 aposta do PL em Canoas para concorrer \u00e0 Prefeitura elei\u00e7\u00f5es 2024 vereador bolsonaro pol\u00edtica pr\u00e9-candidato rio grande do sul rs","breadcrumb":{"@id":"https:\/\/jornaltimoneiro.com.br\/index.php\/2024\/04\/03\/airton-souza-e-aposta-do-pl-em-canoas-para-concorrer-a-prefeitura\/#breadcrumb"},"inLanguage":"pt-BR","potentialAction":[{"@type":"ReadAction","target":["https:\/\/jornaltimoneiro.com.br\/index.php\/2024\/04\/03\/airton-souza-e-aposta-do-pl-em-canoas-para-concorrer-a-prefeitura\/"]}]},{"@type":"BreadcrumbList","@id":"https:\/\/jornaltimoneiro.com.br\/index.php\/2024\/04\/03\/airton-souza-e-aposta-do-pl-em-canoas-para-concorrer-a-prefeitura\/#breadcrumb","itemListElement":[{"@type":"ListItem","position":1,"name":"In\u00edcio","item":"https:\/\/jornaltimoneiro.com.br\/"},{"@type":"ListItem","position":2,"name":"Airton Souza \u00e9 aposta do PL em Canoas para concorrer \u00e0 Prefeitura"}]},{"@type":"WebSite","@id":"https:\/\/jornaltimoneiro.com.br\/#website","url":"https:\/\/jornaltimoneiro.com.br\/","name":"Jornal Timoneiro Canoas RS","description":"Jornal O Timoneiro, o verdadeiro jornal de Canoas","publisher":{"@id":"https:\/\/jornaltimoneiro.com.br\/#organization"},"potentialAction":[{"@type":"SearchAction","target":{"@type":"EntryPoint","urlTemplate":"https:\/\/jornaltimoneiro.com.br\/?s={search_term_string}"},"query-input":"required name=search_term_string"}],"inLanguage":"pt-BR"},{"@type":"Organization","@id":"https:\/\/jornaltimoneiro.com.br\/#organization","name":"Jornal Timoneiro Canoas RS","url":"https:\/\/jornaltimoneiro.com.br\/","logo":{"@type":"ImageObject","inLanguage":"pt-BR","@id":"https:\/\/jornaltimoneiro.com.br\/#\/schema\/logo\/image\/","url":"https:\/\/jornaltimoneiro.com.br\/wp-content\/uploads\/2023\/03\/logonovo.png","contentUrl":"https:\/\/jornaltimoneiro.com.br\/wp-content\/uploads\/2023\/03\/logonovo.png","width":"469","height":"171","caption":"Jornal Timoneiro Canoas RS"},"image":{"@id":"https:\/\/jornaltimoneiro.com.br\/#\/schema\/logo\/image\/"},"sameAs":["https:\/\/www.facebook.com\/jornaltimoneiro","https:\/\/twitter.com\/_OTimoneiro","https:\/\/www.instagram.com\/jornaltimoneirocanoas\/","https:\/\/www.youtube.com\/@jornalotimoneiro7927"]},{"@type":"Person","@id":"https:\/\/jornaltimoneiro.com.br\/#\/schema\/person\/f63482f1a02b1a9592707865e509ab40","name":"Reda\u00e7\u00e3o","image":{"@type":"ImageObject","inLanguage":"pt-BR","@id":"https:\/\/jornaltimoneiro.com.br\/#\/schema\/person\/image\/","url":"https:\/\/jornaltimoneiro.com.br\/wp-content\/uploads\/2023\/03\/download.jpeg","contentUrl":"https:\/\/jornaltimoneiro.com.br\/wp-content\/uploads\/2023\/03\/download.jpeg","caption":"Reda\u00e7\u00e3o"},"url":"https:\/\/jornaltimoneiro.com.br\/index.php\/author\/simone-dutra\/"}]}},"_links":{"self":[{"href":"https:\/\/jornaltimoneiro.com.br\/index.php\/wp-json\/wp\/v2\/posts\/28329"}],"collection":[{"href":"https:\/\/jornaltimoneiro.com.br\/index.php\/wp-json\/wp\/v2\/posts"}],"about":[{"href":"https:\/\/jornaltimoneiro.com.br\/index.php\/wp-json\/wp\/v2\/types\/post"}],"author":[{"embeddable":true,"href":"https:\/\/jornaltimoneiro.com.br\/index.php\/wp-json\/wp\/v2\/users\/2"}],"replies":[{"embeddable":true,"href":"https:\/\/jornaltimoneiro.com.br\/index.php\/wp-json\/wp\/v2\/comments?post=28329"}],"version-history":[{"count":1,"href":"https:\/\/jornaltimoneiro.com.br\/index.php\/wp-json\/wp\/v2\/posts\/28329\/revisions"}],"predecessor-version":[{"id":28338,"href":"https:\/\/jornaltimoneiro.com.br\/index.php\/wp-json\/wp\/v2\/posts\/28329\/revisions\/28338"}],"wp:featuredmedia":[{"embeddable":true,"href":"https:\/\/jornaltimoneiro.com.br\/index.php\/wp-json\/wp\/v2\/media\/28337"}],"wp:attachment":[{"href":"https:\/\/jornaltimoneiro.com.br\/index.php\/wp-json\/wp\/v2\/media?parent=28329"}],"wp:term":[{"taxonomy":"category","embeddable":true,"href":"https:\/\/jornaltimoneiro.com.br\/index.php\/wp-json\/wp\/v2\/categories?post=28329"},{"taxonomy":"post_tag","embeddable":true,"href":"https:\/\/jornaltimoneiro.com.br\/index.php\/wp-json\/wp\/v2\/tags?post=28329"}],"curies":[{"name":"wp","href":"https:\/\/api.w.org\/{rel}","templated":true}]}}