{"id":28306,"date":"2024-04-02T19:58:02","date_gmt":"2024-04-02T22:58:02","guid":{"rendered":"https:\/\/jornaltimoneiro.com.br\/?p=28306"},"modified":"2024-04-02T20:14:07","modified_gmt":"2024-04-02T23:14:07","slug":"jairo-jorge-prefeito-de-canoas-retoma-o-mandato-e-e-recebido-por-mais-de-150-pessoas","status":"publish","type":"post","link":"https:\/\/jornaltimoneiro.com.br\/index.php\/2024\/04\/02\/jairo-jorge-prefeito-de-canoas-retoma-o-mandato-e-e-recebido-por-mais-de-150-pessoas\/","title":{"rendered":"JAIRO JORGE: prefeito de Canoas retoma o mandato e \u00e9 recebido por mais de 150 pessoas"},"content":{"rendered":"<p>O prefeito eleito de Canoas, Jairo Jorge, retornou ao cargo no come\u00e7o da noite desta ter\u00e7a-feira, 2. O pol\u00edtico teve abreviada seu afastamento, por 180 dias, pela 6\u00aa turma do Superior Tribunal de Justi\u00e7a, no come\u00e7o da tarde, em Bras\u00edlia. Os magistrados decidiram por unanimidade <a href=\"https:\/\/jornaltimoneiro.com.br\/index.php\/2024\/04\/02\/jairo-jorge-tem-derrubada-cautelar-de-afastamento-pelo-stj\/\"><strong>derrubar a decis\u00e3o cautelar de 23 de novembro de 2023 que o deixava fora da prefeitura<\/strong><\/a>.<\/p>\n<p>No final da tarde, a Guarda Municipal fechou as ruas Quinze de Janeiro e Ipiranga para o retorno do prefeito, eleito em 2020 e afastado por duas vezes desde 2022. Ao todo, Jairo Jorge passou 492 dias fora do cargo. Quando ele chegou \u00e0 sede do Executivo, pr\u00f3ximo das 19h, foi recepcionado por cerca de 150 pessoas, entre servidores, apoiadores e membros da coliga\u00e7\u00e3o que o elegeu na \u00faltima elei\u00e7\u00e3o.<\/p>\n<p>Jairo carregava uma est\u00e1tua de S\u00e3o Jorge, e apontou que sua f\u00e9 foi crucial para passar pelos dois per\u00edodos de afastamento. &#8220;Eu aguentei muito por conta da minha f\u00e9 em Deus. Mas o tempo todo sempre disse e acreditei na justi\u00e7a dos homens &#8211; que tarda, mas n\u00e3o falha&#8221;, afirmou, ap\u00f3s se reunir com vereadores e l\u00edderes partid\u00e1rios para a passagem do cargo.<\/p>\n<p>O presidente da C\u00e2mara de Vereadores, Cris Moraes, foi quem fez a recondu\u00e7\u00e3o formal de Jairo Jorge ao cargo. Ele acredita que, apesar do pouco tempo ainda restante de seu mandato, o prefeito eleito tem capacidade de fazer um bom trabalho. &#8220;Ele tem entrega para a popula\u00e7\u00e3o canoense, e \u00e9 isso do que ela precisa&#8221;, disse.<\/p>\n\n\t\t<style type=\"text\/css\">\n\t\t\t#gallery-1 {\n\t\t\t\tmargin: auto;\n\t\t\t}\n\t\t\t#gallery-1 .gallery-item {\n\t\t\t\tfloat: left;\n\t\t\t\tmargin-top: 10px;\n\t\t\t\ttext-align: center;\n\t\t\t\twidth: 50%;\n\t\t\t}\n\t\t\t#gallery-1 img {\n\t\t\t\tborder: 2px solid #cfcfcf;\n\t\t\t}\n\t\t\t#gallery-1 .gallery-caption {\n\t\t\t\tmargin-left: 0;\n\t\t\t}\n\t\t\t\/* see gallery_shortcode() in wp-includes\/media.php *\/\n\t\t<\/style>\n\t\t<div id='gallery-1' class='gallery galleryid-28306 gallery-columns-2 gallery-size-thumbnail'><dl class='gallery-item'>\n\t\t\t<dt class='gallery-icon landscape'>\n\t\t\t\t<a href='https:\/\/jornaltimoneiro.com.br\/index.php\/2024\/04\/02\/jairo-jorge-prefeito-de-canoas-retoma-o-mandato-e-e-recebido-por-mais-de-150-pessoas\/whatsapp-image-2024-04-02-at-8-10-07-pm\/'><img decoding=\"async\" width=\"150\" height=\"150\" src=\"https:\/\/jornaltimoneiro.com.br\/wp-content\/uploads\/2024\/04\/WhatsApp-Image-2024-04-02-at-8.10.07-PM-150x150.jpeg\" class=\"attachment-thumbnail size-thumbnail\" alt=\"\" aria-describedby=\"gallery-1-28310\" srcset=\"https:\/\/jornaltimoneiro.com.br\/wp-content\/uploads\/2024\/04\/WhatsApp-Image-2024-04-02-at-8.10.07-PM-150x150.jpeg 150w, https:\/\/jornaltimoneiro.com.br\/wp-content\/uploads\/2024\/04\/WhatsApp-Image-2024-04-02-at-8.10.07-PM-80x80.jpeg 80w\" sizes=\"(max-width: 150px) 100vw, 150px\" \/><\/a>\n\t\t\t<\/dt>\n\t\t\t\t<dd class='wp-caption-text gallery-caption' id='gallery-1-28310'>\n\t\t\t\tFoto: Divulga\u00e7\u00e3o\n\t\t\t\t<\/dd><\/dl><dl class='gallery-item'>\n\t\t\t<dt class='gallery-icon landscape'>\n\t\t\t\t<a href='https:\/\/jornaltimoneiro.com.br\/index.php\/2024\/04\/02\/jairo-jorge-prefeito-de-canoas-retoma-o-mandato-e-e-recebido-por-mais-de-150-pessoas\/whatsapp-image-2024-04-02-at-8-10-07-pm-1\/'><img decoding=\"async\" width=\"150\" height=\"150\" src=\"https:\/\/jornaltimoneiro.com.br\/wp-content\/uploads\/2024\/04\/WhatsApp-Image-2024-04-02-at-8.10.07-PM-1-150x150.jpeg\" class=\"attachment-thumbnail size-thumbnail\" alt=\"\" aria-describedby=\"gallery-1-28311\" srcset=\"https:\/\/jornaltimoneiro.com.br\/wp-content\/uploads\/2024\/04\/WhatsApp-Image-2024-04-02-at-8.10.07-PM-1-150x150.jpeg 150w, https:\/\/jornaltimoneiro.com.br\/wp-content\/uploads\/2024\/04\/WhatsApp-Image-2024-04-02-at-8.10.07-PM-1-80x80.jpeg 80w\" sizes=\"(max-width: 150px) 100vw, 150px\" \/><\/a>\n\t\t\t<\/dt>\n\t\t\t\t<dd class='wp-caption-text gallery-caption' id='gallery-1-28311'>\n\t\t\t\tFoto: Divulga\u00e7\u00e3o\n\t\t\t\t<\/dd><\/dl><br style=\"clear: both\" \/>\n\t\t<\/div>\n\n","protected":false},"excerpt":{"rendered":"<p>O prefeito eleito de Canoas, Jairo Jorge, retornou ao cargo no come\u00e7o da noite desta ter\u00e7a-feira, 2. O pol\u00edtico teve abreviada seu afastamento, por 180 dias, pela 6\u00aa turma do Superior Tribunal de Justi\u00e7a, no come\u00e7o da tarde, em Bras\u00edlia. Os magistrados decidiram por unanimidade derrubar a decis\u00e3o cautelar de 23 de novembro de 2023 [&hellip;]<\/p>\n","protected":false},"author":2,"featured_media":28307,"comment_status":"open","ping_status":"open","sticky":false,"template":"","format":"standard","meta":{"amp_status":"","footnotes":""},"categories":[20],"tags":[2221,190,51,731,195],"class_list":["post-28306","post","type-post","status-publish","format-standard","has-post-thumbnail","hentry","category-politica-noticias","tag-cargo","tag-featured","tag-jairo-jorge","tag-justica","tag-prefeito"],"yoast_head":"<!-- This site is optimized with the Yoast SEO plugin v20.5 - https:\/\/yoast.com\/wordpress\/plugins\/seo\/ -->\n<title>JAIRO JORGE: prefeito de Canoas retoma o mandato e \u00e9 recebido por mais de 150 pessoas - O Timoneiro Jornal Canoas RS<\/title>\n<meta name=\"robots\" content=\"index, follow, max-snippet:-1, max-image-preview:large, max-video-preview:-1\" \/>\n<link rel=\"canonical\" href=\"https:\/\/jornaltimoneiro.com.br\/index.php\/2024\/04\/02\/jairo-jorge-prefeito-de-canoas-retoma-o-mandato-e-e-recebido-por-mais-de-150-pessoas\/\" \/>\n<meta property=\"og:locale\" content=\"pt_BR\" \/>\n<meta property=\"og:type\" content=\"article\" \/>\n<meta property=\"og:title\" content=\"JAIRO JORGE: prefeito de Canoas retoma o mandato e \u00e9 recebido por mais de 150 pessoas - O Timoneiro Jornal Canoas RS\" \/>\n<meta property=\"og:description\" content=\"O prefeito eleito de Canoas, Jairo Jorge, retornou ao cargo no come\u00e7o da noite desta ter\u00e7a-feira, 2. O pol\u00edtico teve abreviada seu afastamento, por 180 dias, pela 6\u00aa turma do Superior Tribunal de Justi\u00e7a, no come\u00e7o da tarde, em Bras\u00edlia. Os magistrados decidiram por unanimidade derrubar a decis\u00e3o cautelar de 23 de novembro de 2023 [&hellip;]\" \/>\n<meta property=\"og:url\" content=\"https:\/\/jornaltimoneiro.com.br\/index.php\/2024\/04\/02\/jairo-jorge-prefeito-de-canoas-retoma-o-mandato-e-e-recebido-por-mais-de-150-pessoas\/\" \/>\n<meta property=\"og:site_name\" content=\"O Timoneiro Jornal Canoas RS\" \/>\n<meta property=\"article:publisher\" content=\"https:\/\/www.facebook.com\/jornaltimoneiro\" \/>\n<meta property=\"article:published_time\" content=\"2024-04-02T22:58:02+00:00\" \/>\n<meta property=\"article:modified_time\" content=\"2024-04-02T23:14:07+00:00\" \/>\n<meta property=\"og:image\" content=\"https:\/\/jornaltimoneiro.com.br\/wp-content\/uploads\/2024\/04\/WhatsApp-Image-2024-04-02-at-6.46.14-PM-scaled.jpeg\" \/>\n\t<meta property=\"og:image:width\" content=\"2560\" \/>\n\t<meta property=\"og:image:height\" content=\"1440\" \/>\n\t<meta property=\"og:image:type\" content=\"image\/jpeg\" \/>\n<meta name=\"author\" content=\"Reda\u00e7\u00e3o\" \/>\n<meta name=\"twitter:card\" content=\"summary_large_image\" \/>\n<meta name=\"twitter:creator\" content=\"@_OTimoneiro\" \/>\n<meta name=\"twitter:site\" content=\"@_OTimoneiro\" \/>\n<meta name=\"twitter:label1\" content=\"Escrito por\" \/>\n\t<meta name=\"twitter:data1\" content=\"Reda\u00e7\u00e3o\" \/>\n\t<meta name=\"twitter:label2\" content=\"Est. tempo de leitura\" \/>\n\t<meta name=\"twitter:data2\" content=\"2 minutos\" \/>\n<script type=\"application\/ld+json\" class=\"yoast-schema-graph\">{\"@context\":\"https:\/\/schema.org\",\"@graph\":[{\"@type\":\"Article\",\"@id\":\"https:\/\/jornaltimoneiro.com.br\/index.php\/2024\/04\/02\/jairo-jorge-prefeito-de-canoas-retoma-o-mandato-e-e-recebido-por-mais-de-150-pessoas\/#article\",\"isPartOf\":{\"@id\":\"https:\/\/jornaltimoneiro.com.br\/index.php\/2024\/04\/02\/jairo-jorge-prefeito-de-canoas-retoma-o-mandato-e-e-recebido-por-mais-de-150-pessoas\/\"},\"author\":{\"name\":\"Reda\u00e7\u00e3o\",\"@id\":\"https:\/\/jornaltimoneiro.com.br\/#\/schema\/person\/f63482f1a02b1a9592707865e509ab40\"},\"headline\":\"JAIRO JORGE: prefeito de Canoas retoma o mandato e \u00e9 recebido por mais de 150 pessoas\",\"datePublished\":\"2024-04-02T22:58:02+00:00\",\"dateModified\":\"2024-04-02T23:14:07+00:00\",\"mainEntityOfPage\":{\"@id\":\"https:\/\/jornaltimoneiro.com.br\/index.php\/2024\/04\/02\/jairo-jorge-prefeito-de-canoas-retoma-o-mandato-e-e-recebido-por-mais-de-150-pessoas\/\"},\"wordCount\":277,\"commentCount\":0,\"publisher\":{\"@id\":\"https:\/\/jornaltimoneiro.com.br\/#organization\"},\"keywords\":[\"cargo\",\"featured\",\"Jairo Jorge\",\"justi\u00e7a\",\"prefeito\"],\"articleSection\":[\"Pol\u00edtica\"],\"inLanguage\":\"pt-BR\",\"potentialAction\":[{\"@type\":\"CommentAction\",\"name\":\"Comment\",\"target\":[\"https:\/\/jornaltimoneiro.com.br\/index.php\/2024\/04\/02\/jairo-jorge-prefeito-de-canoas-retoma-o-mandato-e-e-recebido-por-mais-de-150-pessoas\/#respond\"]}]},{\"@type\":\"WebPage\",\"@id\":\"https:\/\/jornaltimoneiro.com.br\/index.php\/2024\/04\/02\/jairo-jorge-prefeito-de-canoas-retoma-o-mandato-e-e-recebido-por-mais-de-150-pessoas\/\",\"url\":\"https:\/\/jornaltimoneiro.com.br\/index.php\/2024\/04\/02\/jairo-jorge-prefeito-de-canoas-retoma-o-mandato-e-e-recebido-por-mais-de-150-pessoas\/\",\"name\":\"JAIRO JORGE: prefeito de Canoas retoma o mandato e \u00e9 recebido por mais de 150 pessoas - O Timoneiro Jornal Canoas RS\",\"isPartOf\":{\"@id\":\"https:\/\/jornaltimoneiro.com.br\/#website\"},\"datePublished\":\"2024-04-02T22:58:02+00:00\",\"dateModified\":\"2024-04-02T23:14:07+00:00\",\"breadcrumb\":{\"@id\":\"https:\/\/jornaltimoneiro.com.br\/index.php\/2024\/04\/02\/jairo-jorge-prefeito-de-canoas-retoma-o-mandato-e-e-recebido-por-mais-de-150-pessoas\/#breadcrumb\"},\"inLanguage\":\"pt-BR\",\"potentialAction\":[{\"@type\":\"ReadAction\",\"target\":[\"https:\/\/jornaltimoneiro.com.br\/index.php\/2024\/04\/02\/jairo-jorge-prefeito-de-canoas-retoma-o-mandato-e-e-recebido-por-mais-de-150-pessoas\/\"]}]},{\"@type\":\"BreadcrumbList\",\"@id\":\"https:\/\/jornaltimoneiro.com.br\/index.php\/2024\/04\/02\/jairo-jorge-prefeito-de-canoas-retoma-o-mandato-e-e-recebido-por-mais-de-150-pessoas\/#breadcrumb\",\"itemListElement\":[{\"@type\":\"ListItem\",\"position\":1,\"name\":\"In\u00edcio\",\"item\":\"https:\/\/jornaltimoneiro.com.br\/\"},{\"@type\":\"ListItem\",\"position\":2,\"name\":\"JAIRO JORGE: prefeito de Canoas retoma o mandato e \u00e9 recebido por mais de 150 pessoas\"}]},{\"@type\":\"WebSite\",\"@id\":\"https:\/\/jornaltimoneiro.com.br\/#website\",\"url\":\"https:\/\/jornaltimoneiro.com.br\/\",\"name\":\"Jornal Timoneiro Canoas RS\",\"description\":\"Jornal O Timoneiro, o verdadeiro jornal de Canoas\",\"publisher\":{\"@id\":\"https:\/\/jornaltimoneiro.com.br\/#organization\"},\"potentialAction\":[{\"@type\":\"SearchAction\",\"target\":{\"@type\":\"EntryPoint\",\"urlTemplate\":\"https:\/\/jornaltimoneiro.com.br\/?s={search_term_string}\"},\"query-input\":\"required name=search_term_string\"}],\"inLanguage\":\"pt-BR\"},{\"@type\":\"Organization\",\"@id\":\"https:\/\/jornaltimoneiro.com.br\/#organization\",\"name\":\"Jornal Timoneiro Canoas RS\",\"url\":\"https:\/\/jornaltimoneiro.com.br\/\",\"logo\":{\"@type\":\"ImageObject\",\"inLanguage\":\"pt-BR\",\"@id\":\"https:\/\/jornaltimoneiro.com.br\/#\/schema\/logo\/image\/\",\"url\":\"https:\/\/jornaltimoneiro.com.br\/wp-content\/uploads\/2023\/03\/logonovo.png\",\"contentUrl\":\"https:\/\/jornaltimoneiro.com.br\/wp-content\/uploads\/2023\/03\/logonovo.png\",\"width\":\"469\",\"height\":\"171\",\"caption\":\"Jornal Timoneiro Canoas RS\"},\"image\":{\"@id\":\"https:\/\/jornaltimoneiro.com.br\/#\/schema\/logo\/image\/\"},\"sameAs\":[\"https:\/\/www.facebook.com\/jornaltimoneiro\",\"https:\/\/twitter.com\/_OTimoneiro\",\"https:\/\/www.instagram.com\/jornaltimoneirocanoas\/\",\"https:\/\/www.youtube.com\/@jornalotimoneiro7927\"]},{\"@type\":\"Person\",\"@id\":\"https:\/\/jornaltimoneiro.com.br\/#\/schema\/person\/f63482f1a02b1a9592707865e509ab40\",\"name\":\"Reda\u00e7\u00e3o\",\"image\":{\"@type\":\"ImageObject\",\"inLanguage\":\"pt-BR\",\"@id\":\"https:\/\/jornaltimoneiro.com.br\/#\/schema\/person\/image\/\",\"url\":\"https:\/\/jornaltimoneiro.com.br\/wp-content\/uploads\/2023\/03\/download.jpeg\",\"contentUrl\":\"https:\/\/jornaltimoneiro.com.br\/wp-content\/uploads\/2023\/03\/download.jpeg\",\"caption\":\"Reda\u00e7\u00e3o\"},\"url\":\"https:\/\/jornaltimoneiro.com.br\/index.php\/author\/simone-dutra\/\"}]}<\/script>\n<!-- \/ Yoast SEO plugin. -->","yoast_head_json":{"title":"JAIRO JORGE: prefeito de Canoas retoma o mandato e \u00e9 recebido por mais de 150 pessoas - O Timoneiro Jornal Canoas RS","robots":{"index":"index","follow":"follow","max-snippet":"max-snippet:-1","max-image-preview":"max-image-preview:large","max-video-preview":"max-video-preview:-1"},"canonical":"https:\/\/jornaltimoneiro.com.br\/index.php\/2024\/04\/02\/jairo-jorge-prefeito-de-canoas-retoma-o-mandato-e-e-recebido-por-mais-de-150-pessoas\/","og_locale":"pt_BR","og_type":"article","og_title":"JAIRO JORGE: prefeito de Canoas retoma o mandato e \u00e9 recebido por mais de 150 pessoas - O Timoneiro Jornal Canoas RS","og_description":"O prefeito eleito de Canoas, Jairo Jorge, retornou ao cargo no come\u00e7o da noite desta ter\u00e7a-feira, 2. O pol\u00edtico teve abreviada seu afastamento, por 180 dias, pela 6\u00aa turma do Superior Tribunal de Justi\u00e7a, no come\u00e7o da tarde, em Bras\u00edlia. Os magistrados decidiram por unanimidade derrubar a decis\u00e3o cautelar de 23 de novembro de 2023 [&hellip;]","og_url":"https:\/\/jornaltimoneiro.com.br\/index.php\/2024\/04\/02\/jairo-jorge-prefeito-de-canoas-retoma-o-mandato-e-e-recebido-por-mais-de-150-pessoas\/","og_site_name":"O Timoneiro Jornal Canoas RS","article_publisher":"https:\/\/www.facebook.com\/jornaltimoneiro","article_published_time":"2024-04-02T22:58:02+00:00","article_modified_time":"2024-04-02T23:14:07+00:00","og_image":[{"width":"2560","height":"1440","url":"https:\/\/jornaltimoneiro.com.br\/wp-content\/uploads\/2024\/04\/WhatsApp-Image-2024-04-02-at-6.46.14-PM-scaled.jpeg","type":"image\/jpeg"}],"author":"Reda\u00e7\u00e3o","twitter_card":"summary_large_image","twitter_creator":"@_OTimoneiro","twitter_site":"@_OTimoneiro","twitter_misc":{"Escrito por":"Reda\u00e7\u00e3o","Est. tempo de leitura":"2 minutos"},"schema":{"@context":"https:\/\/schema.org","@graph":[{"@type":"Article","@id":"https:\/\/jornaltimoneiro.com.br\/index.php\/2024\/04\/02\/jairo-jorge-prefeito-de-canoas-retoma-o-mandato-e-e-recebido-por-mais-de-150-pessoas\/#article","isPartOf":{"@id":"https:\/\/jornaltimoneiro.com.br\/index.php\/2024\/04\/02\/jairo-jorge-prefeito-de-canoas-retoma-o-mandato-e-e-recebido-por-mais-de-150-pessoas\/"},"author":{"name":"Reda\u00e7\u00e3o","@id":"https:\/\/jornaltimoneiro.com.br\/#\/schema\/person\/f63482f1a02b1a9592707865e509ab40"},"headline":"JAIRO JORGE: prefeito de Canoas retoma o mandato e \u00e9 recebido por mais de 150 pessoas","datePublished":"2024-04-02T22:58:02+00:00","dateModified":"2024-04-02T23:14:07+00:00","mainEntityOfPage":{"@id":"https:\/\/jornaltimoneiro.com.br\/index.php\/2024\/04\/02\/jairo-jorge-prefeito-de-canoas-retoma-o-mandato-e-e-recebido-por-mais-de-150-pessoas\/"},"wordCount":277,"commentCount":0,"publisher":{"@id":"https:\/\/jornaltimoneiro.com.br\/#organization"},"keywords":["cargo","featured","Jairo Jorge","justi\u00e7a","prefeito"],"articleSection":["Pol\u00edtica"],"inLanguage":"pt-BR","potentialAction":[{"@type":"CommentAction","name":"Comment","target":["https:\/\/jornaltimoneiro.com.br\/index.php\/2024\/04\/02\/jairo-jorge-prefeito-de-canoas-retoma-o-mandato-e-e-recebido-por-mais-de-150-pessoas\/#respond"]}]},{"@type":"WebPage","@id":"https:\/\/jornaltimoneiro.com.br\/index.php\/2024\/04\/02\/jairo-jorge-prefeito-de-canoas-retoma-o-mandato-e-e-recebido-por-mais-de-150-pessoas\/","url":"https:\/\/jornaltimoneiro.com.br\/index.php\/2024\/04\/02\/jairo-jorge-prefeito-de-canoas-retoma-o-mandato-e-e-recebido-por-mais-de-150-pessoas\/","name":"JAIRO JORGE: prefeito de Canoas retoma o mandato e \u00e9 recebido por mais de 150 pessoas - O Timoneiro Jornal Canoas RS","isPartOf":{"@id":"https:\/\/jornaltimoneiro.com.br\/#website"},"datePublished":"2024-04-02T22:58:02+00:00","dateModified":"2024-04-02T23:14:07+00:00","breadcrumb":{"@id":"https:\/\/jornaltimoneiro.com.br\/index.php\/2024\/04\/02\/jairo-jorge-prefeito-de-canoas-retoma-o-mandato-e-e-recebido-por-mais-de-150-pessoas\/#breadcrumb"},"inLanguage":"pt-BR","potentialAction":[{"@type":"ReadAction","target":["https:\/\/jornaltimoneiro.com.br\/index.php\/2024\/04\/02\/jairo-jorge-prefeito-de-canoas-retoma-o-mandato-e-e-recebido-por-mais-de-150-pessoas\/"]}]},{"@type":"BreadcrumbList","@id":"https:\/\/jornaltimoneiro.com.br\/index.php\/2024\/04\/02\/jairo-jorge-prefeito-de-canoas-retoma-o-mandato-e-e-recebido-por-mais-de-150-pessoas\/#breadcrumb","itemListElement":[{"@type":"ListItem","position":1,"name":"In\u00edcio","item":"https:\/\/jornaltimoneiro.com.br\/"},{"@type":"ListItem","position":2,"name":"JAIRO JORGE: prefeito de Canoas retoma o mandato e \u00e9 recebido por mais de 150 pessoas"}]},{"@type":"WebSite","@id":"https:\/\/jornaltimoneiro.com.br\/#website","url":"https:\/\/jornaltimoneiro.com.br\/","name":"Jornal Timoneiro Canoas RS","description":"Jornal O Timoneiro, o verdadeiro jornal de Canoas","publisher":{"@id":"https:\/\/jornaltimoneiro.com.br\/#organization"},"potentialAction":[{"@type":"SearchAction","target":{"@type":"EntryPoint","urlTemplate":"https:\/\/jornaltimoneiro.com.br\/?s={search_term_string}"},"query-input":"required name=search_term_string"}],"inLanguage":"pt-BR"},{"@type":"Organization","@id":"https:\/\/jornaltimoneiro.com.br\/#organization","name":"Jornal Timoneiro Canoas RS","url":"https:\/\/jornaltimoneiro.com.br\/","logo":{"@type":"ImageObject","inLanguage":"pt-BR","@id":"https:\/\/jornaltimoneiro.com.br\/#\/schema\/logo\/image\/","url":"https:\/\/jornaltimoneiro.com.br\/wp-content\/uploads\/2023\/03\/logonovo.png","contentUrl":"https:\/\/jornaltimoneiro.com.br\/wp-content\/uploads\/2023\/03\/logonovo.png","width":"469","height":"171","caption":"Jornal Timoneiro Canoas RS"},"image":{"@id":"https:\/\/jornaltimoneiro.com.br\/#\/schema\/logo\/image\/"},"sameAs":["https:\/\/www.facebook.com\/jornaltimoneiro","https:\/\/twitter.com\/_OTimoneiro","https:\/\/www.instagram.com\/jornaltimoneirocanoas\/","https:\/\/www.youtube.com\/@jornalotimoneiro7927"]},{"@type":"Person","@id":"https:\/\/jornaltimoneiro.com.br\/#\/schema\/person\/f63482f1a02b1a9592707865e509ab40","name":"Reda\u00e7\u00e3o","image":{"@type":"ImageObject","inLanguage":"pt-BR","@id":"https:\/\/jornaltimoneiro.com.br\/#\/schema\/person\/image\/","url":"https:\/\/jornaltimoneiro.com.br\/wp-content\/uploads\/2023\/03\/download.jpeg","contentUrl":"https:\/\/jornaltimoneiro.com.br\/wp-content\/uploads\/2023\/03\/download.jpeg","caption":"Reda\u00e7\u00e3o"},"url":"https:\/\/jornaltimoneiro.com.br\/index.php\/author\/simone-dutra\/"}]}},"_links":{"self":[{"href":"https:\/\/jornaltimoneiro.com.br\/index.php\/wp-json\/wp\/v2\/posts\/28306"}],"collection":[{"href":"https:\/\/jornaltimoneiro.com.br\/index.php\/wp-json\/wp\/v2\/posts"}],"about":[{"href":"https:\/\/jornaltimoneiro.com.br\/index.php\/wp-json\/wp\/v2\/types\/post"}],"author":[{"embeddable":true,"href":"https:\/\/jornaltimoneiro.com.br\/index.php\/wp-json\/wp\/v2\/users\/2"}],"replies":[{"embeddable":true,"href":"https:\/\/jornaltimoneiro.com.br\/index.php\/wp-json\/wp\/v2\/comments?post=28306"}],"version-history":[{"count":3,"href":"https:\/\/jornaltimoneiro.com.br\/index.php\/wp-json\/wp\/v2\/posts\/28306\/revisions"}],"predecessor-version":[{"id":28312,"href":"https:\/\/jornaltimoneiro.com.br\/index.php\/wp-json\/wp\/v2\/posts\/28306\/revisions\/28312"}],"wp:featuredmedia":[{"embeddable":true,"href":"https:\/\/jornaltimoneiro.com.br\/index.php\/wp-json\/wp\/v2\/media\/28307"}],"wp:attachment":[{"href":"https:\/\/jornaltimoneiro.com.br\/index.php\/wp-json\/wp\/v2\/media?parent=28306"}],"wp:term":[{"taxonomy":"category","embeddable":true,"href":"https:\/\/jornaltimoneiro.com.br\/index.php\/wp-json\/wp\/v2\/categories?post=28306"},{"taxonomy":"post_tag","embeddable":true,"href":"https:\/\/jornaltimoneiro.com.br\/index.php\/wp-json\/wp\/v2\/tags?post=28306"}],"curies":[{"name":"wp","href":"https:\/\/api.w.org\/{rel}","templated":true}]}}