{"id":28258,"date":"2024-04-02T11:39:04","date_gmt":"2024-04-02T14:39:04","guid":{"rendered":"https:\/\/jornaltimoneiro.com.br\/?p=28258"},"modified":"2024-04-02T11:39:04","modified_gmt":"2024-04-02T14:39:04","slug":"presenca-de-deputados-bibo-nunes-e-luiz-carlos-busato-marcam-filiacoes-em-canoas","status":"publish","type":"post","link":"https:\/\/jornaltimoneiro.com.br\/index.php\/2024\/04\/02\/presenca-de-deputados-bibo-nunes-e-luiz-carlos-busato-marcam-filiacoes-em-canoas\/","title":{"rendered":"Presen\u00e7a de deputados Bibo Nunes e Luiz Carlos Busato marcam filia\u00e7\u00f5es em Canoas"},"content":{"rendered":"<p>Na sess\u00e3o realizada nesta ter\u00e7a-feira, os vereadores Airton Souza e Eric Douglas formalizaram suas filia\u00e7\u00f5es ao PL e ao Uni\u00e3o Brasil, respectivamente. O evento contou com a presen\u00e7a dos deputados federais Bibo Nunes (PL) e Luiz Carlos Busato (Uni\u00e3o Brasil).<\/p>\n<div id=\"attachment_28263\" style=\"width: 710px\" class=\"wp-caption alignnone\"><img decoding=\"async\" aria-describedby=\"caption-attachment-28263\" class=\"wp-image-28263 size-full\" src=\"https:\/\/jornaltimoneiro.com.br\/wp-content\/uploads\/2024\/04\/IMG_0640.jpg\" alt=\"Presen\u00e7a de deputados Bibo Nunes e Luiz Carlos Busato marcam filia\u00e7\u00f5es em Canoas - Foto: Bruna Ourique\" width=\"700\" height=\"466\" srcset=\"https:\/\/jornaltimoneiro.com.br\/wp-content\/uploads\/2024\/04\/IMG_0640.jpg 700w, https:\/\/jornaltimoneiro.com.br\/wp-content\/uploads\/2024\/04\/IMG_0640-300x200.jpg 300w\" sizes=\"(max-width: 700px) 100vw, 700px\" \/><p id=\"caption-attachment-28263\" class=\"wp-caption-text\">Deputado Federal Bibo Nunes- Foto: Bruna Ourique<\/p><\/div>\n<p>Bibo Nunes mencionou seu hist\u00f3rico em Canoas, tanto na pol\u00edtica quanto na m\u00eddia, expressou seu profundo apre\u00e7o pela cidade, destacando a filia\u00e7\u00e3o do vereador Airton Souza ao seu partido, descrevendo-o como um democrata educado e humilde.<\/p>\n<div id=\"attachment_28260\" style=\"width: 710px\" class=\"wp-caption alignnone\"><img decoding=\"async\" aria-describedby=\"caption-attachment-28260\" class=\"wp-image-28260 size-full\" src=\"https:\/\/jornaltimoneiro.com.br\/wp-content\/uploads\/2024\/04\/IMG_0639-1.jpg\" alt=\"Presen\u00e7a de deputados Bibo Nunes e Luiz Carlos Busato marcam filia\u00e7\u00f5es em Canoas - Foto: Bruna Ourique\" width=\"700\" height=\"466\" srcset=\"https:\/\/jornaltimoneiro.com.br\/wp-content\/uploads\/2024\/04\/IMG_0639-1.jpg 700w, https:\/\/jornaltimoneiro.com.br\/wp-content\/uploads\/2024\/04\/IMG_0639-1-300x200.jpg 300w\" sizes=\"(max-width: 700px) 100vw, 700px\" \/><p id=\"caption-attachment-28260\" class=\"wp-caption-text\">Vereador Airton Souza &#8211; Foto: Bruna Ourique<\/p><\/div>\n<p>Ele tamb\u00e9m convidou outros vereadores a considerarem o PL como sua futura sigla partid\u00e1ria e afirmou ter, no PL, uma nominata &#8220;excelente&#8221;.<\/p>\n<p>Luiz Carlos Busato recordou sua experi\u00eancia como funcion\u00e1rio p\u00fablico e abordou a relev\u00e2ncia das elei\u00e7\u00f5es municipais para Canoas.<\/p>\n<div id=\"attachment_28262\" style=\"width: 710px\" class=\"wp-caption alignnone\"><img decoding=\"async\" aria-describedby=\"caption-attachment-28262\" class=\"wp-image-28262 size-full\" src=\"https:\/\/jornaltimoneiro.com.br\/wp-content\/uploads\/2024\/04\/IMG_0638.jpg\" alt=\"Presen\u00e7a de deputados Bibo Nunes e Luiz Carlos Busato marcam filia\u00e7\u00f5es em Canoas - Foto: Bruna Ourique\" width=\"700\" height=\"466\" srcset=\"https:\/\/jornaltimoneiro.com.br\/wp-content\/uploads\/2024\/04\/IMG_0638.jpg 700w, https:\/\/jornaltimoneiro.com.br\/wp-content\/uploads\/2024\/04\/IMG_0638-300x200.jpg 300w\" sizes=\"(max-width: 700px) 100vw, 700px\" \/><p id=\"caption-attachment-28262\" class=\"wp-caption-text\">Deputado Federal Luiz Carlos Busato &#8211; Foto: Bruna Ourique<\/p><\/div>\n<p>Ele celebrou a entrada de Eric Douglas no Uni\u00e3o Brasil, destacando a colabora\u00e7\u00e3o anterior entre ambos na secretaria de obras do estado do RS e a import\u00e2ncia de agregar experi\u00eancias ao partido.<\/p>\n<div id=\"attachment_28261\" style=\"width: 710px\" class=\"wp-caption alignnone\"><img decoding=\"async\" aria-describedby=\"caption-attachment-28261\" class=\"wp-image-28261 size-full\" src=\"https:\/\/jornaltimoneiro.com.br\/wp-content\/uploads\/2024\/04\/IMG_0637.jpg\" alt=\"Presen\u00e7a de deputados Bibo Nunes e Luiz Carlos Busato marcam filia\u00e7\u00f5es em Canoas - Foto: Bruna Ourique\" width=\"700\" height=\"466\" srcset=\"https:\/\/jornaltimoneiro.com.br\/wp-content\/uploads\/2024\/04\/IMG_0637.jpg 700w, https:\/\/jornaltimoneiro.com.br\/wp-content\/uploads\/2024\/04\/IMG_0637-300x200.jpg 300w\" sizes=\"(max-width: 700px) 100vw, 700px\" \/><p id=\"caption-attachment-28261\" class=\"wp-caption-text\">Vereador Eric Douglas &#8211; Foto: Bruna Ourique<\/p><\/div>\n","protected":false},"excerpt":{"rendered":"<p>Na sess\u00e3o realizada nesta ter\u00e7a-feira, os vereadores Airton Souza e Eric Douglas formalizaram suas filia\u00e7\u00f5es ao PL e ao Uni\u00e3o Brasil, respectivamente. O evento contou com a presen\u00e7a dos deputados federais Bibo Nunes (PL) e Luiz Carlos Busato (Uni\u00e3o Brasil). Bibo Nunes mencionou seu hist\u00f3rico em Canoas, tanto na pol\u00edtica quanto na m\u00eddia, expressou seu [&hellip;]<\/p>\n","protected":false},"author":2,"featured_media":28259,"comment_status":"open","ping_status":"open","sticky":false,"template":"","format":"standard","meta":{"amp_status":"","footnotes":""},"categories":[20],"tags":[2209,47,104,31,708,126,213,80],"class_list":["post-28258","post","type-post","status-publish","format-standard","has-post-thumbnail","hentry","category-politica-noticias","tag-bibo-nunes","tag-busato","tag-camara-de-vereadores","tag-canoas","tag-eleicoes-2024","tag-politica","tag-rio-grande-do-sul","tag-rs"],"yoast_head":"<!-- This site is optimized with the Yoast SEO plugin v20.5 - https:\/\/yoast.com\/wordpress\/plugins\/seo\/ -->\n<title>Presen\u00e7a de deputados Bibo Nunes e Luiz Carlos Busato marcam filia\u00e7\u00f5es em Canoas - O Timoneiro Jornal Canoas RS<\/title>\n<meta name=\"description\" content=\"Presen\u00e7a de deputados Bibo Nunes e Luiz Carlos Busato marcam filia\u00e7\u00f5es em Canoas pol\u00edtica c\u00e2mara de vereadores rio grande do sul elei\u00e7\u00f5es RS\" \/>\n<meta name=\"robots\" content=\"index, follow, max-snippet:-1, max-image-preview:large, max-video-preview:-1\" \/>\n<link rel=\"canonical\" href=\"https:\/\/jornaltimoneiro.com.br\/index.php\/2024\/04\/02\/presenca-de-deputados-bibo-nunes-e-luiz-carlos-busato-marcam-filiacoes-em-canoas\/\" \/>\n<meta property=\"og:locale\" content=\"pt_BR\" \/>\n<meta property=\"og:type\" content=\"article\" \/>\n<meta property=\"og:title\" content=\"Presen\u00e7a de deputados Bibo Nunes e Luiz Carlos Busato marcam filia\u00e7\u00f5es em Canoas - O Timoneiro Jornal Canoas RS\" \/>\n<meta property=\"og:description\" content=\"Presen\u00e7a de deputados Bibo Nunes e Luiz Carlos Busato marcam filia\u00e7\u00f5es em Canoas pol\u00edtica c\u00e2mara de vereadores rio grande do sul elei\u00e7\u00f5es RS\" \/>\n<meta property=\"og:url\" content=\"https:\/\/jornaltimoneiro.com.br\/index.php\/2024\/04\/02\/presenca-de-deputados-bibo-nunes-e-luiz-carlos-busato-marcam-filiacoes-em-canoas\/\" \/>\n<meta property=\"og:site_name\" content=\"O Timoneiro Jornal Canoas RS\" \/>\n<meta property=\"article:publisher\" content=\"https:\/\/www.facebook.com\/jornaltimoneiro\" \/>\n<meta property=\"article:published_time\" content=\"2024-04-02T14:39:04+00:00\" \/>\n<meta property=\"og:image\" content=\"https:\/\/jornaltimoneiro.com.br\/wp-content\/uploads\/2024\/04\/IMG_0636.jpg\" \/>\n\t<meta property=\"og:image:width\" content=\"858\" \/>\n\t<meta property=\"og:image:height\" content=\"648\" \/>\n\t<meta property=\"og:image:type\" content=\"image\/jpeg\" \/>\n<meta name=\"author\" content=\"Reda\u00e7\u00e3o\" \/>\n<meta name=\"twitter:card\" content=\"summary_large_image\" \/>\n<meta name=\"twitter:creator\" content=\"@_OTimoneiro\" \/>\n<meta name=\"twitter:site\" content=\"@_OTimoneiro\" \/>\n<meta name=\"twitter:label1\" content=\"Escrito por\" \/>\n\t<meta name=\"twitter:data1\" content=\"Reda\u00e7\u00e3o\" \/>\n\t<meta name=\"twitter:label2\" content=\"Est. tempo de leitura\" \/>\n\t<meta name=\"twitter:data2\" content=\"2 minutos\" \/>\n<script type=\"application\/ld+json\" class=\"yoast-schema-graph\">{\"@context\":\"https:\/\/schema.org\",\"@graph\":[{\"@type\":\"Article\",\"@id\":\"https:\/\/jornaltimoneiro.com.br\/index.php\/2024\/04\/02\/presenca-de-deputados-bibo-nunes-e-luiz-carlos-busato-marcam-filiacoes-em-canoas\/#article\",\"isPartOf\":{\"@id\":\"https:\/\/jornaltimoneiro.com.br\/index.php\/2024\/04\/02\/presenca-de-deputados-bibo-nunes-e-luiz-carlos-busato-marcam-filiacoes-em-canoas\/\"},\"author\":{\"name\":\"Reda\u00e7\u00e3o\",\"@id\":\"https:\/\/jornaltimoneiro.com.br\/#\/schema\/person\/f63482f1a02b1a9592707865e509ab40\"},\"headline\":\"Presen\u00e7a de deputados Bibo Nunes e Luiz Carlos Busato marcam filia\u00e7\u00f5es em Canoas\",\"datePublished\":\"2024-04-02T14:39:04+00:00\",\"dateModified\":\"2024-04-02T14:39:04+00:00\",\"mainEntityOfPage\":{\"@id\":\"https:\/\/jornaltimoneiro.com.br\/index.php\/2024\/04\/02\/presenca-de-deputados-bibo-nunes-e-luiz-carlos-busato-marcam-filiacoes-em-canoas\/\"},\"wordCount\":243,\"commentCount\":0,\"publisher\":{\"@id\":\"https:\/\/jornaltimoneiro.com.br\/#organization\"},\"keywords\":[\"bibo nunes\",\"Busato\",\"C\u00e2mara de Vereadores\",\"canoas\",\"elei\u00e7\u00f5es 2024\",\"Pol\u00edtica\",\"rio grande do sul\",\"RS\"],\"articleSection\":[\"Pol\u00edtica\"],\"inLanguage\":\"pt-BR\",\"potentialAction\":[{\"@type\":\"CommentAction\",\"name\":\"Comment\",\"target\":[\"https:\/\/jornaltimoneiro.com.br\/index.php\/2024\/04\/02\/presenca-de-deputados-bibo-nunes-e-luiz-carlos-busato-marcam-filiacoes-em-canoas\/#respond\"]}]},{\"@type\":\"WebPage\",\"@id\":\"https:\/\/jornaltimoneiro.com.br\/index.php\/2024\/04\/02\/presenca-de-deputados-bibo-nunes-e-luiz-carlos-busato-marcam-filiacoes-em-canoas\/\",\"url\":\"https:\/\/jornaltimoneiro.com.br\/index.php\/2024\/04\/02\/presenca-de-deputados-bibo-nunes-e-luiz-carlos-busato-marcam-filiacoes-em-canoas\/\",\"name\":\"Presen\u00e7a de deputados Bibo Nunes e Luiz Carlos Busato marcam filia\u00e7\u00f5es em Canoas - O Timoneiro Jornal Canoas RS\",\"isPartOf\":{\"@id\":\"https:\/\/jornaltimoneiro.com.br\/#website\"},\"datePublished\":\"2024-04-02T14:39:04+00:00\",\"dateModified\":\"2024-04-02T14:39:04+00:00\",\"description\":\"Presen\u00e7a de deputados Bibo Nunes e Luiz Carlos Busato marcam filia\u00e7\u00f5es em Canoas pol\u00edtica c\u00e2mara de vereadores rio grande do sul elei\u00e7\u00f5es RS\",\"breadcrumb\":{\"@id\":\"https:\/\/jornaltimoneiro.com.br\/index.php\/2024\/04\/02\/presenca-de-deputados-bibo-nunes-e-luiz-carlos-busato-marcam-filiacoes-em-canoas\/#breadcrumb\"},\"inLanguage\":\"pt-BR\",\"potentialAction\":[{\"@type\":\"ReadAction\",\"target\":[\"https:\/\/jornaltimoneiro.com.br\/index.php\/2024\/04\/02\/presenca-de-deputados-bibo-nunes-e-luiz-carlos-busato-marcam-filiacoes-em-canoas\/\"]}]},{\"@type\":\"BreadcrumbList\",\"@id\":\"https:\/\/jornaltimoneiro.com.br\/index.php\/2024\/04\/02\/presenca-de-deputados-bibo-nunes-e-luiz-carlos-busato-marcam-filiacoes-em-canoas\/#breadcrumb\",\"itemListElement\":[{\"@type\":\"ListItem\",\"position\":1,\"name\":\"In\u00edcio\",\"item\":\"https:\/\/jornaltimoneiro.com.br\/\"},{\"@type\":\"ListItem\",\"position\":2,\"name\":\"Presen\u00e7a de deputados Bibo Nunes e Luiz Carlos Busato marcam filia\u00e7\u00f5es em Canoas\"}]},{\"@type\":\"WebSite\",\"@id\":\"https:\/\/jornaltimoneiro.com.br\/#website\",\"url\":\"https:\/\/jornaltimoneiro.com.br\/\",\"name\":\"Jornal Timoneiro Canoas RS\",\"description\":\"Jornal O Timoneiro, o verdadeiro jornal de Canoas\",\"publisher\":{\"@id\":\"https:\/\/jornaltimoneiro.com.br\/#organization\"},\"potentialAction\":[{\"@type\":\"SearchAction\",\"target\":{\"@type\":\"EntryPoint\",\"urlTemplate\":\"https:\/\/jornaltimoneiro.com.br\/?s={search_term_string}\"},\"query-input\":\"required name=search_term_string\"}],\"inLanguage\":\"pt-BR\"},{\"@type\":\"Organization\",\"@id\":\"https:\/\/jornaltimoneiro.com.br\/#organization\",\"name\":\"Jornal Timoneiro Canoas RS\",\"url\":\"https:\/\/jornaltimoneiro.com.br\/\",\"logo\":{\"@type\":\"ImageObject\",\"inLanguage\":\"pt-BR\",\"@id\":\"https:\/\/jornaltimoneiro.com.br\/#\/schema\/logo\/image\/\",\"url\":\"https:\/\/jornaltimoneiro.com.br\/wp-content\/uploads\/2023\/03\/logonovo.png\",\"contentUrl\":\"https:\/\/jornaltimoneiro.com.br\/wp-content\/uploads\/2023\/03\/logonovo.png\",\"width\":\"469\",\"height\":\"171\",\"caption\":\"Jornal Timoneiro Canoas RS\"},\"image\":{\"@id\":\"https:\/\/jornaltimoneiro.com.br\/#\/schema\/logo\/image\/\"},\"sameAs\":[\"https:\/\/www.facebook.com\/jornaltimoneiro\",\"https:\/\/twitter.com\/_OTimoneiro\",\"https:\/\/www.instagram.com\/jornaltimoneirocanoas\/\",\"https:\/\/www.youtube.com\/@jornalotimoneiro7927\"]},{\"@type\":\"Person\",\"@id\":\"https:\/\/jornaltimoneiro.com.br\/#\/schema\/person\/f63482f1a02b1a9592707865e509ab40\",\"name\":\"Reda\u00e7\u00e3o\",\"image\":{\"@type\":\"ImageObject\",\"inLanguage\":\"pt-BR\",\"@id\":\"https:\/\/jornaltimoneiro.com.br\/#\/schema\/person\/image\/\",\"url\":\"https:\/\/jornaltimoneiro.com.br\/wp-content\/uploads\/2023\/03\/download.jpeg\",\"contentUrl\":\"https:\/\/jornaltimoneiro.com.br\/wp-content\/uploads\/2023\/03\/download.jpeg\",\"caption\":\"Reda\u00e7\u00e3o\"},\"url\":\"https:\/\/jornaltimoneiro.com.br\/index.php\/author\/simone-dutra\/\"}]}<\/script>\n<!-- \/ Yoast SEO plugin. -->","yoast_head_json":{"title":"Presen\u00e7a de deputados Bibo Nunes e Luiz Carlos Busato marcam filia\u00e7\u00f5es em Canoas - O Timoneiro Jornal Canoas RS","description":"Presen\u00e7a de deputados Bibo Nunes e Luiz Carlos Busato marcam filia\u00e7\u00f5es em Canoas pol\u00edtica c\u00e2mara de vereadores rio grande do sul elei\u00e7\u00f5es RS","robots":{"index":"index","follow":"follow","max-snippet":"max-snippet:-1","max-image-preview":"max-image-preview:large","max-video-preview":"max-video-preview:-1"},"canonical":"https:\/\/jornaltimoneiro.com.br\/index.php\/2024\/04\/02\/presenca-de-deputados-bibo-nunes-e-luiz-carlos-busato-marcam-filiacoes-em-canoas\/","og_locale":"pt_BR","og_type":"article","og_title":"Presen\u00e7a de deputados Bibo Nunes e Luiz Carlos Busato marcam filia\u00e7\u00f5es em Canoas - O Timoneiro Jornal Canoas RS","og_description":"Presen\u00e7a de deputados Bibo Nunes e Luiz Carlos Busato marcam filia\u00e7\u00f5es em Canoas pol\u00edtica c\u00e2mara de vereadores rio grande do sul elei\u00e7\u00f5es RS","og_url":"https:\/\/jornaltimoneiro.com.br\/index.php\/2024\/04\/02\/presenca-de-deputados-bibo-nunes-e-luiz-carlos-busato-marcam-filiacoes-em-canoas\/","og_site_name":"O Timoneiro Jornal Canoas RS","article_publisher":"https:\/\/www.facebook.com\/jornaltimoneiro","article_published_time":"2024-04-02T14:39:04+00:00","og_image":[{"width":"858","height":"648","url":"https:\/\/jornaltimoneiro.com.br\/wp-content\/uploads\/2024\/04\/IMG_0636.jpg","type":"image\/jpeg"}],"author":"Reda\u00e7\u00e3o","twitter_card":"summary_large_image","twitter_creator":"@_OTimoneiro","twitter_site":"@_OTimoneiro","twitter_misc":{"Escrito por":"Reda\u00e7\u00e3o","Est. tempo de leitura":"2 minutos"},"schema":{"@context":"https:\/\/schema.org","@graph":[{"@type":"Article","@id":"https:\/\/jornaltimoneiro.com.br\/index.php\/2024\/04\/02\/presenca-de-deputados-bibo-nunes-e-luiz-carlos-busato-marcam-filiacoes-em-canoas\/#article","isPartOf":{"@id":"https:\/\/jornaltimoneiro.com.br\/index.php\/2024\/04\/02\/presenca-de-deputados-bibo-nunes-e-luiz-carlos-busato-marcam-filiacoes-em-canoas\/"},"author":{"name":"Reda\u00e7\u00e3o","@id":"https:\/\/jornaltimoneiro.com.br\/#\/schema\/person\/f63482f1a02b1a9592707865e509ab40"},"headline":"Presen\u00e7a de deputados Bibo Nunes e Luiz Carlos Busato marcam filia\u00e7\u00f5es em Canoas","datePublished":"2024-04-02T14:39:04+00:00","dateModified":"2024-04-02T14:39:04+00:00","mainEntityOfPage":{"@id":"https:\/\/jornaltimoneiro.com.br\/index.php\/2024\/04\/02\/presenca-de-deputados-bibo-nunes-e-luiz-carlos-busato-marcam-filiacoes-em-canoas\/"},"wordCount":243,"commentCount":0,"publisher":{"@id":"https:\/\/jornaltimoneiro.com.br\/#organization"},"keywords":["bibo nunes","Busato","C\u00e2mara de Vereadores","canoas","elei\u00e7\u00f5es 2024","Pol\u00edtica","rio grande do sul","RS"],"articleSection":["Pol\u00edtica"],"inLanguage":"pt-BR","potentialAction":[{"@type":"CommentAction","name":"Comment","target":["https:\/\/jornaltimoneiro.com.br\/index.php\/2024\/04\/02\/presenca-de-deputados-bibo-nunes-e-luiz-carlos-busato-marcam-filiacoes-em-canoas\/#respond"]}]},{"@type":"WebPage","@id":"https:\/\/jornaltimoneiro.com.br\/index.php\/2024\/04\/02\/presenca-de-deputados-bibo-nunes-e-luiz-carlos-busato-marcam-filiacoes-em-canoas\/","url":"https:\/\/jornaltimoneiro.com.br\/index.php\/2024\/04\/02\/presenca-de-deputados-bibo-nunes-e-luiz-carlos-busato-marcam-filiacoes-em-canoas\/","name":"Presen\u00e7a de deputados Bibo Nunes e Luiz Carlos Busato marcam filia\u00e7\u00f5es em Canoas - O Timoneiro Jornal Canoas RS","isPartOf":{"@id":"https:\/\/jornaltimoneiro.com.br\/#website"},"datePublished":"2024-04-02T14:39:04+00:00","dateModified":"2024-04-02T14:39:04+00:00","description":"Presen\u00e7a de deputados Bibo Nunes e Luiz Carlos Busato marcam filia\u00e7\u00f5es em Canoas pol\u00edtica c\u00e2mara de vereadores rio grande do sul elei\u00e7\u00f5es RS","breadcrumb":{"@id":"https:\/\/jornaltimoneiro.com.br\/index.php\/2024\/04\/02\/presenca-de-deputados-bibo-nunes-e-luiz-carlos-busato-marcam-filiacoes-em-canoas\/#breadcrumb"},"inLanguage":"pt-BR","potentialAction":[{"@type":"ReadAction","target":["https:\/\/jornaltimoneiro.com.br\/index.php\/2024\/04\/02\/presenca-de-deputados-bibo-nunes-e-luiz-carlos-busato-marcam-filiacoes-em-canoas\/"]}]},{"@type":"BreadcrumbList","@id":"https:\/\/jornaltimoneiro.com.br\/index.php\/2024\/04\/02\/presenca-de-deputados-bibo-nunes-e-luiz-carlos-busato-marcam-filiacoes-em-canoas\/#breadcrumb","itemListElement":[{"@type":"ListItem","position":1,"name":"In\u00edcio","item":"https:\/\/jornaltimoneiro.com.br\/"},{"@type":"ListItem","position":2,"name":"Presen\u00e7a de deputados Bibo Nunes e Luiz Carlos Busato marcam filia\u00e7\u00f5es em Canoas"}]},{"@type":"WebSite","@id":"https:\/\/jornaltimoneiro.com.br\/#website","url":"https:\/\/jornaltimoneiro.com.br\/","name":"Jornal Timoneiro Canoas RS","description":"Jornal O Timoneiro, o verdadeiro jornal de Canoas","publisher":{"@id":"https:\/\/jornaltimoneiro.com.br\/#organization"},"potentialAction":[{"@type":"SearchAction","target":{"@type":"EntryPoint","urlTemplate":"https:\/\/jornaltimoneiro.com.br\/?s={search_term_string}"},"query-input":"required name=search_term_string"}],"inLanguage":"pt-BR"},{"@type":"Organization","@id":"https:\/\/jornaltimoneiro.com.br\/#organization","name":"Jornal Timoneiro Canoas RS","url":"https:\/\/jornaltimoneiro.com.br\/","logo":{"@type":"ImageObject","inLanguage":"pt-BR","@id":"https:\/\/jornaltimoneiro.com.br\/#\/schema\/logo\/image\/","url":"https:\/\/jornaltimoneiro.com.br\/wp-content\/uploads\/2023\/03\/logonovo.png","contentUrl":"https:\/\/jornaltimoneiro.com.br\/wp-content\/uploads\/2023\/03\/logonovo.png","width":"469","height":"171","caption":"Jornal Timoneiro Canoas RS"},"image":{"@id":"https:\/\/jornaltimoneiro.com.br\/#\/schema\/logo\/image\/"},"sameAs":["https:\/\/www.facebook.com\/jornaltimoneiro","https:\/\/twitter.com\/_OTimoneiro","https:\/\/www.instagram.com\/jornaltimoneirocanoas\/","https:\/\/www.youtube.com\/@jornalotimoneiro7927"]},{"@type":"Person","@id":"https:\/\/jornaltimoneiro.com.br\/#\/schema\/person\/f63482f1a02b1a9592707865e509ab40","name":"Reda\u00e7\u00e3o","image":{"@type":"ImageObject","inLanguage":"pt-BR","@id":"https:\/\/jornaltimoneiro.com.br\/#\/schema\/person\/image\/","url":"https:\/\/jornaltimoneiro.com.br\/wp-content\/uploads\/2023\/03\/download.jpeg","contentUrl":"https:\/\/jornaltimoneiro.com.br\/wp-content\/uploads\/2023\/03\/download.jpeg","caption":"Reda\u00e7\u00e3o"},"url":"https:\/\/jornaltimoneiro.com.br\/index.php\/author\/simone-dutra\/"}]}},"_links":{"self":[{"href":"https:\/\/jornaltimoneiro.com.br\/index.php\/wp-json\/wp\/v2\/posts\/28258"}],"collection":[{"href":"https:\/\/jornaltimoneiro.com.br\/index.php\/wp-json\/wp\/v2\/posts"}],"about":[{"href":"https:\/\/jornaltimoneiro.com.br\/index.php\/wp-json\/wp\/v2\/types\/post"}],"author":[{"embeddable":true,"href":"https:\/\/jornaltimoneiro.com.br\/index.php\/wp-json\/wp\/v2\/users\/2"}],"replies":[{"embeddable":true,"href":"https:\/\/jornaltimoneiro.com.br\/index.php\/wp-json\/wp\/v2\/comments?post=28258"}],"version-history":[{"count":1,"href":"https:\/\/jornaltimoneiro.com.br\/index.php\/wp-json\/wp\/v2\/posts\/28258\/revisions"}],"predecessor-version":[{"id":28264,"href":"https:\/\/jornaltimoneiro.com.br\/index.php\/wp-json\/wp\/v2\/posts\/28258\/revisions\/28264"}],"wp:featuredmedia":[{"embeddable":true,"href":"https:\/\/jornaltimoneiro.com.br\/index.php\/wp-json\/wp\/v2\/media\/28259"}],"wp:attachment":[{"href":"https:\/\/jornaltimoneiro.com.br\/index.php\/wp-json\/wp\/v2\/media?parent=28258"}],"wp:term":[{"taxonomy":"category","embeddable":true,"href":"https:\/\/jornaltimoneiro.com.br\/index.php\/wp-json\/wp\/v2\/categories?post=28258"},{"taxonomy":"post_tag","embeddable":true,"href":"https:\/\/jornaltimoneiro.com.br\/index.php\/wp-json\/wp\/v2\/tags?post=28258"}],"curies":[{"name":"wp","href":"https:\/\/api.w.org\/{rel}","templated":true}]}}