{"id":282,"date":"2015-06-05T10:43:12","date_gmt":"2015-06-05T13:43:12","guid":{"rendered":"http:\/\/otimoneiro.com.br\/?p=282"},"modified":"2015-06-05T10:43:12","modified_gmt":"2015-06-05T13:43:12","slug":"nossos-bairros-mato-grande-melhor-mas-infraestrutura-ainda-precisa-de-melhorias","status":"publish","type":"post","link":"https:\/\/jornaltimoneiro.com.br\/index.php\/2015\/06\/05\/nossos-bairros-mato-grande-melhor-mas-infraestrutura-ainda-precisa-de-melhorias\/","title":{"rendered":"Nossos bairros: Mato Grande: Melhor, mas infraestrutura  ainda precisa de melhorias"},"content":{"rendered":"<p style=\"text-align: center;\"><strong>Marcelo Griza<\/strong><\/p>\n<p style=\"text-align: justify;\">O bairro Mato Grande experimentou, nos \u00faltimos anos, um grande crescimento populacional. A facilidade de cr\u00e9dito e os programas governamentais facilitaram a aquisi\u00e7\u00e3o da casa pr\u00f3pria e fez com que v\u00e1rios condom\u00ednios fossem (e ainda sejam) erguidos na regi\u00e3o. Por\u00e9m, o aumento no fluxo e no com\u00e9rcio n\u00e3o foram acompanhados por um planejamento urbano que oferecesse os servi\u00e7os b\u00e1sicos em sua integridade n\u00e3o somente aos novos moradores, como tamb\u00e9m os antigos. Segundo os moradores de dentro e de fora dos condom\u00ednios, ainda faltam pontos de lazer, melhorias na malha urbana, seguran\u00e7a e moderniza\u00e7\u00e3o da rede el\u00e9trica, entre outras estruturas.<\/p>\n<div id=\"attachment_283\" style=\"width: 310px\" class=\"wp-caption alignleft\"><a href=\"http:\/\/otimoneiro.com.br\/wp-content\/uploads\/2015\/06\/DSCN3740-2.jpg\"><img decoding=\"async\" aria-describedby=\"caption-attachment-283\" class=\"size-medium wp-image-283\" src=\"http:\/\/otimoneiro.com.br\/wp-content\/uploads\/2015\/06\/DSCN3740-2-300x225.jpg\" alt=\"Foto: Marcelo Griza\" width=\"300\" height=\"225\" \/><\/a><p id=\"caption-attachment-283\" class=\"wp-caption-text\">Foto: Marcelo Griza<\/p><\/div>\n<p style=\"text-align: justify;\">A Associa\u00e7\u00e3o dos Moradores Bairro Mato Grande (ASSMAG) alega que vem tentando criar espa\u00e7os para a confraterniza\u00e7\u00e3o da comunidade ap\u00f3s anos com menor movimento. \u201c\u00c9 que, infelizmente, \u00e9 tudo hoje criado para os condom\u00ednios. O bairro cresceu muito, e por isso a gente fica abandonado\u201d, alega Vera Silva, uma das secret\u00e1rias da entidade. \u201cPor que eles chegaram por \u00faltimo e t\u00eam pra\u00e7a, tem tudo?\u201d<br \/>\nSegundo alguns dos membros da diretoria, falta infraestrutura, especialmente relacionada ao lazer. \u201cN\u00e3o h\u00e1 muito o que as crian\u00e7as e os jovens fazerem; por isso que, quando abrimos aulas de dan\u00e7a aqui, era para a senhoras, mas as adolescentes tamb\u00e9m v\u00eam. Elas simplesmente n\u00e3o t\u00eam ocupa\u00e7\u00e3o\u201d, explica Vanessa Foljarini, outra das secret\u00e1rias da associa\u00e7\u00e3o. Para ela, faltam iniciativas semelhantes \u00e0s do bairro Guajuviras, que integram o projeto Territ\u00f3rio da Paz. \u201c\u00c9 triste conseguir ajeitar o lugar e n\u00e3o ter projeto social pra colocar aqui, ficar tudo vazio.\u201d<\/p>\n<p style=\"text-align: justify;\">Mas n\u00e3o quer dizer que os condom\u00ednios n\u00e3o possuem seus contras, para al\u00e9m do alto custo e dos juros no setor imobili\u00e1rio, que exigem bastante planejamento de quem compra. Morador do Residencial Figueiras, Douglas Machado Alves, de 32 anos, afirma que est\u00e1 se mudando. \u201cN\u00e3o acho t\u00e3o melhor assim. Tem tudo, claro, mas o nosso espa\u00e7o \u00e9 limitado\u201d, afirma. \u201cE claro que a Prefeitura faz mais coisas onde tem os condom\u00ednios; foi exig\u00eancia da construtora, afinal\u201d.<\/p>\n<p style=\"text-align: justify;\">Segundo outro morador do Figueiras, Elias Maidana Padilha, de 39 anos, a quest\u00e3o \u00e9 ainda mais complicada hoje.\u201cTem espa\u00e7o pra isso? Sei que tem uma pracinha aqui e ali, mas um espa\u00e7o pra toda essa gente?\u201d Ele concorda com a implanta\u00e7\u00e3o de um espa\u00e7o melhor de conviv\u00eancia para todo o bairro, mesmo que admita que o investimento p\u00fablico na regi\u00e3o tenha aumentado. De acordo com Elias, o IPTU est\u00e1 muito caro, apesar de n\u00e3o ter entrado em detalhes sobre quanto paga de tributo sobre o im\u00f3vel onde vive.<\/p>\n<p style=\"text-align: justify;\">Dizem as dirigentes da ASSMAG que pouco adianta reclamar \u00e0 Prefeitura Municipal a respeito: j\u00e1 n\u00e3o h\u00e1 mais ningu\u00e9m no cargo de gestor do bairro Mato Grande desde 2013. Sucessivas reclama\u00e7\u00f5es foram feitas em eventos da gest\u00e3o Jairo Jorge no bairro, tais como o Prefeitura no Seu Bairro, pedido por melhorias nas instala\u00e7\u00f5es el\u00e9tricas (o bairro sofre com quedas de luz) e pela constru\u00e7\u00e3o de um posto policial, mas nem foi dado prazo aos representantes.<\/p>\n<p style=\"text-align: justify;\">O ex-secret\u00e1rio de Esportes e Lazer, Carlos Lanes, explicou que este pleito j\u00e1 deveria pelo menos ter sido resolvido em parte. Quando deixou a Secretaria, em 2011, Lanes alegou que j\u00e1 havia aprova\u00e7\u00e3o para a constru\u00e7\u00e3o de uma pra\u00e7a poliesportiva no Central Park, pr\u00f3ximo ao Mato Grande. \u201cEu tinha percebido que faltava esse espa\u00e7o para a pr\u00e1tica do esporte, e queria algo que fosse grande o suficiente para atender os dois bairros. N\u00e3o entendo porque n\u00e3o foi pra frente depois disso\u201d, afirmou.<\/p>\n<p style=\"text-align: justify;\">Em rela\u00e7\u00e3o ao transporte, a Associa\u00e7\u00e3o de Moradores alega que chegou a pedir acr\u00e9scimo no n\u00famero de linhas e hor\u00e1rios de \u00f4nibus \u00e0 Vicasa. Segundo a diretoria, a empresa teria alegado, em sua negativa, que o bairro \u00e9 rico e muitos tem carro; portanto, n\u00e3o seria necess\u00e1rio o aumento na frequ\u00eancia das viagens.<\/p>\n<div id=\"attachment_284\" style=\"width: 570px\" class=\"wp-caption alignnone\"><a href=\"http:\/\/otimoneiro.com.br\/wp-content\/uploads\/2015\/06\/DSCN3748-c\u00f3pia.jpg\"><img decoding=\"async\" aria-describedby=\"caption-attachment-284\" class=\" wp-image-284\" src=\"http:\/\/otimoneiro.com.br\/wp-content\/uploads\/2015\/06\/DSCN3748-c\u00f3pia-300x225.jpg\" alt=\"Foto: Marcelo Griza\" width=\"560\" height=\"418\" \/><\/a><p id=\"caption-attachment-284\" class=\"wp-caption-text\">Foto: Marcelo Griza<\/p><\/div>\n<p style=\"text-align: justify;\">Mas mesmo a movimenta\u00e7\u00e3o de pessoas que o grupo de mulheres tenta trazer ao bairro, de forma a igualar-se com o fluxo de ve\u00edculos, \u00e9 atrapalhado por obras ao redor e a inefici\u00eancia de gest\u00f5es anteriores. A constru\u00e7\u00e3o de um condom\u00ednio no terreno logo atr\u00e1s da sede, na rua Roberto Francisco Behrens, n\u00ba 50, causa transtornos como poeira acumulada e entulho despejado nos arredores. Isso quando os moradores j\u00e1 instalados n\u00e3o realizam queimadas no espa\u00e7o entre as constru\u00e7\u00f5es e a Associa\u00e7\u00e3o. \u201cQualquer lixo que sobra eles queimam\u201d, frisou Iaci Foljarini, conselheira fiscal da entidade.<\/p>\n<p style=\"text-align: justify;\">Para o ex-deputado Jurandir Maciel, que hoje continua em sua atua\u00e7\u00e3o trabalhando para a bancada de seu partido na Assembleia Legislativa, o crescimento do bairro \u00e9 algo a ser comemorado, mas realmente h\u00e1 distor\u00e7\u00f5es.O pol\u00edtico, que \u00e9 morador do Mato Grande, aponta que a cria\u00e7\u00e3o da RS-448, a chamada Rodovia do Parque, fez o tr\u00e2nsito aumentar demais, e a malha n\u00e3o teria acompanhado esse crescimento. Segundo ele, h\u00e1 pleitos junto \u00e0 Secretaria dos Transportes e Mobilidade para que seja instalada uma nova rotat\u00f3ria no entroncamento da avenida Rep\u00fablica com a rua Francisco Roberto Behrens. Al\u00e9m disso, outra medida \u00e9 a reorganiza\u00e7\u00e3o do fluxo das ruas, alterando muitas vias menores, hoje ainda de m\u00e3o dupla, para m\u00e3o \u00fanica, pareando-as de acordo para manter o equil\u00edbrio do tr\u00e1fego de ve\u00edculos na regi\u00e3o.<\/p>\n<p style=\"text-align: justify;\">\u201cAl\u00e9m disso, pedimos \u00e0 Prefeitura se poderia ajudar a melhorar a nossa sede, aproveitar que a construtora est\u00e1 ali, trabalhando\u201d, aponta a vice-presidente da ASSMAG, Salete Gianesini. Segundo ela, um monitor de obras lotado na Secretaria de Obras disse que n\u00e3o haveria obriga\u00e7\u00e3o nenhuma em auxili\u00e1-las, e que somente o cal\u00e7amento em frente \u00e0 sede ser\u00e1 refeito, caso sobrem recursos da constru\u00e7\u00e3o do condom\u00ednio.<\/p>\n<p style=\"text-align: justify;\">Mais um ponto discutido pela ASSMAG \u00e9 uma permuta, realizada ainda na d\u00e9cada de 90, pelo grupo que ent\u00e3o geria a Associa\u00e7\u00e3o: uma parte do terreno foi cedida, nos fundos, em troca de um peda\u00e7o bem menor, \u00e0 oeste da constru\u00e7\u00e3o. Segundo a diretoria, a quest\u00e3o pode acabar sendo resolvida na Justi\u00e7a, j\u00e1 que o terreno foi uma doa\u00e7\u00e3o de Marino Bittencourt, tio de Vera Silva, agora secret\u00e1ria da entidade.<\/p>\n<div id=\"attachment_285\" style=\"width: 383px\" class=\"wp-caption alignright\"><a href=\"http:\/\/otimoneiro.com.br\/wp-content\/uploads\/2015\/06\/DSCN3764.jpg\"><img decoding=\"async\" aria-describedby=\"caption-attachment-285\" class=\" wp-image-285\" src=\"http:\/\/otimoneiro.com.br\/wp-content\/uploads\/2015\/06\/DSCN3764-300x225.jpg\" alt=\"Foto: Marcelo Griza\" width=\"373\" height=\"280\" \/><\/a><p id=\"caption-attachment-285\" class=\"wp-caption-text\">Foto: Marcelo Griza<\/p><\/div>\n<p style=\"text-align: justify;\">Jurandir Maciel lembra que o terreno \u00e0 volta da Associa\u00e7\u00e3o era projetado inicialmente para estabelecer um parque com diversas facilidades \u2013 de um p\u00f3rtico de entrada no bairro at\u00e9, quem sabe, um chimarr\u00f3dromo. \u201cMas a C\u00e2mara de Vereadores, h\u00e1 alguns anos e sem consulta aos moradores, aprovou a utiliza\u00e7\u00e3o do terreno para a constru\u00e7\u00e3o de moradias. Por isso que est\u00e1 saindo mais um condom\u00ednio ali\u201d, lembra. Segundo ele, ainda h\u00e1 algumas \u00e1reas que podem ser utilizadas, como um terreno de cerca de tr\u00eas hectares mais pr\u00f3ximo do bairro F\u00e1tima, entre outras possibilidades.<\/p>\n<p style=\"text-align: justify;\">Por enquanto, as iniciativas t\u00eam sido feitas pela ASSMAG aos poucos. Al\u00e9m do primeiro jantar-baile, organizado no final de semana passado, h\u00e1 o projeto Renascer em Dan\u00e7a, com aulas segundas, quartas e sextas, das 19 \u00e0s 20 horas; e o brech\u00f3 comunit\u00e1rio, aos s\u00e1bados, das 9 \u00e0s 17 horas. Al\u00e9m disso, a diretoria espera organizar reuni\u00f5es peri\u00f3dicas de presta\u00e7\u00e3o de contas. \u201c\u00c9 algo importante nesse momento, para que as pessoas que porventura tenham se afastado devido a qualquer lapso de gest\u00f5es anteriores possam agora voltar a participar na comunidade\u201d, explana Salete.<\/p>\n","protected":false},"excerpt":{"rendered":"<p>Um dos bairros que mais recebem novos moradores est\u00e1 crescendo em velocidade maior do que os cuidados<\/p>\n","protected":false},"author":1,"featured_media":0,"comment_status":"open","ping_status":"open","sticky":false,"template":"","format":"standard","meta":{"amp_status":"","footnotes":""},"categories":[25,19,28,22],"tags":[],"class_list":["post-282","post","type-post","status-publish","format-standard","hentry","category-comunidade","category-destaques","category-especiais","category-noticias"],"yoast_head":"<!-- This site is optimized with the Yoast SEO plugin v20.5 - https:\/\/yoast.com\/wordpress\/plugins\/seo\/ -->\n<title>Nossos bairros: Mato Grande: Melhor, mas infraestrutura ainda precisa de melhorias - O Timoneiro Jornal Canoas RS<\/title>\n<meta name=\"robots\" content=\"index, follow, max-snippet:-1, max-image-preview:large, max-video-preview:-1\" \/>\n<link rel=\"canonical\" href=\"https:\/\/jornaltimoneiro.com.br\/index.php\/2015\/06\/05\/nossos-bairros-mato-grande-melhor-mas-infraestrutura-ainda-precisa-de-melhorias\/\" \/>\n<meta property=\"og:locale\" content=\"pt_BR\" \/>\n<meta property=\"og:type\" content=\"article\" \/>\n<meta property=\"og:title\" content=\"Nossos bairros: Mato Grande: Melhor, mas infraestrutura ainda precisa de melhorias - O Timoneiro Jornal Canoas RS\" \/>\n<meta property=\"og:description\" content=\"Um dos bairros que mais recebem novos moradores est\u00e1 crescendo em velocidade maior do que os cuidados\" \/>\n<meta property=\"og:url\" content=\"https:\/\/jornaltimoneiro.com.br\/index.php\/2015\/06\/05\/nossos-bairros-mato-grande-melhor-mas-infraestrutura-ainda-precisa-de-melhorias\/\" \/>\n<meta property=\"og:site_name\" content=\"O Timoneiro Jornal Canoas RS\" \/>\n<meta property=\"article:publisher\" content=\"https:\/\/www.facebook.com\/jornaltimoneiro\" \/>\n<meta property=\"article:published_time\" content=\"2015-06-05T13:43:12+00:00\" \/>\n<meta property=\"og:image\" content=\"http:\/\/otimoneiro.com.br\/wp-content\/uploads\/2015\/06\/DSCN3740-2-300x225.jpg\" \/>\n<meta name=\"author\" content=\"Reda\u00e7\u00e3o\" \/>\n<meta name=\"twitter:card\" content=\"summary_large_image\" \/>\n<meta name=\"twitter:creator\" content=\"@_OTimoneiro\" \/>\n<meta name=\"twitter:site\" content=\"@_OTimoneiro\" \/>\n<meta name=\"twitter:label1\" content=\"Escrito por\" \/>\n\t<meta name=\"twitter:data1\" content=\"Reda\u00e7\u00e3o\" \/>\n\t<meta name=\"twitter:label2\" content=\"Est. tempo de leitura\" \/>\n\t<meta name=\"twitter:data2\" content=\"7 minutos\" \/>\n<script type=\"application\/ld+json\" class=\"yoast-schema-graph\">{\"@context\":\"https:\/\/schema.org\",\"@graph\":[{\"@type\":\"Article\",\"@id\":\"https:\/\/jornaltimoneiro.com.br\/index.php\/2015\/06\/05\/nossos-bairros-mato-grande-melhor-mas-infraestrutura-ainda-precisa-de-melhorias\/#article\",\"isPartOf\":{\"@id\":\"https:\/\/jornaltimoneiro.com.br\/index.php\/2015\/06\/05\/nossos-bairros-mato-grande-melhor-mas-infraestrutura-ainda-precisa-de-melhorias\/\"},\"author\":{\"name\":\"Reda\u00e7\u00e3o\",\"@id\":\"https:\/\/jornaltimoneiro.com.br\/#\/schema\/person\/620efd1d8244466117482be494360b08\"},\"headline\":\"Nossos bairros: Mato Grande: Melhor, mas infraestrutura ainda precisa de melhorias\",\"datePublished\":\"2015-06-05T13:43:12+00:00\",\"dateModified\":\"2015-06-05T13:43:12+00:00\",\"mainEntityOfPage\":{\"@id\":\"https:\/\/jornaltimoneiro.com.br\/index.php\/2015\/06\/05\/nossos-bairros-mato-grande-melhor-mas-infraestrutura-ainda-precisa-de-melhorias\/\"},\"wordCount\":1324,\"commentCount\":0,\"publisher\":{\"@id\":\"https:\/\/jornaltimoneiro.com.br\/#organization\"},\"articleSection\":[\"Comunidade\",\"Destaques\",\"Especiais\",\"Not\u00edcias\"],\"inLanguage\":\"pt-BR\",\"potentialAction\":[{\"@type\":\"CommentAction\",\"name\":\"Comment\",\"target\":[\"https:\/\/jornaltimoneiro.com.br\/index.php\/2015\/06\/05\/nossos-bairros-mato-grande-melhor-mas-infraestrutura-ainda-precisa-de-melhorias\/#respond\"]}]},{\"@type\":\"WebPage\",\"@id\":\"https:\/\/jornaltimoneiro.com.br\/index.php\/2015\/06\/05\/nossos-bairros-mato-grande-melhor-mas-infraestrutura-ainda-precisa-de-melhorias\/\",\"url\":\"https:\/\/jornaltimoneiro.com.br\/index.php\/2015\/06\/05\/nossos-bairros-mato-grande-melhor-mas-infraestrutura-ainda-precisa-de-melhorias\/\",\"name\":\"Nossos bairros: Mato Grande: Melhor, mas infraestrutura ainda precisa de melhorias - O Timoneiro Jornal Canoas RS\",\"isPartOf\":{\"@id\":\"https:\/\/jornaltimoneiro.com.br\/#website\"},\"datePublished\":\"2015-06-05T13:43:12+00:00\",\"dateModified\":\"2015-06-05T13:43:12+00:00\",\"breadcrumb\":{\"@id\":\"https:\/\/jornaltimoneiro.com.br\/index.php\/2015\/06\/05\/nossos-bairros-mato-grande-melhor-mas-infraestrutura-ainda-precisa-de-melhorias\/#breadcrumb\"},\"inLanguage\":\"pt-BR\",\"potentialAction\":[{\"@type\":\"ReadAction\",\"target\":[\"https:\/\/jornaltimoneiro.com.br\/index.php\/2015\/06\/05\/nossos-bairros-mato-grande-melhor-mas-infraestrutura-ainda-precisa-de-melhorias\/\"]}]},{\"@type\":\"BreadcrumbList\",\"@id\":\"https:\/\/jornaltimoneiro.com.br\/index.php\/2015\/06\/05\/nossos-bairros-mato-grande-melhor-mas-infraestrutura-ainda-precisa-de-melhorias\/#breadcrumb\",\"itemListElement\":[{\"@type\":\"ListItem\",\"position\":1,\"name\":\"In\u00edcio\",\"item\":\"https:\/\/jornaltimoneiro.com.br\/\"},{\"@type\":\"ListItem\",\"position\":2,\"name\":\"Nossos bairros: Mato Grande: Melhor, mas infraestrutura ainda precisa de melhorias\"}]},{\"@type\":\"WebSite\",\"@id\":\"https:\/\/jornaltimoneiro.com.br\/#website\",\"url\":\"https:\/\/jornaltimoneiro.com.br\/\",\"name\":\"Jornal Timoneiro Canoas RS\",\"description\":\"Jornal O Timoneiro, o verdadeiro jornal de Canoas\",\"publisher\":{\"@id\":\"https:\/\/jornaltimoneiro.com.br\/#organization\"},\"potentialAction\":[{\"@type\":\"SearchAction\",\"target\":{\"@type\":\"EntryPoint\",\"urlTemplate\":\"https:\/\/jornaltimoneiro.com.br\/?s={search_term_string}\"},\"query-input\":\"required name=search_term_string\"}],\"inLanguage\":\"pt-BR\"},{\"@type\":\"Organization\",\"@id\":\"https:\/\/jornaltimoneiro.com.br\/#organization\",\"name\":\"Jornal Timoneiro Canoas RS\",\"url\":\"https:\/\/jornaltimoneiro.com.br\/\",\"logo\":{\"@type\":\"ImageObject\",\"inLanguage\":\"pt-BR\",\"@id\":\"https:\/\/jornaltimoneiro.com.br\/#\/schema\/logo\/image\/\",\"url\":\"https:\/\/jornaltimoneiro.com.br\/wp-content\/uploads\/2023\/03\/logonovo.png\",\"contentUrl\":\"https:\/\/jornaltimoneiro.com.br\/wp-content\/uploads\/2023\/03\/logonovo.png\",\"width\":\"469\",\"height\":\"171\",\"caption\":\"Jornal Timoneiro Canoas RS\"},\"image\":{\"@id\":\"https:\/\/jornaltimoneiro.com.br\/#\/schema\/logo\/image\/\"},\"sameAs\":[\"https:\/\/www.facebook.com\/jornaltimoneiro\",\"https:\/\/twitter.com\/_OTimoneiro\",\"https:\/\/www.instagram.com\/jornaltimoneirocanoas\/\",\"https:\/\/www.youtube.com\/@jornalotimoneiro7927\"]},{\"@type\":\"Person\",\"@id\":\"https:\/\/jornaltimoneiro.com.br\/#\/schema\/person\/620efd1d8244466117482be494360b08\",\"name\":\"Reda\u00e7\u00e3o\",\"image\":{\"@type\":\"ImageObject\",\"inLanguage\":\"pt-BR\",\"@id\":\"https:\/\/jornaltimoneiro.com.br\/#\/schema\/person\/image\/\",\"url\":\"https:\/\/secure.gravatar.com\/avatar\/2f04e1b304682a8d9db336c7acd77f08?s=96&d=mm&r=g\",\"contentUrl\":\"https:\/\/secure.gravatar.com\/avatar\/2f04e1b304682a8d9db336c7acd77f08?s=96&d=mm&r=g\",\"caption\":\"Reda\u00e7\u00e3o\"},\"url\":\"https:\/\/jornaltimoneiro.com.br\/index.php\/author\/timoneirocanoas\/\"}]}<\/script>\n<!-- \/ Yoast SEO plugin. -->","yoast_head_json":{"title":"Nossos bairros: Mato Grande: Melhor, mas infraestrutura ainda precisa de melhorias - O Timoneiro Jornal Canoas RS","robots":{"index":"index","follow":"follow","max-snippet":"max-snippet:-1","max-image-preview":"max-image-preview:large","max-video-preview":"max-video-preview:-1"},"canonical":"https:\/\/jornaltimoneiro.com.br\/index.php\/2015\/06\/05\/nossos-bairros-mato-grande-melhor-mas-infraestrutura-ainda-precisa-de-melhorias\/","og_locale":"pt_BR","og_type":"article","og_title":"Nossos bairros: Mato Grande: Melhor, mas infraestrutura ainda precisa de melhorias - O Timoneiro Jornal Canoas RS","og_description":"Um dos bairros que mais recebem novos moradores est\u00e1 crescendo em velocidade maior do que os cuidados","og_url":"https:\/\/jornaltimoneiro.com.br\/index.php\/2015\/06\/05\/nossos-bairros-mato-grande-melhor-mas-infraestrutura-ainda-precisa-de-melhorias\/","og_site_name":"O Timoneiro Jornal Canoas RS","article_publisher":"https:\/\/www.facebook.com\/jornaltimoneiro","article_published_time":"2015-06-05T13:43:12+00:00","og_image":[{"url":"http:\/\/otimoneiro.com.br\/wp-content\/uploads\/2015\/06\/DSCN3740-2-300x225.jpg"}],"author":"Reda\u00e7\u00e3o","twitter_card":"summary_large_image","twitter_creator":"@_OTimoneiro","twitter_site":"@_OTimoneiro","twitter_misc":{"Escrito por":"Reda\u00e7\u00e3o","Est. tempo de leitura":"7 minutos"},"schema":{"@context":"https:\/\/schema.org","@graph":[{"@type":"Article","@id":"https:\/\/jornaltimoneiro.com.br\/index.php\/2015\/06\/05\/nossos-bairros-mato-grande-melhor-mas-infraestrutura-ainda-precisa-de-melhorias\/#article","isPartOf":{"@id":"https:\/\/jornaltimoneiro.com.br\/index.php\/2015\/06\/05\/nossos-bairros-mato-grande-melhor-mas-infraestrutura-ainda-precisa-de-melhorias\/"},"author":{"name":"Reda\u00e7\u00e3o","@id":"https:\/\/jornaltimoneiro.com.br\/#\/schema\/person\/620efd1d8244466117482be494360b08"},"headline":"Nossos bairros: Mato Grande: Melhor, mas infraestrutura ainda precisa de melhorias","datePublished":"2015-06-05T13:43:12+00:00","dateModified":"2015-06-05T13:43:12+00:00","mainEntityOfPage":{"@id":"https:\/\/jornaltimoneiro.com.br\/index.php\/2015\/06\/05\/nossos-bairros-mato-grande-melhor-mas-infraestrutura-ainda-precisa-de-melhorias\/"},"wordCount":1324,"commentCount":0,"publisher":{"@id":"https:\/\/jornaltimoneiro.com.br\/#organization"},"articleSection":["Comunidade","Destaques","Especiais","Not\u00edcias"],"inLanguage":"pt-BR","potentialAction":[{"@type":"CommentAction","name":"Comment","target":["https:\/\/jornaltimoneiro.com.br\/index.php\/2015\/06\/05\/nossos-bairros-mato-grande-melhor-mas-infraestrutura-ainda-precisa-de-melhorias\/#respond"]}]},{"@type":"WebPage","@id":"https:\/\/jornaltimoneiro.com.br\/index.php\/2015\/06\/05\/nossos-bairros-mato-grande-melhor-mas-infraestrutura-ainda-precisa-de-melhorias\/","url":"https:\/\/jornaltimoneiro.com.br\/index.php\/2015\/06\/05\/nossos-bairros-mato-grande-melhor-mas-infraestrutura-ainda-precisa-de-melhorias\/","name":"Nossos bairros: Mato Grande: Melhor, mas infraestrutura ainda precisa de melhorias - O Timoneiro Jornal Canoas RS","isPartOf":{"@id":"https:\/\/jornaltimoneiro.com.br\/#website"},"datePublished":"2015-06-05T13:43:12+00:00","dateModified":"2015-06-05T13:43:12+00:00","breadcrumb":{"@id":"https:\/\/jornaltimoneiro.com.br\/index.php\/2015\/06\/05\/nossos-bairros-mato-grande-melhor-mas-infraestrutura-ainda-precisa-de-melhorias\/#breadcrumb"},"inLanguage":"pt-BR","potentialAction":[{"@type":"ReadAction","target":["https:\/\/jornaltimoneiro.com.br\/index.php\/2015\/06\/05\/nossos-bairros-mato-grande-melhor-mas-infraestrutura-ainda-precisa-de-melhorias\/"]}]},{"@type":"BreadcrumbList","@id":"https:\/\/jornaltimoneiro.com.br\/index.php\/2015\/06\/05\/nossos-bairros-mato-grande-melhor-mas-infraestrutura-ainda-precisa-de-melhorias\/#breadcrumb","itemListElement":[{"@type":"ListItem","position":1,"name":"In\u00edcio","item":"https:\/\/jornaltimoneiro.com.br\/"},{"@type":"ListItem","position":2,"name":"Nossos bairros: Mato Grande: Melhor, mas infraestrutura ainda precisa de melhorias"}]},{"@type":"WebSite","@id":"https:\/\/jornaltimoneiro.com.br\/#website","url":"https:\/\/jornaltimoneiro.com.br\/","name":"Jornal Timoneiro Canoas RS","description":"Jornal O Timoneiro, o verdadeiro jornal de Canoas","publisher":{"@id":"https:\/\/jornaltimoneiro.com.br\/#organization"},"potentialAction":[{"@type":"SearchAction","target":{"@type":"EntryPoint","urlTemplate":"https:\/\/jornaltimoneiro.com.br\/?s={search_term_string}"},"query-input":"required name=search_term_string"}],"inLanguage":"pt-BR"},{"@type":"Organization","@id":"https:\/\/jornaltimoneiro.com.br\/#organization","name":"Jornal Timoneiro Canoas RS","url":"https:\/\/jornaltimoneiro.com.br\/","logo":{"@type":"ImageObject","inLanguage":"pt-BR","@id":"https:\/\/jornaltimoneiro.com.br\/#\/schema\/logo\/image\/","url":"https:\/\/jornaltimoneiro.com.br\/wp-content\/uploads\/2023\/03\/logonovo.png","contentUrl":"https:\/\/jornaltimoneiro.com.br\/wp-content\/uploads\/2023\/03\/logonovo.png","width":"469","height":"171","caption":"Jornal Timoneiro Canoas RS"},"image":{"@id":"https:\/\/jornaltimoneiro.com.br\/#\/schema\/logo\/image\/"},"sameAs":["https:\/\/www.facebook.com\/jornaltimoneiro","https:\/\/twitter.com\/_OTimoneiro","https:\/\/www.instagram.com\/jornaltimoneirocanoas\/","https:\/\/www.youtube.com\/@jornalotimoneiro7927"]},{"@type":"Person","@id":"https:\/\/jornaltimoneiro.com.br\/#\/schema\/person\/620efd1d8244466117482be494360b08","name":"Reda\u00e7\u00e3o","image":{"@type":"ImageObject","inLanguage":"pt-BR","@id":"https:\/\/jornaltimoneiro.com.br\/#\/schema\/person\/image\/","url":"https:\/\/secure.gravatar.com\/avatar\/2f04e1b304682a8d9db336c7acd77f08?s=96&d=mm&r=g","contentUrl":"https:\/\/secure.gravatar.com\/avatar\/2f04e1b304682a8d9db336c7acd77f08?s=96&d=mm&r=g","caption":"Reda\u00e7\u00e3o"},"url":"https:\/\/jornaltimoneiro.com.br\/index.php\/author\/timoneirocanoas\/"}]}},"_links":{"self":[{"href":"https:\/\/jornaltimoneiro.com.br\/index.php\/wp-json\/wp\/v2\/posts\/282"}],"collection":[{"href":"https:\/\/jornaltimoneiro.com.br\/index.php\/wp-json\/wp\/v2\/posts"}],"about":[{"href":"https:\/\/jornaltimoneiro.com.br\/index.php\/wp-json\/wp\/v2\/types\/post"}],"author":[{"embeddable":true,"href":"https:\/\/jornaltimoneiro.com.br\/index.php\/wp-json\/wp\/v2\/users\/1"}],"replies":[{"embeddable":true,"href":"https:\/\/jornaltimoneiro.com.br\/index.php\/wp-json\/wp\/v2\/comments?post=282"}],"version-history":[{"count":0,"href":"https:\/\/jornaltimoneiro.com.br\/index.php\/wp-json\/wp\/v2\/posts\/282\/revisions"}],"wp:attachment":[{"href":"https:\/\/jornaltimoneiro.com.br\/index.php\/wp-json\/wp\/v2\/media?parent=282"}],"wp:term":[{"taxonomy":"category","embeddable":true,"href":"https:\/\/jornaltimoneiro.com.br\/index.php\/wp-json\/wp\/v2\/categories?post=282"},{"taxonomy":"post_tag","embeddable":true,"href":"https:\/\/jornaltimoneiro.com.br\/index.php\/wp-json\/wp\/v2\/tags?post=282"}],"curies":[{"name":"wp","href":"https:\/\/api.w.org\/{rel}","templated":true}]}}