{"id":2794,"date":"2016-02-18T12:37:27","date_gmt":"2016-02-18T14:37:27","guid":{"rendered":"http:\/\/otimoneiro.com.br\/?p=2794"},"modified":"2016-02-18T12:37:27","modified_gmt":"2016-02-18T14:37:27","slug":"o-que-nos-define","status":"publish","type":"post","link":"https:\/\/jornaltimoneiro.com.br\/index.php\/2016\/02\/18\/o-que-nos-define\/","title":{"rendered":"Opini\u00e3o: O que nos define"},"content":{"rendered":"<p><a href=\"http:\/\/otimoneiro.com.br\/wp-content\/uploads\/2016\/02\/si21.jpg\"><img decoding=\"async\" class=\"aligncenter  wp-image-2795\" src=\"http:\/\/otimoneiro.com.br\/wp-content\/uploads\/2016\/02\/si21.jpg\" alt=\"si2\" width=\"495\" height=\"392\" \/><\/a><\/p>\n<p>\u201cEu olhando o mundo da minha janela, cheia de \u00e1rvores&#8230; me parece t\u00e3o lindo. Os p\u00e1ssaros, livres, voando, cantando, sem hora &#8216;de sil\u00eancio&#8217;. Sem regras. Eles s\u00e3o seres de sorte, penso eu.<\/p>\n<p>&#8220;Espere, deixe-me apresentar. Meu nome \u00e9 X. Bem, eu n\u00e3o sou livre. E minha hist\u00f3ria, digamos, n\u00e3o \u00e9 original. Quem dera.<\/p>\n<p>&#8220;Vou contar. Acho meu corpo lindo. Mas n\u00e3o aprecio a ideia de que ele me aprisione. Ele \u00e9 meu corpo, e eu o amo, veja bem, eu o amo. Por\u00e9m, ele n\u00e3o me define, de forma alguma. S\u00e3o ossos, veias, m\u00fasculos, formas. E eu sou algo como um pacote recheado de pequenas bombas prestes a explodir. Eu sou um ser repleto de vontades. Meus desejos n\u00e3o seguem normas, eles ardem em meu peito.<\/p>\n<p>&#8220;Por vezes, me sinto uma arte abstrata presa num quadro, sendo observada por olhares curiosos, tentando me definir. Mal sabem que eu n\u00e3o tenho defini\u00e7\u00e3o. Tampouco preciso de uma. E era isso que eu queria dizer, esse tempo todo. E talvez tenha dito&#8230; sem entendimento ou interesse.<\/p>\n<p>Eu sou, sim, ossos, pele, m\u00fasculos, pelos, unhas&#8230; por fora. Tenho sangue correndo em minhas veias. Meu cora\u00e7\u00e3o bate. Eu suo. Eu sinto sede. Eu tenho um p\u00eanis. Eu gosto de m\u00fasicas.<\/p>\n<p>Sou uma garota que n\u00e3o gosta de bonecas. N\u00e3o curte vestir rosa, n\u00e3o por nada, s\u00f3 n\u00e3o curto mesmo, porque n\u00e3o sou obrigada.<\/p>\n<p>&#8220;Eu tenho os cabelos compridos, porque gosto mais assim. Me olho no espelho, e gosto do que vejo. Misturo batas com roupa militar, porque acho maneiro. Uso batom vermelho, mesmo tendo um p\u00eanis. Mesmo n\u00e3o querendo t\u00ea-lo.<\/p>\n<p>&#8220;E como eu disse antes, minha hist\u00f3ria n\u00e3o \u00e9 original \u2013 \u00e9 s\u00f3 mais uma. Mas eu sou \u00fanica. S\u00f3 eu tenho a minha cor (negra), os meus olhos, meu tamanho e minhas curvas; minhas ideias e sonhos; minhas manias, meus medos, paix\u00f5es&#8230;<\/p>\n<p>&#8220;Nossos instintos n\u00e3o podem ser lapidados, ou moldados. Eles sobreviver\u00e3o a qualquer regime de opress\u00e3o. Eles seguir\u00e3o vivos, intensos, em nossos interiores, em nossas mentes, em nossos cora\u00e7\u00f5es. N\u00e3o se iludam com a cura do que n\u00e3o h\u00e1 doen\u00e7a. Nenhum ser deixa de sentir a sua ess\u00eancia.\u201d<\/p>\n<p>Este texto que vos escrevo \u00e9 inspirado em milhares de pessoas que n\u00e3o se identificam com seu g\u00eanero de nascen\u00e7a. Que choram, sofrem, s\u00e3o humilhadas e assassinadas todos os minutos nesse mundo que tanto amamos. Morrendo por amor&#8230; a si mesmos.<\/p>\n<p>\u00c9, tamb\u00e9m, uma pequena homenagem \u00e0 jovem Kayla Lucas Fran\u00e7a, que jogou-se pela janela de seu apartamento na madrugada do dia 3 de fevereiro deste ano, tirando sua vida. Ela era uma menina transg\u00eanero.<\/p>\n<p>&nbsp;<\/p>\n","protected":false},"excerpt":{"rendered":"<p>\u201cEu olhando o mundo da minha janela, cheia de \u00e1rvores&#8230; me parece t\u00e3o lindo. Os p\u00e1ssaros, livres, voando, cantando, sem hora &#8216;de sil\u00eancio&#8217;. Sem regras. Eles s\u00e3o seres de sorte, penso eu. &#8220;Espere, deixe-me apresentar. Meu nome \u00e9 X. Bem, eu n\u00e3o sou livre. E minha hist\u00f3ria, digamos, n\u00e3o \u00e9 original. Quem dera. &#8220;Vou contar. [&hellip;]<\/p>\n","protected":false},"author":1,"featured_media":2795,"comment_status":"open","ping_status":"open","sticky":false,"template":"","format":"standard","meta":{"amp_status":"","footnotes":""},"categories":[19,21],"tags":[],"class_list":["post-2794","post","type-post","status-publish","format-standard","has-post-thumbnail","hentry","category-destaques","category-opiniao"],"yoast_head":"<!-- This site is optimized with the Yoast SEO plugin v20.5 - https:\/\/yoast.com\/wordpress\/plugins\/seo\/ -->\n<title>Opini\u00e3o: O que nos define - O Timoneiro Jornal Canoas RS<\/title>\n<meta name=\"robots\" content=\"index, follow, max-snippet:-1, max-image-preview:large, max-video-preview:-1\" \/>\n<link rel=\"canonical\" href=\"https:\/\/jornaltimoneiro.com.br\/index.php\/2016\/02\/18\/o-que-nos-define\/\" \/>\n<meta property=\"og:locale\" content=\"pt_BR\" \/>\n<meta property=\"og:type\" content=\"article\" \/>\n<meta property=\"og:title\" content=\"Opini\u00e3o: O que nos define - O Timoneiro Jornal Canoas RS\" \/>\n<meta property=\"og:description\" content=\"\u201cEu olhando o mundo da minha janela, cheia de \u00e1rvores&#8230; me parece t\u00e3o lindo. Os p\u00e1ssaros, livres, voando, cantando, sem hora &#8216;de sil\u00eancio&#8217;. Sem regras. Eles s\u00e3o seres de sorte, penso eu. &#8220;Espere, deixe-me apresentar. Meu nome \u00e9 X. Bem, eu n\u00e3o sou livre. E minha hist\u00f3ria, digamos, n\u00e3o \u00e9 original. Quem dera. &#8220;Vou contar. [&hellip;]\" \/>\n<meta property=\"og:url\" content=\"https:\/\/jornaltimoneiro.com.br\/index.php\/2016\/02\/18\/o-que-nos-define\/\" \/>\n<meta property=\"og:site_name\" content=\"O Timoneiro Jornal Canoas RS\" \/>\n<meta property=\"article:publisher\" content=\"https:\/\/www.facebook.com\/jornaltimoneiro\" \/>\n<meta property=\"article:published_time\" content=\"2016-02-18T14:37:27+00:00\" \/>\n<meta name=\"author\" content=\"Reda\u00e7\u00e3o\" \/>\n<meta name=\"twitter:card\" content=\"summary_large_image\" \/>\n<meta name=\"twitter:creator\" content=\"@_OTimoneiro\" \/>\n<meta name=\"twitter:site\" content=\"@_OTimoneiro\" \/>\n<meta name=\"twitter:label1\" content=\"Escrito por\" \/>\n\t<meta name=\"twitter:data1\" content=\"Reda\u00e7\u00e3o\" \/>\n\t<meta name=\"twitter:label2\" content=\"Est. tempo de leitura\" \/>\n\t<meta name=\"twitter:data2\" content=\"2 minutos\" \/>\n<script type=\"application\/ld+json\" class=\"yoast-schema-graph\">{\"@context\":\"https:\/\/schema.org\",\"@graph\":[{\"@type\":\"Article\",\"@id\":\"https:\/\/jornaltimoneiro.com.br\/index.php\/2016\/02\/18\/o-que-nos-define\/#article\",\"isPartOf\":{\"@id\":\"https:\/\/jornaltimoneiro.com.br\/index.php\/2016\/02\/18\/o-que-nos-define\/\"},\"author\":{\"name\":\"Reda\u00e7\u00e3o\",\"@id\":\"https:\/\/jornaltimoneiro.com.br\/#\/schema\/person\/620efd1d8244466117482be494360b08\"},\"headline\":\"Opini\u00e3o: O que nos define\",\"datePublished\":\"2016-02-18T14:37:27+00:00\",\"dateModified\":\"2016-02-18T14:37:27+00:00\",\"mainEntityOfPage\":{\"@id\":\"https:\/\/jornaltimoneiro.com.br\/index.php\/2016\/02\/18\/o-que-nos-define\/\"},\"wordCount\":473,\"commentCount\":0,\"publisher\":{\"@id\":\"https:\/\/jornaltimoneiro.com.br\/#organization\"},\"articleSection\":[\"Destaques\",\"Opini\u00e3o\"],\"inLanguage\":\"pt-BR\",\"potentialAction\":[{\"@type\":\"CommentAction\",\"name\":\"Comment\",\"target\":[\"https:\/\/jornaltimoneiro.com.br\/index.php\/2016\/02\/18\/o-que-nos-define\/#respond\"]}]},{\"@type\":\"WebPage\",\"@id\":\"https:\/\/jornaltimoneiro.com.br\/index.php\/2016\/02\/18\/o-que-nos-define\/\",\"url\":\"https:\/\/jornaltimoneiro.com.br\/index.php\/2016\/02\/18\/o-que-nos-define\/\",\"name\":\"Opini\u00e3o: O que nos define - O Timoneiro Jornal Canoas RS\",\"isPartOf\":{\"@id\":\"https:\/\/jornaltimoneiro.com.br\/#website\"},\"datePublished\":\"2016-02-18T14:37:27+00:00\",\"dateModified\":\"2016-02-18T14:37:27+00:00\",\"breadcrumb\":{\"@id\":\"https:\/\/jornaltimoneiro.com.br\/index.php\/2016\/02\/18\/o-que-nos-define\/#breadcrumb\"},\"inLanguage\":\"pt-BR\",\"potentialAction\":[{\"@type\":\"ReadAction\",\"target\":[\"https:\/\/jornaltimoneiro.com.br\/index.php\/2016\/02\/18\/o-que-nos-define\/\"]}]},{\"@type\":\"BreadcrumbList\",\"@id\":\"https:\/\/jornaltimoneiro.com.br\/index.php\/2016\/02\/18\/o-que-nos-define\/#breadcrumb\",\"itemListElement\":[{\"@type\":\"ListItem\",\"position\":1,\"name\":\"In\u00edcio\",\"item\":\"https:\/\/jornaltimoneiro.com.br\/\"},{\"@type\":\"ListItem\",\"position\":2,\"name\":\"Opini\u00e3o: O que nos define\"}]},{\"@type\":\"WebSite\",\"@id\":\"https:\/\/jornaltimoneiro.com.br\/#website\",\"url\":\"https:\/\/jornaltimoneiro.com.br\/\",\"name\":\"Jornal Timoneiro Canoas RS\",\"description\":\"Jornal O Timoneiro, o verdadeiro jornal de Canoas\",\"publisher\":{\"@id\":\"https:\/\/jornaltimoneiro.com.br\/#organization\"},\"potentialAction\":[{\"@type\":\"SearchAction\",\"target\":{\"@type\":\"EntryPoint\",\"urlTemplate\":\"https:\/\/jornaltimoneiro.com.br\/?s={search_term_string}\"},\"query-input\":\"required name=search_term_string\"}],\"inLanguage\":\"pt-BR\"},{\"@type\":\"Organization\",\"@id\":\"https:\/\/jornaltimoneiro.com.br\/#organization\",\"name\":\"Jornal Timoneiro Canoas RS\",\"url\":\"https:\/\/jornaltimoneiro.com.br\/\",\"logo\":{\"@type\":\"ImageObject\",\"inLanguage\":\"pt-BR\",\"@id\":\"https:\/\/jornaltimoneiro.com.br\/#\/schema\/logo\/image\/\",\"url\":\"https:\/\/jornaltimoneiro.com.br\/wp-content\/uploads\/2023\/03\/logonovo.png\",\"contentUrl\":\"https:\/\/jornaltimoneiro.com.br\/wp-content\/uploads\/2023\/03\/logonovo.png\",\"width\":\"469\",\"height\":\"171\",\"caption\":\"Jornal Timoneiro Canoas RS\"},\"image\":{\"@id\":\"https:\/\/jornaltimoneiro.com.br\/#\/schema\/logo\/image\/\"},\"sameAs\":[\"https:\/\/www.facebook.com\/jornaltimoneiro\",\"https:\/\/twitter.com\/_OTimoneiro\",\"https:\/\/www.instagram.com\/jornaltimoneirocanoas\/\",\"https:\/\/www.youtube.com\/@jornalotimoneiro7927\"]},{\"@type\":\"Person\",\"@id\":\"https:\/\/jornaltimoneiro.com.br\/#\/schema\/person\/620efd1d8244466117482be494360b08\",\"name\":\"Reda\u00e7\u00e3o\",\"image\":{\"@type\":\"ImageObject\",\"inLanguage\":\"pt-BR\",\"@id\":\"https:\/\/jornaltimoneiro.com.br\/#\/schema\/person\/image\/\",\"url\":\"https:\/\/secure.gravatar.com\/avatar\/2f04e1b304682a8d9db336c7acd77f08?s=96&d=mm&r=g\",\"contentUrl\":\"https:\/\/secure.gravatar.com\/avatar\/2f04e1b304682a8d9db336c7acd77f08?s=96&d=mm&r=g\",\"caption\":\"Reda\u00e7\u00e3o\"},\"url\":\"https:\/\/jornaltimoneiro.com.br\/index.php\/author\/timoneirocanoas\/\"}]}<\/script>\n<!-- \/ Yoast SEO plugin. -->","yoast_head_json":{"title":"Opini\u00e3o: O que nos define - O Timoneiro Jornal Canoas RS","robots":{"index":"index","follow":"follow","max-snippet":"max-snippet:-1","max-image-preview":"max-image-preview:large","max-video-preview":"max-video-preview:-1"},"canonical":"https:\/\/jornaltimoneiro.com.br\/index.php\/2016\/02\/18\/o-que-nos-define\/","og_locale":"pt_BR","og_type":"article","og_title":"Opini\u00e3o: O que nos define - O Timoneiro Jornal Canoas RS","og_description":"\u201cEu olhando o mundo da minha janela, cheia de \u00e1rvores&#8230; me parece t\u00e3o lindo. Os p\u00e1ssaros, livres, voando, cantando, sem hora &#8216;de sil\u00eancio&#8217;. Sem regras. Eles s\u00e3o seres de sorte, penso eu. &#8220;Espere, deixe-me apresentar. Meu nome \u00e9 X. Bem, eu n\u00e3o sou livre. E minha hist\u00f3ria, digamos, n\u00e3o \u00e9 original. Quem dera. &#8220;Vou contar. [&hellip;]","og_url":"https:\/\/jornaltimoneiro.com.br\/index.php\/2016\/02\/18\/o-que-nos-define\/","og_site_name":"O Timoneiro Jornal Canoas RS","article_publisher":"https:\/\/www.facebook.com\/jornaltimoneiro","article_published_time":"2016-02-18T14:37:27+00:00","author":"Reda\u00e7\u00e3o","twitter_card":"summary_large_image","twitter_creator":"@_OTimoneiro","twitter_site":"@_OTimoneiro","twitter_misc":{"Escrito por":"Reda\u00e7\u00e3o","Est. tempo de leitura":"2 minutos"},"schema":{"@context":"https:\/\/schema.org","@graph":[{"@type":"Article","@id":"https:\/\/jornaltimoneiro.com.br\/index.php\/2016\/02\/18\/o-que-nos-define\/#article","isPartOf":{"@id":"https:\/\/jornaltimoneiro.com.br\/index.php\/2016\/02\/18\/o-que-nos-define\/"},"author":{"name":"Reda\u00e7\u00e3o","@id":"https:\/\/jornaltimoneiro.com.br\/#\/schema\/person\/620efd1d8244466117482be494360b08"},"headline":"Opini\u00e3o: O que nos define","datePublished":"2016-02-18T14:37:27+00:00","dateModified":"2016-02-18T14:37:27+00:00","mainEntityOfPage":{"@id":"https:\/\/jornaltimoneiro.com.br\/index.php\/2016\/02\/18\/o-que-nos-define\/"},"wordCount":473,"commentCount":0,"publisher":{"@id":"https:\/\/jornaltimoneiro.com.br\/#organization"},"articleSection":["Destaques","Opini\u00e3o"],"inLanguage":"pt-BR","potentialAction":[{"@type":"CommentAction","name":"Comment","target":["https:\/\/jornaltimoneiro.com.br\/index.php\/2016\/02\/18\/o-que-nos-define\/#respond"]}]},{"@type":"WebPage","@id":"https:\/\/jornaltimoneiro.com.br\/index.php\/2016\/02\/18\/o-que-nos-define\/","url":"https:\/\/jornaltimoneiro.com.br\/index.php\/2016\/02\/18\/o-que-nos-define\/","name":"Opini\u00e3o: O que nos define - O Timoneiro Jornal Canoas RS","isPartOf":{"@id":"https:\/\/jornaltimoneiro.com.br\/#website"},"datePublished":"2016-02-18T14:37:27+00:00","dateModified":"2016-02-18T14:37:27+00:00","breadcrumb":{"@id":"https:\/\/jornaltimoneiro.com.br\/index.php\/2016\/02\/18\/o-que-nos-define\/#breadcrumb"},"inLanguage":"pt-BR","potentialAction":[{"@type":"ReadAction","target":["https:\/\/jornaltimoneiro.com.br\/index.php\/2016\/02\/18\/o-que-nos-define\/"]}]},{"@type":"BreadcrumbList","@id":"https:\/\/jornaltimoneiro.com.br\/index.php\/2016\/02\/18\/o-que-nos-define\/#breadcrumb","itemListElement":[{"@type":"ListItem","position":1,"name":"In\u00edcio","item":"https:\/\/jornaltimoneiro.com.br\/"},{"@type":"ListItem","position":2,"name":"Opini\u00e3o: O que nos define"}]},{"@type":"WebSite","@id":"https:\/\/jornaltimoneiro.com.br\/#website","url":"https:\/\/jornaltimoneiro.com.br\/","name":"Jornal Timoneiro Canoas RS","description":"Jornal O Timoneiro, o verdadeiro jornal de Canoas","publisher":{"@id":"https:\/\/jornaltimoneiro.com.br\/#organization"},"potentialAction":[{"@type":"SearchAction","target":{"@type":"EntryPoint","urlTemplate":"https:\/\/jornaltimoneiro.com.br\/?s={search_term_string}"},"query-input":"required name=search_term_string"}],"inLanguage":"pt-BR"},{"@type":"Organization","@id":"https:\/\/jornaltimoneiro.com.br\/#organization","name":"Jornal Timoneiro Canoas RS","url":"https:\/\/jornaltimoneiro.com.br\/","logo":{"@type":"ImageObject","inLanguage":"pt-BR","@id":"https:\/\/jornaltimoneiro.com.br\/#\/schema\/logo\/image\/","url":"https:\/\/jornaltimoneiro.com.br\/wp-content\/uploads\/2023\/03\/logonovo.png","contentUrl":"https:\/\/jornaltimoneiro.com.br\/wp-content\/uploads\/2023\/03\/logonovo.png","width":"469","height":"171","caption":"Jornal Timoneiro Canoas RS"},"image":{"@id":"https:\/\/jornaltimoneiro.com.br\/#\/schema\/logo\/image\/"},"sameAs":["https:\/\/www.facebook.com\/jornaltimoneiro","https:\/\/twitter.com\/_OTimoneiro","https:\/\/www.instagram.com\/jornaltimoneirocanoas\/","https:\/\/www.youtube.com\/@jornalotimoneiro7927"]},{"@type":"Person","@id":"https:\/\/jornaltimoneiro.com.br\/#\/schema\/person\/620efd1d8244466117482be494360b08","name":"Reda\u00e7\u00e3o","image":{"@type":"ImageObject","inLanguage":"pt-BR","@id":"https:\/\/jornaltimoneiro.com.br\/#\/schema\/person\/image\/","url":"https:\/\/secure.gravatar.com\/avatar\/2f04e1b304682a8d9db336c7acd77f08?s=96&d=mm&r=g","contentUrl":"https:\/\/secure.gravatar.com\/avatar\/2f04e1b304682a8d9db336c7acd77f08?s=96&d=mm&r=g","caption":"Reda\u00e7\u00e3o"},"url":"https:\/\/jornaltimoneiro.com.br\/index.php\/author\/timoneirocanoas\/"}]}},"_links":{"self":[{"href":"https:\/\/jornaltimoneiro.com.br\/index.php\/wp-json\/wp\/v2\/posts\/2794"}],"collection":[{"href":"https:\/\/jornaltimoneiro.com.br\/index.php\/wp-json\/wp\/v2\/posts"}],"about":[{"href":"https:\/\/jornaltimoneiro.com.br\/index.php\/wp-json\/wp\/v2\/types\/post"}],"author":[{"embeddable":true,"href":"https:\/\/jornaltimoneiro.com.br\/index.php\/wp-json\/wp\/v2\/users\/1"}],"replies":[{"embeddable":true,"href":"https:\/\/jornaltimoneiro.com.br\/index.php\/wp-json\/wp\/v2\/comments?post=2794"}],"version-history":[{"count":0,"href":"https:\/\/jornaltimoneiro.com.br\/index.php\/wp-json\/wp\/v2\/posts\/2794\/revisions"}],"wp:featuredmedia":[{"embeddable":true,"href":"https:\/\/jornaltimoneiro.com.br\/index.php\/wp-json\/"}],"wp:attachment":[{"href":"https:\/\/jornaltimoneiro.com.br\/index.php\/wp-json\/wp\/v2\/media?parent=2794"}],"wp:term":[{"taxonomy":"category","embeddable":true,"href":"https:\/\/jornaltimoneiro.com.br\/index.php\/wp-json\/wp\/v2\/categories?post=2794"},{"taxonomy":"post_tag","embeddable":true,"href":"https:\/\/jornaltimoneiro.com.br\/index.php\/wp-json\/wp\/v2\/tags?post=2794"}],"curies":[{"name":"wp","href":"https:\/\/api.w.org\/{rel}","templated":true}]}}