{"id":27919,"date":"2024-03-13T09:18:31","date_gmt":"2024-03-13T12:18:31","guid":{"rendered":"https:\/\/jornaltimoneiro.com.br\/?p=27919"},"modified":"2024-03-13T09:21:17","modified_gmt":"2024-03-13T12:21:17","slug":"governo-do-rio-grande-do-sul-decreta-situacao-de-emergencia-devido-a-dengue","status":"publish","type":"post","link":"https:\/\/jornaltimoneiro.com.br\/index.php\/2024\/03\/13\/governo-do-rio-grande-do-sul-decreta-situacao-de-emergencia-devido-a-dengue\/","title":{"rendered":"Governo do Rio Grande do Sul decreta situa\u00e7\u00e3o de emerg\u00eancia devido \u00e0 dengue"},"content":{"rendered":"<p>Com 20 \u00f3bitos confirmados no Estado, o governador Eduardo Leite declarou, nesta ter\u00e7a-feira (12\/3), situa\u00e7\u00e3o de emerg\u00eancia em sa\u00fade p\u00fablica no Rio Grande do Sul.<\/p>\n<p>A medida, de acordo com o decreto n\u00ba 57.498, visa \u00e0 preven\u00e7\u00e3o, ao controle e \u00e0 aten\u00e7\u00e3o \u00e0 sa\u00fade diante do risco epidemiol\u00f3gico \u00e0 popula\u00e7\u00e3o pela epidemia de doen\u00e7a, atualmente presente em 94% dos munic\u00edpios ga\u00fachos.<\/p>\n<p>O decreto ser\u00e1 publicado Di\u00e1rio Oficial do Estado desta quarta-feira, 13.<\/p>\n<p>Com a declara\u00e7\u00e3o de estado de emerg\u00eancia, o governo estadual poder\u00e1 destinar recursos para combater a dengue com mais agilidade \u2013 sem os tr\u00e2mites burocr\u00e1ticos de uma licita\u00e7\u00e3o, por exemplo.<\/p>\n<p>O decreto permite um processo \u00e1gil e c\u00e9lere na compra de insumos (como medicamentos e vacinas), fortalecendo o enfrentamento da dengue. Tamb\u00e9m facilita que o governo federal destine ao Estado recursos espec\u00edficos para a\u00e7\u00f5es de combate \u00e0 doen\u00e7a.<\/p>\n<p><strong>Demais a\u00e7\u00f5es<\/strong><\/p>\n<p>A medida se soma a uma s\u00e9rie de a\u00e7\u00f5es do governo do Estado, por meio da Secretaria da Sa\u00fade (SES), nos \u00faltimos dias. Na segunda-feira, 11, foi lan\u00e7ada uma plataforma para o manejo cl\u00ednico de casos, permitindo a identifica\u00e7\u00e3o do estado de sa\u00fade e do tratamento para cada paciente com base em caracter\u00edsticas, sinais e sintomas apresentados.<\/p>\n<p>Tamb\u00e9m foi assinada uma nota t\u00e9cnica conjunta com o Conselho Regional de Enfermagem (Coren) que autoriza profissionais de enfermagem a requisitarem exames, principalmente hemogramas, nos casos suspeitos.<\/p>\n<p>A SES refor\u00e7a a import\u00e2ncia de se procurar atendimento m\u00e9dico nos servi\u00e7os de sa\u00fade logo nos primeiros sintomas. Dessa forma, evita-se o agravamento da doen\u00e7a e a poss\u00edvel evolu\u00e7\u00e3o para \u00f3bito.<\/p>\n<h4><strong>Principais sintomas:<\/strong><\/h4>\n<ul>\n<li>febre alta (39\u00b0C a 40\u00b0C), com dura\u00e7\u00e3o de dois a sete dias;<\/li>\n<li>dor retro-orbital (atr\u00e1s dos olhos);<\/li>\n<li>dor de cabe\u00e7a;<\/li>\n<li>dor no corpo;<\/li>\n<li>dor nas articula\u00e7\u00f5es;<\/li>\n<li>mal-estar geral;<\/li>\n<li>n\u00e1usea;<\/li>\n<li>v\u00f4mito;<\/li>\n<li>diarreia;<\/li>\n<li>manchas vermelhas na pele, com ou sem coceira.<\/li>\n<\/ul>\n<p>Medidas de preven\u00e7\u00e3o \u00e0 prolifera\u00e7\u00e3o e circula\u00e7\u00e3o do\u00a0<em>Aedes aegypti \u2013<\/em>\u00a0como a limpeza e revis\u00e3o das \u00e1reas interna e externa de resid\u00eancias e apartamentos, al\u00e9m da elimina\u00e7\u00e3o dos objetos com \u00e1gua parada \u2013 s\u00e3o a\u00e7\u00f5es que impedem o mosquito de nascer, cortando o ciclo de vida na fase aqu\u00e1tica.<\/p>\n<p>O uso de repelente tamb\u00e9m \u00e9 recomendado para maior prote\u00e7\u00e3o individual contra o\u00a0<em>Aedes<\/em>.<\/p>\n","protected":false},"excerpt":{"rendered":"<p>Com 20 \u00f3bitos confirmados no Estado, o governador Eduardo Leite declarou, nesta ter\u00e7a-feira (12\/3), situa\u00e7\u00e3o de emerg\u00eancia em sa\u00fade p\u00fablica no Rio Grande do Sul. A medida, de acordo com o decreto n\u00ba 57.498, visa \u00e0 preven\u00e7\u00e3o, ao controle e \u00e0 aten\u00e7\u00e3o \u00e0 sa\u00fade diante do risco epidemiol\u00f3gico \u00e0 popula\u00e7\u00e3o pela epidemia de doen\u00e7a, atualmente [&hellip;]<\/p>\n","protected":false},"author":2,"featured_media":27922,"comment_status":"open","ping_status":"open","sticky":false,"template":"","format":"standard","meta":{"amp_status":"","footnotes":""},"categories":[26],"tags":[1637,1917,190,213,189,1413],"class_list":["post-27919","post","type-post","status-publish","format-standard","has-post-thumbnail","hentry","category-saude","tag-dengue","tag-epidemia","tag-featured","tag-rio-grande-do-sul","tag-saude","tag-situacao-de-emergencia"],"yoast_head":"<!-- This site is optimized with the Yoast SEO plugin v20.5 - https:\/\/yoast.com\/wordpress\/plugins\/seo\/ -->\n<title>Governo do Rio Grande do Sul decreta situa\u00e7\u00e3o de emerg\u00eancia devido \u00e0 dengue - O Timoneiro Jornal Canoas RS<\/title>\n<meta name=\"description\" content=\"Governo do Rio Grande do Sul decreta situa\u00e7\u00e3o de emerg\u00eancia devido \u00e0 dengue sa\u00fade surto mosquito decreto sa\u00fade p\u00fablica RS\" \/>\n<meta name=\"robots\" content=\"index, follow, max-snippet:-1, max-image-preview:large, max-video-preview:-1\" \/>\n<link rel=\"canonical\" href=\"https:\/\/jornaltimoneiro.com.br\/index.php\/2024\/03\/13\/governo-do-rio-grande-do-sul-decreta-situacao-de-emergencia-devido-a-dengue\/\" \/>\n<meta property=\"og:locale\" content=\"pt_BR\" \/>\n<meta property=\"og:type\" content=\"article\" \/>\n<meta property=\"og:title\" content=\"Governo do Rio Grande do Sul decreta situa\u00e7\u00e3o de emerg\u00eancia devido \u00e0 dengue - O Timoneiro Jornal Canoas RS\" \/>\n<meta property=\"og:description\" content=\"Governo do Rio Grande do Sul decreta situa\u00e7\u00e3o de emerg\u00eancia devido \u00e0 dengue sa\u00fade surto mosquito decreto sa\u00fade p\u00fablica RS\" \/>\n<meta property=\"og:url\" content=\"https:\/\/jornaltimoneiro.com.br\/index.php\/2024\/03\/13\/governo-do-rio-grande-do-sul-decreta-situacao-de-emergencia-devido-a-dengue\/\" \/>\n<meta property=\"og:site_name\" content=\"O Timoneiro Jornal Canoas RS\" \/>\n<meta property=\"article:publisher\" content=\"https:\/\/www.facebook.com\/jornaltimoneiro\" \/>\n<meta property=\"article:published_time\" content=\"2024-03-13T12:18:31+00:00\" \/>\n<meta property=\"article:modified_time\" content=\"2024-03-13T12:21:17+00:00\" \/>\n<meta property=\"og:image\" content=\"https:\/\/jornaltimoneiro.com.br\/wp-content\/uploads\/2024\/03\/WhatsApp-Image-2024-03-13-at-09.20.18.jpeg\" \/>\n\t<meta property=\"og:image:width\" content=\"800\" \/>\n\t<meta property=\"og:image:height\" content=\"450\" \/>\n\t<meta property=\"og:image:type\" content=\"image\/jpeg\" \/>\n<meta name=\"author\" content=\"Reda\u00e7\u00e3o\" \/>\n<meta name=\"twitter:card\" content=\"summary_large_image\" \/>\n<meta name=\"twitter:creator\" content=\"@_OTimoneiro\" \/>\n<meta name=\"twitter:site\" content=\"@_OTimoneiro\" \/>\n<meta name=\"twitter:label1\" content=\"Escrito por\" \/>\n\t<meta name=\"twitter:data1\" content=\"Reda\u00e7\u00e3o\" \/>\n\t<meta name=\"twitter:label2\" content=\"Est. tempo de leitura\" \/>\n\t<meta name=\"twitter:data2\" content=\"2 minutos\" \/>\n<script type=\"application\/ld+json\" class=\"yoast-schema-graph\">{\"@context\":\"https:\/\/schema.org\",\"@graph\":[{\"@type\":\"Article\",\"@id\":\"https:\/\/jornaltimoneiro.com.br\/index.php\/2024\/03\/13\/governo-do-rio-grande-do-sul-decreta-situacao-de-emergencia-devido-a-dengue\/#article\",\"isPartOf\":{\"@id\":\"https:\/\/jornaltimoneiro.com.br\/index.php\/2024\/03\/13\/governo-do-rio-grande-do-sul-decreta-situacao-de-emergencia-devido-a-dengue\/\"},\"author\":{\"name\":\"Reda\u00e7\u00e3o\",\"@id\":\"https:\/\/jornaltimoneiro.com.br\/#\/schema\/person\/f63482f1a02b1a9592707865e509ab40\"},\"headline\":\"Governo do Rio Grande do Sul decreta situa\u00e7\u00e3o de emerg\u00eancia devido \u00e0 dengue\",\"datePublished\":\"2024-03-13T12:18:31+00:00\",\"dateModified\":\"2024-03-13T12:21:17+00:00\",\"mainEntityOfPage\":{\"@id\":\"https:\/\/jornaltimoneiro.com.br\/index.php\/2024\/03\/13\/governo-do-rio-grande-do-sul-decreta-situacao-de-emergencia-devido-a-dengue\/\"},\"wordCount\":421,\"commentCount\":0,\"publisher\":{\"@id\":\"https:\/\/jornaltimoneiro.com.br\/#organization\"},\"keywords\":[\"dengue\",\"epidemia\",\"featured\",\"rio grande do sul\",\"sa\u00fade\",\"situa\u00e7\u00e3o de emerg\u00eancia\"],\"articleSection\":[\"Sa\u00fade\"],\"inLanguage\":\"pt-BR\",\"potentialAction\":[{\"@type\":\"CommentAction\",\"name\":\"Comment\",\"target\":[\"https:\/\/jornaltimoneiro.com.br\/index.php\/2024\/03\/13\/governo-do-rio-grande-do-sul-decreta-situacao-de-emergencia-devido-a-dengue\/#respond\"]}]},{\"@type\":\"WebPage\",\"@id\":\"https:\/\/jornaltimoneiro.com.br\/index.php\/2024\/03\/13\/governo-do-rio-grande-do-sul-decreta-situacao-de-emergencia-devido-a-dengue\/\",\"url\":\"https:\/\/jornaltimoneiro.com.br\/index.php\/2024\/03\/13\/governo-do-rio-grande-do-sul-decreta-situacao-de-emergencia-devido-a-dengue\/\",\"name\":\"Governo do Rio Grande do Sul decreta situa\u00e7\u00e3o de emerg\u00eancia devido \u00e0 dengue - O Timoneiro Jornal Canoas RS\",\"isPartOf\":{\"@id\":\"https:\/\/jornaltimoneiro.com.br\/#website\"},\"datePublished\":\"2024-03-13T12:18:31+00:00\",\"dateModified\":\"2024-03-13T12:21:17+00:00\",\"description\":\"Governo do Rio Grande do Sul decreta situa\u00e7\u00e3o de emerg\u00eancia devido \u00e0 dengue sa\u00fade surto mosquito decreto sa\u00fade p\u00fablica RS\",\"breadcrumb\":{\"@id\":\"https:\/\/jornaltimoneiro.com.br\/index.php\/2024\/03\/13\/governo-do-rio-grande-do-sul-decreta-situacao-de-emergencia-devido-a-dengue\/#breadcrumb\"},\"inLanguage\":\"pt-BR\",\"potentialAction\":[{\"@type\":\"ReadAction\",\"target\":[\"https:\/\/jornaltimoneiro.com.br\/index.php\/2024\/03\/13\/governo-do-rio-grande-do-sul-decreta-situacao-de-emergencia-devido-a-dengue\/\"]}]},{\"@type\":\"BreadcrumbList\",\"@id\":\"https:\/\/jornaltimoneiro.com.br\/index.php\/2024\/03\/13\/governo-do-rio-grande-do-sul-decreta-situacao-de-emergencia-devido-a-dengue\/#breadcrumb\",\"itemListElement\":[{\"@type\":\"ListItem\",\"position\":1,\"name\":\"In\u00edcio\",\"item\":\"https:\/\/jornaltimoneiro.com.br\/\"},{\"@type\":\"ListItem\",\"position\":2,\"name\":\"Governo do Rio Grande do Sul decreta situa\u00e7\u00e3o de emerg\u00eancia devido \u00e0 dengue\"}]},{\"@type\":\"WebSite\",\"@id\":\"https:\/\/jornaltimoneiro.com.br\/#website\",\"url\":\"https:\/\/jornaltimoneiro.com.br\/\",\"name\":\"Jornal Timoneiro Canoas RS\",\"description\":\"Jornal O Timoneiro, o verdadeiro jornal de Canoas\",\"publisher\":{\"@id\":\"https:\/\/jornaltimoneiro.com.br\/#organization\"},\"potentialAction\":[{\"@type\":\"SearchAction\",\"target\":{\"@type\":\"EntryPoint\",\"urlTemplate\":\"https:\/\/jornaltimoneiro.com.br\/?s={search_term_string}\"},\"query-input\":\"required name=search_term_string\"}],\"inLanguage\":\"pt-BR\"},{\"@type\":\"Organization\",\"@id\":\"https:\/\/jornaltimoneiro.com.br\/#organization\",\"name\":\"Jornal Timoneiro Canoas RS\",\"url\":\"https:\/\/jornaltimoneiro.com.br\/\",\"logo\":{\"@type\":\"ImageObject\",\"inLanguage\":\"pt-BR\",\"@id\":\"https:\/\/jornaltimoneiro.com.br\/#\/schema\/logo\/image\/\",\"url\":\"https:\/\/jornaltimoneiro.com.br\/wp-content\/uploads\/2023\/03\/logonovo.png\",\"contentUrl\":\"https:\/\/jornaltimoneiro.com.br\/wp-content\/uploads\/2023\/03\/logonovo.png\",\"width\":\"469\",\"height\":\"171\",\"caption\":\"Jornal Timoneiro Canoas RS\"},\"image\":{\"@id\":\"https:\/\/jornaltimoneiro.com.br\/#\/schema\/logo\/image\/\"},\"sameAs\":[\"https:\/\/www.facebook.com\/jornaltimoneiro\",\"https:\/\/twitter.com\/_OTimoneiro\",\"https:\/\/www.instagram.com\/jornaltimoneirocanoas\/\",\"https:\/\/www.youtube.com\/@jornalotimoneiro7927\"]},{\"@type\":\"Person\",\"@id\":\"https:\/\/jornaltimoneiro.com.br\/#\/schema\/person\/f63482f1a02b1a9592707865e509ab40\",\"name\":\"Reda\u00e7\u00e3o\",\"image\":{\"@type\":\"ImageObject\",\"inLanguage\":\"pt-BR\",\"@id\":\"https:\/\/jornaltimoneiro.com.br\/#\/schema\/person\/image\/\",\"url\":\"https:\/\/jornaltimoneiro.com.br\/wp-content\/uploads\/2023\/03\/download.jpeg\",\"contentUrl\":\"https:\/\/jornaltimoneiro.com.br\/wp-content\/uploads\/2023\/03\/download.jpeg\",\"caption\":\"Reda\u00e7\u00e3o\"},\"url\":\"https:\/\/jornaltimoneiro.com.br\/index.php\/author\/simone-dutra\/\"}]}<\/script>\n<!-- \/ Yoast SEO plugin. -->","yoast_head_json":{"title":"Governo do Rio Grande do Sul decreta situa\u00e7\u00e3o de emerg\u00eancia devido \u00e0 dengue - O Timoneiro Jornal Canoas RS","description":"Governo do Rio Grande do Sul decreta situa\u00e7\u00e3o de emerg\u00eancia devido \u00e0 dengue sa\u00fade surto mosquito decreto sa\u00fade p\u00fablica RS","robots":{"index":"index","follow":"follow","max-snippet":"max-snippet:-1","max-image-preview":"max-image-preview:large","max-video-preview":"max-video-preview:-1"},"canonical":"https:\/\/jornaltimoneiro.com.br\/index.php\/2024\/03\/13\/governo-do-rio-grande-do-sul-decreta-situacao-de-emergencia-devido-a-dengue\/","og_locale":"pt_BR","og_type":"article","og_title":"Governo do Rio Grande do Sul decreta situa\u00e7\u00e3o de emerg\u00eancia devido \u00e0 dengue - O Timoneiro Jornal Canoas RS","og_description":"Governo do Rio Grande do Sul decreta situa\u00e7\u00e3o de emerg\u00eancia devido \u00e0 dengue sa\u00fade surto mosquito decreto sa\u00fade p\u00fablica RS","og_url":"https:\/\/jornaltimoneiro.com.br\/index.php\/2024\/03\/13\/governo-do-rio-grande-do-sul-decreta-situacao-de-emergencia-devido-a-dengue\/","og_site_name":"O Timoneiro Jornal Canoas RS","article_publisher":"https:\/\/www.facebook.com\/jornaltimoneiro","article_published_time":"2024-03-13T12:18:31+00:00","article_modified_time":"2024-03-13T12:21:17+00:00","og_image":[{"width":800,"height":450,"url":"https:\/\/jornaltimoneiro.com.br\/wp-content\/uploads\/2024\/03\/WhatsApp-Image-2024-03-13-at-09.20.18.jpeg","type":"image\/jpeg"}],"author":"Reda\u00e7\u00e3o","twitter_card":"summary_large_image","twitter_creator":"@_OTimoneiro","twitter_site":"@_OTimoneiro","twitter_misc":{"Escrito por":"Reda\u00e7\u00e3o","Est. tempo de leitura":"2 minutos"},"schema":{"@context":"https:\/\/schema.org","@graph":[{"@type":"Article","@id":"https:\/\/jornaltimoneiro.com.br\/index.php\/2024\/03\/13\/governo-do-rio-grande-do-sul-decreta-situacao-de-emergencia-devido-a-dengue\/#article","isPartOf":{"@id":"https:\/\/jornaltimoneiro.com.br\/index.php\/2024\/03\/13\/governo-do-rio-grande-do-sul-decreta-situacao-de-emergencia-devido-a-dengue\/"},"author":{"name":"Reda\u00e7\u00e3o","@id":"https:\/\/jornaltimoneiro.com.br\/#\/schema\/person\/f63482f1a02b1a9592707865e509ab40"},"headline":"Governo do Rio Grande do Sul decreta situa\u00e7\u00e3o de emerg\u00eancia devido \u00e0 dengue","datePublished":"2024-03-13T12:18:31+00:00","dateModified":"2024-03-13T12:21:17+00:00","mainEntityOfPage":{"@id":"https:\/\/jornaltimoneiro.com.br\/index.php\/2024\/03\/13\/governo-do-rio-grande-do-sul-decreta-situacao-de-emergencia-devido-a-dengue\/"},"wordCount":421,"commentCount":0,"publisher":{"@id":"https:\/\/jornaltimoneiro.com.br\/#organization"},"keywords":["dengue","epidemia","featured","rio grande do sul","sa\u00fade","situa\u00e7\u00e3o de emerg\u00eancia"],"articleSection":["Sa\u00fade"],"inLanguage":"pt-BR","potentialAction":[{"@type":"CommentAction","name":"Comment","target":["https:\/\/jornaltimoneiro.com.br\/index.php\/2024\/03\/13\/governo-do-rio-grande-do-sul-decreta-situacao-de-emergencia-devido-a-dengue\/#respond"]}]},{"@type":"WebPage","@id":"https:\/\/jornaltimoneiro.com.br\/index.php\/2024\/03\/13\/governo-do-rio-grande-do-sul-decreta-situacao-de-emergencia-devido-a-dengue\/","url":"https:\/\/jornaltimoneiro.com.br\/index.php\/2024\/03\/13\/governo-do-rio-grande-do-sul-decreta-situacao-de-emergencia-devido-a-dengue\/","name":"Governo do Rio Grande do Sul decreta situa\u00e7\u00e3o de emerg\u00eancia devido \u00e0 dengue - O Timoneiro Jornal Canoas RS","isPartOf":{"@id":"https:\/\/jornaltimoneiro.com.br\/#website"},"datePublished":"2024-03-13T12:18:31+00:00","dateModified":"2024-03-13T12:21:17+00:00","description":"Governo do Rio Grande do Sul decreta situa\u00e7\u00e3o de emerg\u00eancia devido \u00e0 dengue sa\u00fade surto mosquito decreto sa\u00fade p\u00fablica RS","breadcrumb":{"@id":"https:\/\/jornaltimoneiro.com.br\/index.php\/2024\/03\/13\/governo-do-rio-grande-do-sul-decreta-situacao-de-emergencia-devido-a-dengue\/#breadcrumb"},"inLanguage":"pt-BR","potentialAction":[{"@type":"ReadAction","target":["https:\/\/jornaltimoneiro.com.br\/index.php\/2024\/03\/13\/governo-do-rio-grande-do-sul-decreta-situacao-de-emergencia-devido-a-dengue\/"]}]},{"@type":"BreadcrumbList","@id":"https:\/\/jornaltimoneiro.com.br\/index.php\/2024\/03\/13\/governo-do-rio-grande-do-sul-decreta-situacao-de-emergencia-devido-a-dengue\/#breadcrumb","itemListElement":[{"@type":"ListItem","position":1,"name":"In\u00edcio","item":"https:\/\/jornaltimoneiro.com.br\/"},{"@type":"ListItem","position":2,"name":"Governo do Rio Grande do Sul decreta situa\u00e7\u00e3o de emerg\u00eancia devido \u00e0 dengue"}]},{"@type":"WebSite","@id":"https:\/\/jornaltimoneiro.com.br\/#website","url":"https:\/\/jornaltimoneiro.com.br\/","name":"Jornal Timoneiro Canoas RS","description":"Jornal O Timoneiro, o verdadeiro jornal de Canoas","publisher":{"@id":"https:\/\/jornaltimoneiro.com.br\/#organization"},"potentialAction":[{"@type":"SearchAction","target":{"@type":"EntryPoint","urlTemplate":"https:\/\/jornaltimoneiro.com.br\/?s={search_term_string}"},"query-input":"required name=search_term_string"}],"inLanguage":"pt-BR"},{"@type":"Organization","@id":"https:\/\/jornaltimoneiro.com.br\/#organization","name":"Jornal Timoneiro Canoas RS","url":"https:\/\/jornaltimoneiro.com.br\/","logo":{"@type":"ImageObject","inLanguage":"pt-BR","@id":"https:\/\/jornaltimoneiro.com.br\/#\/schema\/logo\/image\/","url":"https:\/\/jornaltimoneiro.com.br\/wp-content\/uploads\/2023\/03\/logonovo.png","contentUrl":"https:\/\/jornaltimoneiro.com.br\/wp-content\/uploads\/2023\/03\/logonovo.png","width":"469","height":"171","caption":"Jornal Timoneiro Canoas RS"},"image":{"@id":"https:\/\/jornaltimoneiro.com.br\/#\/schema\/logo\/image\/"},"sameAs":["https:\/\/www.facebook.com\/jornaltimoneiro","https:\/\/twitter.com\/_OTimoneiro","https:\/\/www.instagram.com\/jornaltimoneirocanoas\/","https:\/\/www.youtube.com\/@jornalotimoneiro7927"]},{"@type":"Person","@id":"https:\/\/jornaltimoneiro.com.br\/#\/schema\/person\/f63482f1a02b1a9592707865e509ab40","name":"Reda\u00e7\u00e3o","image":{"@type":"ImageObject","inLanguage":"pt-BR","@id":"https:\/\/jornaltimoneiro.com.br\/#\/schema\/person\/image\/","url":"https:\/\/jornaltimoneiro.com.br\/wp-content\/uploads\/2023\/03\/download.jpeg","contentUrl":"https:\/\/jornaltimoneiro.com.br\/wp-content\/uploads\/2023\/03\/download.jpeg","caption":"Reda\u00e7\u00e3o"},"url":"https:\/\/jornaltimoneiro.com.br\/index.php\/author\/simone-dutra\/"}]}},"_links":{"self":[{"href":"https:\/\/jornaltimoneiro.com.br\/index.php\/wp-json\/wp\/v2\/posts\/27919"}],"collection":[{"href":"https:\/\/jornaltimoneiro.com.br\/index.php\/wp-json\/wp\/v2\/posts"}],"about":[{"href":"https:\/\/jornaltimoneiro.com.br\/index.php\/wp-json\/wp\/v2\/types\/post"}],"author":[{"embeddable":true,"href":"https:\/\/jornaltimoneiro.com.br\/index.php\/wp-json\/wp\/v2\/users\/2"}],"replies":[{"embeddable":true,"href":"https:\/\/jornaltimoneiro.com.br\/index.php\/wp-json\/wp\/v2\/comments?post=27919"}],"version-history":[{"count":2,"href":"https:\/\/jornaltimoneiro.com.br\/index.php\/wp-json\/wp\/v2\/posts\/27919\/revisions"}],"predecessor-version":[{"id":27923,"href":"https:\/\/jornaltimoneiro.com.br\/index.php\/wp-json\/wp\/v2\/posts\/27919\/revisions\/27923"}],"wp:featuredmedia":[{"embeddable":true,"href":"https:\/\/jornaltimoneiro.com.br\/index.php\/wp-json\/wp\/v2\/media\/27922"}],"wp:attachment":[{"href":"https:\/\/jornaltimoneiro.com.br\/index.php\/wp-json\/wp\/v2\/media?parent=27919"}],"wp:term":[{"taxonomy":"category","embeddable":true,"href":"https:\/\/jornaltimoneiro.com.br\/index.php\/wp-json\/wp\/v2\/categories?post=27919"},{"taxonomy":"post_tag","embeddable":true,"href":"https:\/\/jornaltimoneiro.com.br\/index.php\/wp-json\/wp\/v2\/tags?post=27919"}],"curies":[{"name":"wp","href":"https:\/\/api.w.org\/{rel}","templated":true}]}}