{"id":2782,"date":"2016-02-16T12:20:28","date_gmt":"2016-02-16T14:20:28","guid":{"rendered":"http:\/\/otimoneiro.com.br\/?p=2782"},"modified":"2016-02-16T12:20:28","modified_gmt":"2016-02-16T14:20:28","slug":"stf-notifica-eduardo-cunha-a-respeito-de-pedido-de-afastamento","status":"publish","type":"post","link":"https:\/\/jornaltimoneiro.com.br\/index.php\/2016\/02\/16\/stf-notifica-eduardo-cunha-a-respeito-de-pedido-de-afastamento\/","title":{"rendered":"STF notifica Eduardo Cunha a respeito de pedido de afastamento"},"content":{"rendered":"<div id=\"attachment_2783\" style=\"width: 474px\" class=\"wp-caption aligncenter\"><a href=\"http:\/\/otimoneiro.com.br\/wp-content\/uploads\/2016\/02\/956637-turismo160415_3.jpg\"><img decoding=\"async\" aria-describedby=\"caption-attachment-2783\" class=\" wp-image-2783\" src=\"http:\/\/otimoneiro.com.br\/wp-content\/uploads\/2016\/02\/956637-turismo160415_3.jpg\" alt=\"Eduardo Cunha, presidente da C\u00e2mara dos Deputados. Foto: EBC\" width=\"464\" height=\"309\" \/><\/a><p id=\"caption-attachment-2783\" class=\"wp-caption-text\">Eduardo Cunha, presidente da C\u00e2mara dos Deputados. Foto: EBC<\/p><\/div>\n<p>Na manh\u00e3 desta ter\u00e7a-feira, 16, o presidente da C\u00e2mara dos Deputados, Eduardo Cunha (PMDB-RJ), foi notificado pelo Supremo Tribunal Federal (STF), sobre o pedido de afastamento dele do mandato, feito em dezembro do ano passado pelo procurador-geral da Rep\u00fablica, Rodrigo Janot, \u00e0 Suprema Corte. Com isso, tem in\u00edcio o prazo de dez dias para que a defesa de Cunha apresente os seus argumentos.<\/p>\n<p>Rodrigo Janot acusa Cunha de utilizar o cargo de presidente da C\u00e2mara dos Deputados para intimidar parlamentares e cometer crimes. O presidente da C\u00e2mara responde a tr\u00eas inqu\u00e9ritos oriundos da Opera\u00e7\u00e3o Lava Jato, que tramitam no Supremo.<\/p>\n<p>No pedido apresentado ao STF, em dezembro, Janot argumenta que as suspeitas sobre Cunha, alvo de buscas e apreens\u00f5es em uma das fases da opera\u00e7\u00e3o policial, s\u00e3o refor\u00e7adas nas dela\u00e7\u00f5es premiadas de r\u00e9us da Opera\u00e7\u00e3o Lava Jato e pelas apreens\u00f5es feitas no dia 15 de dezembro, pela Pol\u00edcia Federal, na resid\u00eancia oficial da C\u00e2mara e na casa do parlamentar no Rio de Janeiro.<\/p>\n<p>&nbsp;<\/p>\n<p><strong>Conselho de \u00c9tica<\/strong><\/p>\n<p>Cunha tamb\u00e9m \u00e9 alvo de processo no Conselho de \u00c9tica da Casa, que ser\u00e1 retomado no in\u00edcio da tarde desta ter\u00e7a. Mudan\u00e7as na composi\u00e7\u00e3o de nomes que integram o colegiado aumentaram ainda mais a expectativa em torno da primeira reuni\u00e3o do ano do conselho, que volta \u00e0 fase inicial de discuss\u00f5es em torno do parecer do deputado Marcos Rog\u00e9rio (PDT-RO), relator do caso.<\/p>\n<p>O l\u00edder do PTB na C\u00e2mara, Jovair Arantes (GO), aliado de Cunha, deve decidir nas pr\u00f3ximas horas o nome que vai substituir Arnaldo Faria de S\u00e1 (SP) no conselho, que renunciou \u00e0 vaga, a pedido do l\u00edder do partido. Arantes participa na manh\u00e3 de hoje da reuni\u00e3o de l\u00edderes da base aliada da C\u00e2mara com a presidenta Dilma Rousseff.<\/p>\n<p>&nbsp;<\/p>\n","protected":false},"excerpt":{"rendered":"<p>Parlamentar tem agora dez dias para apresentar sua defesa. Dela\u00e7\u00f5es premiadas de r\u00e9us da Lava Jato refor\u00e7am acusa\u00e7\u00f5es de Rodrigo Janot<\/p>\n","protected":false},"author":1,"featured_media":2783,"comment_status":"open","ping_status":"open","sticky":false,"template":"","format":"standard","meta":{"amp_status":"","footnotes":""},"categories":[19,22,73,20],"tags":[],"class_list":["post-2782","post","type-post","status-publish","format-standard","has-post-thumbnail","hentry","category-destaques","category-noticias","category-pais","category-politica-noticias"],"yoast_head":"<!-- This site is optimized with the Yoast SEO plugin v20.5 - https:\/\/yoast.com\/wordpress\/plugins\/seo\/ -->\n<title>STF notifica Eduardo Cunha a respeito de pedido de afastamento - O Timoneiro Jornal Canoas RS<\/title>\n<meta name=\"robots\" content=\"index, follow, max-snippet:-1, max-image-preview:large, max-video-preview:-1\" \/>\n<link rel=\"canonical\" href=\"https:\/\/jornaltimoneiro.com.br\/index.php\/2016\/02\/16\/stf-notifica-eduardo-cunha-a-respeito-de-pedido-de-afastamento\/\" \/>\n<meta property=\"og:locale\" content=\"pt_BR\" \/>\n<meta property=\"og:type\" content=\"article\" \/>\n<meta property=\"og:title\" content=\"STF notifica Eduardo Cunha a respeito de pedido de afastamento - O Timoneiro Jornal Canoas RS\" \/>\n<meta property=\"og:description\" content=\"Parlamentar tem agora dez dias para apresentar sua defesa. Dela\u00e7\u00f5es premiadas de r\u00e9us da Lava Jato refor\u00e7am acusa\u00e7\u00f5es de Rodrigo Janot\" \/>\n<meta property=\"og:url\" content=\"https:\/\/jornaltimoneiro.com.br\/index.php\/2016\/02\/16\/stf-notifica-eduardo-cunha-a-respeito-de-pedido-de-afastamento\/\" \/>\n<meta property=\"og:site_name\" content=\"O Timoneiro Jornal Canoas RS\" \/>\n<meta property=\"article:publisher\" content=\"https:\/\/www.facebook.com\/jornaltimoneiro\" \/>\n<meta property=\"article:published_time\" content=\"2016-02-16T14:20:28+00:00\" \/>\n<meta name=\"author\" content=\"Reda\u00e7\u00e3o\" \/>\n<meta name=\"twitter:card\" content=\"summary_large_image\" \/>\n<meta name=\"twitter:creator\" content=\"@_OTimoneiro\" \/>\n<meta name=\"twitter:site\" content=\"@_OTimoneiro\" \/>\n<meta name=\"twitter:label1\" content=\"Escrito por\" \/>\n\t<meta name=\"twitter:data1\" content=\"Reda\u00e7\u00e3o\" \/>\n\t<meta name=\"twitter:label2\" content=\"Est. tempo de leitura\" \/>\n\t<meta name=\"twitter:data2\" content=\"2 minutos\" \/>\n<script type=\"application\/ld+json\" class=\"yoast-schema-graph\">{\"@context\":\"https:\/\/schema.org\",\"@graph\":[{\"@type\":\"Article\",\"@id\":\"https:\/\/jornaltimoneiro.com.br\/index.php\/2016\/02\/16\/stf-notifica-eduardo-cunha-a-respeito-de-pedido-de-afastamento\/#article\",\"isPartOf\":{\"@id\":\"https:\/\/jornaltimoneiro.com.br\/index.php\/2016\/02\/16\/stf-notifica-eduardo-cunha-a-respeito-de-pedido-de-afastamento\/\"},\"author\":{\"name\":\"Reda\u00e7\u00e3o\",\"@id\":\"https:\/\/jornaltimoneiro.com.br\/#\/schema\/person\/620efd1d8244466117482be494360b08\"},\"headline\":\"STF notifica Eduardo Cunha a respeito de pedido de afastamento\",\"datePublished\":\"2016-02-16T14:20:28+00:00\",\"dateModified\":\"2016-02-16T14:20:28+00:00\",\"mainEntityOfPage\":{\"@id\":\"https:\/\/jornaltimoneiro.com.br\/index.php\/2016\/02\/16\/stf-notifica-eduardo-cunha-a-respeito-de-pedido-de-afastamento\/\"},\"wordCount\":346,\"commentCount\":0,\"publisher\":{\"@id\":\"https:\/\/jornaltimoneiro.com.br\/#organization\"},\"articleSection\":[\"Destaques\",\"Not\u00edcias\",\"Pa\u00eds\",\"Pol\u00edtica\"],\"inLanguage\":\"pt-BR\",\"potentialAction\":[{\"@type\":\"CommentAction\",\"name\":\"Comment\",\"target\":[\"https:\/\/jornaltimoneiro.com.br\/index.php\/2016\/02\/16\/stf-notifica-eduardo-cunha-a-respeito-de-pedido-de-afastamento\/#respond\"]}]},{\"@type\":\"WebPage\",\"@id\":\"https:\/\/jornaltimoneiro.com.br\/index.php\/2016\/02\/16\/stf-notifica-eduardo-cunha-a-respeito-de-pedido-de-afastamento\/\",\"url\":\"https:\/\/jornaltimoneiro.com.br\/index.php\/2016\/02\/16\/stf-notifica-eduardo-cunha-a-respeito-de-pedido-de-afastamento\/\",\"name\":\"STF notifica Eduardo Cunha a respeito de pedido de afastamento - O Timoneiro Jornal Canoas RS\",\"isPartOf\":{\"@id\":\"https:\/\/jornaltimoneiro.com.br\/#website\"},\"datePublished\":\"2016-02-16T14:20:28+00:00\",\"dateModified\":\"2016-02-16T14:20:28+00:00\",\"breadcrumb\":{\"@id\":\"https:\/\/jornaltimoneiro.com.br\/index.php\/2016\/02\/16\/stf-notifica-eduardo-cunha-a-respeito-de-pedido-de-afastamento\/#breadcrumb\"},\"inLanguage\":\"pt-BR\",\"potentialAction\":[{\"@type\":\"ReadAction\",\"target\":[\"https:\/\/jornaltimoneiro.com.br\/index.php\/2016\/02\/16\/stf-notifica-eduardo-cunha-a-respeito-de-pedido-de-afastamento\/\"]}]},{\"@type\":\"BreadcrumbList\",\"@id\":\"https:\/\/jornaltimoneiro.com.br\/index.php\/2016\/02\/16\/stf-notifica-eduardo-cunha-a-respeito-de-pedido-de-afastamento\/#breadcrumb\",\"itemListElement\":[{\"@type\":\"ListItem\",\"position\":1,\"name\":\"In\u00edcio\",\"item\":\"https:\/\/jornaltimoneiro.com.br\/\"},{\"@type\":\"ListItem\",\"position\":2,\"name\":\"STF notifica Eduardo Cunha a respeito de pedido de afastamento\"}]},{\"@type\":\"WebSite\",\"@id\":\"https:\/\/jornaltimoneiro.com.br\/#website\",\"url\":\"https:\/\/jornaltimoneiro.com.br\/\",\"name\":\"Jornal Timoneiro Canoas RS\",\"description\":\"Jornal O Timoneiro, o verdadeiro jornal de Canoas\",\"publisher\":{\"@id\":\"https:\/\/jornaltimoneiro.com.br\/#organization\"},\"potentialAction\":[{\"@type\":\"SearchAction\",\"target\":{\"@type\":\"EntryPoint\",\"urlTemplate\":\"https:\/\/jornaltimoneiro.com.br\/?s={search_term_string}\"},\"query-input\":\"required name=search_term_string\"}],\"inLanguage\":\"pt-BR\"},{\"@type\":\"Organization\",\"@id\":\"https:\/\/jornaltimoneiro.com.br\/#organization\",\"name\":\"Jornal Timoneiro Canoas RS\",\"url\":\"https:\/\/jornaltimoneiro.com.br\/\",\"logo\":{\"@type\":\"ImageObject\",\"inLanguage\":\"pt-BR\",\"@id\":\"https:\/\/jornaltimoneiro.com.br\/#\/schema\/logo\/image\/\",\"url\":\"https:\/\/jornaltimoneiro.com.br\/wp-content\/uploads\/2023\/03\/logonovo.png\",\"contentUrl\":\"https:\/\/jornaltimoneiro.com.br\/wp-content\/uploads\/2023\/03\/logonovo.png\",\"width\":\"469\",\"height\":\"171\",\"caption\":\"Jornal Timoneiro Canoas RS\"},\"image\":{\"@id\":\"https:\/\/jornaltimoneiro.com.br\/#\/schema\/logo\/image\/\"},\"sameAs\":[\"https:\/\/www.facebook.com\/jornaltimoneiro\",\"https:\/\/twitter.com\/_OTimoneiro\",\"https:\/\/www.instagram.com\/jornaltimoneirocanoas\/\",\"https:\/\/www.youtube.com\/@jornalotimoneiro7927\"]},{\"@type\":\"Person\",\"@id\":\"https:\/\/jornaltimoneiro.com.br\/#\/schema\/person\/620efd1d8244466117482be494360b08\",\"name\":\"Reda\u00e7\u00e3o\",\"image\":{\"@type\":\"ImageObject\",\"inLanguage\":\"pt-BR\",\"@id\":\"https:\/\/jornaltimoneiro.com.br\/#\/schema\/person\/image\/\",\"url\":\"https:\/\/secure.gravatar.com\/avatar\/2f04e1b304682a8d9db336c7acd77f08?s=96&d=mm&r=g\",\"contentUrl\":\"https:\/\/secure.gravatar.com\/avatar\/2f04e1b304682a8d9db336c7acd77f08?s=96&d=mm&r=g\",\"caption\":\"Reda\u00e7\u00e3o\"},\"url\":\"https:\/\/jornaltimoneiro.com.br\/index.php\/author\/timoneirocanoas\/\"}]}<\/script>\n<!-- \/ Yoast SEO plugin. -->","yoast_head_json":{"title":"STF notifica Eduardo Cunha a respeito de pedido de afastamento - O Timoneiro Jornal Canoas RS","robots":{"index":"index","follow":"follow","max-snippet":"max-snippet:-1","max-image-preview":"max-image-preview:large","max-video-preview":"max-video-preview:-1"},"canonical":"https:\/\/jornaltimoneiro.com.br\/index.php\/2016\/02\/16\/stf-notifica-eduardo-cunha-a-respeito-de-pedido-de-afastamento\/","og_locale":"pt_BR","og_type":"article","og_title":"STF notifica Eduardo Cunha a respeito de pedido de afastamento - O Timoneiro Jornal Canoas RS","og_description":"Parlamentar tem agora dez dias para apresentar sua defesa. Dela\u00e7\u00f5es premiadas de r\u00e9us da Lava Jato refor\u00e7am acusa\u00e7\u00f5es de Rodrigo Janot","og_url":"https:\/\/jornaltimoneiro.com.br\/index.php\/2016\/02\/16\/stf-notifica-eduardo-cunha-a-respeito-de-pedido-de-afastamento\/","og_site_name":"O Timoneiro Jornal Canoas RS","article_publisher":"https:\/\/www.facebook.com\/jornaltimoneiro","article_published_time":"2016-02-16T14:20:28+00:00","author":"Reda\u00e7\u00e3o","twitter_card":"summary_large_image","twitter_creator":"@_OTimoneiro","twitter_site":"@_OTimoneiro","twitter_misc":{"Escrito por":"Reda\u00e7\u00e3o","Est. tempo de leitura":"2 minutos"},"schema":{"@context":"https:\/\/schema.org","@graph":[{"@type":"Article","@id":"https:\/\/jornaltimoneiro.com.br\/index.php\/2016\/02\/16\/stf-notifica-eduardo-cunha-a-respeito-de-pedido-de-afastamento\/#article","isPartOf":{"@id":"https:\/\/jornaltimoneiro.com.br\/index.php\/2016\/02\/16\/stf-notifica-eduardo-cunha-a-respeito-de-pedido-de-afastamento\/"},"author":{"name":"Reda\u00e7\u00e3o","@id":"https:\/\/jornaltimoneiro.com.br\/#\/schema\/person\/620efd1d8244466117482be494360b08"},"headline":"STF notifica Eduardo Cunha a respeito de pedido de afastamento","datePublished":"2016-02-16T14:20:28+00:00","dateModified":"2016-02-16T14:20:28+00:00","mainEntityOfPage":{"@id":"https:\/\/jornaltimoneiro.com.br\/index.php\/2016\/02\/16\/stf-notifica-eduardo-cunha-a-respeito-de-pedido-de-afastamento\/"},"wordCount":346,"commentCount":0,"publisher":{"@id":"https:\/\/jornaltimoneiro.com.br\/#organization"},"articleSection":["Destaques","Not\u00edcias","Pa\u00eds","Pol\u00edtica"],"inLanguage":"pt-BR","potentialAction":[{"@type":"CommentAction","name":"Comment","target":["https:\/\/jornaltimoneiro.com.br\/index.php\/2016\/02\/16\/stf-notifica-eduardo-cunha-a-respeito-de-pedido-de-afastamento\/#respond"]}]},{"@type":"WebPage","@id":"https:\/\/jornaltimoneiro.com.br\/index.php\/2016\/02\/16\/stf-notifica-eduardo-cunha-a-respeito-de-pedido-de-afastamento\/","url":"https:\/\/jornaltimoneiro.com.br\/index.php\/2016\/02\/16\/stf-notifica-eduardo-cunha-a-respeito-de-pedido-de-afastamento\/","name":"STF notifica Eduardo Cunha a respeito de pedido de afastamento - O Timoneiro Jornal Canoas RS","isPartOf":{"@id":"https:\/\/jornaltimoneiro.com.br\/#website"},"datePublished":"2016-02-16T14:20:28+00:00","dateModified":"2016-02-16T14:20:28+00:00","breadcrumb":{"@id":"https:\/\/jornaltimoneiro.com.br\/index.php\/2016\/02\/16\/stf-notifica-eduardo-cunha-a-respeito-de-pedido-de-afastamento\/#breadcrumb"},"inLanguage":"pt-BR","potentialAction":[{"@type":"ReadAction","target":["https:\/\/jornaltimoneiro.com.br\/index.php\/2016\/02\/16\/stf-notifica-eduardo-cunha-a-respeito-de-pedido-de-afastamento\/"]}]},{"@type":"BreadcrumbList","@id":"https:\/\/jornaltimoneiro.com.br\/index.php\/2016\/02\/16\/stf-notifica-eduardo-cunha-a-respeito-de-pedido-de-afastamento\/#breadcrumb","itemListElement":[{"@type":"ListItem","position":1,"name":"In\u00edcio","item":"https:\/\/jornaltimoneiro.com.br\/"},{"@type":"ListItem","position":2,"name":"STF notifica Eduardo Cunha a respeito de pedido de afastamento"}]},{"@type":"WebSite","@id":"https:\/\/jornaltimoneiro.com.br\/#website","url":"https:\/\/jornaltimoneiro.com.br\/","name":"Jornal Timoneiro Canoas RS","description":"Jornal O Timoneiro, o verdadeiro jornal de Canoas","publisher":{"@id":"https:\/\/jornaltimoneiro.com.br\/#organization"},"potentialAction":[{"@type":"SearchAction","target":{"@type":"EntryPoint","urlTemplate":"https:\/\/jornaltimoneiro.com.br\/?s={search_term_string}"},"query-input":"required name=search_term_string"}],"inLanguage":"pt-BR"},{"@type":"Organization","@id":"https:\/\/jornaltimoneiro.com.br\/#organization","name":"Jornal Timoneiro Canoas RS","url":"https:\/\/jornaltimoneiro.com.br\/","logo":{"@type":"ImageObject","inLanguage":"pt-BR","@id":"https:\/\/jornaltimoneiro.com.br\/#\/schema\/logo\/image\/","url":"https:\/\/jornaltimoneiro.com.br\/wp-content\/uploads\/2023\/03\/logonovo.png","contentUrl":"https:\/\/jornaltimoneiro.com.br\/wp-content\/uploads\/2023\/03\/logonovo.png","width":"469","height":"171","caption":"Jornal Timoneiro Canoas RS"},"image":{"@id":"https:\/\/jornaltimoneiro.com.br\/#\/schema\/logo\/image\/"},"sameAs":["https:\/\/www.facebook.com\/jornaltimoneiro","https:\/\/twitter.com\/_OTimoneiro","https:\/\/www.instagram.com\/jornaltimoneirocanoas\/","https:\/\/www.youtube.com\/@jornalotimoneiro7927"]},{"@type":"Person","@id":"https:\/\/jornaltimoneiro.com.br\/#\/schema\/person\/620efd1d8244466117482be494360b08","name":"Reda\u00e7\u00e3o","image":{"@type":"ImageObject","inLanguage":"pt-BR","@id":"https:\/\/jornaltimoneiro.com.br\/#\/schema\/person\/image\/","url":"https:\/\/secure.gravatar.com\/avatar\/2f04e1b304682a8d9db336c7acd77f08?s=96&d=mm&r=g","contentUrl":"https:\/\/secure.gravatar.com\/avatar\/2f04e1b304682a8d9db336c7acd77f08?s=96&d=mm&r=g","caption":"Reda\u00e7\u00e3o"},"url":"https:\/\/jornaltimoneiro.com.br\/index.php\/author\/timoneirocanoas\/"}]}},"_links":{"self":[{"href":"https:\/\/jornaltimoneiro.com.br\/index.php\/wp-json\/wp\/v2\/posts\/2782"}],"collection":[{"href":"https:\/\/jornaltimoneiro.com.br\/index.php\/wp-json\/wp\/v2\/posts"}],"about":[{"href":"https:\/\/jornaltimoneiro.com.br\/index.php\/wp-json\/wp\/v2\/types\/post"}],"author":[{"embeddable":true,"href":"https:\/\/jornaltimoneiro.com.br\/index.php\/wp-json\/wp\/v2\/users\/1"}],"replies":[{"embeddable":true,"href":"https:\/\/jornaltimoneiro.com.br\/index.php\/wp-json\/wp\/v2\/comments?post=2782"}],"version-history":[{"count":0,"href":"https:\/\/jornaltimoneiro.com.br\/index.php\/wp-json\/wp\/v2\/posts\/2782\/revisions"}],"wp:featuredmedia":[{"embeddable":true,"href":"https:\/\/jornaltimoneiro.com.br\/index.php\/wp-json\/"}],"wp:attachment":[{"href":"https:\/\/jornaltimoneiro.com.br\/index.php\/wp-json\/wp\/v2\/media?parent=2782"}],"wp:term":[{"taxonomy":"category","embeddable":true,"href":"https:\/\/jornaltimoneiro.com.br\/index.php\/wp-json\/wp\/v2\/categories?post=2782"},{"taxonomy":"post_tag","embeddable":true,"href":"https:\/\/jornaltimoneiro.com.br\/index.php\/wp-json\/wp\/v2\/tags?post=2782"}],"curies":[{"name":"wp","href":"https:\/\/api.w.org\/{rel}","templated":true}]}}