{"id":2764,"date":"2016-02-14T19:14:41","date_gmt":"2016-02-14T21:14:41","guid":{"rendered":"http:\/\/otimoneiro.com.br\/?p=2764"},"modified":"2016-02-14T19:14:41","modified_gmt":"2016-02-14T21:14:41","slug":"opiniao-os-defensores-da-moral","status":"publish","type":"post","link":"https:\/\/jornaltimoneiro.com.br\/index.php\/2016\/02\/14\/opiniao-os-defensores-da-moral\/","title":{"rendered":"Opini\u00e3o: Os defensores da moral"},"content":{"rendered":"<p><a href=\"http:\/\/otimoneiro.com.br\/wp-content\/uploads\/2016\/02\/brunao.jpg\"><img decoding=\"async\" class=\"aligncenter  wp-image-2765\" src=\"http:\/\/otimoneiro.com.br\/wp-content\/uploads\/2016\/02\/brunao.jpg\" alt=\"brunao\" width=\"751\" height=\"594\" \/><\/a><\/p>\n<p>Sempre fui do tipo medroso. Na inf\u00e2ncia, temia tudo.<\/p>\n<p>Por conta disso, n\u00e3o entrava em muitas brincadeiras, ficava de fora. Nunca tive o sentimento do \u201cn\u00e3o vai dar em nada\u201d. Quando era menor, acompanhava os amigos que se divertiam em brincadeiras que nunca entendi muito bem.<\/p>\n<p>Quem nunca tocou a campainha de algu\u00e9m, um dia, e depois correu?<\/p>\n<p>Cresci e isso confirmou o que eu achava. Isso incomoda. Hoje \u00e9 a minha campainha que toca e, quando largo tudo e vou olhar, n\u00e3o h\u00e1 ningu\u00e9m l\u00e1.<\/p>\n<p>N\u00e3o \u00e9 uma quest\u00e3o punitiva. Ningu\u00e9m deveria ir preso por tocar a campainha e correr. Eu, no entanto, levava comigo o sentimento \u2013 medroso \u2013 de que algo aconteceria comigo e com aqueles pr\u00f3ximos a mim se fizesse isso.<\/p>\n<p>Lembro bem de um dia em espec\u00edfico. O epis\u00f3dio at\u00e9 hoje \u00e9 motivo de chacota. Em uma brincadeira, murchamos pneu de um carro estacionado na rua. Na hora parecia engra\u00e7ado. Talvez at\u00e9 tenha sido. At\u00e9 a hora que o dono desce a lomba correndo e a minha casa foi o destino dos fugitivos mirins. Em casa, escondido, chorava. Achava que o dono do carro chamaria o Conselho Tutelar e, naquele mesmo dia, estaria em uma cela, longe dos meus pais e por l\u00e1 passaria anos. Uma l\u00f3gica interessante, mas n\u00e3o a dos demais. Os amigos riram, ali\u00e1s, continuam rindo.<\/p>\n<p>Hoje, conhecendo o sistema, vejo o motivo pelo qual riam. O conselho tutelar \u00e9 falido. Quando n\u00e3o faltam os agentes, falta estrutura. Quando n\u00e3o falta estrutura administrativa, falta lugar para as crian\u00e7as e fam\u00edlias que precisam de ajuda. Uma conta que n\u00e3o fecha. Uma estrutura de import\u00e2ncia essencial, que serve para a manuten\u00e7\u00e3o da juventude de uma forma civil, mas que n\u00e3o ocorre por n\u00e3o haver independ\u00eancia, por ser, hoje, apenas uma pr\u00e9via das elei\u00e7\u00f5es municipais, que por sinal ocorrem neste ano.<\/p>\n<p>A minha l\u00f3gica era verdadeira. Era como deveria ser em um sistema de perfeito funcionamento. Aquele jovem que erra deve ser corrigido. N\u00e3o com o afastamento dos pais \u2013 a\u00ed eu concordo com a besteira que a juventude n\u00e3o me trazia -, mas com a manuten\u00e7\u00e3o dos valores, do que \u00e9 certo e do que \u00e9 errado.<\/p>\n<p>Certo e errado. Um limite que parece n\u00e3o mais existir. N\u00e3o h\u00e1 proibi\u00e7\u00f5es, apenas consequ\u00eancias. Os legislativos brasileiros acreditam que tudo o que algu\u00e9m faz \u00e9 consequ\u00eancia de algo que aconteceu com ela no passado. Uma conclus\u00e3o, a meu ver, acertada. O erro est\u00e1 no que \u00e9 feito para corrigir o seu futuro. Enquanto o poder p\u00fablico continuar a servir como defensor daqueles que erram, ao inv\u00e9s de tentar corrigi-los, haver\u00e1 sempre mais infratores do que aquele que seguem o correto e, por consequ\u00eancia disso, tamb\u00e9m crescer\u00e1 o n\u00famero de moralizadores, de defensores daquilo que nem eles t\u00eam. A moral.<\/p>\n","protected":false},"excerpt":{"rendered":"<p>Sempre fui do tipo medroso. Na inf\u00e2ncia, temia tudo. Por conta disso, n\u00e3o entrava em muitas brincadeiras, ficava de fora. Nunca tive o sentimento do \u201cn\u00e3o vai dar em nada\u201d. Quando era menor, acompanhava os amigos que se divertiam em brincadeiras que nunca entendi muito bem. Quem nunca tocou a campainha de algu\u00e9m, um dia, [&hellip;]<\/p>\n","protected":false},"author":1,"featured_media":2765,"comment_status":"open","ping_status":"open","sticky":false,"template":"","format":"standard","meta":{"amp_status":"","footnotes":""},"categories":[19,21],"tags":[],"class_list":["post-2764","post","type-post","status-publish","format-standard","has-post-thumbnail","hentry","category-destaques","category-opiniao"],"yoast_head":"<!-- This site is optimized with the Yoast SEO plugin v20.5 - https:\/\/yoast.com\/wordpress\/plugins\/seo\/ -->\n<title>Opini\u00e3o: Os defensores da moral - O Timoneiro Jornal Canoas RS<\/title>\n<meta name=\"robots\" content=\"index, follow, max-snippet:-1, max-image-preview:large, max-video-preview:-1\" \/>\n<link rel=\"canonical\" href=\"https:\/\/jornaltimoneiro.com.br\/index.php\/2016\/02\/14\/opiniao-os-defensores-da-moral\/\" \/>\n<meta property=\"og:locale\" content=\"pt_BR\" \/>\n<meta property=\"og:type\" content=\"article\" \/>\n<meta property=\"og:title\" content=\"Opini\u00e3o: Os defensores da moral - O Timoneiro Jornal Canoas RS\" \/>\n<meta property=\"og:description\" content=\"Sempre fui do tipo medroso. Na inf\u00e2ncia, temia tudo. Por conta disso, n\u00e3o entrava em muitas brincadeiras, ficava de fora. Nunca tive o sentimento do \u201cn\u00e3o vai dar em nada\u201d. Quando era menor, acompanhava os amigos que se divertiam em brincadeiras que nunca entendi muito bem. Quem nunca tocou a campainha de algu\u00e9m, um dia, [&hellip;]\" \/>\n<meta property=\"og:url\" content=\"https:\/\/jornaltimoneiro.com.br\/index.php\/2016\/02\/14\/opiniao-os-defensores-da-moral\/\" \/>\n<meta property=\"og:site_name\" content=\"O Timoneiro Jornal Canoas RS\" \/>\n<meta property=\"article:publisher\" content=\"https:\/\/www.facebook.com\/jornaltimoneiro\" \/>\n<meta property=\"article:published_time\" content=\"2016-02-14T21:14:41+00:00\" \/>\n<meta name=\"author\" content=\"Reda\u00e7\u00e3o\" \/>\n<meta name=\"twitter:card\" content=\"summary_large_image\" \/>\n<meta name=\"twitter:creator\" content=\"@_OTimoneiro\" \/>\n<meta name=\"twitter:site\" content=\"@_OTimoneiro\" \/>\n<meta name=\"twitter:label1\" content=\"Escrito por\" \/>\n\t<meta name=\"twitter:data1\" content=\"Reda\u00e7\u00e3o\" \/>\n\t<meta name=\"twitter:label2\" content=\"Est. tempo de leitura\" \/>\n\t<meta name=\"twitter:data2\" content=\"2 minutos\" \/>\n<script type=\"application\/ld+json\" class=\"yoast-schema-graph\">{\"@context\":\"https:\/\/schema.org\",\"@graph\":[{\"@type\":\"Article\",\"@id\":\"https:\/\/jornaltimoneiro.com.br\/index.php\/2016\/02\/14\/opiniao-os-defensores-da-moral\/#article\",\"isPartOf\":{\"@id\":\"https:\/\/jornaltimoneiro.com.br\/index.php\/2016\/02\/14\/opiniao-os-defensores-da-moral\/\"},\"author\":{\"name\":\"Reda\u00e7\u00e3o\",\"@id\":\"https:\/\/jornaltimoneiro.com.br\/#\/schema\/person\/620efd1d8244466117482be494360b08\"},\"headline\":\"Opini\u00e3o: Os defensores da moral\",\"datePublished\":\"2016-02-14T21:14:41+00:00\",\"dateModified\":\"2016-02-14T21:14:41+00:00\",\"mainEntityOfPage\":{\"@id\":\"https:\/\/jornaltimoneiro.com.br\/index.php\/2016\/02\/14\/opiniao-os-defensores-da-moral\/\"},\"wordCount\":503,\"commentCount\":0,\"publisher\":{\"@id\":\"https:\/\/jornaltimoneiro.com.br\/#organization\"},\"articleSection\":[\"Destaques\",\"Opini\u00e3o\"],\"inLanguage\":\"pt-BR\",\"potentialAction\":[{\"@type\":\"CommentAction\",\"name\":\"Comment\",\"target\":[\"https:\/\/jornaltimoneiro.com.br\/index.php\/2016\/02\/14\/opiniao-os-defensores-da-moral\/#respond\"]}]},{\"@type\":\"WebPage\",\"@id\":\"https:\/\/jornaltimoneiro.com.br\/index.php\/2016\/02\/14\/opiniao-os-defensores-da-moral\/\",\"url\":\"https:\/\/jornaltimoneiro.com.br\/index.php\/2016\/02\/14\/opiniao-os-defensores-da-moral\/\",\"name\":\"Opini\u00e3o: Os defensores da moral - O Timoneiro Jornal Canoas RS\",\"isPartOf\":{\"@id\":\"https:\/\/jornaltimoneiro.com.br\/#website\"},\"datePublished\":\"2016-02-14T21:14:41+00:00\",\"dateModified\":\"2016-02-14T21:14:41+00:00\",\"breadcrumb\":{\"@id\":\"https:\/\/jornaltimoneiro.com.br\/index.php\/2016\/02\/14\/opiniao-os-defensores-da-moral\/#breadcrumb\"},\"inLanguage\":\"pt-BR\",\"potentialAction\":[{\"@type\":\"ReadAction\",\"target\":[\"https:\/\/jornaltimoneiro.com.br\/index.php\/2016\/02\/14\/opiniao-os-defensores-da-moral\/\"]}]},{\"@type\":\"BreadcrumbList\",\"@id\":\"https:\/\/jornaltimoneiro.com.br\/index.php\/2016\/02\/14\/opiniao-os-defensores-da-moral\/#breadcrumb\",\"itemListElement\":[{\"@type\":\"ListItem\",\"position\":1,\"name\":\"In\u00edcio\",\"item\":\"https:\/\/jornaltimoneiro.com.br\/\"},{\"@type\":\"ListItem\",\"position\":2,\"name\":\"Opini\u00e3o: Os defensores da moral\"}]},{\"@type\":\"WebSite\",\"@id\":\"https:\/\/jornaltimoneiro.com.br\/#website\",\"url\":\"https:\/\/jornaltimoneiro.com.br\/\",\"name\":\"Jornal Timoneiro Canoas RS\",\"description\":\"Jornal O Timoneiro, o verdadeiro jornal de Canoas\",\"publisher\":{\"@id\":\"https:\/\/jornaltimoneiro.com.br\/#organization\"},\"potentialAction\":[{\"@type\":\"SearchAction\",\"target\":{\"@type\":\"EntryPoint\",\"urlTemplate\":\"https:\/\/jornaltimoneiro.com.br\/?s={search_term_string}\"},\"query-input\":\"required name=search_term_string\"}],\"inLanguage\":\"pt-BR\"},{\"@type\":\"Organization\",\"@id\":\"https:\/\/jornaltimoneiro.com.br\/#organization\",\"name\":\"Jornal Timoneiro Canoas RS\",\"url\":\"https:\/\/jornaltimoneiro.com.br\/\",\"logo\":{\"@type\":\"ImageObject\",\"inLanguage\":\"pt-BR\",\"@id\":\"https:\/\/jornaltimoneiro.com.br\/#\/schema\/logo\/image\/\",\"url\":\"https:\/\/jornaltimoneiro.com.br\/wp-content\/uploads\/2023\/03\/logonovo.png\",\"contentUrl\":\"https:\/\/jornaltimoneiro.com.br\/wp-content\/uploads\/2023\/03\/logonovo.png\",\"width\":\"469\",\"height\":\"171\",\"caption\":\"Jornal Timoneiro Canoas RS\"},\"image\":{\"@id\":\"https:\/\/jornaltimoneiro.com.br\/#\/schema\/logo\/image\/\"},\"sameAs\":[\"https:\/\/www.facebook.com\/jornaltimoneiro\",\"https:\/\/twitter.com\/_OTimoneiro\",\"https:\/\/www.instagram.com\/jornaltimoneirocanoas\/\",\"https:\/\/www.youtube.com\/@jornalotimoneiro7927\"]},{\"@type\":\"Person\",\"@id\":\"https:\/\/jornaltimoneiro.com.br\/#\/schema\/person\/620efd1d8244466117482be494360b08\",\"name\":\"Reda\u00e7\u00e3o\",\"image\":{\"@type\":\"ImageObject\",\"inLanguage\":\"pt-BR\",\"@id\":\"https:\/\/jornaltimoneiro.com.br\/#\/schema\/person\/image\/\",\"url\":\"https:\/\/secure.gravatar.com\/avatar\/2f04e1b304682a8d9db336c7acd77f08?s=96&d=mm&r=g\",\"contentUrl\":\"https:\/\/secure.gravatar.com\/avatar\/2f04e1b304682a8d9db336c7acd77f08?s=96&d=mm&r=g\",\"caption\":\"Reda\u00e7\u00e3o\"},\"url\":\"https:\/\/jornaltimoneiro.com.br\/index.php\/author\/timoneirocanoas\/\"}]}<\/script>\n<!-- \/ Yoast SEO plugin. -->","yoast_head_json":{"title":"Opini\u00e3o: Os defensores da moral - O Timoneiro Jornal Canoas RS","robots":{"index":"index","follow":"follow","max-snippet":"max-snippet:-1","max-image-preview":"max-image-preview:large","max-video-preview":"max-video-preview:-1"},"canonical":"https:\/\/jornaltimoneiro.com.br\/index.php\/2016\/02\/14\/opiniao-os-defensores-da-moral\/","og_locale":"pt_BR","og_type":"article","og_title":"Opini\u00e3o: Os defensores da moral - O Timoneiro Jornal Canoas RS","og_description":"Sempre fui do tipo medroso. Na inf\u00e2ncia, temia tudo. Por conta disso, n\u00e3o entrava em muitas brincadeiras, ficava de fora. Nunca tive o sentimento do \u201cn\u00e3o vai dar em nada\u201d. Quando era menor, acompanhava os amigos que se divertiam em brincadeiras que nunca entendi muito bem. Quem nunca tocou a campainha de algu\u00e9m, um dia, [&hellip;]","og_url":"https:\/\/jornaltimoneiro.com.br\/index.php\/2016\/02\/14\/opiniao-os-defensores-da-moral\/","og_site_name":"O Timoneiro Jornal Canoas RS","article_publisher":"https:\/\/www.facebook.com\/jornaltimoneiro","article_published_time":"2016-02-14T21:14:41+00:00","author":"Reda\u00e7\u00e3o","twitter_card":"summary_large_image","twitter_creator":"@_OTimoneiro","twitter_site":"@_OTimoneiro","twitter_misc":{"Escrito por":"Reda\u00e7\u00e3o","Est. tempo de leitura":"2 minutos"},"schema":{"@context":"https:\/\/schema.org","@graph":[{"@type":"Article","@id":"https:\/\/jornaltimoneiro.com.br\/index.php\/2016\/02\/14\/opiniao-os-defensores-da-moral\/#article","isPartOf":{"@id":"https:\/\/jornaltimoneiro.com.br\/index.php\/2016\/02\/14\/opiniao-os-defensores-da-moral\/"},"author":{"name":"Reda\u00e7\u00e3o","@id":"https:\/\/jornaltimoneiro.com.br\/#\/schema\/person\/620efd1d8244466117482be494360b08"},"headline":"Opini\u00e3o: Os defensores da moral","datePublished":"2016-02-14T21:14:41+00:00","dateModified":"2016-02-14T21:14:41+00:00","mainEntityOfPage":{"@id":"https:\/\/jornaltimoneiro.com.br\/index.php\/2016\/02\/14\/opiniao-os-defensores-da-moral\/"},"wordCount":503,"commentCount":0,"publisher":{"@id":"https:\/\/jornaltimoneiro.com.br\/#organization"},"articleSection":["Destaques","Opini\u00e3o"],"inLanguage":"pt-BR","potentialAction":[{"@type":"CommentAction","name":"Comment","target":["https:\/\/jornaltimoneiro.com.br\/index.php\/2016\/02\/14\/opiniao-os-defensores-da-moral\/#respond"]}]},{"@type":"WebPage","@id":"https:\/\/jornaltimoneiro.com.br\/index.php\/2016\/02\/14\/opiniao-os-defensores-da-moral\/","url":"https:\/\/jornaltimoneiro.com.br\/index.php\/2016\/02\/14\/opiniao-os-defensores-da-moral\/","name":"Opini\u00e3o: Os defensores da moral - O Timoneiro Jornal Canoas RS","isPartOf":{"@id":"https:\/\/jornaltimoneiro.com.br\/#website"},"datePublished":"2016-02-14T21:14:41+00:00","dateModified":"2016-02-14T21:14:41+00:00","breadcrumb":{"@id":"https:\/\/jornaltimoneiro.com.br\/index.php\/2016\/02\/14\/opiniao-os-defensores-da-moral\/#breadcrumb"},"inLanguage":"pt-BR","potentialAction":[{"@type":"ReadAction","target":["https:\/\/jornaltimoneiro.com.br\/index.php\/2016\/02\/14\/opiniao-os-defensores-da-moral\/"]}]},{"@type":"BreadcrumbList","@id":"https:\/\/jornaltimoneiro.com.br\/index.php\/2016\/02\/14\/opiniao-os-defensores-da-moral\/#breadcrumb","itemListElement":[{"@type":"ListItem","position":1,"name":"In\u00edcio","item":"https:\/\/jornaltimoneiro.com.br\/"},{"@type":"ListItem","position":2,"name":"Opini\u00e3o: Os defensores da moral"}]},{"@type":"WebSite","@id":"https:\/\/jornaltimoneiro.com.br\/#website","url":"https:\/\/jornaltimoneiro.com.br\/","name":"Jornal Timoneiro Canoas RS","description":"Jornal O Timoneiro, o verdadeiro jornal de Canoas","publisher":{"@id":"https:\/\/jornaltimoneiro.com.br\/#organization"},"potentialAction":[{"@type":"SearchAction","target":{"@type":"EntryPoint","urlTemplate":"https:\/\/jornaltimoneiro.com.br\/?s={search_term_string}"},"query-input":"required name=search_term_string"}],"inLanguage":"pt-BR"},{"@type":"Organization","@id":"https:\/\/jornaltimoneiro.com.br\/#organization","name":"Jornal Timoneiro Canoas RS","url":"https:\/\/jornaltimoneiro.com.br\/","logo":{"@type":"ImageObject","inLanguage":"pt-BR","@id":"https:\/\/jornaltimoneiro.com.br\/#\/schema\/logo\/image\/","url":"https:\/\/jornaltimoneiro.com.br\/wp-content\/uploads\/2023\/03\/logonovo.png","contentUrl":"https:\/\/jornaltimoneiro.com.br\/wp-content\/uploads\/2023\/03\/logonovo.png","width":"469","height":"171","caption":"Jornal Timoneiro Canoas RS"},"image":{"@id":"https:\/\/jornaltimoneiro.com.br\/#\/schema\/logo\/image\/"},"sameAs":["https:\/\/www.facebook.com\/jornaltimoneiro","https:\/\/twitter.com\/_OTimoneiro","https:\/\/www.instagram.com\/jornaltimoneirocanoas\/","https:\/\/www.youtube.com\/@jornalotimoneiro7927"]},{"@type":"Person","@id":"https:\/\/jornaltimoneiro.com.br\/#\/schema\/person\/620efd1d8244466117482be494360b08","name":"Reda\u00e7\u00e3o","image":{"@type":"ImageObject","inLanguage":"pt-BR","@id":"https:\/\/jornaltimoneiro.com.br\/#\/schema\/person\/image\/","url":"https:\/\/secure.gravatar.com\/avatar\/2f04e1b304682a8d9db336c7acd77f08?s=96&d=mm&r=g","contentUrl":"https:\/\/secure.gravatar.com\/avatar\/2f04e1b304682a8d9db336c7acd77f08?s=96&d=mm&r=g","caption":"Reda\u00e7\u00e3o"},"url":"https:\/\/jornaltimoneiro.com.br\/index.php\/author\/timoneirocanoas\/"}]}},"_links":{"self":[{"href":"https:\/\/jornaltimoneiro.com.br\/index.php\/wp-json\/wp\/v2\/posts\/2764"}],"collection":[{"href":"https:\/\/jornaltimoneiro.com.br\/index.php\/wp-json\/wp\/v2\/posts"}],"about":[{"href":"https:\/\/jornaltimoneiro.com.br\/index.php\/wp-json\/wp\/v2\/types\/post"}],"author":[{"embeddable":true,"href":"https:\/\/jornaltimoneiro.com.br\/index.php\/wp-json\/wp\/v2\/users\/1"}],"replies":[{"embeddable":true,"href":"https:\/\/jornaltimoneiro.com.br\/index.php\/wp-json\/wp\/v2\/comments?post=2764"}],"version-history":[{"count":0,"href":"https:\/\/jornaltimoneiro.com.br\/index.php\/wp-json\/wp\/v2\/posts\/2764\/revisions"}],"wp:featuredmedia":[{"embeddable":true,"href":"https:\/\/jornaltimoneiro.com.br\/index.php\/wp-json\/"}],"wp:attachment":[{"href":"https:\/\/jornaltimoneiro.com.br\/index.php\/wp-json\/wp\/v2\/media?parent=2764"}],"wp:term":[{"taxonomy":"category","embeddable":true,"href":"https:\/\/jornaltimoneiro.com.br\/index.php\/wp-json\/wp\/v2\/categories?post=2764"},{"taxonomy":"post_tag","embeddable":true,"href":"https:\/\/jornaltimoneiro.com.br\/index.php\/wp-json\/wp\/v2\/tags?post=2764"}],"curies":[{"name":"wp","href":"https:\/\/api.w.org\/{rel}","templated":true}]}}