{"id":27632,"date":"2024-02-26T16:56:52","date_gmt":"2024-02-26T19:56:52","guid":{"rendered":"https:\/\/jornaltimoneiro.com.br\/?p=27632"},"modified":"2024-02-26T16:56:52","modified_gmt":"2024-02-26T19:56:52","slug":"prefeitura-responde-secretario-tira-duvidas-sobre-parceria-publico-privada-para-iluminacao-publica-em-canoas","status":"publish","type":"post","link":"https:\/\/jornaltimoneiro.com.br\/index.php\/2024\/02\/26\/prefeitura-responde-secretario-tira-duvidas-sobre-parceria-publico-privada-para-iluminacao-publica-em-canoas\/","title":{"rendered":"PREFEITURA RESPONDE: Secret\u00e1rio tira d\u00favidas sobre parceria p\u00fablico-privada para ilumina\u00e7\u00e3o p\u00fablica em Canoas"},"content":{"rendered":"<p>Foi ao ar a primeira edi\u00e7\u00e3o do novo programa do canal de streaming do Grupo O Timoneiro, a otPlayTV, nesta segunda-feira, 26. No Prefeitura Responde, o jornalista Vanderlei Dutra recebeu o secret\u00e1rio de Servi\u00e7os Urbanos de Canoas, Lucas Garlet, acompanhado do diretor de Ilumina\u00e7\u00e3o P\u00fablica da pasta, Ataide Silva, para falarem sobre <a href=\"https:\/\/jornaltimoneiro.com.br\/index.php\/2024\/02\/20\/consorcio-e-prefeitura-assinam-ordem-de-servico-para-iluminacao-publica-em-canoas\/\"><strong>a parceria p\u00fablico-privada com a concession\u00e1ria IP Canoas<\/strong><\/a>, que teve a ordem de in\u00edcio das atividades assinada na semana passada.<\/p>\n<p>Uma das d\u00favidas mais comuns enviadas a O Timoneiro a respeito da novidade \u00e9 sobre a dura\u00e7\u00e3o da parceria. O secret\u00e1rio explicou o porqu\u00ea de o contrato assinado com o cons\u00f3rcio prever uma vig\u00eancia de 24 anos. &#8220;Um contrato de cinco ou dez anos seria considerado curto pelas empresas, e muitas n\u00e3o aceitariam entrar no leil\u00e3o. \u00c9 necess\u00e1rio pensar na viabilidade econ\u00f4mica do projeto&#8221;, apontou Lucas Garlet.<\/p>\n<p>Ataide Silva aponta que h\u00e1 formas de cobrar a execu\u00e7\u00e3o do servi\u00e7o, que s\u00f3 come\u00e7ar\u00e1 a ser pago ap\u00f3s a instala\u00e7\u00e3o das novas l\u00e2mpadas com o sistema de telegest\u00e3o. &#8220;Inclusive os pagamentos podem ser escalonados de acordo com o \u00edndice de produ\u00e7\u00e3o da empresa. Se a presta\u00e7\u00e3o n\u00e3o for feita dentro de certos par\u00e2metros, ser\u00e1 pago a menor&#8221;, esclarece.<\/p>\n<p>Segundo o secret\u00e1rio, todos os mais de 3 mil pontos de luz nas ruas de Canoas devem ter as LEDs da IP Canoas instaladas at\u00e9 o final do m\u00eas de junho.<\/p>\n<p>A iniciativa deve trazer gestores p\u00fablicos aos est\u00fadios do otPlayTV para tirar d\u00favidas do p\u00fablico ao vivo a respeito de temas relevantes para a vida dos canoenses. O novo programa deve toda semana trazer um tema diferente para o debate.<\/p>\n<h3>Confira abaixo o v\u00eddeo completo:<\/h3>\n<p><iframe title=\"O que voc\u00ea quer saber sobre a PPP da Ilumina\u00e7\u00e3o P\u00fablica? - Prefeitura Responde #01\" width=\"740\" height=\"416\" src=\"https:\/\/www.youtube.com\/embed\/FI6DfCwARwc?feature=oembed\" frameborder=\"0\" allow=\"accelerometer; autoplay; clipboard-write; encrypted-media; gyroscope; picture-in-picture; web-share\" allowfullscreen><\/iframe><\/p>\n","protected":false},"excerpt":{"rendered":"<p>Foi ao ar a primeira edi\u00e7\u00e3o do novo programa do canal de streaming do Grupo O Timoneiro, a otPlayTV, nesta segunda-feira, 26. No Prefeitura Responde, o jornalista Vanderlei Dutra recebeu o secret\u00e1rio de Servi\u00e7os Urbanos de Canoas, Lucas Garlet, acompanhado do diretor de Ilumina\u00e7\u00e3o P\u00fablica da pasta, Ataide Silva, para falarem sobre a parceria p\u00fablico-privada [&hellip;]<\/p>\n","protected":false},"author":2,"featured_media":27633,"comment_status":"open","ping_status":"open","sticky":false,"template":"","format":"standard","meta":{"amp_status":"","footnotes":""},"categories":[193],"tags":[190,564,2019,565,289],"class_list":["post-27632","post","type-post","status-publish","format-standard","has-post-thumbnail","hentry","category-canoas-podcast","tag-featured","tag-iluminacao-publica","tag-ip-canoas","tag-ppp","tag-servicos"],"yoast_head":"<!-- This site is optimized with the Yoast SEO plugin v20.5 - https:\/\/yoast.com\/wordpress\/plugins\/seo\/ -->\n<title>PREFEITURA RESPONDE: Secret\u00e1rio tira d\u00favidas sobre parceria p\u00fablico-privada para ilumina\u00e7\u00e3o p\u00fablica em Canoas - O Timoneiro Jornal Canoas RS<\/title>\n<meta name=\"robots\" content=\"index, follow, max-snippet:-1, max-image-preview:large, max-video-preview:-1\" \/>\n<link rel=\"canonical\" href=\"https:\/\/jornaltimoneiro.com.br\/index.php\/2024\/02\/26\/prefeitura-responde-secretario-tira-duvidas-sobre-parceria-publico-privada-para-iluminacao-publica-em-canoas\/\" \/>\n<meta property=\"og:locale\" content=\"pt_BR\" \/>\n<meta property=\"og:type\" content=\"article\" \/>\n<meta property=\"og:title\" content=\"PREFEITURA RESPONDE: Secret\u00e1rio tira d\u00favidas sobre parceria p\u00fablico-privada para ilumina\u00e7\u00e3o p\u00fablica em Canoas - O Timoneiro Jornal Canoas RS\" \/>\n<meta property=\"og:description\" content=\"Foi ao ar a primeira edi\u00e7\u00e3o do novo programa do canal de streaming do Grupo O Timoneiro, a otPlayTV, nesta segunda-feira, 26. No Prefeitura Responde, o jornalista Vanderlei Dutra recebeu o secret\u00e1rio de Servi\u00e7os Urbanos de Canoas, Lucas Garlet, acompanhado do diretor de Ilumina\u00e7\u00e3o P\u00fablica da pasta, Ataide Silva, para falarem sobre a parceria p\u00fablico-privada [&hellip;]\" \/>\n<meta property=\"og:url\" content=\"https:\/\/jornaltimoneiro.com.br\/index.php\/2024\/02\/26\/prefeitura-responde-secretario-tira-duvidas-sobre-parceria-publico-privada-para-iluminacao-publica-em-canoas\/\" \/>\n<meta property=\"og:site_name\" content=\"O Timoneiro Jornal Canoas RS\" \/>\n<meta property=\"article:publisher\" content=\"https:\/\/www.facebook.com\/jornaltimoneiro\" \/>\n<meta property=\"article:published_time\" content=\"2024-02-26T19:56:52+00:00\" \/>\n<meta property=\"og:image\" content=\"https:\/\/jornaltimoneiro.com.br\/wp-content\/uploads\/2024\/02\/print-prefeitura-responde-01-1024x576.png\" \/>\n\t<meta property=\"og:image:width\" content=\"1024\" \/>\n\t<meta property=\"og:image:height\" content=\"576\" \/>\n\t<meta property=\"og:image:type\" content=\"image\/png\" \/>\n<meta name=\"author\" content=\"Reda\u00e7\u00e3o\" \/>\n<meta name=\"twitter:card\" content=\"summary_large_image\" \/>\n<meta name=\"twitter:creator\" content=\"@_OTimoneiro\" \/>\n<meta name=\"twitter:site\" content=\"@_OTimoneiro\" \/>\n<meta name=\"twitter:label1\" content=\"Escrito por\" \/>\n\t<meta name=\"twitter:data1\" content=\"Reda\u00e7\u00e3o\" \/>\n\t<meta name=\"twitter:label2\" content=\"Est. tempo de leitura\" \/>\n\t<meta name=\"twitter:data2\" content=\"2 minutos\" \/>\n<script type=\"application\/ld+json\" class=\"yoast-schema-graph\">{\"@context\":\"https:\/\/schema.org\",\"@graph\":[{\"@type\":\"Article\",\"@id\":\"https:\/\/jornaltimoneiro.com.br\/index.php\/2024\/02\/26\/prefeitura-responde-secretario-tira-duvidas-sobre-parceria-publico-privada-para-iluminacao-publica-em-canoas\/#article\",\"isPartOf\":{\"@id\":\"https:\/\/jornaltimoneiro.com.br\/index.php\/2024\/02\/26\/prefeitura-responde-secretario-tira-duvidas-sobre-parceria-publico-privada-para-iluminacao-publica-em-canoas\/\"},\"author\":{\"name\":\"Reda\u00e7\u00e3o\",\"@id\":\"https:\/\/jornaltimoneiro.com.br\/#\/schema\/person\/f63482f1a02b1a9592707865e509ab40\"},\"headline\":\"PREFEITURA RESPONDE: Secret\u00e1rio tira d\u00favidas sobre parceria p\u00fablico-privada para ilumina\u00e7\u00e3o p\u00fablica em Canoas\",\"datePublished\":\"2024-02-26T19:56:52+00:00\",\"dateModified\":\"2024-02-26T19:56:52+00:00\",\"mainEntityOfPage\":{\"@id\":\"https:\/\/jornaltimoneiro.com.br\/index.php\/2024\/02\/26\/prefeitura-responde-secretario-tira-duvidas-sobre-parceria-publico-privada-para-iluminacao-publica-em-canoas\/\"},\"wordCount\":330,\"commentCount\":0,\"publisher\":{\"@id\":\"https:\/\/jornaltimoneiro.com.br\/#organization\"},\"keywords\":[\"featured\",\"ilumina\u00e7\u00e3o p\u00fablica\",\"IP Canoas\",\"PPP\",\"servi\u00e7os\"],\"articleSection\":[\"Canal OtPlay\"],\"inLanguage\":\"pt-BR\",\"potentialAction\":[{\"@type\":\"CommentAction\",\"name\":\"Comment\",\"target\":[\"https:\/\/jornaltimoneiro.com.br\/index.php\/2024\/02\/26\/prefeitura-responde-secretario-tira-duvidas-sobre-parceria-publico-privada-para-iluminacao-publica-em-canoas\/#respond\"]}]},{\"@type\":\"WebPage\",\"@id\":\"https:\/\/jornaltimoneiro.com.br\/index.php\/2024\/02\/26\/prefeitura-responde-secretario-tira-duvidas-sobre-parceria-publico-privada-para-iluminacao-publica-em-canoas\/\",\"url\":\"https:\/\/jornaltimoneiro.com.br\/index.php\/2024\/02\/26\/prefeitura-responde-secretario-tira-duvidas-sobre-parceria-publico-privada-para-iluminacao-publica-em-canoas\/\",\"name\":\"PREFEITURA RESPONDE: Secret\u00e1rio tira d\u00favidas sobre parceria p\u00fablico-privada para ilumina\u00e7\u00e3o p\u00fablica em Canoas - O Timoneiro Jornal Canoas RS\",\"isPartOf\":{\"@id\":\"https:\/\/jornaltimoneiro.com.br\/#website\"},\"datePublished\":\"2024-02-26T19:56:52+00:00\",\"dateModified\":\"2024-02-26T19:56:52+00:00\",\"breadcrumb\":{\"@id\":\"https:\/\/jornaltimoneiro.com.br\/index.php\/2024\/02\/26\/prefeitura-responde-secretario-tira-duvidas-sobre-parceria-publico-privada-para-iluminacao-publica-em-canoas\/#breadcrumb\"},\"inLanguage\":\"pt-BR\",\"potentialAction\":[{\"@type\":\"ReadAction\",\"target\":[\"https:\/\/jornaltimoneiro.com.br\/index.php\/2024\/02\/26\/prefeitura-responde-secretario-tira-duvidas-sobre-parceria-publico-privada-para-iluminacao-publica-em-canoas\/\"]}]},{\"@type\":\"BreadcrumbList\",\"@id\":\"https:\/\/jornaltimoneiro.com.br\/index.php\/2024\/02\/26\/prefeitura-responde-secretario-tira-duvidas-sobre-parceria-publico-privada-para-iluminacao-publica-em-canoas\/#breadcrumb\",\"itemListElement\":[{\"@type\":\"ListItem\",\"position\":1,\"name\":\"In\u00edcio\",\"item\":\"https:\/\/jornaltimoneiro.com.br\/\"},{\"@type\":\"ListItem\",\"position\":2,\"name\":\"PREFEITURA RESPONDE: Secret\u00e1rio tira d\u00favidas sobre parceria p\u00fablico-privada para ilumina\u00e7\u00e3o p\u00fablica em Canoas\"}]},{\"@type\":\"WebSite\",\"@id\":\"https:\/\/jornaltimoneiro.com.br\/#website\",\"url\":\"https:\/\/jornaltimoneiro.com.br\/\",\"name\":\"Jornal Timoneiro Canoas RS\",\"description\":\"Jornal O Timoneiro, o verdadeiro jornal de Canoas\",\"publisher\":{\"@id\":\"https:\/\/jornaltimoneiro.com.br\/#organization\"},\"potentialAction\":[{\"@type\":\"SearchAction\",\"target\":{\"@type\":\"EntryPoint\",\"urlTemplate\":\"https:\/\/jornaltimoneiro.com.br\/?s={search_term_string}\"},\"query-input\":\"required name=search_term_string\"}],\"inLanguage\":\"pt-BR\"},{\"@type\":\"Organization\",\"@id\":\"https:\/\/jornaltimoneiro.com.br\/#organization\",\"name\":\"Jornal Timoneiro Canoas RS\",\"url\":\"https:\/\/jornaltimoneiro.com.br\/\",\"logo\":{\"@type\":\"ImageObject\",\"inLanguage\":\"pt-BR\",\"@id\":\"https:\/\/jornaltimoneiro.com.br\/#\/schema\/logo\/image\/\",\"url\":\"https:\/\/jornaltimoneiro.com.br\/wp-content\/uploads\/2023\/03\/logonovo.png\",\"contentUrl\":\"https:\/\/jornaltimoneiro.com.br\/wp-content\/uploads\/2023\/03\/logonovo.png\",\"width\":\"469\",\"height\":\"171\",\"caption\":\"Jornal Timoneiro Canoas RS\"},\"image\":{\"@id\":\"https:\/\/jornaltimoneiro.com.br\/#\/schema\/logo\/image\/\"},\"sameAs\":[\"https:\/\/www.facebook.com\/jornaltimoneiro\",\"https:\/\/twitter.com\/_OTimoneiro\",\"https:\/\/www.instagram.com\/jornaltimoneirocanoas\/\",\"https:\/\/www.youtube.com\/@jornalotimoneiro7927\"]},{\"@type\":\"Person\",\"@id\":\"https:\/\/jornaltimoneiro.com.br\/#\/schema\/person\/f63482f1a02b1a9592707865e509ab40\",\"name\":\"Reda\u00e7\u00e3o\",\"image\":{\"@type\":\"ImageObject\",\"inLanguage\":\"pt-BR\",\"@id\":\"https:\/\/jornaltimoneiro.com.br\/#\/schema\/person\/image\/\",\"url\":\"https:\/\/jornaltimoneiro.com.br\/wp-content\/uploads\/2023\/03\/download.jpeg\",\"contentUrl\":\"https:\/\/jornaltimoneiro.com.br\/wp-content\/uploads\/2023\/03\/download.jpeg\",\"caption\":\"Reda\u00e7\u00e3o\"},\"url\":\"https:\/\/jornaltimoneiro.com.br\/index.php\/author\/simone-dutra\/\"}]}<\/script>\n<!-- \/ Yoast SEO plugin. -->","yoast_head_json":{"title":"PREFEITURA RESPONDE: Secret\u00e1rio tira d\u00favidas sobre parceria p\u00fablico-privada para ilumina\u00e7\u00e3o p\u00fablica em Canoas - O Timoneiro Jornal Canoas RS","robots":{"index":"index","follow":"follow","max-snippet":"max-snippet:-1","max-image-preview":"max-image-preview:large","max-video-preview":"max-video-preview:-1"},"canonical":"https:\/\/jornaltimoneiro.com.br\/index.php\/2024\/02\/26\/prefeitura-responde-secretario-tira-duvidas-sobre-parceria-publico-privada-para-iluminacao-publica-em-canoas\/","og_locale":"pt_BR","og_type":"article","og_title":"PREFEITURA RESPONDE: Secret\u00e1rio tira d\u00favidas sobre parceria p\u00fablico-privada para ilumina\u00e7\u00e3o p\u00fablica em Canoas - O Timoneiro Jornal Canoas RS","og_description":"Foi ao ar a primeira edi\u00e7\u00e3o do novo programa do canal de streaming do Grupo O Timoneiro, a otPlayTV, nesta segunda-feira, 26. No Prefeitura Responde, o jornalista Vanderlei Dutra recebeu o secret\u00e1rio de Servi\u00e7os Urbanos de Canoas, Lucas Garlet, acompanhado do diretor de Ilumina\u00e7\u00e3o P\u00fablica da pasta, Ataide Silva, para falarem sobre a parceria p\u00fablico-privada [&hellip;]","og_url":"https:\/\/jornaltimoneiro.com.br\/index.php\/2024\/02\/26\/prefeitura-responde-secretario-tira-duvidas-sobre-parceria-publico-privada-para-iluminacao-publica-em-canoas\/","og_site_name":"O Timoneiro Jornal Canoas RS","article_publisher":"https:\/\/www.facebook.com\/jornaltimoneiro","article_published_time":"2024-02-26T19:56:52+00:00","og_image":[{"width":"1024","height":"576","url":"https:\/\/jornaltimoneiro.com.br\/wp-content\/uploads\/2024\/02\/print-prefeitura-responde-01-1024x576.png","type":"image\/png"}],"author":"Reda\u00e7\u00e3o","twitter_card":"summary_large_image","twitter_creator":"@_OTimoneiro","twitter_site":"@_OTimoneiro","twitter_misc":{"Escrito por":"Reda\u00e7\u00e3o","Est. tempo de leitura":"2 minutos"},"schema":{"@context":"https:\/\/schema.org","@graph":[{"@type":"Article","@id":"https:\/\/jornaltimoneiro.com.br\/index.php\/2024\/02\/26\/prefeitura-responde-secretario-tira-duvidas-sobre-parceria-publico-privada-para-iluminacao-publica-em-canoas\/#article","isPartOf":{"@id":"https:\/\/jornaltimoneiro.com.br\/index.php\/2024\/02\/26\/prefeitura-responde-secretario-tira-duvidas-sobre-parceria-publico-privada-para-iluminacao-publica-em-canoas\/"},"author":{"name":"Reda\u00e7\u00e3o","@id":"https:\/\/jornaltimoneiro.com.br\/#\/schema\/person\/f63482f1a02b1a9592707865e509ab40"},"headline":"PREFEITURA RESPONDE: Secret\u00e1rio tira d\u00favidas sobre parceria p\u00fablico-privada para ilumina\u00e7\u00e3o p\u00fablica em Canoas","datePublished":"2024-02-26T19:56:52+00:00","dateModified":"2024-02-26T19:56:52+00:00","mainEntityOfPage":{"@id":"https:\/\/jornaltimoneiro.com.br\/index.php\/2024\/02\/26\/prefeitura-responde-secretario-tira-duvidas-sobre-parceria-publico-privada-para-iluminacao-publica-em-canoas\/"},"wordCount":330,"commentCount":0,"publisher":{"@id":"https:\/\/jornaltimoneiro.com.br\/#organization"},"keywords":["featured","ilumina\u00e7\u00e3o p\u00fablica","IP Canoas","PPP","servi\u00e7os"],"articleSection":["Canal OtPlay"],"inLanguage":"pt-BR","potentialAction":[{"@type":"CommentAction","name":"Comment","target":["https:\/\/jornaltimoneiro.com.br\/index.php\/2024\/02\/26\/prefeitura-responde-secretario-tira-duvidas-sobre-parceria-publico-privada-para-iluminacao-publica-em-canoas\/#respond"]}]},{"@type":"WebPage","@id":"https:\/\/jornaltimoneiro.com.br\/index.php\/2024\/02\/26\/prefeitura-responde-secretario-tira-duvidas-sobre-parceria-publico-privada-para-iluminacao-publica-em-canoas\/","url":"https:\/\/jornaltimoneiro.com.br\/index.php\/2024\/02\/26\/prefeitura-responde-secretario-tira-duvidas-sobre-parceria-publico-privada-para-iluminacao-publica-em-canoas\/","name":"PREFEITURA RESPONDE: Secret\u00e1rio tira d\u00favidas sobre parceria p\u00fablico-privada para ilumina\u00e7\u00e3o p\u00fablica em Canoas - O Timoneiro Jornal Canoas RS","isPartOf":{"@id":"https:\/\/jornaltimoneiro.com.br\/#website"},"datePublished":"2024-02-26T19:56:52+00:00","dateModified":"2024-02-26T19:56:52+00:00","breadcrumb":{"@id":"https:\/\/jornaltimoneiro.com.br\/index.php\/2024\/02\/26\/prefeitura-responde-secretario-tira-duvidas-sobre-parceria-publico-privada-para-iluminacao-publica-em-canoas\/#breadcrumb"},"inLanguage":"pt-BR","potentialAction":[{"@type":"ReadAction","target":["https:\/\/jornaltimoneiro.com.br\/index.php\/2024\/02\/26\/prefeitura-responde-secretario-tira-duvidas-sobre-parceria-publico-privada-para-iluminacao-publica-em-canoas\/"]}]},{"@type":"BreadcrumbList","@id":"https:\/\/jornaltimoneiro.com.br\/index.php\/2024\/02\/26\/prefeitura-responde-secretario-tira-duvidas-sobre-parceria-publico-privada-para-iluminacao-publica-em-canoas\/#breadcrumb","itemListElement":[{"@type":"ListItem","position":1,"name":"In\u00edcio","item":"https:\/\/jornaltimoneiro.com.br\/"},{"@type":"ListItem","position":2,"name":"PREFEITURA RESPONDE: Secret\u00e1rio tira d\u00favidas sobre parceria p\u00fablico-privada para ilumina\u00e7\u00e3o p\u00fablica em Canoas"}]},{"@type":"WebSite","@id":"https:\/\/jornaltimoneiro.com.br\/#website","url":"https:\/\/jornaltimoneiro.com.br\/","name":"Jornal Timoneiro Canoas RS","description":"Jornal O Timoneiro, o verdadeiro jornal de Canoas","publisher":{"@id":"https:\/\/jornaltimoneiro.com.br\/#organization"},"potentialAction":[{"@type":"SearchAction","target":{"@type":"EntryPoint","urlTemplate":"https:\/\/jornaltimoneiro.com.br\/?s={search_term_string}"},"query-input":"required name=search_term_string"}],"inLanguage":"pt-BR"},{"@type":"Organization","@id":"https:\/\/jornaltimoneiro.com.br\/#organization","name":"Jornal Timoneiro Canoas RS","url":"https:\/\/jornaltimoneiro.com.br\/","logo":{"@type":"ImageObject","inLanguage":"pt-BR","@id":"https:\/\/jornaltimoneiro.com.br\/#\/schema\/logo\/image\/","url":"https:\/\/jornaltimoneiro.com.br\/wp-content\/uploads\/2023\/03\/logonovo.png","contentUrl":"https:\/\/jornaltimoneiro.com.br\/wp-content\/uploads\/2023\/03\/logonovo.png","width":"469","height":"171","caption":"Jornal Timoneiro Canoas RS"},"image":{"@id":"https:\/\/jornaltimoneiro.com.br\/#\/schema\/logo\/image\/"},"sameAs":["https:\/\/www.facebook.com\/jornaltimoneiro","https:\/\/twitter.com\/_OTimoneiro","https:\/\/www.instagram.com\/jornaltimoneirocanoas\/","https:\/\/www.youtube.com\/@jornalotimoneiro7927"]},{"@type":"Person","@id":"https:\/\/jornaltimoneiro.com.br\/#\/schema\/person\/f63482f1a02b1a9592707865e509ab40","name":"Reda\u00e7\u00e3o","image":{"@type":"ImageObject","inLanguage":"pt-BR","@id":"https:\/\/jornaltimoneiro.com.br\/#\/schema\/person\/image\/","url":"https:\/\/jornaltimoneiro.com.br\/wp-content\/uploads\/2023\/03\/download.jpeg","contentUrl":"https:\/\/jornaltimoneiro.com.br\/wp-content\/uploads\/2023\/03\/download.jpeg","caption":"Reda\u00e7\u00e3o"},"url":"https:\/\/jornaltimoneiro.com.br\/index.php\/author\/simone-dutra\/"}]}},"_links":{"self":[{"href":"https:\/\/jornaltimoneiro.com.br\/index.php\/wp-json\/wp\/v2\/posts\/27632"}],"collection":[{"href":"https:\/\/jornaltimoneiro.com.br\/index.php\/wp-json\/wp\/v2\/posts"}],"about":[{"href":"https:\/\/jornaltimoneiro.com.br\/index.php\/wp-json\/wp\/v2\/types\/post"}],"author":[{"embeddable":true,"href":"https:\/\/jornaltimoneiro.com.br\/index.php\/wp-json\/wp\/v2\/users\/2"}],"replies":[{"embeddable":true,"href":"https:\/\/jornaltimoneiro.com.br\/index.php\/wp-json\/wp\/v2\/comments?post=27632"}],"version-history":[{"count":2,"href":"https:\/\/jornaltimoneiro.com.br\/index.php\/wp-json\/wp\/v2\/posts\/27632\/revisions"}],"predecessor-version":[{"id":27635,"href":"https:\/\/jornaltimoneiro.com.br\/index.php\/wp-json\/wp\/v2\/posts\/27632\/revisions\/27635"}],"wp:featuredmedia":[{"embeddable":true,"href":"https:\/\/jornaltimoneiro.com.br\/index.php\/wp-json\/wp\/v2\/media\/27633"}],"wp:attachment":[{"href":"https:\/\/jornaltimoneiro.com.br\/index.php\/wp-json\/wp\/v2\/media?parent=27632"}],"wp:term":[{"taxonomy":"category","embeddable":true,"href":"https:\/\/jornaltimoneiro.com.br\/index.php\/wp-json\/wp\/v2\/categories?post=27632"},{"taxonomy":"post_tag","embeddable":true,"href":"https:\/\/jornaltimoneiro.com.br\/index.php\/wp-json\/wp\/v2\/tags?post=27632"}],"curies":[{"name":"wp","href":"https:\/\/api.w.org\/{rel}","templated":true}]}}