{"id":27589,"date":"2024-02-23T15:19:45","date_gmt":"2024-02-23T18:19:45","guid":{"rendered":"https:\/\/jornaltimoneiro.com.br\/?p=27589"},"modified":"2024-02-23T15:19:45","modified_gmt":"2024-02-23T18:19:45","slug":"volta-as-aulas-escolas-recepcionam-alunos-no-comeco-do-ano-letivo-e-apresentam-novidades","status":"publish","type":"post","link":"https:\/\/jornaltimoneiro.com.br\/index.php\/2024\/02\/23\/volta-as-aulas-escolas-recepcionam-alunos-no-comeco-do-ano-letivo-e-apresentam-novidades\/","title":{"rendered":"VOLTA \u00c0S AULAS: Escolas recepcionam alunos no come\u00e7o do ano letivo e apresentam novidades"},"content":{"rendered":"<p>A movimenta\u00e7\u00e3o nas escolas canoenses cresce e chega ao \u00e1pice com o come\u00e7o do ano letivo. Al\u00e9m do reencontro dos estudantes com colegas e professores, h\u00e1 tamb\u00e9m as novidades que cada institui\u00e7\u00e3o de ensino preparou para a chegada dos alunos para mais uma jornada de aprendizagem.<\/p>\n<p>Al\u00e9m disso, dois col\u00e9gios tradicionais de Canoas tamb\u00e9m celebram sua hist\u00f3ria em 2024: o Esp\u00edrito Santo (65 anos) e o Maria Auxiliadora (80 anos).<\/p>\n<p>No Col\u00e9gio Esp\u00edrito Santo (CES), as aulas come\u00e7aram ainda na semana passada, no dia 14 de fevereiro. Pais e respons\u00e1veis puderam perceber de aprimoramentos na seguran\u00e7a para a entrada e sa\u00edda de crian\u00e7as e adolescentes. Bruna Porto, m\u00e3e do pequeno Joaquim, de apenas 3 anos, apreciou a estrutura. \u201cEst\u00e1 sendo muito bom para ele. Tem um espa\u00e7o amplo, e a experiencia de come\u00e7ar a escola \u00e9 mais tranquila, j\u00e1 que ele participou da col\u00f4nia de f\u00e9rias\u201d, comenta.<\/p>\n<p>Luan Viana da Silva, aluno do 3\u00ba ano do Ensino M\u00e9dio, diz que as expectativas para o novo ano s\u00e3o maiores do que a busca por boas coloca\u00e7\u00f5es nos vestibulares e em futuros empregos. \u201c\u00c9 se aprofundar nos estudos para ser algu\u00e9m na vida. Acredito que a maioria dos meus colegas pensam o mesmo\u201d, afirma.<\/p>\n<p>A diretora do CES, Irm\u00e3 Maria S\u00f4nia Muller, fala mais sobre as novidades implementadas para 2024. Ela aponta para a import\u00e2ncia do ensino bil\u00edngue, com o aumento de um para tr\u00eas per\u00edodos de l\u00edngua inglesa no curr\u00edculo das turmas do Pr\u00e9 2 da Educa\u00e7\u00e3o Infantil e de 1\u00ba e 2\u00ba anos do Ensino Fundamental I. H\u00e1 tamb\u00e9m a renova\u00e7\u00e3o das atividades de inicia\u00e7\u00e3o cient\u00edfica na escola. \u201cA inten\u00e7\u00e3o \u00e9 valorizar os trabalhos dos estudantes, permitindo que os melhores projetos tamb\u00e9m possam ser apresentados e conhecidos fora da escola.\u201d<\/p>\n<p>Por fim, ainda este ano, o Esp\u00edrito Santo deve concluir uma importante obra: o Complexo Esportivo e Cultural, na Rua Gomes Freire de Andrade.<\/p>\n<div id=\"attachment_27591\" style=\"width: 750px\" class=\"wp-caption alignnone\"><img decoding=\"async\" aria-describedby=\"caption-attachment-27591\" class=\"wp-image-27591 size-large\" src=\"https:\/\/jornaltimoneiro.com.br\/wp-content\/uploads\/2024\/02\/WhatsApp-Image-2024-02-21-at-23.29.57-1024x576.jpeg\" alt=\"\" width=\"740\" height=\"416\" srcset=\"https:\/\/jornaltimoneiro.com.br\/wp-content\/uploads\/2024\/02\/WhatsApp-Image-2024-02-21-at-23.29.57-1024x576.jpeg 1024w, https:\/\/jornaltimoneiro.com.br\/wp-content\/uploads\/2024\/02\/WhatsApp-Image-2024-02-21-at-23.29.57-300x169.jpeg 300w, https:\/\/jornaltimoneiro.com.br\/wp-content\/uploads\/2024\/02\/WhatsApp-Image-2024-02-21-at-23.29.57-768x432.jpeg 768w, https:\/\/jornaltimoneiro.com.br\/wp-content\/uploads\/2024\/02\/WhatsApp-Image-2024-02-21-at-23.29.57-1536x864.jpeg 1536w, https:\/\/jornaltimoneiro.com.br\/wp-content\/uploads\/2024\/02\/WhatsApp-Image-2024-02-21-at-23.29.57.jpeg 1600w\" sizes=\"(max-width: 740px) 100vw, 740px\" \/><p id=\"caption-attachment-27591\" class=\"wp-caption-text\">No Esp\u00edrito Santo, aulas se iniciaram ainda no dia 14 de fevereiro (Foto: Marcelo Grisa)<\/p><\/div>\n<h3>Festa e expectativa<\/h3>\n<p>O Col\u00e9gio Maria Auxiliadora (CMA) iniciou o ano letivo na segunda-feira, 19. No ano em que a institui\u00e7\u00e3o completa oito d\u00e9cadas, a administra\u00e7\u00e3o entrega novos espa\u00e7os de conviv\u00eancia, tanto com obras no p\u00e1tio, ainda em finaliza\u00e7\u00e3o, quanto nos corredores, que agora t\u00eam mesas e cadeiras.<\/p>\n<p>O diretor do Maria Auxiliadora, Vagner Paulo Maccalli, argumenta que o anivers\u00e1rio de 80 anos torna ainda mais importante a boa recep\u00e7\u00e3o no come\u00e7o do ano. \u201cFicamos sempre na expectativa, pois sabemos da responsabilidade que temos junto \u00e0 comunidade de Canoas. Precisamos estar \u00e0 altura do que a comunidade escolar espera\u201d, diz.<\/p>\n<p>Na quarta-feira, 21, a escola tamb\u00e9m fez um recreio festivo, com distribui\u00e7\u00e3o de picol\u00e9s, touro mec\u00e2nico e um show de voz e viol\u00e3o. Os formandos dos ensinos Fundamental e M\u00e9dio j\u00e1 come\u00e7aram a temporada de fotos e v\u00eddeos para poder guardar este momento em suas vidas.<\/p>\n<p>Guilherme Rodrigues da Silva e Alexia Souza Machidonschi s\u00e3o dois destes formandos. \u201cJ\u00e1 estamos pensando em todos os processos que envolvem n\u00e3o apenas a formatura, mas tamb\u00e9m no final da nossa forma\u00e7\u00e3o, com o Enem e tal\u201d, explica Guilherme. \u201cPassa muito r\u00e1pido. Criamos inclusive uma conta no Instagram para postar fotos e guardar essas lembran\u00e7as\u201d, sorri Alexia.<\/p>\n<p>Guilherme lembra que eles ser\u00e3o a primeira turma a se formar no Novo Ensino M\u00e9dio. \u201c\u00c9 uma experi\u00eancia diferente, creio. Temos as linhas para as quais nos dedicamos, e ao mesmo tempo temos mat\u00e9rias espec\u00edficas.&#8221;<\/p>\n<p>Gabriela de Souza Bressan, estudante do 7\u00ba ano do Ensino Fundamental, tem suas pr\u00f3prias mudan\u00e7as em curso dentro de sua caminhada no col\u00e9gio. \u201cEu j\u00e1 conhecia todo mundo, mas neste ano eu passei do turno da manh\u00e3 para a tarde. Deu para me reaproximar de amigos ao mesmo tempo em que conhe\u00e7o pessoas novas\u201d, relata.<\/p>\n<div id=\"attachment_27592\" style=\"width: 750px\" class=\"wp-caption alignnone\"><img decoding=\"async\" aria-describedby=\"caption-attachment-27592\" class=\"wp-image-27592 size-large\" src=\"https:\/\/jornaltimoneiro.com.br\/wp-content\/uploads\/2024\/02\/WhatsApp-Image-2024-02-21-at-23.29.53-1024x576.jpeg\" alt=\"\" width=\"740\" height=\"416\" srcset=\"https:\/\/jornaltimoneiro.com.br\/wp-content\/uploads\/2024\/02\/WhatsApp-Image-2024-02-21-at-23.29.53-1024x576.jpeg 1024w, https:\/\/jornaltimoneiro.com.br\/wp-content\/uploads\/2024\/02\/WhatsApp-Image-2024-02-21-at-23.29.53-300x169.jpeg 300w, https:\/\/jornaltimoneiro.com.br\/wp-content\/uploads\/2024\/02\/WhatsApp-Image-2024-02-21-at-23.29.53-768x432.jpeg 768w, https:\/\/jornaltimoneiro.com.br\/wp-content\/uploads\/2024\/02\/WhatsApp-Image-2024-02-21-at-23.29.53-1536x864.jpeg 1536w, https:\/\/jornaltimoneiro.com.br\/wp-content\/uploads\/2024\/02\/WhatsApp-Image-2024-02-21-at-23.29.53.jpeg 1600w\" sizes=\"(max-width: 740px) 100vw, 740px\" \/><p id=\"caption-attachment-27592\" class=\"wp-caption-text\">No Maria Auxiliadora, primeira semana de aulas contou com intervalo especial com sess\u00f5es de fotos, picol\u00e9 e show de voz e viol\u00e3o (Foto: Marcelo Grisa)<\/p><\/div>\n<h3>Reflexos da pandemia<\/h3>\n<p>Irm\u00e3 Maria S\u00f4nia afirma que, em rela\u00e7\u00e3o ao conte\u00fado, as maiores dificuldades com a pandemia de covid-19 foram superadas. \u201cFelizmente pudemos contar com a grande colabora\u00e7\u00e3o das fam\u00edlias neste processo de retomada das atividades educativas\u201d, conta. O CES implantou um projeto de Apoio ao Desenvolvimento e Aprimoramento da Aprendizagem (ADAP) que, desde 2022, permite atendimento individualizado para alunos com problemas de aprendizagem por conta do per\u00edodo de isolamento social.<\/p>\n<p>A coordenadora de eventos do CMA, Alexandra Machidonschi, comemora o retorno de atividades que foram paralisadas por conta da pandemia e que agora voltam ao calend\u00e1rio. \u201cN\u00f3s voltamos com as viagens no ano passado, mas em itiner\u00e1rios menores. Em 2024, voltamos com os passeios mais longos, especialmente para os formandos do Ensino M\u00e9dio\u201d, aponta. Al\u00e9m disso, a tradicional Gincema, a gincana oficial do Maria Auxiliadora, retorna ap\u00f3s um hiato de quatro anos.<\/p>\n<p>Vagner Paulo Maccalli lembra ainda que mesmo com a recupera\u00e7\u00e3o de conte\u00fados e eventos, h\u00e1 ainda os aspectos psicol\u00f3gicos da pandemia, que segundo ele, se mant\u00e9m. \u201cIsso tem nos demandado com atendimento cont\u00ednuo. A escola precisa dar colo, precisa dar esse conforto enquanto faz a forma\u00e7\u00e3o integral do ser humano. Se o aluno n\u00e3o estiver bem de sa\u00fade, ele n\u00e3o aprende bem. O impacto disso na aprendizagem precisa ser minimizado\u201d, pontua.<\/p>\n<h3>Acompanhamento na rede p\u00fablica<\/h3>\n<p>Na rede p\u00fablica de ensino, a movimenta\u00e7\u00e3o n\u00e3o \u00e9 diferente. Expectativa e o reencontro entre alunos, pais e docentes marcaram o primeiro dia na EMEF Leonel de Moura Brizola, no bairro S\u00e3o Jos\u00e9.<\/p>\n<p>A diretora da escola, Ana Willms, destaca a colabora\u00e7\u00e3o da comunidade escolar e as novas instala\u00e7\u00f5es. \u201cRecebemos uma sala modulada e ainda este ano provavelmente vamos receber mais uma. A busca por vagas \u00e9 muito grande aqui. Eles gostam muito da Leonel. A gente faz um trabalho focado na inclus\u00e3o, no recebimento\u201d, aponta.<\/p>\n<p>M\u00e1rcia Lopes \u00e9 m\u00e3e do Miguel, estudante do 2\u00ba ano. Ela relata que se sente muito segura em poder deixar o filho na EMEF por mais um ano. \u201cEu tinha que vir com ele quase todos os dias para mostrar a escola, dizer que estava fechada. Por ser autista, nas f\u00e9rias tem mudan\u00e7a na rotina. A\u00ed a ansiedade fica a mil. Mas aqui ele \u00e9 super bem recebido. A professora \u00e9 maravilhosa, a escola \u00e9 maravilhosa. E ele tem uma assistente terap\u00eautica para acompanhar o desenvolvimento dele\u201d, diz.<\/p>\n<div id=\"attachment_27593\" style=\"width: 750px\" class=\"wp-caption alignnone\"><img decoding=\"async\" aria-describedby=\"caption-attachment-27593\" class=\"wp-image-27593 size-large\" src=\"https:\/\/jornaltimoneiro.com.br\/wp-content\/uploads\/2024\/02\/reduzidas-Volta-as-aulas-Escola-Leonel-Brizola-Alan-Cardoso-22-1024x683.jpg\" alt=\"\" width=\"740\" height=\"494\" srcset=\"https:\/\/jornaltimoneiro.com.br\/wp-content\/uploads\/2024\/02\/reduzidas-Volta-as-aulas-Escola-Leonel-Brizola-Alan-Cardoso-22-1024x683.jpg 1024w, https:\/\/jornaltimoneiro.com.br\/wp-content\/uploads\/2024\/02\/reduzidas-Volta-as-aulas-Escola-Leonel-Brizola-Alan-Cardoso-22-300x200.jpg 300w, https:\/\/jornaltimoneiro.com.br\/wp-content\/uploads\/2024\/02\/reduzidas-Volta-as-aulas-Escola-Leonel-Brizola-Alan-Cardoso-22-768x512.jpg 768w, https:\/\/jornaltimoneiro.com.br\/wp-content\/uploads\/2024\/02\/reduzidas-Volta-as-aulas-Escola-Leonel-Brizola-Alan-Cardoso-22-1536x1024.jpg 1536w, https:\/\/jornaltimoneiro.com.br\/wp-content\/uploads\/2024\/02\/reduzidas-Volta-as-aulas-Escola-Leonel-Brizola-Alan-Cardoso-22.jpg 2048w\" sizes=\"(max-width: 740px) 100vw, 740px\" \/><p id=\"caption-attachment-27593\" class=\"wp-caption-text\">No bairro S\u00e3o Jos\u00e9, comunidade escolar se reuniu no come\u00e7o das aulas na EMEF Leonel (Foto: Alan Cardoso\/Divulga\u00e7\u00e3o)<\/p><\/div>\n","protected":false},"excerpt":{"rendered":"<p>A movimenta\u00e7\u00e3o nas escolas canoenses cresce e chega ao \u00e1pice com o come\u00e7o do ano letivo. Al\u00e9m do reencontro dos estudantes com colegas e professores, h\u00e1 tamb\u00e9m as novidades que cada institui\u00e7\u00e3o de ensino preparou para a chegada dos alunos para mais uma jornada de aprendizagem. Al\u00e9m disso, dois col\u00e9gios tradicionais de Canoas tamb\u00e9m celebram [&hellip;]<\/p>\n","protected":false},"author":2,"featured_media":27590,"comment_status":"open","ping_status":"open","sticky":false,"template":"","format":"standard","meta":{"amp_status":"","footnotes":""},"categories":[27],"tags":[2009,813,190,81],"class_list":["post-27589","post","type-post","status-publish","format-standard","has-post-thumbnail","hentry","category-ensino","tag-colegio-espirito-santo","tag-colegio-maria-auxiliadora","tag-featured","tag-volta-as-aulas"],"yoast_head":"<!-- This site is optimized with the Yoast SEO plugin v20.5 - https:\/\/yoast.com\/wordpress\/plugins\/seo\/ -->\n<title>VOLTA \u00c0S AULAS: Escolas recepcionam alunos no come\u00e7o do ano letivo e apresentam novidades - O Timoneiro Jornal Canoas RS<\/title>\n<meta name=\"robots\" content=\"index, follow, max-snippet:-1, max-image-preview:large, max-video-preview:-1\" \/>\n<link rel=\"canonical\" href=\"https:\/\/jornaltimoneiro.com.br\/index.php\/2024\/02\/23\/volta-as-aulas-escolas-recepcionam-alunos-no-comeco-do-ano-letivo-e-apresentam-novidades\/\" \/>\n<meta property=\"og:locale\" content=\"pt_BR\" \/>\n<meta property=\"og:type\" content=\"article\" \/>\n<meta property=\"og:title\" content=\"VOLTA \u00c0S AULAS: Escolas recepcionam alunos no come\u00e7o do ano letivo e apresentam novidades - O Timoneiro Jornal Canoas RS\" \/>\n<meta property=\"og:description\" content=\"A movimenta\u00e7\u00e3o nas escolas canoenses cresce e chega ao \u00e1pice com o come\u00e7o do ano letivo. Al\u00e9m do reencontro dos estudantes com colegas e professores, h\u00e1 tamb\u00e9m as novidades que cada institui\u00e7\u00e3o de ensino preparou para a chegada dos alunos para mais uma jornada de aprendizagem. Al\u00e9m disso, dois col\u00e9gios tradicionais de Canoas tamb\u00e9m celebram [&hellip;]\" \/>\n<meta property=\"og:url\" content=\"https:\/\/jornaltimoneiro.com.br\/index.php\/2024\/02\/23\/volta-as-aulas-escolas-recepcionam-alunos-no-comeco-do-ano-letivo-e-apresentam-novidades\/\" \/>\n<meta property=\"og:site_name\" content=\"O Timoneiro Jornal Canoas RS\" \/>\n<meta property=\"article:publisher\" content=\"https:\/\/www.facebook.com\/jornaltimoneiro\" \/>\n<meta property=\"article:published_time\" content=\"2024-02-23T18:19:45+00:00\" \/>\n<meta property=\"og:image\" content=\"https:\/\/jornaltimoneiro.com.br\/wp-content\/uploads\/2024\/02\/WhatsApp-Image-2024-02-21-at-23.29.51-1024x576.jpeg\" \/>\n\t<meta property=\"og:image:width\" content=\"1024\" \/>\n\t<meta property=\"og:image:height\" content=\"576\" \/>\n\t<meta property=\"og:image:type\" content=\"image\/jpeg\" \/>\n<meta name=\"author\" content=\"Reda\u00e7\u00e3o\" \/>\n<meta name=\"twitter:card\" content=\"summary_large_image\" \/>\n<meta name=\"twitter:creator\" content=\"@_OTimoneiro\" \/>\n<meta name=\"twitter:site\" content=\"@_OTimoneiro\" \/>\n<meta name=\"twitter:label1\" content=\"Escrito por\" \/>\n\t<meta name=\"twitter:data1\" content=\"Reda\u00e7\u00e3o\" \/>\n\t<meta name=\"twitter:label2\" content=\"Est. tempo de leitura\" \/>\n\t<meta name=\"twitter:data2\" content=\"7 minutos\" \/>\n<script type=\"application\/ld+json\" class=\"yoast-schema-graph\">{\"@context\":\"https:\/\/schema.org\",\"@graph\":[{\"@type\":\"Article\",\"@id\":\"https:\/\/jornaltimoneiro.com.br\/index.php\/2024\/02\/23\/volta-as-aulas-escolas-recepcionam-alunos-no-comeco-do-ano-letivo-e-apresentam-novidades\/#article\",\"isPartOf\":{\"@id\":\"https:\/\/jornaltimoneiro.com.br\/index.php\/2024\/02\/23\/volta-as-aulas-escolas-recepcionam-alunos-no-comeco-do-ano-letivo-e-apresentam-novidades\/\"},\"author\":{\"name\":\"Reda\u00e7\u00e3o\",\"@id\":\"https:\/\/jornaltimoneiro.com.br\/#\/schema\/person\/f63482f1a02b1a9592707865e509ab40\"},\"headline\":\"VOLTA \u00c0S AULAS: Escolas recepcionam alunos no come\u00e7o do ano letivo e apresentam novidades\",\"datePublished\":\"2024-02-23T18:19:45+00:00\",\"dateModified\":\"2024-02-23T18:19:45+00:00\",\"mainEntityOfPage\":{\"@id\":\"https:\/\/jornaltimoneiro.com.br\/index.php\/2024\/02\/23\/volta-as-aulas-escolas-recepcionam-alunos-no-comeco-do-ano-letivo-e-apresentam-novidades\/\"},\"wordCount\":1181,\"commentCount\":0,\"publisher\":{\"@id\":\"https:\/\/jornaltimoneiro.com.br\/#organization\"},\"keywords\":[\"Col\u00e9gio Esp\u00edrito Santo\",\"Col\u00e9gio Maria Auxiliadora\",\"featured\",\"volta \u00e0s aulas\"],\"articleSection\":[\"Ensino\"],\"inLanguage\":\"pt-BR\",\"potentialAction\":[{\"@type\":\"CommentAction\",\"name\":\"Comment\",\"target\":[\"https:\/\/jornaltimoneiro.com.br\/index.php\/2024\/02\/23\/volta-as-aulas-escolas-recepcionam-alunos-no-comeco-do-ano-letivo-e-apresentam-novidades\/#respond\"]}]},{\"@type\":\"WebPage\",\"@id\":\"https:\/\/jornaltimoneiro.com.br\/index.php\/2024\/02\/23\/volta-as-aulas-escolas-recepcionam-alunos-no-comeco-do-ano-letivo-e-apresentam-novidades\/\",\"url\":\"https:\/\/jornaltimoneiro.com.br\/index.php\/2024\/02\/23\/volta-as-aulas-escolas-recepcionam-alunos-no-comeco-do-ano-letivo-e-apresentam-novidades\/\",\"name\":\"VOLTA \u00c0S AULAS: Escolas recepcionam alunos no come\u00e7o do ano letivo e apresentam novidades - O Timoneiro Jornal Canoas RS\",\"isPartOf\":{\"@id\":\"https:\/\/jornaltimoneiro.com.br\/#website\"},\"datePublished\":\"2024-02-23T18:19:45+00:00\",\"dateModified\":\"2024-02-23T18:19:45+00:00\",\"breadcrumb\":{\"@id\":\"https:\/\/jornaltimoneiro.com.br\/index.php\/2024\/02\/23\/volta-as-aulas-escolas-recepcionam-alunos-no-comeco-do-ano-letivo-e-apresentam-novidades\/#breadcrumb\"},\"inLanguage\":\"pt-BR\",\"potentialAction\":[{\"@type\":\"ReadAction\",\"target\":[\"https:\/\/jornaltimoneiro.com.br\/index.php\/2024\/02\/23\/volta-as-aulas-escolas-recepcionam-alunos-no-comeco-do-ano-letivo-e-apresentam-novidades\/\"]}]},{\"@type\":\"BreadcrumbList\",\"@id\":\"https:\/\/jornaltimoneiro.com.br\/index.php\/2024\/02\/23\/volta-as-aulas-escolas-recepcionam-alunos-no-comeco-do-ano-letivo-e-apresentam-novidades\/#breadcrumb\",\"itemListElement\":[{\"@type\":\"ListItem\",\"position\":1,\"name\":\"In\u00edcio\",\"item\":\"https:\/\/jornaltimoneiro.com.br\/\"},{\"@type\":\"ListItem\",\"position\":2,\"name\":\"VOLTA \u00c0S AULAS: Escolas recepcionam alunos no come\u00e7o do ano letivo e apresentam novidades\"}]},{\"@type\":\"WebSite\",\"@id\":\"https:\/\/jornaltimoneiro.com.br\/#website\",\"url\":\"https:\/\/jornaltimoneiro.com.br\/\",\"name\":\"Jornal Timoneiro Canoas RS\",\"description\":\"Jornal O Timoneiro, o verdadeiro jornal de Canoas\",\"publisher\":{\"@id\":\"https:\/\/jornaltimoneiro.com.br\/#organization\"},\"potentialAction\":[{\"@type\":\"SearchAction\",\"target\":{\"@type\":\"EntryPoint\",\"urlTemplate\":\"https:\/\/jornaltimoneiro.com.br\/?s={search_term_string}\"},\"query-input\":\"required name=search_term_string\"}],\"inLanguage\":\"pt-BR\"},{\"@type\":\"Organization\",\"@id\":\"https:\/\/jornaltimoneiro.com.br\/#organization\",\"name\":\"Jornal Timoneiro Canoas RS\",\"url\":\"https:\/\/jornaltimoneiro.com.br\/\",\"logo\":{\"@type\":\"ImageObject\",\"inLanguage\":\"pt-BR\",\"@id\":\"https:\/\/jornaltimoneiro.com.br\/#\/schema\/logo\/image\/\",\"url\":\"https:\/\/jornaltimoneiro.com.br\/wp-content\/uploads\/2023\/03\/logonovo.png\",\"contentUrl\":\"https:\/\/jornaltimoneiro.com.br\/wp-content\/uploads\/2023\/03\/logonovo.png\",\"width\":\"469\",\"height\":\"171\",\"caption\":\"Jornal Timoneiro Canoas RS\"},\"image\":{\"@id\":\"https:\/\/jornaltimoneiro.com.br\/#\/schema\/logo\/image\/\"},\"sameAs\":[\"https:\/\/www.facebook.com\/jornaltimoneiro\",\"https:\/\/twitter.com\/_OTimoneiro\",\"https:\/\/www.instagram.com\/jornaltimoneirocanoas\/\",\"https:\/\/www.youtube.com\/@jornalotimoneiro7927\"]},{\"@type\":\"Person\",\"@id\":\"https:\/\/jornaltimoneiro.com.br\/#\/schema\/person\/f63482f1a02b1a9592707865e509ab40\",\"name\":\"Reda\u00e7\u00e3o\",\"image\":{\"@type\":\"ImageObject\",\"inLanguage\":\"pt-BR\",\"@id\":\"https:\/\/jornaltimoneiro.com.br\/#\/schema\/person\/image\/\",\"url\":\"https:\/\/jornaltimoneiro.com.br\/wp-content\/uploads\/2023\/03\/download.jpeg\",\"contentUrl\":\"https:\/\/jornaltimoneiro.com.br\/wp-content\/uploads\/2023\/03\/download.jpeg\",\"caption\":\"Reda\u00e7\u00e3o\"},\"url\":\"https:\/\/jornaltimoneiro.com.br\/index.php\/author\/simone-dutra\/\"}]}<\/script>\n<!-- \/ Yoast SEO plugin. -->","yoast_head_json":{"title":"VOLTA \u00c0S AULAS: Escolas recepcionam alunos no come\u00e7o do ano letivo e apresentam novidades - O Timoneiro Jornal Canoas RS","robots":{"index":"index","follow":"follow","max-snippet":"max-snippet:-1","max-image-preview":"max-image-preview:large","max-video-preview":"max-video-preview:-1"},"canonical":"https:\/\/jornaltimoneiro.com.br\/index.php\/2024\/02\/23\/volta-as-aulas-escolas-recepcionam-alunos-no-comeco-do-ano-letivo-e-apresentam-novidades\/","og_locale":"pt_BR","og_type":"article","og_title":"VOLTA \u00c0S AULAS: Escolas recepcionam alunos no come\u00e7o do ano letivo e apresentam novidades - O Timoneiro Jornal Canoas RS","og_description":"A movimenta\u00e7\u00e3o nas escolas canoenses cresce e chega ao \u00e1pice com o come\u00e7o do ano letivo. Al\u00e9m do reencontro dos estudantes com colegas e professores, h\u00e1 tamb\u00e9m as novidades que cada institui\u00e7\u00e3o de ensino preparou para a chegada dos alunos para mais uma jornada de aprendizagem. Al\u00e9m disso, dois col\u00e9gios tradicionais de Canoas tamb\u00e9m celebram [&hellip;]","og_url":"https:\/\/jornaltimoneiro.com.br\/index.php\/2024\/02\/23\/volta-as-aulas-escolas-recepcionam-alunos-no-comeco-do-ano-letivo-e-apresentam-novidades\/","og_site_name":"O Timoneiro Jornal Canoas RS","article_publisher":"https:\/\/www.facebook.com\/jornaltimoneiro","article_published_time":"2024-02-23T18:19:45+00:00","og_image":[{"width":1024,"height":576,"url":"https:\/\/jornaltimoneiro.com.br\/wp-content\/uploads\/2024\/02\/WhatsApp-Image-2024-02-21-at-23.29.51-1024x576.jpeg","type":"image\/jpeg"}],"author":"Reda\u00e7\u00e3o","twitter_card":"summary_large_image","twitter_creator":"@_OTimoneiro","twitter_site":"@_OTimoneiro","twitter_misc":{"Escrito por":"Reda\u00e7\u00e3o","Est. tempo de leitura":"7 minutos"},"schema":{"@context":"https:\/\/schema.org","@graph":[{"@type":"Article","@id":"https:\/\/jornaltimoneiro.com.br\/index.php\/2024\/02\/23\/volta-as-aulas-escolas-recepcionam-alunos-no-comeco-do-ano-letivo-e-apresentam-novidades\/#article","isPartOf":{"@id":"https:\/\/jornaltimoneiro.com.br\/index.php\/2024\/02\/23\/volta-as-aulas-escolas-recepcionam-alunos-no-comeco-do-ano-letivo-e-apresentam-novidades\/"},"author":{"name":"Reda\u00e7\u00e3o","@id":"https:\/\/jornaltimoneiro.com.br\/#\/schema\/person\/f63482f1a02b1a9592707865e509ab40"},"headline":"VOLTA \u00c0S AULAS: Escolas recepcionam alunos no come\u00e7o do ano letivo e apresentam novidades","datePublished":"2024-02-23T18:19:45+00:00","dateModified":"2024-02-23T18:19:45+00:00","mainEntityOfPage":{"@id":"https:\/\/jornaltimoneiro.com.br\/index.php\/2024\/02\/23\/volta-as-aulas-escolas-recepcionam-alunos-no-comeco-do-ano-letivo-e-apresentam-novidades\/"},"wordCount":1181,"commentCount":0,"publisher":{"@id":"https:\/\/jornaltimoneiro.com.br\/#organization"},"keywords":["Col\u00e9gio Esp\u00edrito Santo","Col\u00e9gio Maria Auxiliadora","featured","volta \u00e0s aulas"],"articleSection":["Ensino"],"inLanguage":"pt-BR","potentialAction":[{"@type":"CommentAction","name":"Comment","target":["https:\/\/jornaltimoneiro.com.br\/index.php\/2024\/02\/23\/volta-as-aulas-escolas-recepcionam-alunos-no-comeco-do-ano-letivo-e-apresentam-novidades\/#respond"]}]},{"@type":"WebPage","@id":"https:\/\/jornaltimoneiro.com.br\/index.php\/2024\/02\/23\/volta-as-aulas-escolas-recepcionam-alunos-no-comeco-do-ano-letivo-e-apresentam-novidades\/","url":"https:\/\/jornaltimoneiro.com.br\/index.php\/2024\/02\/23\/volta-as-aulas-escolas-recepcionam-alunos-no-comeco-do-ano-letivo-e-apresentam-novidades\/","name":"VOLTA \u00c0S AULAS: Escolas recepcionam alunos no come\u00e7o do ano letivo e apresentam novidades - O Timoneiro Jornal Canoas RS","isPartOf":{"@id":"https:\/\/jornaltimoneiro.com.br\/#website"},"datePublished":"2024-02-23T18:19:45+00:00","dateModified":"2024-02-23T18:19:45+00:00","breadcrumb":{"@id":"https:\/\/jornaltimoneiro.com.br\/index.php\/2024\/02\/23\/volta-as-aulas-escolas-recepcionam-alunos-no-comeco-do-ano-letivo-e-apresentam-novidades\/#breadcrumb"},"inLanguage":"pt-BR","potentialAction":[{"@type":"ReadAction","target":["https:\/\/jornaltimoneiro.com.br\/index.php\/2024\/02\/23\/volta-as-aulas-escolas-recepcionam-alunos-no-comeco-do-ano-letivo-e-apresentam-novidades\/"]}]},{"@type":"BreadcrumbList","@id":"https:\/\/jornaltimoneiro.com.br\/index.php\/2024\/02\/23\/volta-as-aulas-escolas-recepcionam-alunos-no-comeco-do-ano-letivo-e-apresentam-novidades\/#breadcrumb","itemListElement":[{"@type":"ListItem","position":1,"name":"In\u00edcio","item":"https:\/\/jornaltimoneiro.com.br\/"},{"@type":"ListItem","position":2,"name":"VOLTA \u00c0S AULAS: Escolas recepcionam alunos no come\u00e7o do ano letivo e apresentam novidades"}]},{"@type":"WebSite","@id":"https:\/\/jornaltimoneiro.com.br\/#website","url":"https:\/\/jornaltimoneiro.com.br\/","name":"Jornal Timoneiro Canoas RS","description":"Jornal O Timoneiro, o verdadeiro jornal de Canoas","publisher":{"@id":"https:\/\/jornaltimoneiro.com.br\/#organization"},"potentialAction":[{"@type":"SearchAction","target":{"@type":"EntryPoint","urlTemplate":"https:\/\/jornaltimoneiro.com.br\/?s={search_term_string}"},"query-input":"required name=search_term_string"}],"inLanguage":"pt-BR"},{"@type":"Organization","@id":"https:\/\/jornaltimoneiro.com.br\/#organization","name":"Jornal Timoneiro Canoas RS","url":"https:\/\/jornaltimoneiro.com.br\/","logo":{"@type":"ImageObject","inLanguage":"pt-BR","@id":"https:\/\/jornaltimoneiro.com.br\/#\/schema\/logo\/image\/","url":"https:\/\/jornaltimoneiro.com.br\/wp-content\/uploads\/2023\/03\/logonovo.png","contentUrl":"https:\/\/jornaltimoneiro.com.br\/wp-content\/uploads\/2023\/03\/logonovo.png","width":"469","height":"171","caption":"Jornal Timoneiro Canoas RS"},"image":{"@id":"https:\/\/jornaltimoneiro.com.br\/#\/schema\/logo\/image\/"},"sameAs":["https:\/\/www.facebook.com\/jornaltimoneiro","https:\/\/twitter.com\/_OTimoneiro","https:\/\/www.instagram.com\/jornaltimoneirocanoas\/","https:\/\/www.youtube.com\/@jornalotimoneiro7927"]},{"@type":"Person","@id":"https:\/\/jornaltimoneiro.com.br\/#\/schema\/person\/f63482f1a02b1a9592707865e509ab40","name":"Reda\u00e7\u00e3o","image":{"@type":"ImageObject","inLanguage":"pt-BR","@id":"https:\/\/jornaltimoneiro.com.br\/#\/schema\/person\/image\/","url":"https:\/\/jornaltimoneiro.com.br\/wp-content\/uploads\/2023\/03\/download.jpeg","contentUrl":"https:\/\/jornaltimoneiro.com.br\/wp-content\/uploads\/2023\/03\/download.jpeg","caption":"Reda\u00e7\u00e3o"},"url":"https:\/\/jornaltimoneiro.com.br\/index.php\/author\/simone-dutra\/"}]}},"_links":{"self":[{"href":"https:\/\/jornaltimoneiro.com.br\/index.php\/wp-json\/wp\/v2\/posts\/27589"}],"collection":[{"href":"https:\/\/jornaltimoneiro.com.br\/index.php\/wp-json\/wp\/v2\/posts"}],"about":[{"href":"https:\/\/jornaltimoneiro.com.br\/index.php\/wp-json\/wp\/v2\/types\/post"}],"author":[{"embeddable":true,"href":"https:\/\/jornaltimoneiro.com.br\/index.php\/wp-json\/wp\/v2\/users\/2"}],"replies":[{"embeddable":true,"href":"https:\/\/jornaltimoneiro.com.br\/index.php\/wp-json\/wp\/v2\/comments?post=27589"}],"version-history":[{"count":1,"href":"https:\/\/jornaltimoneiro.com.br\/index.php\/wp-json\/wp\/v2\/posts\/27589\/revisions"}],"predecessor-version":[{"id":27594,"href":"https:\/\/jornaltimoneiro.com.br\/index.php\/wp-json\/wp\/v2\/posts\/27589\/revisions\/27594"}],"wp:featuredmedia":[{"embeddable":true,"href":"https:\/\/jornaltimoneiro.com.br\/index.php\/wp-json\/wp\/v2\/media\/27590"}],"wp:attachment":[{"href":"https:\/\/jornaltimoneiro.com.br\/index.php\/wp-json\/wp\/v2\/media?parent=27589"}],"wp:term":[{"taxonomy":"category","embeddable":true,"href":"https:\/\/jornaltimoneiro.com.br\/index.php\/wp-json\/wp\/v2\/categories?post=27589"},{"taxonomy":"post_tag","embeddable":true,"href":"https:\/\/jornaltimoneiro.com.br\/index.php\/wp-json\/wp\/v2\/tags?post=27589"}],"curies":[{"name":"wp","href":"https:\/\/api.w.org\/{rel}","templated":true}]}}