{"id":2757,"date":"2016-02-13T16:11:27","date_gmt":"2016-02-13T18:11:27","guid":{"rendered":"http:\/\/otimoneiro.com.br\/?p=2757"},"modified":"2016-02-13T16:11:27","modified_gmt":"2016-02-13T18:11:27","slug":"prefeitura-alerta-para-severos-temporais-neste-sabado-13","status":"publish","type":"post","link":"https:\/\/jornaltimoneiro.com.br\/index.php\/2016\/02\/13\/prefeitura-alerta-para-severos-temporais-neste-sabado-13\/","title":{"rendered":"Prefeitura alerta para \u201cseveros temporais\u201d neste s\u00e1bado, 13"},"content":{"rendered":"<p><a href=\"http:\/\/otimoneiro.com.br\/wp-content\/uploads\/2015\/12\/temporal6.jpg\"><img decoding=\"async\" class=\"aligncenter  wp-image-1983\" src=\"http:\/\/otimoneiro.com.br\/wp-content\/uploads\/2015\/12\/temporal6.jpg\" alt=\"temporal6\" width=\"758\" height=\"505\" \/><\/a><\/p>\n<p>&nbsp;<\/p>\n<p>Com informa\u00e7\u00f5es da MetSul Meteorologia, a Prefeitura de Canoas divulgou alerta na tarde deste s\u00e1bado para intensa chuva. Segundo o Pa\u00e7o Municipal, intensas \u00e1reas de instabilidade com tormentas localmente fortes a severas, ap\u00f3s atingir a regi\u00e3o de Buenos Aires e o Centro-Sul do Uruguai, avan\u00e7am para a fronteira e, da tarde para a noite do s\u00e1bado, se deslocam pelo territ\u00f3rio ga\u00facho, onde grande parte do dia ainda ser\u00e1 com sol e calor intenso.<\/p>\n<p>O alerta \u00e9 de que da tarde para a noite deste s\u00e1bado, as condi\u00e7\u00f5es ser\u00e3o muito favor\u00e1veis a temporais que, em alguns locais, podem ser at\u00e9 fortes a severos, com chuva localmente intensa de curta dura\u00e7\u00e3o, n\u00e3o se descartando danos localizados por vendavais.<\/p>\n<p>Os meteorologistas chamam a aten\u00e7\u00e3o para o volume das chuvas deste final de semana que poder\u00e3o chegar pr\u00f3ximo dos 100mm. \u201cEm curtos per\u00edodos, podem ocorrer acumulados com mais de 30mm\u201d, calcula. A Prefeitura garante que manter\u00e1 as atividades de limpeza das ruas, \u201ccom equipes de 300 homens, 69 ve\u00edculos atuando em v\u00e1rios pontos da cidade. No entanto, um esfor\u00e7o conjunto deve ser feito pela popula\u00e7\u00e3o, ao verificar se h\u00e1 pontos de obstru\u00e7\u00e3o de bocas de lobo que impedir\u00e3o o escoamento das \u00e1guas\u201d, pede.<\/p>\n<p>Conforme informa\u00e7\u00f5es oficiais divulgadas, houve a disponibiliza\u00e7\u00e3o de equipamentos para evitar a falta do funcionamento das sete bombas do munic\u00edpio. \u201cForam colocados geradores nas casas de bombas, prevendo eventual falta de energia\u201d, garante.<\/p>\n<p>No s\u00e1bado, a m\u00ednima deve ser de 21,0 \u00b0C e a m\u00e1xima de 36,0 \u00b0C. No domingo, a temperatura deve variar de 22,0 \u00b0C at\u00e9 a m\u00e1xima de 28,0 \u00b0C. As proje\u00e7\u00f5es indicam que a chuva que come\u00e7a no s\u00e1bado e prossegue no domingo.<\/p>\n","protected":false},"excerpt":{"rendered":"<p>\u00d3rg\u00e3o afirma que geradores foram disponibilizados nas sete casas de bombas do munic\u00edpio<\/p>\n","protected":false},"author":1,"featured_media":2677,"comment_status":"open","ping_status":"open","sticky":false,"template":"","format":"standard","meta":{"amp_status":"","footnotes":""},"categories":[25,19,29,22],"tags":[],"class_list":["post-2757","post","type-post","status-publish","format-standard","has-post-thumbnail","hentry","category-comunidade","category-destaques","category-meio-ambiente","category-noticias"],"yoast_head":"<!-- This site is optimized with the Yoast SEO plugin v20.5 - https:\/\/yoast.com\/wordpress\/plugins\/seo\/ -->\n<title>Prefeitura alerta para \u201cseveros temporais\u201d neste s\u00e1bado, 13 - O Timoneiro Jornal Canoas RS<\/title>\n<meta name=\"robots\" content=\"index, follow, max-snippet:-1, max-image-preview:large, max-video-preview:-1\" \/>\n<link rel=\"canonical\" href=\"https:\/\/jornaltimoneiro.com.br\/index.php\/2016\/02\/13\/prefeitura-alerta-para-severos-temporais-neste-sabado-13\/\" \/>\n<meta property=\"og:locale\" content=\"pt_BR\" \/>\n<meta property=\"og:type\" content=\"article\" \/>\n<meta property=\"og:title\" content=\"Prefeitura alerta para \u201cseveros temporais\u201d neste s\u00e1bado, 13 - O Timoneiro Jornal Canoas RS\" \/>\n<meta property=\"og:description\" content=\"\u00d3rg\u00e3o afirma que geradores foram disponibilizados nas sete casas de bombas do munic\u00edpio\" \/>\n<meta property=\"og:url\" content=\"https:\/\/jornaltimoneiro.com.br\/index.php\/2016\/02\/13\/prefeitura-alerta-para-severos-temporais-neste-sabado-13\/\" \/>\n<meta property=\"og:site_name\" content=\"O Timoneiro Jornal Canoas RS\" \/>\n<meta property=\"article:publisher\" content=\"https:\/\/www.facebook.com\/jornaltimoneiro\" \/>\n<meta property=\"article:published_time\" content=\"2016-02-13T18:11:27+00:00\" \/>\n<meta name=\"author\" content=\"Reda\u00e7\u00e3o\" \/>\n<meta name=\"twitter:card\" content=\"summary_large_image\" \/>\n<meta name=\"twitter:creator\" content=\"@_OTimoneiro\" \/>\n<meta name=\"twitter:site\" content=\"@_OTimoneiro\" \/>\n<meta name=\"twitter:label1\" content=\"Escrito por\" \/>\n\t<meta name=\"twitter:data1\" content=\"Reda\u00e7\u00e3o\" \/>\n\t<meta name=\"twitter:label2\" content=\"Est. tempo de leitura\" \/>\n\t<meta name=\"twitter:data2\" content=\"2 minutos\" \/>\n<script type=\"application\/ld+json\" class=\"yoast-schema-graph\">{\"@context\":\"https:\/\/schema.org\",\"@graph\":[{\"@type\":\"Article\",\"@id\":\"https:\/\/jornaltimoneiro.com.br\/index.php\/2016\/02\/13\/prefeitura-alerta-para-severos-temporais-neste-sabado-13\/#article\",\"isPartOf\":{\"@id\":\"https:\/\/jornaltimoneiro.com.br\/index.php\/2016\/02\/13\/prefeitura-alerta-para-severos-temporais-neste-sabado-13\/\"},\"author\":{\"name\":\"Reda\u00e7\u00e3o\",\"@id\":\"https:\/\/jornaltimoneiro.com.br\/#\/schema\/person\/620efd1d8244466117482be494360b08\"},\"headline\":\"Prefeitura alerta para \u201cseveros temporais\u201d neste s\u00e1bado, 13\",\"datePublished\":\"2016-02-13T18:11:27+00:00\",\"dateModified\":\"2016-02-13T18:11:27+00:00\",\"mainEntityOfPage\":{\"@id\":\"https:\/\/jornaltimoneiro.com.br\/index.php\/2016\/02\/13\/prefeitura-alerta-para-severos-temporais-neste-sabado-13\/\"},\"wordCount\":313,\"commentCount\":0,\"publisher\":{\"@id\":\"https:\/\/jornaltimoneiro.com.br\/#organization\"},\"articleSection\":[\"Comunidade\",\"Destaques\",\"Meio Ambiente\",\"Not\u00edcias\"],\"inLanguage\":\"pt-BR\",\"potentialAction\":[{\"@type\":\"CommentAction\",\"name\":\"Comment\",\"target\":[\"https:\/\/jornaltimoneiro.com.br\/index.php\/2016\/02\/13\/prefeitura-alerta-para-severos-temporais-neste-sabado-13\/#respond\"]}]},{\"@type\":\"WebPage\",\"@id\":\"https:\/\/jornaltimoneiro.com.br\/index.php\/2016\/02\/13\/prefeitura-alerta-para-severos-temporais-neste-sabado-13\/\",\"url\":\"https:\/\/jornaltimoneiro.com.br\/index.php\/2016\/02\/13\/prefeitura-alerta-para-severos-temporais-neste-sabado-13\/\",\"name\":\"Prefeitura alerta para \u201cseveros temporais\u201d neste s\u00e1bado, 13 - O Timoneiro Jornal Canoas RS\",\"isPartOf\":{\"@id\":\"https:\/\/jornaltimoneiro.com.br\/#website\"},\"datePublished\":\"2016-02-13T18:11:27+00:00\",\"dateModified\":\"2016-02-13T18:11:27+00:00\",\"breadcrumb\":{\"@id\":\"https:\/\/jornaltimoneiro.com.br\/index.php\/2016\/02\/13\/prefeitura-alerta-para-severos-temporais-neste-sabado-13\/#breadcrumb\"},\"inLanguage\":\"pt-BR\",\"potentialAction\":[{\"@type\":\"ReadAction\",\"target\":[\"https:\/\/jornaltimoneiro.com.br\/index.php\/2016\/02\/13\/prefeitura-alerta-para-severos-temporais-neste-sabado-13\/\"]}]},{\"@type\":\"BreadcrumbList\",\"@id\":\"https:\/\/jornaltimoneiro.com.br\/index.php\/2016\/02\/13\/prefeitura-alerta-para-severos-temporais-neste-sabado-13\/#breadcrumb\",\"itemListElement\":[{\"@type\":\"ListItem\",\"position\":1,\"name\":\"In\u00edcio\",\"item\":\"https:\/\/jornaltimoneiro.com.br\/\"},{\"@type\":\"ListItem\",\"position\":2,\"name\":\"Prefeitura alerta para \u201cseveros temporais\u201d neste s\u00e1bado, 13\"}]},{\"@type\":\"WebSite\",\"@id\":\"https:\/\/jornaltimoneiro.com.br\/#website\",\"url\":\"https:\/\/jornaltimoneiro.com.br\/\",\"name\":\"Jornal Timoneiro Canoas RS\",\"description\":\"Jornal O Timoneiro, o verdadeiro jornal de Canoas\",\"publisher\":{\"@id\":\"https:\/\/jornaltimoneiro.com.br\/#organization\"},\"potentialAction\":[{\"@type\":\"SearchAction\",\"target\":{\"@type\":\"EntryPoint\",\"urlTemplate\":\"https:\/\/jornaltimoneiro.com.br\/?s={search_term_string}\"},\"query-input\":\"required name=search_term_string\"}],\"inLanguage\":\"pt-BR\"},{\"@type\":\"Organization\",\"@id\":\"https:\/\/jornaltimoneiro.com.br\/#organization\",\"name\":\"Jornal Timoneiro Canoas RS\",\"url\":\"https:\/\/jornaltimoneiro.com.br\/\",\"logo\":{\"@type\":\"ImageObject\",\"inLanguage\":\"pt-BR\",\"@id\":\"https:\/\/jornaltimoneiro.com.br\/#\/schema\/logo\/image\/\",\"url\":\"https:\/\/jornaltimoneiro.com.br\/wp-content\/uploads\/2023\/03\/logonovo.png\",\"contentUrl\":\"https:\/\/jornaltimoneiro.com.br\/wp-content\/uploads\/2023\/03\/logonovo.png\",\"width\":\"469\",\"height\":\"171\",\"caption\":\"Jornal Timoneiro Canoas RS\"},\"image\":{\"@id\":\"https:\/\/jornaltimoneiro.com.br\/#\/schema\/logo\/image\/\"},\"sameAs\":[\"https:\/\/www.facebook.com\/jornaltimoneiro\",\"https:\/\/twitter.com\/_OTimoneiro\",\"https:\/\/www.instagram.com\/jornaltimoneirocanoas\/\",\"https:\/\/www.youtube.com\/@jornalotimoneiro7927\"]},{\"@type\":\"Person\",\"@id\":\"https:\/\/jornaltimoneiro.com.br\/#\/schema\/person\/620efd1d8244466117482be494360b08\",\"name\":\"Reda\u00e7\u00e3o\",\"image\":{\"@type\":\"ImageObject\",\"inLanguage\":\"pt-BR\",\"@id\":\"https:\/\/jornaltimoneiro.com.br\/#\/schema\/person\/image\/\",\"url\":\"https:\/\/secure.gravatar.com\/avatar\/2f04e1b304682a8d9db336c7acd77f08?s=96&d=mm&r=g\",\"contentUrl\":\"https:\/\/secure.gravatar.com\/avatar\/2f04e1b304682a8d9db336c7acd77f08?s=96&d=mm&r=g\",\"caption\":\"Reda\u00e7\u00e3o\"},\"url\":\"https:\/\/jornaltimoneiro.com.br\/index.php\/author\/timoneirocanoas\/\"}]}<\/script>\n<!-- \/ Yoast SEO plugin. -->","yoast_head_json":{"title":"Prefeitura alerta para \u201cseveros temporais\u201d neste s\u00e1bado, 13 - O Timoneiro Jornal Canoas RS","robots":{"index":"index","follow":"follow","max-snippet":"max-snippet:-1","max-image-preview":"max-image-preview:large","max-video-preview":"max-video-preview:-1"},"canonical":"https:\/\/jornaltimoneiro.com.br\/index.php\/2016\/02\/13\/prefeitura-alerta-para-severos-temporais-neste-sabado-13\/","og_locale":"pt_BR","og_type":"article","og_title":"Prefeitura alerta para \u201cseveros temporais\u201d neste s\u00e1bado, 13 - O Timoneiro Jornal Canoas RS","og_description":"\u00d3rg\u00e3o afirma que geradores foram disponibilizados nas sete casas de bombas do munic\u00edpio","og_url":"https:\/\/jornaltimoneiro.com.br\/index.php\/2016\/02\/13\/prefeitura-alerta-para-severos-temporais-neste-sabado-13\/","og_site_name":"O Timoneiro Jornal Canoas RS","article_publisher":"https:\/\/www.facebook.com\/jornaltimoneiro","article_published_time":"2016-02-13T18:11:27+00:00","author":"Reda\u00e7\u00e3o","twitter_card":"summary_large_image","twitter_creator":"@_OTimoneiro","twitter_site":"@_OTimoneiro","twitter_misc":{"Escrito por":"Reda\u00e7\u00e3o","Est. tempo de leitura":"2 minutos"},"schema":{"@context":"https:\/\/schema.org","@graph":[{"@type":"Article","@id":"https:\/\/jornaltimoneiro.com.br\/index.php\/2016\/02\/13\/prefeitura-alerta-para-severos-temporais-neste-sabado-13\/#article","isPartOf":{"@id":"https:\/\/jornaltimoneiro.com.br\/index.php\/2016\/02\/13\/prefeitura-alerta-para-severos-temporais-neste-sabado-13\/"},"author":{"name":"Reda\u00e7\u00e3o","@id":"https:\/\/jornaltimoneiro.com.br\/#\/schema\/person\/620efd1d8244466117482be494360b08"},"headline":"Prefeitura alerta para \u201cseveros temporais\u201d neste s\u00e1bado, 13","datePublished":"2016-02-13T18:11:27+00:00","dateModified":"2016-02-13T18:11:27+00:00","mainEntityOfPage":{"@id":"https:\/\/jornaltimoneiro.com.br\/index.php\/2016\/02\/13\/prefeitura-alerta-para-severos-temporais-neste-sabado-13\/"},"wordCount":313,"commentCount":0,"publisher":{"@id":"https:\/\/jornaltimoneiro.com.br\/#organization"},"articleSection":["Comunidade","Destaques","Meio Ambiente","Not\u00edcias"],"inLanguage":"pt-BR","potentialAction":[{"@type":"CommentAction","name":"Comment","target":["https:\/\/jornaltimoneiro.com.br\/index.php\/2016\/02\/13\/prefeitura-alerta-para-severos-temporais-neste-sabado-13\/#respond"]}]},{"@type":"WebPage","@id":"https:\/\/jornaltimoneiro.com.br\/index.php\/2016\/02\/13\/prefeitura-alerta-para-severos-temporais-neste-sabado-13\/","url":"https:\/\/jornaltimoneiro.com.br\/index.php\/2016\/02\/13\/prefeitura-alerta-para-severos-temporais-neste-sabado-13\/","name":"Prefeitura alerta para \u201cseveros temporais\u201d neste s\u00e1bado, 13 - O Timoneiro Jornal Canoas RS","isPartOf":{"@id":"https:\/\/jornaltimoneiro.com.br\/#website"},"datePublished":"2016-02-13T18:11:27+00:00","dateModified":"2016-02-13T18:11:27+00:00","breadcrumb":{"@id":"https:\/\/jornaltimoneiro.com.br\/index.php\/2016\/02\/13\/prefeitura-alerta-para-severos-temporais-neste-sabado-13\/#breadcrumb"},"inLanguage":"pt-BR","potentialAction":[{"@type":"ReadAction","target":["https:\/\/jornaltimoneiro.com.br\/index.php\/2016\/02\/13\/prefeitura-alerta-para-severos-temporais-neste-sabado-13\/"]}]},{"@type":"BreadcrumbList","@id":"https:\/\/jornaltimoneiro.com.br\/index.php\/2016\/02\/13\/prefeitura-alerta-para-severos-temporais-neste-sabado-13\/#breadcrumb","itemListElement":[{"@type":"ListItem","position":1,"name":"In\u00edcio","item":"https:\/\/jornaltimoneiro.com.br\/"},{"@type":"ListItem","position":2,"name":"Prefeitura alerta para \u201cseveros temporais\u201d neste s\u00e1bado, 13"}]},{"@type":"WebSite","@id":"https:\/\/jornaltimoneiro.com.br\/#website","url":"https:\/\/jornaltimoneiro.com.br\/","name":"Jornal Timoneiro Canoas RS","description":"Jornal O Timoneiro, o verdadeiro jornal de Canoas","publisher":{"@id":"https:\/\/jornaltimoneiro.com.br\/#organization"},"potentialAction":[{"@type":"SearchAction","target":{"@type":"EntryPoint","urlTemplate":"https:\/\/jornaltimoneiro.com.br\/?s={search_term_string}"},"query-input":"required name=search_term_string"}],"inLanguage":"pt-BR"},{"@type":"Organization","@id":"https:\/\/jornaltimoneiro.com.br\/#organization","name":"Jornal Timoneiro Canoas RS","url":"https:\/\/jornaltimoneiro.com.br\/","logo":{"@type":"ImageObject","inLanguage":"pt-BR","@id":"https:\/\/jornaltimoneiro.com.br\/#\/schema\/logo\/image\/","url":"https:\/\/jornaltimoneiro.com.br\/wp-content\/uploads\/2023\/03\/logonovo.png","contentUrl":"https:\/\/jornaltimoneiro.com.br\/wp-content\/uploads\/2023\/03\/logonovo.png","width":"469","height":"171","caption":"Jornal Timoneiro Canoas RS"},"image":{"@id":"https:\/\/jornaltimoneiro.com.br\/#\/schema\/logo\/image\/"},"sameAs":["https:\/\/www.facebook.com\/jornaltimoneiro","https:\/\/twitter.com\/_OTimoneiro","https:\/\/www.instagram.com\/jornaltimoneirocanoas\/","https:\/\/www.youtube.com\/@jornalotimoneiro7927"]},{"@type":"Person","@id":"https:\/\/jornaltimoneiro.com.br\/#\/schema\/person\/620efd1d8244466117482be494360b08","name":"Reda\u00e7\u00e3o","image":{"@type":"ImageObject","inLanguage":"pt-BR","@id":"https:\/\/jornaltimoneiro.com.br\/#\/schema\/person\/image\/","url":"https:\/\/secure.gravatar.com\/avatar\/2f04e1b304682a8d9db336c7acd77f08?s=96&d=mm&r=g","contentUrl":"https:\/\/secure.gravatar.com\/avatar\/2f04e1b304682a8d9db336c7acd77f08?s=96&d=mm&r=g","caption":"Reda\u00e7\u00e3o"},"url":"https:\/\/jornaltimoneiro.com.br\/index.php\/author\/timoneirocanoas\/"}]}},"_links":{"self":[{"href":"https:\/\/jornaltimoneiro.com.br\/index.php\/wp-json\/wp\/v2\/posts\/2757"}],"collection":[{"href":"https:\/\/jornaltimoneiro.com.br\/index.php\/wp-json\/wp\/v2\/posts"}],"about":[{"href":"https:\/\/jornaltimoneiro.com.br\/index.php\/wp-json\/wp\/v2\/types\/post"}],"author":[{"embeddable":true,"href":"https:\/\/jornaltimoneiro.com.br\/index.php\/wp-json\/wp\/v2\/users\/1"}],"replies":[{"embeddable":true,"href":"https:\/\/jornaltimoneiro.com.br\/index.php\/wp-json\/wp\/v2\/comments?post=2757"}],"version-history":[{"count":0,"href":"https:\/\/jornaltimoneiro.com.br\/index.php\/wp-json\/wp\/v2\/posts\/2757\/revisions"}],"wp:featuredmedia":[{"embeddable":true,"href":"https:\/\/jornaltimoneiro.com.br\/index.php\/wp-json\/"}],"wp:attachment":[{"href":"https:\/\/jornaltimoneiro.com.br\/index.php\/wp-json\/wp\/v2\/media?parent=2757"}],"wp:term":[{"taxonomy":"category","embeddable":true,"href":"https:\/\/jornaltimoneiro.com.br\/index.php\/wp-json\/wp\/v2\/categories?post=2757"},{"taxonomy":"post_tag","embeddable":true,"href":"https:\/\/jornaltimoneiro.com.br\/index.php\/wp-json\/wp\/v2\/tags?post=2757"}],"curies":[{"name":"wp","href":"https:\/\/api.w.org\/{rel}","templated":true}]}}