{"id":27544,"date":"2024-02-21T11:32:58","date_gmt":"2024-02-21T14:32:58","guid":{"rendered":"https:\/\/jornaltimoneiro.com.br\/?p=27544"},"modified":"2024-02-21T11:32:58","modified_gmt":"2024-02-21T14:32:58","slug":"situacao-de-emergencia-em-canoas-por-temporal-de-janeiro-e-reconhecida-pelo-governo-federal","status":"publish","type":"post","link":"https:\/\/jornaltimoneiro.com.br\/index.php\/2024\/02\/21\/situacao-de-emergencia-em-canoas-por-temporal-de-janeiro-e-reconhecida-pelo-governo-federal\/","title":{"rendered":"Situa\u00e7\u00e3o de emerg\u00eancia em Canoas por temporal de janeiro \u00e9 reconhecida pelo Governo Federal"},"content":{"rendered":"<p>De acordo com informa\u00e7\u00f5es da Prefeitura de Canoas, o munic\u00edpio teve a situa\u00e7\u00e3o de emerg\u00eancia reconhecida em virtude das fortes chuvas e vendaval do \u00faltimo dia 16 de janeiro.<\/p>\n<p>O Minist\u00e9rio da Integra\u00e7\u00e3o e do Desenvolvimento Regional (MIDR), atrav\u00e9s da Defesa Civil Nacional, publicou a portaria em edi\u00e7\u00e3o extra do Di\u00e1rio Oficial da Uni\u00e3o (DOU) da ter\u00e7a-feira, 20.<\/p>\n<h4><strong>Decreto de emerg\u00eancia<\/strong><\/h4>\n<p>O decreto havia sido institu\u00eddo no munic\u00edpio, no dia seguinte ao evento clim\u00e1tico extremo, pelo prefeito em exerc\u00edcio Nedy de Vargas Marques, em 17 de janeiro. Somente neste m\u00eas de fevereiro o Governo do Estado do Rio Grande do Sul reconheceu a situa\u00e7\u00e3o.<\/p>\n<p>Classificado com n\u00edvel II, o documento possibilita o Saque Calamidade do FGTS por parte da popula\u00e7\u00e3o atingida pelo fen\u00f4meno.<\/p>\n<p>Segundo o secret\u00e1rio adjunto do Escrit\u00f3rio de Resili\u00eancia Clim\u00e1tica (Eclima) e Defesa Civil, Igor Sousa, ao longo desta quarta-feira, 21, ser\u00e1 divulgada a plataforma para os canoenses interessados no benef\u00edcio cadastrarem as informa\u00e7\u00f5es.<\/p>\n<p>&nbsp;<\/p>\n","protected":false},"excerpt":{"rendered":"<p>De acordo com informa\u00e7\u00f5es da Prefeitura de Canoas, o munic\u00edpio teve a situa\u00e7\u00e3o de emerg\u00eancia reconhecida em virtude das fortes chuvas e vendaval do \u00faltimo dia 16 de janeiro. O Minist\u00e9rio da Integra\u00e7\u00e3o e do Desenvolvimento Regional (MIDR), atrav\u00e9s da Defesa Civil Nacional, publicou a portaria em edi\u00e7\u00e3o extra do Di\u00e1rio Oficial da Uni\u00e3o (DOU) [&hellip;]<\/p>\n","protected":false},"author":2,"featured_media":27452,"comment_status":"open","ping_status":"open","sticky":false,"template":"","format":"standard","meta":{"amp_status":"","footnotes":""},"categories":[1854],"tags":[1966,31,1353,190,1846,67,214,213,1965,392],"class_list":["post-27544","post","type-post","status-publish","format-standard","has-post-thumbnail","hentry","category-economia","tag-caixa-economica-federal","tag-canoas","tag-cheias","tag-featured","tag-fgts","tag-governo-federal","tag-regiao-metropolitana","tag-rio-grande-do-sul","tag-saque-calamidade","tag-temporal"],"yoast_head":"<!-- This site is optimized with the Yoast SEO plugin v20.5 - https:\/\/yoast.com\/wordpress\/plugins\/seo\/ -->\n<title>Situa\u00e7\u00e3o de emerg\u00eancia em Canoas por temporal de janeiro \u00e9 reconhecida pelo Governo Federal - O Timoneiro Jornal Canoas RS<\/title>\n<meta name=\"description\" content=\"Situa\u00e7\u00e3o de emerg\u00eancia em Canoas por temporal de janeiro \u00e9 reconhecida pelo Governo Federal FGTS regi\u00e3o metropolitana rio grande do sul RS\" \/>\n<meta name=\"robots\" content=\"index, follow, max-snippet:-1, max-image-preview:large, max-video-preview:-1\" \/>\n<link rel=\"canonical\" href=\"https:\/\/jornaltimoneiro.com.br\/index.php\/2024\/02\/21\/situacao-de-emergencia-em-canoas-por-temporal-de-janeiro-e-reconhecida-pelo-governo-federal\/\" \/>\n<meta property=\"og:locale\" content=\"pt_BR\" \/>\n<meta property=\"og:type\" content=\"article\" \/>\n<meta property=\"og:title\" content=\"Situa\u00e7\u00e3o de emerg\u00eancia em Canoas por temporal de janeiro \u00e9 reconhecida pelo Governo Federal - O Timoneiro Jornal Canoas RS\" \/>\n<meta property=\"og:description\" content=\"Situa\u00e7\u00e3o de emerg\u00eancia em Canoas por temporal de janeiro \u00e9 reconhecida pelo Governo Federal FGTS regi\u00e3o metropolitana rio grande do sul RS\" \/>\n<meta property=\"og:url\" content=\"https:\/\/jornaltimoneiro.com.br\/index.php\/2024\/02\/21\/situacao-de-emergencia-em-canoas-por-temporal-de-janeiro-e-reconhecida-pelo-governo-federal\/\" \/>\n<meta property=\"og:site_name\" content=\"O Timoneiro Jornal Canoas RS\" \/>\n<meta property=\"article:publisher\" content=\"https:\/\/www.facebook.com\/jornaltimoneiro\" \/>\n<meta property=\"article:published_time\" content=\"2024-02-21T14:32:58+00:00\" \/>\n<meta property=\"og:image\" content=\"https:\/\/jornaltimoneiro.com.br\/wp-content\/uploads\/2024\/02\/WhatsApp-Image-2024-02-16-at-17.02.26.jpeg\" \/>\n\t<meta property=\"og:image:width\" content=\"786\" \/>\n\t<meta property=\"og:image:height\" content=\"450\" \/>\n\t<meta property=\"og:image:type\" content=\"image\/jpeg\" \/>\n<meta name=\"author\" content=\"Reda\u00e7\u00e3o\" \/>\n<meta name=\"twitter:card\" content=\"summary_large_image\" \/>\n<meta name=\"twitter:creator\" content=\"@_OTimoneiro\" \/>\n<meta name=\"twitter:site\" content=\"@_OTimoneiro\" \/>\n<meta name=\"twitter:label1\" content=\"Escrito por\" \/>\n\t<meta name=\"twitter:data1\" content=\"Reda\u00e7\u00e3o\" \/>\n\t<meta name=\"twitter:label2\" content=\"Est. tempo de leitura\" \/>\n\t<meta name=\"twitter:data2\" content=\"1 minuto\" \/>\n<script type=\"application\/ld+json\" class=\"yoast-schema-graph\">{\"@context\":\"https:\/\/schema.org\",\"@graph\":[{\"@type\":\"Article\",\"@id\":\"https:\/\/jornaltimoneiro.com.br\/index.php\/2024\/02\/21\/situacao-de-emergencia-em-canoas-por-temporal-de-janeiro-e-reconhecida-pelo-governo-federal\/#article\",\"isPartOf\":{\"@id\":\"https:\/\/jornaltimoneiro.com.br\/index.php\/2024\/02\/21\/situacao-de-emergencia-em-canoas-por-temporal-de-janeiro-e-reconhecida-pelo-governo-federal\/\"},\"author\":{\"name\":\"Reda\u00e7\u00e3o\",\"@id\":\"https:\/\/jornaltimoneiro.com.br\/#\/schema\/person\/f63482f1a02b1a9592707865e509ab40\"},\"headline\":\"Situa\u00e7\u00e3o de emerg\u00eancia em Canoas por temporal de janeiro \u00e9 reconhecida pelo Governo Federal\",\"datePublished\":\"2024-02-21T14:32:58+00:00\",\"dateModified\":\"2024-02-21T14:32:58+00:00\",\"mainEntityOfPage\":{\"@id\":\"https:\/\/jornaltimoneiro.com.br\/index.php\/2024\/02\/21\/situacao-de-emergencia-em-canoas-por-temporal-de-janeiro-e-reconhecida-pelo-governo-federal\/\"},\"wordCount\":195,\"commentCount\":0,\"publisher\":{\"@id\":\"https:\/\/jornaltimoneiro.com.br\/#organization\"},\"keywords\":[\"Caixa econ\u00f4mica federal\",\"canoas\",\"cheias\",\"featured\",\"FGTS\",\"Governo Federal\",\"regi\u00e3o metropolitana\",\"rio grande do sul\",\"saque calamidade\",\"temporal\"],\"articleSection\":[\"Economia\"],\"inLanguage\":\"pt-BR\",\"potentialAction\":[{\"@type\":\"CommentAction\",\"name\":\"Comment\",\"target\":[\"https:\/\/jornaltimoneiro.com.br\/index.php\/2024\/02\/21\/situacao-de-emergencia-em-canoas-por-temporal-de-janeiro-e-reconhecida-pelo-governo-federal\/#respond\"]}]},{\"@type\":\"WebPage\",\"@id\":\"https:\/\/jornaltimoneiro.com.br\/index.php\/2024\/02\/21\/situacao-de-emergencia-em-canoas-por-temporal-de-janeiro-e-reconhecida-pelo-governo-federal\/\",\"url\":\"https:\/\/jornaltimoneiro.com.br\/index.php\/2024\/02\/21\/situacao-de-emergencia-em-canoas-por-temporal-de-janeiro-e-reconhecida-pelo-governo-federal\/\",\"name\":\"Situa\u00e7\u00e3o de emerg\u00eancia em Canoas por temporal de janeiro \u00e9 reconhecida pelo Governo Federal - O Timoneiro Jornal Canoas RS\",\"isPartOf\":{\"@id\":\"https:\/\/jornaltimoneiro.com.br\/#website\"},\"datePublished\":\"2024-02-21T14:32:58+00:00\",\"dateModified\":\"2024-02-21T14:32:58+00:00\",\"description\":\"Situa\u00e7\u00e3o de emerg\u00eancia em Canoas por temporal de janeiro \u00e9 reconhecida pelo Governo Federal FGTS regi\u00e3o metropolitana rio grande do sul RS\",\"breadcrumb\":{\"@id\":\"https:\/\/jornaltimoneiro.com.br\/index.php\/2024\/02\/21\/situacao-de-emergencia-em-canoas-por-temporal-de-janeiro-e-reconhecida-pelo-governo-federal\/#breadcrumb\"},\"inLanguage\":\"pt-BR\",\"potentialAction\":[{\"@type\":\"ReadAction\",\"target\":[\"https:\/\/jornaltimoneiro.com.br\/index.php\/2024\/02\/21\/situacao-de-emergencia-em-canoas-por-temporal-de-janeiro-e-reconhecida-pelo-governo-federal\/\"]}]},{\"@type\":\"BreadcrumbList\",\"@id\":\"https:\/\/jornaltimoneiro.com.br\/index.php\/2024\/02\/21\/situacao-de-emergencia-em-canoas-por-temporal-de-janeiro-e-reconhecida-pelo-governo-federal\/#breadcrumb\",\"itemListElement\":[{\"@type\":\"ListItem\",\"position\":1,\"name\":\"In\u00edcio\",\"item\":\"https:\/\/jornaltimoneiro.com.br\/\"},{\"@type\":\"ListItem\",\"position\":2,\"name\":\"Situa\u00e7\u00e3o de emerg\u00eancia em Canoas por temporal de janeiro \u00e9 reconhecida pelo Governo Federal\"}]},{\"@type\":\"WebSite\",\"@id\":\"https:\/\/jornaltimoneiro.com.br\/#website\",\"url\":\"https:\/\/jornaltimoneiro.com.br\/\",\"name\":\"Jornal Timoneiro Canoas RS\",\"description\":\"Jornal O Timoneiro, o verdadeiro jornal de Canoas\",\"publisher\":{\"@id\":\"https:\/\/jornaltimoneiro.com.br\/#organization\"},\"potentialAction\":[{\"@type\":\"SearchAction\",\"target\":{\"@type\":\"EntryPoint\",\"urlTemplate\":\"https:\/\/jornaltimoneiro.com.br\/?s={search_term_string}\"},\"query-input\":\"required name=search_term_string\"}],\"inLanguage\":\"pt-BR\"},{\"@type\":\"Organization\",\"@id\":\"https:\/\/jornaltimoneiro.com.br\/#organization\",\"name\":\"Jornal Timoneiro Canoas RS\",\"url\":\"https:\/\/jornaltimoneiro.com.br\/\",\"logo\":{\"@type\":\"ImageObject\",\"inLanguage\":\"pt-BR\",\"@id\":\"https:\/\/jornaltimoneiro.com.br\/#\/schema\/logo\/image\/\",\"url\":\"https:\/\/jornaltimoneiro.com.br\/wp-content\/uploads\/2023\/03\/logonovo.png\",\"contentUrl\":\"https:\/\/jornaltimoneiro.com.br\/wp-content\/uploads\/2023\/03\/logonovo.png\",\"width\":\"469\",\"height\":\"171\",\"caption\":\"Jornal Timoneiro Canoas RS\"},\"image\":{\"@id\":\"https:\/\/jornaltimoneiro.com.br\/#\/schema\/logo\/image\/\"},\"sameAs\":[\"https:\/\/www.facebook.com\/jornaltimoneiro\",\"https:\/\/twitter.com\/_OTimoneiro\",\"https:\/\/www.instagram.com\/jornaltimoneirocanoas\/\",\"https:\/\/www.youtube.com\/@jornalotimoneiro7927\"]},{\"@type\":\"Person\",\"@id\":\"https:\/\/jornaltimoneiro.com.br\/#\/schema\/person\/f63482f1a02b1a9592707865e509ab40\",\"name\":\"Reda\u00e7\u00e3o\",\"image\":{\"@type\":\"ImageObject\",\"inLanguage\":\"pt-BR\",\"@id\":\"https:\/\/jornaltimoneiro.com.br\/#\/schema\/person\/image\/\",\"url\":\"https:\/\/jornaltimoneiro.com.br\/wp-content\/uploads\/2023\/03\/download.jpeg\",\"contentUrl\":\"https:\/\/jornaltimoneiro.com.br\/wp-content\/uploads\/2023\/03\/download.jpeg\",\"caption\":\"Reda\u00e7\u00e3o\"},\"url\":\"https:\/\/jornaltimoneiro.com.br\/index.php\/author\/simone-dutra\/\"}]}<\/script>\n<!-- \/ Yoast SEO plugin. -->","yoast_head_json":{"title":"Situa\u00e7\u00e3o de emerg\u00eancia em Canoas por temporal de janeiro \u00e9 reconhecida pelo Governo Federal - O Timoneiro Jornal Canoas RS","description":"Situa\u00e7\u00e3o de emerg\u00eancia em Canoas por temporal de janeiro \u00e9 reconhecida pelo Governo Federal FGTS regi\u00e3o metropolitana rio grande do sul RS","robots":{"index":"index","follow":"follow","max-snippet":"max-snippet:-1","max-image-preview":"max-image-preview:large","max-video-preview":"max-video-preview:-1"},"canonical":"https:\/\/jornaltimoneiro.com.br\/index.php\/2024\/02\/21\/situacao-de-emergencia-em-canoas-por-temporal-de-janeiro-e-reconhecida-pelo-governo-federal\/","og_locale":"pt_BR","og_type":"article","og_title":"Situa\u00e7\u00e3o de emerg\u00eancia em Canoas por temporal de janeiro \u00e9 reconhecida pelo Governo Federal - O Timoneiro Jornal Canoas RS","og_description":"Situa\u00e7\u00e3o de emerg\u00eancia em Canoas por temporal de janeiro \u00e9 reconhecida pelo Governo Federal FGTS regi\u00e3o metropolitana rio grande do sul RS","og_url":"https:\/\/jornaltimoneiro.com.br\/index.php\/2024\/02\/21\/situacao-de-emergencia-em-canoas-por-temporal-de-janeiro-e-reconhecida-pelo-governo-federal\/","og_site_name":"O Timoneiro Jornal Canoas RS","article_publisher":"https:\/\/www.facebook.com\/jornaltimoneiro","article_published_time":"2024-02-21T14:32:58+00:00","og_image":[{"width":"786","height":"450","url":"https:\/\/jornaltimoneiro.com.br\/wp-content\/uploads\/2024\/02\/WhatsApp-Image-2024-02-16-at-17.02.26.jpeg","type":"image\/jpeg"}],"author":"Reda\u00e7\u00e3o","twitter_card":"summary_large_image","twitter_creator":"@_OTimoneiro","twitter_site":"@_OTimoneiro","twitter_misc":{"Escrito por":"Reda\u00e7\u00e3o","Est. tempo de leitura":"1 minuto"},"schema":{"@context":"https:\/\/schema.org","@graph":[{"@type":"Article","@id":"https:\/\/jornaltimoneiro.com.br\/index.php\/2024\/02\/21\/situacao-de-emergencia-em-canoas-por-temporal-de-janeiro-e-reconhecida-pelo-governo-federal\/#article","isPartOf":{"@id":"https:\/\/jornaltimoneiro.com.br\/index.php\/2024\/02\/21\/situacao-de-emergencia-em-canoas-por-temporal-de-janeiro-e-reconhecida-pelo-governo-federal\/"},"author":{"name":"Reda\u00e7\u00e3o","@id":"https:\/\/jornaltimoneiro.com.br\/#\/schema\/person\/f63482f1a02b1a9592707865e509ab40"},"headline":"Situa\u00e7\u00e3o de emerg\u00eancia em Canoas por temporal de janeiro \u00e9 reconhecida pelo Governo Federal","datePublished":"2024-02-21T14:32:58+00:00","dateModified":"2024-02-21T14:32:58+00:00","mainEntityOfPage":{"@id":"https:\/\/jornaltimoneiro.com.br\/index.php\/2024\/02\/21\/situacao-de-emergencia-em-canoas-por-temporal-de-janeiro-e-reconhecida-pelo-governo-federal\/"},"wordCount":195,"commentCount":0,"publisher":{"@id":"https:\/\/jornaltimoneiro.com.br\/#organization"},"keywords":["Caixa econ\u00f4mica federal","canoas","cheias","featured","FGTS","Governo Federal","regi\u00e3o metropolitana","rio grande do sul","saque calamidade","temporal"],"articleSection":["Economia"],"inLanguage":"pt-BR","potentialAction":[{"@type":"CommentAction","name":"Comment","target":["https:\/\/jornaltimoneiro.com.br\/index.php\/2024\/02\/21\/situacao-de-emergencia-em-canoas-por-temporal-de-janeiro-e-reconhecida-pelo-governo-federal\/#respond"]}]},{"@type":"WebPage","@id":"https:\/\/jornaltimoneiro.com.br\/index.php\/2024\/02\/21\/situacao-de-emergencia-em-canoas-por-temporal-de-janeiro-e-reconhecida-pelo-governo-federal\/","url":"https:\/\/jornaltimoneiro.com.br\/index.php\/2024\/02\/21\/situacao-de-emergencia-em-canoas-por-temporal-de-janeiro-e-reconhecida-pelo-governo-federal\/","name":"Situa\u00e7\u00e3o de emerg\u00eancia em Canoas por temporal de janeiro \u00e9 reconhecida pelo Governo Federal - O Timoneiro Jornal Canoas RS","isPartOf":{"@id":"https:\/\/jornaltimoneiro.com.br\/#website"},"datePublished":"2024-02-21T14:32:58+00:00","dateModified":"2024-02-21T14:32:58+00:00","description":"Situa\u00e7\u00e3o de emerg\u00eancia em Canoas por temporal de janeiro \u00e9 reconhecida pelo Governo Federal FGTS regi\u00e3o metropolitana rio grande do sul RS","breadcrumb":{"@id":"https:\/\/jornaltimoneiro.com.br\/index.php\/2024\/02\/21\/situacao-de-emergencia-em-canoas-por-temporal-de-janeiro-e-reconhecida-pelo-governo-federal\/#breadcrumb"},"inLanguage":"pt-BR","potentialAction":[{"@type":"ReadAction","target":["https:\/\/jornaltimoneiro.com.br\/index.php\/2024\/02\/21\/situacao-de-emergencia-em-canoas-por-temporal-de-janeiro-e-reconhecida-pelo-governo-federal\/"]}]},{"@type":"BreadcrumbList","@id":"https:\/\/jornaltimoneiro.com.br\/index.php\/2024\/02\/21\/situacao-de-emergencia-em-canoas-por-temporal-de-janeiro-e-reconhecida-pelo-governo-federal\/#breadcrumb","itemListElement":[{"@type":"ListItem","position":1,"name":"In\u00edcio","item":"https:\/\/jornaltimoneiro.com.br\/"},{"@type":"ListItem","position":2,"name":"Situa\u00e7\u00e3o de emerg\u00eancia em Canoas por temporal de janeiro \u00e9 reconhecida pelo Governo Federal"}]},{"@type":"WebSite","@id":"https:\/\/jornaltimoneiro.com.br\/#website","url":"https:\/\/jornaltimoneiro.com.br\/","name":"Jornal Timoneiro Canoas RS","description":"Jornal O Timoneiro, o verdadeiro jornal de Canoas","publisher":{"@id":"https:\/\/jornaltimoneiro.com.br\/#organization"},"potentialAction":[{"@type":"SearchAction","target":{"@type":"EntryPoint","urlTemplate":"https:\/\/jornaltimoneiro.com.br\/?s={search_term_string}"},"query-input":"required name=search_term_string"}],"inLanguage":"pt-BR"},{"@type":"Organization","@id":"https:\/\/jornaltimoneiro.com.br\/#organization","name":"Jornal Timoneiro Canoas RS","url":"https:\/\/jornaltimoneiro.com.br\/","logo":{"@type":"ImageObject","inLanguage":"pt-BR","@id":"https:\/\/jornaltimoneiro.com.br\/#\/schema\/logo\/image\/","url":"https:\/\/jornaltimoneiro.com.br\/wp-content\/uploads\/2023\/03\/logonovo.png","contentUrl":"https:\/\/jornaltimoneiro.com.br\/wp-content\/uploads\/2023\/03\/logonovo.png","width":"469","height":"171","caption":"Jornal Timoneiro Canoas RS"},"image":{"@id":"https:\/\/jornaltimoneiro.com.br\/#\/schema\/logo\/image\/"},"sameAs":["https:\/\/www.facebook.com\/jornaltimoneiro","https:\/\/twitter.com\/_OTimoneiro","https:\/\/www.instagram.com\/jornaltimoneirocanoas\/","https:\/\/www.youtube.com\/@jornalotimoneiro7927"]},{"@type":"Person","@id":"https:\/\/jornaltimoneiro.com.br\/#\/schema\/person\/f63482f1a02b1a9592707865e509ab40","name":"Reda\u00e7\u00e3o","image":{"@type":"ImageObject","inLanguage":"pt-BR","@id":"https:\/\/jornaltimoneiro.com.br\/#\/schema\/person\/image\/","url":"https:\/\/jornaltimoneiro.com.br\/wp-content\/uploads\/2023\/03\/download.jpeg","contentUrl":"https:\/\/jornaltimoneiro.com.br\/wp-content\/uploads\/2023\/03\/download.jpeg","caption":"Reda\u00e7\u00e3o"},"url":"https:\/\/jornaltimoneiro.com.br\/index.php\/author\/simone-dutra\/"}]}},"_links":{"self":[{"href":"https:\/\/jornaltimoneiro.com.br\/index.php\/wp-json\/wp\/v2\/posts\/27544"}],"collection":[{"href":"https:\/\/jornaltimoneiro.com.br\/index.php\/wp-json\/wp\/v2\/posts"}],"about":[{"href":"https:\/\/jornaltimoneiro.com.br\/index.php\/wp-json\/wp\/v2\/types\/post"}],"author":[{"embeddable":true,"href":"https:\/\/jornaltimoneiro.com.br\/index.php\/wp-json\/wp\/v2\/users\/2"}],"replies":[{"embeddable":true,"href":"https:\/\/jornaltimoneiro.com.br\/index.php\/wp-json\/wp\/v2\/comments?post=27544"}],"version-history":[{"count":2,"href":"https:\/\/jornaltimoneiro.com.br\/index.php\/wp-json\/wp\/v2\/posts\/27544\/revisions"}],"predecessor-version":[{"id":27546,"href":"https:\/\/jornaltimoneiro.com.br\/index.php\/wp-json\/wp\/v2\/posts\/27544\/revisions\/27546"}],"wp:featuredmedia":[{"embeddable":true,"href":"https:\/\/jornaltimoneiro.com.br\/index.php\/wp-json\/wp\/v2\/media\/27452"}],"wp:attachment":[{"href":"https:\/\/jornaltimoneiro.com.br\/index.php\/wp-json\/wp\/v2\/media?parent=27544"}],"wp:term":[{"taxonomy":"category","embeddable":true,"href":"https:\/\/jornaltimoneiro.com.br\/index.php\/wp-json\/wp\/v2\/categories?post=27544"},{"taxonomy":"post_tag","embeddable":true,"href":"https:\/\/jornaltimoneiro.com.br\/index.php\/wp-json\/wp\/v2\/tags?post=27544"}],"curies":[{"name":"wp","href":"https:\/\/api.w.org\/{rel}","templated":true}]}}