{"id":2743,"date":"2016-02-12T13:13:19","date_gmt":"2016-02-12T15:13:19","guid":{"rendered":"http:\/\/otimoneiro.com.br\/?p=2743"},"modified":"2016-02-12T13:13:19","modified_gmt":"2016-02-12T15:13:19","slug":"uniformes-escolares-e-materiais-foram-fabricados-no-paraguai","status":"publish","type":"post","link":"https:\/\/jornaltimoneiro.com.br\/index.php\/2016\/02\/12\/uniformes-escolares-e-materiais-foram-fabricados-no-paraguai\/","title":{"rendered":"Uniformes escolares e materiais foram fabricados no Paraguai"},"content":{"rendered":"<p><a href=\"http:\/\/otimoneiro.com.br\/wp-content\/uploads\/2016\/02\/uniformes.jpg\"><img decoding=\"async\" class=\"aligncenter  wp-image-2744\" src=\"http:\/\/otimoneiro.com.br\/wp-content\/uploads\/2016\/02\/uniformes.jpg\" alt=\"uniformes\" width=\"483\" height=\"334\" \/><\/a><\/p>\n<p>Como se j\u00e1 n\u00e3o bastassem as suspeitas de superfaturamento dos uniformes escolares em 2011, que levaram o Minist\u00e9rio P\u00fablico Estadual (MPE) a abrir uma a\u00e7\u00e3o civil p\u00fablica contra o prefeito Jairo Jorge, a Prefeitura agora est\u00e1 envolvida em mais uma pol\u00eamica relativa ao mesmo tema.<br \/>\nNa \u00faltima quinta-feira, 11, chamou a aten\u00e7\u00e3o dos pais dos alunos da escola Duque de Caxias, no bairro Nossa Senhora das Gra\u00e7as, a etiqueta dos uniformes escolares entregues pela Prefeitura de Canoas. A etiqueta tinha o escrito \u201cimportador\u201d e, logo abaixo, \u201cproduzido no Paraguai\u201d. A empresa \u00e9 a Nilcatex T\u00eaxtil LTDA, do Mato Grosso do Sul.<br \/>\nMas n\u00e3o \u00e9 a primeira vez que isso ocorre. Segundo mostram os empenhos do Portal da Transpar\u00eancia, desde 2013 os empenhos s\u00e3o feitos para esta empresa. S\u00f3 em 2016 foram empenhados R$ 3.937.735,26. Mas isso n\u00e3o \u00e9 nada em compara\u00e7\u00e3o com o empenho do ano anterior.<br \/>\nSomente em 2015, R$ 5.307.559,03 foram empenhados para a Nilcatex. O n\u00famero \u00e9 crescente, pois em 2014 o empenho foi de R$ 3.239.372,85. No ano de 2013, no entanto, o valor foi maior: R$ 4.449.364,55 empenhados.<br \/>\nEstranha tamb\u00e9m \u00e9 a predile\u00e7\u00e3o da Prefeitura por contratar n\u00e3o apenas empresas de fora de Canoas, mas especificamente localizadas no Mato Grosso do Sul, onde a Nilcatex possui filial. A Nayr Confec\u00e7\u00f5es, que forneceu os uniformes que geraram a suspeita de superfaturamento em 2011 e que foi doadora da campanha do deputado Nelsinho Metal\u00fargico (PT) em 2010, est\u00e1 localizada na cidade de Mundo Novo, no mesmo Estado. Nayr Confec\u00e7\u00f5es e Nilcatex t\u00eam participado de v\u00e1rias licita\u00e7\u00f5es em comum nos \u00faltimos anos, em grande cidades como Canoas, Goi\u00e2nia e Maring\u00e1.<\/p>\n<div id=\"attachment_2747\" style=\"width: 473px\" class=\"wp-caption aligncenter\"><a href=\"http:\/\/otimoneiro.com.br\/wp-content\/uploads\/2016\/02\/Fb-Nilce-Machado.jpg\"><img decoding=\"async\" aria-describedby=\"caption-attachment-2747\" class=\" wp-image-2747\" src=\"http:\/\/otimoneiro.com.br\/wp-content\/uploads\/2016\/02\/Fb-Nilce-Machado.jpg\" alt=\"Uniformes vieram do Paraguai. Foto: Divulga\u00e7\u00e3o-Internet\/OT\" width=\"463\" height=\"618\" \/><\/a><p id=\"caption-attachment-2747\" class=\"wp-caption-text\">Uniformes vieram do Paraguai. Foto: Divulga\u00e7\u00e3o-Internet\/OT<\/p><\/div>\n<p>&nbsp;<\/p>\n<p><strong>R$ 4 mil sem licita\u00e7\u00e3o<\/strong><br \/>\nO que chama a aten\u00e7\u00e3o \u00e9 que a empresa tem dois Cadastros Nacionais de Pessoa Jur\u00eddica (CNPJ). Um deles \u00e9 da sua matriz no Brasil em Itoupavazinha, Blumenal, Santa Catarina, fundada em mar\u00e7o de 1993. A outra, filial, tem sede no polo empresarial Miguel Letteriello, em Campo Grande, Mato Grosso do Sul.<br \/>\nTodas as encomendas foram feitas \u00e0 filial, exceto uma, em 2014, onde a matriz, em Santa Catarina, recebeu R$ 4.995,90 por 80 camisetas, 21 cal\u00e7as poli\u00e9ster, 21 cal\u00e7a suplex, 35 casacos esportivos \u201cpara a equipe de reeduca\u00e7\u00e3o postural e gin\u00e1stica laboral\u201d, diz o empenho. Tudo isso com dispensa de licita\u00e7\u00e3o.<\/p>\n<div id=\"attachment_2748\" style=\"width: 472px\" class=\"wp-caption aligncenter\"><a href=\"http:\/\/otimoneiro.com.br\/wp-content\/uploads\/2016\/02\/alta__MG_2297.jpg\"><img decoding=\"async\" aria-describedby=\"caption-attachment-2748\" class=\" wp-image-2748\" src=\"http:\/\/otimoneiro.com.br\/wp-content\/uploads\/2016\/02\/alta__MG_2297-1024x708.jpg\" alt=\"O prefeito Jairo Jorge (PT)  come\u00e7ou a entrega dos uniformes na quinta-feira, 12. Foto: PMC\" width=\"462\" height=\"319\" \/><\/a><p id=\"caption-attachment-2748\" class=\"wp-caption-text\">O prefeito Jairo Jorge (PT) come\u00e7ou a entrega dos uniformes na quinta-feira, 12. Foto: PMC<\/p><\/div>\n<p>&nbsp;<\/p>\n<p><strong>A\u00e7\u00e3o civil p\u00fablica<\/strong><br \/>\nEm 2014, o promotor Jos\u00e9 Nilton Costa de Souza, do Minist\u00e9rio P\u00fablico Estadual, ingressou com uma a\u00e7\u00e3o civil p\u00fablica, que ainda est\u00e1 em tramita\u00e7\u00e3o, pedindo a condena\u00e7\u00e3o por atos de improbidade administrativa, contra o prefeito Jairo Jorge, o secret\u00e1rio municipal da Fazenda, Marcos B\u00f3sio, o vereador e ex-secret\u00e1rio de Educa\u00e7\u00e3o, Paulo Ritter, e a ex-secret\u00e1ria adjunta de Educa\u00e7\u00e3o, Marta Rufatto. A a\u00e7\u00e3o tamb\u00e9m pede a condena\u00e7\u00e3o da empresa Nayr Confec\u00e7\u00f5es e de Leandro Colla, Marilde Regina Massocatto Dias, Joles Link da Silva e de Elen Maisa Alves da Silva. O processo \u00e9 relativo \u00e0 suspeita de superfaturamento na compra de uniformes escolares em 2010 e 2011. As pe\u00e7as foram compradas pela Prefeitura da empresa Nayr Confec\u00e7\u00f5es, por um valor que o MP considera acima do praticado no mercado. O valor da a\u00e7\u00e3o \u00e9 de R$ 3.436.393,24.<\/p>\n<p>O texto cita a apura\u00e7\u00e3o feita no inqu\u00e9rito civil n.\u00b0 00739.00172\/2011, instaurado em dezembro de 2011, tendo por base uma den\u00fancia do advogado Jos\u00e9 Carlos Duarte. A den\u00fancia noticiou a contrata\u00e7\u00e3o pela Prefeitura da empresa Nayr Confec\u00e7\u00f5es Ltda., com sede em Mundo Novo, Mato Grosso do Sul, para aquisi\u00e7\u00e3o de uniformes escolares para os alunos de escolas municipais com valores superfaturados.<br \/>\nO texto apresentado pelo MP ressalta, ainda, o alto valor gasto em uniformes nos mesmos anos: \u201cDe acordo com o narrado (fls. 39-41 do IC), a empresa Nayr Confec\u00e7\u00f5es Ltda., por meio do Registro de Pre\u00e7os (RR) n.\u00b0 051\/2009, Preg\u00e3o Presencial (PP) n.\u00b0 030\/2009 e RR n.\u00b0 067\/2010 e PP n.\u00b0 180\/2010 havia sido sagrada vencedora, gerando despesas pagas que totalizaram R$ 6.388.951,87 (seis milh\u00f5es, trezentos e oitenta e oito mil reais e novecentos e cinquenta e um reais e oitenta e sete centavos) para a aquisi\u00e7\u00e3o de uniformes escolares e de &#8216;infraestrutura&#8217;\u201d.<br \/>\nO MP aponta ainda que, em compara\u00e7\u00e3o \u00e0 outra licita\u00e7\u00e3o efetuada pela Prefeitura Municipal de Maring\u00e1\/PR, em novembro de 2010 (cujos kits de uniforme eram semelhantes aos adquiridos em Canoas), foi poss\u00edvel constatar irregularidades nos valores praticados pela Administra\u00e7\u00e3o P\u00fablica de Canoas. O texto da a\u00e7\u00e3o ressalta que os valores praticados na licita\u00e7\u00e3o em Maring\u00e1 foram bastante inferiores.<\/p>\n","protected":false},"excerpt":{"rendered":"<p>Como se j\u00e1 n\u00e3o bastassem as suspeitas de superfaturamento dos uniformes escolares em 2011, que levaram o Minist\u00e9rio P\u00fablico Estadual (MPE) a abrir uma a\u00e7\u00e3o civil p\u00fablica contra o prefeito Jairo Jorge, a Prefeitura agora est\u00e1 envolvida em mais uma pol\u00eamica relativa ao mesmo tema. Na \u00faltima quinta-feira, 11, chamou a aten\u00e7\u00e3o dos pais dos [&hellip;]<\/p>\n","protected":false},"author":1,"featured_media":2744,"comment_status":"open","ping_status":"open","sticky":false,"template":"","format":"standard","meta":{"amp_status":"","footnotes":""},"categories":[19,27,20],"tags":[],"class_list":["post-2743","post","type-post","status-publish","format-standard","has-post-thumbnail","hentry","category-destaques","category-ensino","category-politica-noticias"],"yoast_head":"<!-- This site is optimized with the Yoast SEO plugin v20.5 - https:\/\/yoast.com\/wordpress\/plugins\/seo\/ -->\n<title>Uniformes escolares e materiais foram fabricados no Paraguai - O Timoneiro Jornal Canoas RS<\/title>\n<meta name=\"robots\" content=\"index, follow, max-snippet:-1, max-image-preview:large, max-video-preview:-1\" \/>\n<link rel=\"canonical\" href=\"https:\/\/jornaltimoneiro.com.br\/index.php\/2016\/02\/12\/uniformes-escolares-e-materiais-foram-fabricados-no-paraguai\/\" \/>\n<meta property=\"og:locale\" content=\"pt_BR\" \/>\n<meta property=\"og:type\" content=\"article\" \/>\n<meta property=\"og:title\" content=\"Uniformes escolares e materiais foram fabricados no Paraguai - O Timoneiro Jornal Canoas RS\" \/>\n<meta property=\"og:description\" content=\"Como se j\u00e1 n\u00e3o bastassem as suspeitas de superfaturamento dos uniformes escolares em 2011, que levaram o Minist\u00e9rio P\u00fablico Estadual (MPE) a abrir uma a\u00e7\u00e3o civil p\u00fablica contra o prefeito Jairo Jorge, a Prefeitura agora est\u00e1 envolvida em mais uma pol\u00eamica relativa ao mesmo tema. Na \u00faltima quinta-feira, 11, chamou a aten\u00e7\u00e3o dos pais dos [&hellip;]\" \/>\n<meta property=\"og:url\" content=\"https:\/\/jornaltimoneiro.com.br\/index.php\/2016\/02\/12\/uniformes-escolares-e-materiais-foram-fabricados-no-paraguai\/\" \/>\n<meta property=\"og:site_name\" content=\"O Timoneiro Jornal Canoas RS\" \/>\n<meta property=\"article:publisher\" content=\"https:\/\/www.facebook.com\/jornaltimoneiro\" \/>\n<meta property=\"article:published_time\" content=\"2016-02-12T15:13:19+00:00\" \/>\n<meta name=\"author\" content=\"Reda\u00e7\u00e3o\" \/>\n<meta name=\"twitter:card\" content=\"summary_large_image\" \/>\n<meta name=\"twitter:creator\" content=\"@_OTimoneiro\" \/>\n<meta name=\"twitter:site\" content=\"@_OTimoneiro\" \/>\n<meta name=\"twitter:label1\" content=\"Escrito por\" \/>\n\t<meta name=\"twitter:data1\" content=\"Reda\u00e7\u00e3o\" \/>\n\t<meta name=\"twitter:label2\" content=\"Est. tempo de leitura\" \/>\n\t<meta name=\"twitter:data2\" content=\"4 minutos\" \/>\n<script type=\"application\/ld+json\" class=\"yoast-schema-graph\">{\"@context\":\"https:\/\/schema.org\",\"@graph\":[{\"@type\":\"Article\",\"@id\":\"https:\/\/jornaltimoneiro.com.br\/index.php\/2016\/02\/12\/uniformes-escolares-e-materiais-foram-fabricados-no-paraguai\/#article\",\"isPartOf\":{\"@id\":\"https:\/\/jornaltimoneiro.com.br\/index.php\/2016\/02\/12\/uniformes-escolares-e-materiais-foram-fabricados-no-paraguai\/\"},\"author\":{\"name\":\"Reda\u00e7\u00e3o\",\"@id\":\"https:\/\/jornaltimoneiro.com.br\/#\/schema\/person\/620efd1d8244466117482be494360b08\"},\"headline\":\"Uniformes escolares e materiais foram fabricados no Paraguai\",\"datePublished\":\"2016-02-12T15:13:19+00:00\",\"dateModified\":\"2016-02-12T15:13:19+00:00\",\"mainEntityOfPage\":{\"@id\":\"https:\/\/jornaltimoneiro.com.br\/index.php\/2016\/02\/12\/uniformes-escolares-e-materiais-foram-fabricados-no-paraguai\/\"},\"wordCount\":808,\"commentCount\":0,\"publisher\":{\"@id\":\"https:\/\/jornaltimoneiro.com.br\/#organization\"},\"articleSection\":[\"Destaques\",\"Ensino\",\"Pol\u00edtica\"],\"inLanguage\":\"pt-BR\",\"potentialAction\":[{\"@type\":\"CommentAction\",\"name\":\"Comment\",\"target\":[\"https:\/\/jornaltimoneiro.com.br\/index.php\/2016\/02\/12\/uniformes-escolares-e-materiais-foram-fabricados-no-paraguai\/#respond\"]}]},{\"@type\":\"WebPage\",\"@id\":\"https:\/\/jornaltimoneiro.com.br\/index.php\/2016\/02\/12\/uniformes-escolares-e-materiais-foram-fabricados-no-paraguai\/\",\"url\":\"https:\/\/jornaltimoneiro.com.br\/index.php\/2016\/02\/12\/uniformes-escolares-e-materiais-foram-fabricados-no-paraguai\/\",\"name\":\"Uniformes escolares e materiais foram fabricados no Paraguai - O Timoneiro Jornal Canoas RS\",\"isPartOf\":{\"@id\":\"https:\/\/jornaltimoneiro.com.br\/#website\"},\"datePublished\":\"2016-02-12T15:13:19+00:00\",\"dateModified\":\"2016-02-12T15:13:19+00:00\",\"breadcrumb\":{\"@id\":\"https:\/\/jornaltimoneiro.com.br\/index.php\/2016\/02\/12\/uniformes-escolares-e-materiais-foram-fabricados-no-paraguai\/#breadcrumb\"},\"inLanguage\":\"pt-BR\",\"potentialAction\":[{\"@type\":\"ReadAction\",\"target\":[\"https:\/\/jornaltimoneiro.com.br\/index.php\/2016\/02\/12\/uniformes-escolares-e-materiais-foram-fabricados-no-paraguai\/\"]}]},{\"@type\":\"BreadcrumbList\",\"@id\":\"https:\/\/jornaltimoneiro.com.br\/index.php\/2016\/02\/12\/uniformes-escolares-e-materiais-foram-fabricados-no-paraguai\/#breadcrumb\",\"itemListElement\":[{\"@type\":\"ListItem\",\"position\":1,\"name\":\"In\u00edcio\",\"item\":\"https:\/\/jornaltimoneiro.com.br\/\"},{\"@type\":\"ListItem\",\"position\":2,\"name\":\"Uniformes escolares e materiais foram fabricados no Paraguai\"}]},{\"@type\":\"WebSite\",\"@id\":\"https:\/\/jornaltimoneiro.com.br\/#website\",\"url\":\"https:\/\/jornaltimoneiro.com.br\/\",\"name\":\"Jornal Timoneiro Canoas RS\",\"description\":\"Jornal O Timoneiro, o verdadeiro jornal de Canoas\",\"publisher\":{\"@id\":\"https:\/\/jornaltimoneiro.com.br\/#organization\"},\"potentialAction\":[{\"@type\":\"SearchAction\",\"target\":{\"@type\":\"EntryPoint\",\"urlTemplate\":\"https:\/\/jornaltimoneiro.com.br\/?s={search_term_string}\"},\"query-input\":\"required name=search_term_string\"}],\"inLanguage\":\"pt-BR\"},{\"@type\":\"Organization\",\"@id\":\"https:\/\/jornaltimoneiro.com.br\/#organization\",\"name\":\"Jornal Timoneiro Canoas RS\",\"url\":\"https:\/\/jornaltimoneiro.com.br\/\",\"logo\":{\"@type\":\"ImageObject\",\"inLanguage\":\"pt-BR\",\"@id\":\"https:\/\/jornaltimoneiro.com.br\/#\/schema\/logo\/image\/\",\"url\":\"https:\/\/jornaltimoneiro.com.br\/wp-content\/uploads\/2023\/03\/logonovo.png\",\"contentUrl\":\"https:\/\/jornaltimoneiro.com.br\/wp-content\/uploads\/2023\/03\/logonovo.png\",\"width\":\"469\",\"height\":\"171\",\"caption\":\"Jornal Timoneiro Canoas RS\"},\"image\":{\"@id\":\"https:\/\/jornaltimoneiro.com.br\/#\/schema\/logo\/image\/\"},\"sameAs\":[\"https:\/\/www.facebook.com\/jornaltimoneiro\",\"https:\/\/twitter.com\/_OTimoneiro\",\"https:\/\/www.instagram.com\/jornaltimoneirocanoas\/\",\"https:\/\/www.youtube.com\/@jornalotimoneiro7927\"]},{\"@type\":\"Person\",\"@id\":\"https:\/\/jornaltimoneiro.com.br\/#\/schema\/person\/620efd1d8244466117482be494360b08\",\"name\":\"Reda\u00e7\u00e3o\",\"image\":{\"@type\":\"ImageObject\",\"inLanguage\":\"pt-BR\",\"@id\":\"https:\/\/jornaltimoneiro.com.br\/#\/schema\/person\/image\/\",\"url\":\"https:\/\/secure.gravatar.com\/avatar\/2f04e1b304682a8d9db336c7acd77f08?s=96&d=mm&r=g\",\"contentUrl\":\"https:\/\/secure.gravatar.com\/avatar\/2f04e1b304682a8d9db336c7acd77f08?s=96&d=mm&r=g\",\"caption\":\"Reda\u00e7\u00e3o\"},\"url\":\"https:\/\/jornaltimoneiro.com.br\/index.php\/author\/timoneirocanoas\/\"}]}<\/script>\n<!-- \/ Yoast SEO plugin. -->","yoast_head_json":{"title":"Uniformes escolares e materiais foram fabricados no Paraguai - O Timoneiro Jornal Canoas RS","robots":{"index":"index","follow":"follow","max-snippet":"max-snippet:-1","max-image-preview":"max-image-preview:large","max-video-preview":"max-video-preview:-1"},"canonical":"https:\/\/jornaltimoneiro.com.br\/index.php\/2016\/02\/12\/uniformes-escolares-e-materiais-foram-fabricados-no-paraguai\/","og_locale":"pt_BR","og_type":"article","og_title":"Uniformes escolares e materiais foram fabricados no Paraguai - O Timoneiro Jornal Canoas RS","og_description":"Como se j\u00e1 n\u00e3o bastassem as suspeitas de superfaturamento dos uniformes escolares em 2011, que levaram o Minist\u00e9rio P\u00fablico Estadual (MPE) a abrir uma a\u00e7\u00e3o civil p\u00fablica contra o prefeito Jairo Jorge, a Prefeitura agora est\u00e1 envolvida em mais uma pol\u00eamica relativa ao mesmo tema. Na \u00faltima quinta-feira, 11, chamou a aten\u00e7\u00e3o dos pais dos [&hellip;]","og_url":"https:\/\/jornaltimoneiro.com.br\/index.php\/2016\/02\/12\/uniformes-escolares-e-materiais-foram-fabricados-no-paraguai\/","og_site_name":"O Timoneiro Jornal Canoas RS","article_publisher":"https:\/\/www.facebook.com\/jornaltimoneiro","article_published_time":"2016-02-12T15:13:19+00:00","author":"Reda\u00e7\u00e3o","twitter_card":"summary_large_image","twitter_creator":"@_OTimoneiro","twitter_site":"@_OTimoneiro","twitter_misc":{"Escrito por":"Reda\u00e7\u00e3o","Est. tempo de leitura":"4 minutos"},"schema":{"@context":"https:\/\/schema.org","@graph":[{"@type":"Article","@id":"https:\/\/jornaltimoneiro.com.br\/index.php\/2016\/02\/12\/uniformes-escolares-e-materiais-foram-fabricados-no-paraguai\/#article","isPartOf":{"@id":"https:\/\/jornaltimoneiro.com.br\/index.php\/2016\/02\/12\/uniformes-escolares-e-materiais-foram-fabricados-no-paraguai\/"},"author":{"name":"Reda\u00e7\u00e3o","@id":"https:\/\/jornaltimoneiro.com.br\/#\/schema\/person\/620efd1d8244466117482be494360b08"},"headline":"Uniformes escolares e materiais foram fabricados no Paraguai","datePublished":"2016-02-12T15:13:19+00:00","dateModified":"2016-02-12T15:13:19+00:00","mainEntityOfPage":{"@id":"https:\/\/jornaltimoneiro.com.br\/index.php\/2016\/02\/12\/uniformes-escolares-e-materiais-foram-fabricados-no-paraguai\/"},"wordCount":808,"commentCount":0,"publisher":{"@id":"https:\/\/jornaltimoneiro.com.br\/#organization"},"articleSection":["Destaques","Ensino","Pol\u00edtica"],"inLanguage":"pt-BR","potentialAction":[{"@type":"CommentAction","name":"Comment","target":["https:\/\/jornaltimoneiro.com.br\/index.php\/2016\/02\/12\/uniformes-escolares-e-materiais-foram-fabricados-no-paraguai\/#respond"]}]},{"@type":"WebPage","@id":"https:\/\/jornaltimoneiro.com.br\/index.php\/2016\/02\/12\/uniformes-escolares-e-materiais-foram-fabricados-no-paraguai\/","url":"https:\/\/jornaltimoneiro.com.br\/index.php\/2016\/02\/12\/uniformes-escolares-e-materiais-foram-fabricados-no-paraguai\/","name":"Uniformes escolares e materiais foram fabricados no Paraguai - O Timoneiro Jornal Canoas RS","isPartOf":{"@id":"https:\/\/jornaltimoneiro.com.br\/#website"},"datePublished":"2016-02-12T15:13:19+00:00","dateModified":"2016-02-12T15:13:19+00:00","breadcrumb":{"@id":"https:\/\/jornaltimoneiro.com.br\/index.php\/2016\/02\/12\/uniformes-escolares-e-materiais-foram-fabricados-no-paraguai\/#breadcrumb"},"inLanguage":"pt-BR","potentialAction":[{"@type":"ReadAction","target":["https:\/\/jornaltimoneiro.com.br\/index.php\/2016\/02\/12\/uniformes-escolares-e-materiais-foram-fabricados-no-paraguai\/"]}]},{"@type":"BreadcrumbList","@id":"https:\/\/jornaltimoneiro.com.br\/index.php\/2016\/02\/12\/uniformes-escolares-e-materiais-foram-fabricados-no-paraguai\/#breadcrumb","itemListElement":[{"@type":"ListItem","position":1,"name":"In\u00edcio","item":"https:\/\/jornaltimoneiro.com.br\/"},{"@type":"ListItem","position":2,"name":"Uniformes escolares e materiais foram fabricados no Paraguai"}]},{"@type":"WebSite","@id":"https:\/\/jornaltimoneiro.com.br\/#website","url":"https:\/\/jornaltimoneiro.com.br\/","name":"Jornal Timoneiro Canoas RS","description":"Jornal O Timoneiro, o verdadeiro jornal de Canoas","publisher":{"@id":"https:\/\/jornaltimoneiro.com.br\/#organization"},"potentialAction":[{"@type":"SearchAction","target":{"@type":"EntryPoint","urlTemplate":"https:\/\/jornaltimoneiro.com.br\/?s={search_term_string}"},"query-input":"required name=search_term_string"}],"inLanguage":"pt-BR"},{"@type":"Organization","@id":"https:\/\/jornaltimoneiro.com.br\/#organization","name":"Jornal Timoneiro Canoas RS","url":"https:\/\/jornaltimoneiro.com.br\/","logo":{"@type":"ImageObject","inLanguage":"pt-BR","@id":"https:\/\/jornaltimoneiro.com.br\/#\/schema\/logo\/image\/","url":"https:\/\/jornaltimoneiro.com.br\/wp-content\/uploads\/2023\/03\/logonovo.png","contentUrl":"https:\/\/jornaltimoneiro.com.br\/wp-content\/uploads\/2023\/03\/logonovo.png","width":"469","height":"171","caption":"Jornal Timoneiro Canoas RS"},"image":{"@id":"https:\/\/jornaltimoneiro.com.br\/#\/schema\/logo\/image\/"},"sameAs":["https:\/\/www.facebook.com\/jornaltimoneiro","https:\/\/twitter.com\/_OTimoneiro","https:\/\/www.instagram.com\/jornaltimoneirocanoas\/","https:\/\/www.youtube.com\/@jornalotimoneiro7927"]},{"@type":"Person","@id":"https:\/\/jornaltimoneiro.com.br\/#\/schema\/person\/620efd1d8244466117482be494360b08","name":"Reda\u00e7\u00e3o","image":{"@type":"ImageObject","inLanguage":"pt-BR","@id":"https:\/\/jornaltimoneiro.com.br\/#\/schema\/person\/image\/","url":"https:\/\/secure.gravatar.com\/avatar\/2f04e1b304682a8d9db336c7acd77f08?s=96&d=mm&r=g","contentUrl":"https:\/\/secure.gravatar.com\/avatar\/2f04e1b304682a8d9db336c7acd77f08?s=96&d=mm&r=g","caption":"Reda\u00e7\u00e3o"},"url":"https:\/\/jornaltimoneiro.com.br\/index.php\/author\/timoneirocanoas\/"}]}},"_links":{"self":[{"href":"https:\/\/jornaltimoneiro.com.br\/index.php\/wp-json\/wp\/v2\/posts\/2743"}],"collection":[{"href":"https:\/\/jornaltimoneiro.com.br\/index.php\/wp-json\/wp\/v2\/posts"}],"about":[{"href":"https:\/\/jornaltimoneiro.com.br\/index.php\/wp-json\/wp\/v2\/types\/post"}],"author":[{"embeddable":true,"href":"https:\/\/jornaltimoneiro.com.br\/index.php\/wp-json\/wp\/v2\/users\/1"}],"replies":[{"embeddable":true,"href":"https:\/\/jornaltimoneiro.com.br\/index.php\/wp-json\/wp\/v2\/comments?post=2743"}],"version-history":[{"count":0,"href":"https:\/\/jornaltimoneiro.com.br\/index.php\/wp-json\/wp\/v2\/posts\/2743\/revisions"}],"wp:featuredmedia":[{"embeddable":true,"href":"https:\/\/jornaltimoneiro.com.br\/index.php\/wp-json\/"}],"wp:attachment":[{"href":"https:\/\/jornaltimoneiro.com.br\/index.php\/wp-json\/wp\/v2\/media?parent=2743"}],"wp:term":[{"taxonomy":"category","embeddable":true,"href":"https:\/\/jornaltimoneiro.com.br\/index.php\/wp-json\/wp\/v2\/categories?post=2743"},{"taxonomy":"post_tag","embeddable":true,"href":"https:\/\/jornaltimoneiro.com.br\/index.php\/wp-json\/wp\/v2\/tags?post=2743"}],"curies":[{"name":"wp","href":"https:\/\/api.w.org\/{rel}","templated":true}]}}