{"id":274,"date":"2015-06-05T10:23:32","date_gmt":"2015-06-05T13:23:32","guid":{"rendered":"http:\/\/otimoneiro.com.br\/?p=274"},"modified":"2015-06-05T10:23:32","modified_gmt":"2015-06-05T13:23:32","slug":"eles-sabiam-de-tudo-vice-prefeita-e-cupula-do-partido-progressista-sabiam-de-tudo-garantem-acusadores-de-jancke","status":"publish","type":"post","link":"https:\/\/jornaltimoneiro.com.br\/index.php\/2015\/06\/05\/eles-sabiam-de-tudo-vice-prefeita-e-cupula-do-partido-progressista-sabiam-de-tudo-garantem-acusadores-de-jancke\/","title":{"rendered":"&#8220;ELES SABIAM DE TUDO!&#8221;: Vice-prefeita e c\u00fapula do partido progressista sabiam de tudo, garantem acusadores de Jancke"},"content":{"rendered":"<p style=\"text-align: justify;\">A comiss\u00e3o processante instaurada contra Celso Jancke, que tem como presidente Pedro Bueno (PT), relator Ivo Lech (PMDB) e revisor Alo\u00edsio Bamberg (PPL), realizou sua primeira sess\u00e3o na sexta-feira, 29 de maio. Com in\u00edcio \u00e0s 9 horas e recesso por volta das 13h30min, a comiss\u00e3o ouviu as testemunhas acusadoras que reafirmaram as acusa\u00e7\u00f5es contra o parlamentar, as de defesa e o pr\u00f3prio Celso na parte da tarde. Jancke negou as acusa\u00e7\u00f5es e se emocionou em alguns momentos. Garantiu que nunca recebeu repasses dos assessores e assegurou que o dep\u00f3sito em sua conta foi para saldar d\u00edvidas anteriores.<\/p>\n<p style=\"text-align: justify;\"><strong>A promessa n\u00e3o cumprida<\/strong><\/p>\n<div id=\"attachment_275\" style=\"width: 222px\" class=\"wp-caption alignleft\"><a href=\"http:\/\/otimoneiro.com.br\/wp-content\/uploads\/2015\/06\/Beth-Colombo-Foto-Tony-Capell\u00e3o-Divulga\u00e7\u00e3o-Prefeitura.jpg\"><img decoding=\"async\" aria-describedby=\"caption-attachment-275\" class=\" wp-image-275\" src=\"http:\/\/otimoneiro.com.br\/wp-content\/uploads\/2015\/06\/Beth-Colombo-Foto-Tony-Capell\u00e3o-Divulga\u00e7\u00e3o-Prefeitura-235x300.jpg\" alt=\"Beth Colombo. Foto: Divulga\u00e7\u00e3o Prefeitura\" width=\"212\" height=\"269\" \/><\/a><p id=\"caption-attachment-275\" class=\"wp-caption-text\">Beth Colombo. Foto: Divulga\u00e7\u00e3o Prefeitura<\/p><\/div>\n<p style=\"text-align: justify;\">\u201cFrancisco Biazus, Airton Souza e Beth Colombo sabiam de tudo o que eu afirmava\u201d. A frase foi protagonizada por Maria In\u00eas Urbano, acusadora no processo contra Celso Jancke (PP). Segundo a depoente, a vice-prefeita do munic\u00edpio de Canoas, Beth Colombo, disse que a mesma os colocasse na Justi\u00e7a, pois de nada adiantaria.<\/p>\n<p style=\"text-align: justify;\">In\u00eas testemunhou ainda que Claudio Saldanha era o respons\u00e1vel por recolher o dinheiro dos servidores para repassar ao vereador. Por vezes, a troca era marcada no Via Sonepar, onde deixavam o dinheiro para que Claudio Saldanha pudesse passar para recolher. Segundo ela, a negocia\u00e7\u00e3o se deu antes e depois de Celso assumir como vereador na Casa. A mesma afirmou que um cargo remunerado em R$ 4 mil lhe foi prometido quando o parlamentar, acompanhado de \u201cMarquinhos\u201d, foi at\u00e9 sua casa. \u201cEu te dou a diferen\u00e7a mensalmente\u201d disse ele a ela. A mesma se demitiu alegando n\u00e3o receber o valor inteiro e, pouco depois, foi trabalhar para o Executivo ganhando pouco mais de R$ 3 mil.<\/p>\n<div id=\"attachment_277\" style=\"width: 274px\" class=\"wp-caption alignright\"><a href=\"http:\/\/otimoneiro.com.br\/wp-content\/uploads\/2015\/06\/DSC0693-c\u00f3pia.jpg\"><img decoding=\"async\" aria-describedby=\"caption-attachment-277\" class=\" wp-image-277\" src=\"http:\/\/otimoneiro.com.br\/wp-content\/uploads\/2015\/06\/DSC0693-c\u00f3pia-300x200.jpg\" alt=\"Depoimento de Maria In\u00eas Urbano. Foto: Bruno Lara\/OT\" width=\"264\" height=\"176\" \/><\/a><p id=\"caption-attachment-277\" class=\"wp-caption-text\">Depoimento de Maria In\u00eas Urbano. Foto: Bruno Lara\/OT<\/p><\/div>\n<p style=\"text-align: justify;\">A acusadora enviou e-mail ao parlamentar, lido por seu advogado Nedy de Vargas, antes defensor do vereador Francisco da Mensagem (PSB), inocentado na Comiss\u00e3o Parlamentar de Inqu\u00e9rito (CPI). \u201cO senhor n\u00e3o tem palavra, est\u00e1 fazendo o mesmo que os pol\u00edticos corruptos\u201d, dizia ela o amea\u00e7ando se mostrasse a correspond\u00eancia eletr\u00f4nica para algu\u00e9m, postaria na rede social Facebook e chamaria o rep\u00f3rter Giovane Grizotti (RBS) para prejudic\u00e1-lo. A depoente informou que perguntou ao presidente do Partido Progressista (PP) sobre a pr\u00e1tica e o mesmo informou que \u201co cargo era do Celso\u201d.<\/p>\n<p style=\"text-align: justify;\"><strong>O chefe de gabinete que nunca trabalhou com pol\u00edtica<\/strong><br \/>\nO depoimento de Marcos Vinicius dos Santos foi o mais contundente. Informou que n\u00e3o quis repassar o dinheiro para o arrecadador, Claudio Saldanha, e que o fazia em m\u00e3os para Jancke. \u201cO vereador estava sentado junto comigo e foi meu avalista\u201d, afirmou sobre o empr\u00e9stimo que precisou contrair no valor de R$ 77,9 mil.<\/p>\n<p style=\"text-align: justify;\">A defesa questionou que Marcos deu dois depoimentos ao Minist\u00e9rio P\u00fablico (MP), mas o mesmo defendeu que uma reuni\u00e3o com os assessores e o vereador ocorreu dias antes na sede do Partido Progressista onde foi pressionado e coagido a n\u00e3o dizer a verdade sobre os repasses. \u201cSe a gente dissesse a verdade ficaria ruim para a gente\u201d, afirmou. Marcos afirmou que se submeteu a pr\u00e1tica em fun\u00e7\u00e3o da carreira de m\u00fasico.<\/p>\n<p style=\"text-align: justify;\">Vinicius fez o jingle de campanha de Celso Jancke e afirmou n\u00e3o ganhar nada durante a campanha eleitoral. Para ele, foi uma surpresa ser chefe de gabinete em fun\u00e7\u00e3o de nunca ter trabalhado com a pol\u00edtica e confessou que est\u00e1 sendo constantemente cobrado pelo banco. Ainda segundo ele, Jancke queria rebaixar seu cargo para colocar o presidente do PP de Canoas, Francisco Biazus, como chefe de gabinete. \u201cPediu mais dinheiro. Se aceitasse trabalharia s\u00f3 para pagar ele\u201d, concluiu.<br \/>\nA grava\u00e7\u00e3o que circulou em rede nacional foi feita por ele na casa do vereador. O argumento da defesa de que haviam cortes foi obstru\u00eddo por Marcos que afirmou que a ambienta\u00e7\u00e3o, carros, sons de fundo, n\u00e3o permitiam cortes.<br \/>\nO advogado Nedy por vezes afirmou que este estava na condi\u00e7\u00e3o de suposta v\u00edtima e, com postura firme, afirmou que o mesmo estava ali para responder o que era questionado. O presidente da Comiss\u00e3o Processante (CP), Pedro Bueno (PT), aceitou o argumento de que a v\u00edtima deveria responder as perguntas, mas por vezes interrompeu de maneira en\u00e9rgica os discursos da defesa.<\/p>\n<p style=\"text-align: justify;\">O advogado continuou a provoca\u00e7\u00e3o registrando homenagem ao presidente e ao relator, Ivo Lech (PMDB). \u201cAcho que \u00e9 mundial o entendimento de que quem fala a verdade uma vez e falta em outra \u00e9 mentiroso\u201d, salienta. \u201cO senhor vai me difamar? Eu n\u00e3o vou aceitar isso\u201d, respondeu Marcos, informando que mentiu no primeiro depoimento ao Minist\u00e9rio P\u00fablico (MP) por ser coagido em reuni\u00e3o na sede do PP. \u201cNo primeiro menti por ser coagido. Eu estava coagido. Todos estavam. Estava adquirindo depress\u00e3o. Resolvi voltar e falar a verdade\u201d, concluiu o m\u00fasico.<\/p>\n<div id=\"attachment_276\" style=\"width: 328px\" class=\"wp-caption alignright\"><a href=\"http:\/\/otimoneiro.com.br\/wp-content\/uploads\/2015\/06\/DSC0709-c\u00f3pia.jpg\"><img decoding=\"async\" aria-describedby=\"caption-attachment-276\" class=\" wp-image-276\" src=\"http:\/\/otimoneiro.com.br\/wp-content\/uploads\/2015\/06\/DSC0709-c\u00f3pia-300x200.jpg\" alt=\"Marcos Vinicius \/, ex-chefe de gabinete de Celso Jancke (PP). Foto: Bruno Lara\/OT\" width=\"318\" height=\"212\" \/><\/a><p id=\"caption-attachment-276\" class=\"wp-caption-text\">Marcos Vinicius \/, ex-chefe de gabinete de Celso Jancke (PP). Foto: Bruno Lara\/OT<\/p><\/div>\n<p style=\"text-align: justify;\">Marcos informou que o repasse era marcado em hor\u00e1rios e lugares como em frente ao banco ou em uma esquina. Sobre Beth Colombo e Francisco Biazus saberem da pr\u00e1tica, afirmou: \u201cAcredito que sabiam\u201d. Questionado pela defesa sobre a prova que possu\u00eda, respondeu que o v\u00eddeo, de duas horas, veiculado em rede nacional, que gravou escondido, era sua prova.<\/p>\n<p style=\"text-align: justify;\">\u201cEu estava apavorado\u201d, continuou. \u201cFaziam press\u00e3o. O Celso pedindo metade de tudo, rebaixando cargo de um cara estudando no ano do seu casamento\u201d, complementou. Vinicius negou receber empr\u00e9stimo por parte do legislador para comprar equipamentos para sua banda ou para realizar obras em casa.<\/p>\n<p style=\"text-align: justify;\">Atrapalhada, a defesa foi enf\u00e1tica ao perguntar se o mesmo havia comprado um autom\u00f3vel errando por tr\u00eas vezes a marca do mesmo. \u201cComprei um Celta vermelho, duas portas, sem ar condicionado. Al\u00e9m desta d\u00edvida tenho d\u00edvida na faculdade\u201d, respondeu ele, corroborando que se n\u00e3o pagasse os R$ 3 mil da faculdade teria de tranc\u00e1-la no ano de sua formatura.<\/p>\n<p style=\"text-align: justify;\">Em outra tentativa de prensar o acusador, a defesa questionou: \u201cMesmo com as d\u00edvidas, se demitiu?\u201d, questionou. \u201cN\u00e3o, eu fui demitido\u201d, respondeu Marcos, levando o advogado a se desculpar no Plen\u00e1rio em fun\u00e7\u00e3o da pergunta equivocada.<\/p>\n<p style=\"text-align: justify;\"><strong>\u201cBeth sabia\u201d<\/strong><br \/>\nAp\u00f3s a liberara\u00e7\u00e3o por parte do presidente da comiss\u00e3o da depoente B\u00e1rbara Barbosa do compromisso de falar a verdade, assim como os anteriores, por possuir interesse no resultado do julgamento, o relator Ivo Lech protagonizou a frase \u201cA senhora n\u00e3o responde a este relator, mas a cidade de Canoas\u201d. Feito isto, Barbara contou que conversou com Celso e com Beth que, no dia em que J\u00falio Barbosa assumisse a fun\u00e7\u00e3o de subprefeito, teria de sair do Executivo em fun\u00e7\u00e3o da Lei de nepotismo. Dado isto, foi para o gabinete do vereador Celso Jancke. Lembra que saiu do Executivo no dia em que o prefeito Jairo Jorge (PT) fez a foto oficial com o secretariado.<br \/>\nEm seu depoimento tamb\u00e9m citou os irm\u00e3os Paulo e Claudio Saldanha. \u201cEles s\u00e3o irm\u00e3os. Paulo repassava para o Claudio. \u00c0s vezes repassava para o Paulo\u201d, afirmou. Segundo ela, os saques eram feitos no Banrisul da avenida Santos Ferreira e que a primeira vez foi acompanhada de Paulo. Depois deste epis\u00f3dio come\u00e7ou a sacar na ag\u00eancia do centro e repassava o dinheiro.<br \/>\nEm entrevista ao jornal O Timoneiro, afirmou que tudo na vida \u00e9 aprendizado. \u201cTenho 25 anos e estar passando por essa situa\u00e7\u00e3o \u00e9 bem delicado, mas a gente tem que saber tirar proveito de tudo na quest\u00e3o de aprendizado\u201d.<\/p>\n<div id=\"attachment_278\" style=\"width: 367px\" class=\"wp-caption alignright\"><a href=\"http:\/\/otimoneiro.com.br\/wp-content\/uploads\/2015\/06\/DSC0780-c\u00f3pia.jpg\"><img decoding=\"async\" aria-describedby=\"caption-attachment-278\" class=\" wp-image-278\" src=\"http:\/\/otimoneiro.com.br\/wp-content\/uploads\/2015\/06\/DSC0780-c\u00f3pia-300x200.jpg\" alt=\"B\u00e1rbara Barbosa Processante. Foto: Bruno Lara\/OT\" width=\"357\" height=\"239\" \/><\/a><p id=\"caption-attachment-278\" class=\"wp-caption-text\">B\u00e1rbara Barbosa Processante. Foto: Bruno Lara\/OT<\/p><\/div>\n<p style=\"text-align: justify;\">Barbara afirmou achar justo o repasse por n\u00e3o ter participado da campanha. \u201cQuando acertamos, ele falou do repasse\u201d, salientou. Segundo ela, Celso pediu para n\u00e3o contar aos outros que a mesma recebia o sal\u00e1rio integral. Em determinado momento da sess\u00e3o virou para o legislador e comentou: \u201cO senhor sabe que eu sai de bem\u201d. Em resposta, o vereador consentiu com a cabe\u00e7a. Barbara confirmou reuni\u00e3o entre assessores e Celso na sede do PP para negar os repasses no MP. \u201cO partido sabia. O presidente do partido sabia e a Beth Colombo sabia do repasse e n\u00e3o tomaram nenhuma atitude\u201d, afirmou tamb\u00e9m.<\/p>\n<p style=\"text-align: justify;\"><strong>\u201cTodos os vereadores fazem isso\u201d<\/strong><\/p>\n<div id=\"attachment_279\" style=\"width: 310px\" class=\"wp-caption alignleft\"><a href=\"http:\/\/otimoneiro.com.br\/wp-content\/uploads\/2015\/06\/DSC0812-c\u00f3pia.jpg\"><img decoding=\"async\" aria-describedby=\"caption-attachment-279\" class=\"size-medium wp-image-279\" src=\"http:\/\/otimoneiro.com.br\/wp-content\/uploads\/2015\/06\/DSC0812-c\u00f3pia-300x200.jpg\" alt=\"Franklin Silva de Vargas na comiss\u00e3o processante. Foto: Bruno Lara\/OT\" width=\"300\" height=\"200\" \/><\/a><p id=\"caption-attachment-279\" class=\"wp-caption-text\">Franklin Silva de Vargas na comiss\u00e3o processante. Foto: Bruno Lara\/OT<\/p><\/div>\n<p style=\"text-align: justify;\">Em entrevista a equipe presente de <strong>O Timoneiro<\/strong>, Franklin Silva de Vargas desabafou que espera que os colegas vereadores de Celso tenham o senso de justi\u00e7a e votem pela cassa\u00e7\u00e3o. \u201cO cara \u00e9 um corrupto e n\u00e3o tem o que fazer. O processo de onze volumes do Minist\u00e9rio P\u00fablico prova e mais a palavra de todas as testemunhas que est\u00e3o falando provam que ele \u00e9 corrupto\u201d, salientou. Questionado sobre o motivo de denunciar, afirmou que \u00e9 um pontap\u00e9 inicial para uma nova pol\u00edtica. \u201cPara tentar o in\u00edcio de uma nova pol\u00edtica. Para tentar uma reformula\u00e7\u00e3o e os pol\u00edticos terem consci\u00eancia que eles n\u00e3o s\u00e3o imunes a tudo. Hoje eles acham que s\u00e3o impunes a qualquer coisa. Que nada vai acontecer com eles e podem fazer o que quiser. Tem que ter um in\u00edcio para mudar isso\u201d, conclui.<br \/>\nEm seu depoimento, Franklin afirmou que n\u00e3o compareceu na Comiss\u00e3o Parlamentar de Inqu\u00e9rito (CPI) por estar fora da cidade. O mesmo afirmou que trabalhou de quatro a cinco meses no gabinete e que o vereador realizava d\u00e9bitos em sua conta, argumentando que todos os vereadores fazem o mesmo. Disse que Celso afirmava a ele que era o que mais pagava na Casa.\u201cEu sou o que mais paga aqui dentro dessa C\u00e2mara. Todos os vereadores fazem isso\u201d.<br \/>\nSegundo ele, Claudio administrava o dinheiro, \u201cera o arrecadador\u201d, \u201cBotava o dinheiro no bolso\u201d. Ele tamb\u00e9m fazia os acertos com gr\u00e1ficas, por exemplo. Alegou que passava todos os valores ao pr\u00f3prio parlamentar. \u201cOs assessores estavam nomeados, mas n\u00e3o tinham conhecimento para isto\u201d, afirmou embasando ainda mais a tese de que Marcos, que nunca trabalhou no meio, fora nomeado chefe de gabinete sem conhecimento para o posto.<br \/>\nO partido sabia, tamb\u00e9m afirmou Franklin. \u201cBeth Colombo sabia, tem liga\u00e7\u00f5es minhas de uma hora com o Chico\u201d, afirmou. \u201cQuando sai do gabinete nenhum dos dois se envolveu. Acredito que sabiam de tudo\u201d, conclui. Franklin afirmou que Celso e Claudio s\u00e3o amigos de anos, desde a comunidade luterana do bairro Niter\u00f3i. Disse que Claudio recebia o dinheiro \u201c\u00e0s claras\u201d, \u201cia ali (na C\u00e2mara) cobrar\u201d, informou ainda que nunca viu repassando o dinheiro para Jancke.<br \/>\nO advogado de defesa, Nedy, registrou que conhece o depoente desde crian\u00e7a e que o mesmo foi assessor dos legisladores petistas Cebola, Nelsinho Metal\u00fargico e do atual presidente da C\u00e2mara, Paulo Ritter. A v\u00edtima afirmou que para estes nunca fez empr\u00e9stimos e que o funcion\u00e1rio do gabinete de Celso \u201cn\u00e3o tinha conhecimento por ser m\u00fasico\u201d e n\u00e3o desempenhando a fun\u00e7\u00e3o de maneira produtiva.<\/p>\n<p style=\"text-align: justify;\"><strong>Um dos poss\u00edveis operadores foi ouvido<\/strong><br \/>\nPor solicita\u00e7\u00e3o insistente da defesa e por estar presente nas depend\u00eancias da Casa no momento da sess\u00e3o, Paulo Saldanha, citado pelas testemunhos, foi chamado para depor. Saldanha tem cargo de Assessor Parlamentar I, amigo e funcion\u00e1rio de Jancke. Assegurou desconhecer plenamente os atos que \u00e9 acusado. \u201cNunca, nunca, nunca\u201d. Expressou surpresa ao afirmar que n\u00e3o estava sabendo dos repasses. \u201cEu n\u00e3o to sabendo de nada. Trabalho com o Celso desde o princ\u00edpio\u201d, conclui. O mesmo afirmou que nunca pegou \u201cnenhum centavo\u201d. Questionado sobre as visitas \u00e0 Casa Legislativa com o irm\u00e3o, afirmou que se deu em fun\u00e7\u00e3o de um acidente que havia sofrido e que as den\u00fancias de que o irm\u00e3o fazia a coleta dos repasses era mentirosa.<\/p>\n<p style=\"text-align: justify;\"><strong>Testemunhas da defesa<\/strong><\/p>\n<div id=\"attachment_280\" style=\"width: 360px\" class=\"wp-caption alignleft\"><a href=\"http:\/\/otimoneiro.com.br\/wp-content\/uploads\/2015\/06\/DSC0860-c\u00f3pia.jpg\"><img decoding=\"async\" aria-describedby=\"caption-attachment-280\" class=\" wp-image-280\" src=\"http:\/\/otimoneiro.com.br\/wp-content\/uploads\/2015\/06\/DSC0860-c\u00f3pia-300x200.jpg\" alt=\"Vereador Celso Jancke enfrenta comiss\u00e3o processante e pode perder mandato, Foto: Bruno Lara\/OT\" width=\"350\" height=\"233\" \/><\/a><p id=\"caption-attachment-280\" class=\"wp-caption-text\">Vereador Celso Jancke enfrenta comiss\u00e3o processante e pode perder mandato, Foto: Bruno Lara\/OT<\/p><\/div>\n<p style=\"text-align: justify;\">O filho do parlamentar, Matheus Jancke, se fez presente, mas foi dispensado pela defesa.<br \/>\nAnete Teixeira, atual assessora de Celso Jancke, negou conhecer Alvino, figura que recebeu um montante de R$ 20 mil na sua conta, segundo ela, para saldar d\u00edvidas de seu pai. Quando percebido o erro de ordem, o relator parou de perguntar e o advogado de defesa assumiu os questionamentos. Segundo ela, ouviam-se coment\u00e1rios que Marcos comprou equipamentos para sua banda e reformou a casa enquanto chefe de gabinete. Afirmou ainda que o mesmo n\u00e3o cumpria expediente por tocar e cumprir atividades no col\u00e9gio Conc\u00f3rdia. A testemunha foi a \u00fanica a negar reuni\u00e3o com os assessores para combinar o depoimento ao MP, ela faz a parte social, n\u00e3o ficando dentro do gabinete, mas foi clara ao afirmar que nunca repassou nada ao vereador e que Claudio nunca lhe acompanhara ao banco, argumento questionado pela mesa em fun\u00e7\u00e3o das fotos de campanas policiais apresentadas pelo Minist\u00e9rio P\u00fablico. Anete afirmou que a vice-prefeita e seu cunhado, presidente do partido progressista, n\u00e3o sabiam de nada.<br \/>\nLuis Carlos Moreira de Freitas, funcion\u00e1rio do Executivo, afirmou que convivia no gabinete, em reuni\u00f5es do partido e que n\u00e3o reconheceu a voz de Jancke na grava\u00e7\u00e3o.<br \/>\nLiziane Bierhals, atual assessora parlamentar negou tudo em menos de cinco minutos de depoimento.<br \/>\nM\u00e1rcia Regina da Costa, assessora desde outubro do ano passado, tamb\u00e9m negou tudo. Segundo ela, o gabinete n\u00e3o fala disso e que ningu\u00e9m repassa verba.<br \/>\nO seguran\u00e7a Alex da Silveira afirmou que conhece Celso desde que seus filhos, levados pelo vereador, foram para a escola Conc\u00f3rdia.<br \/>\nA funcion\u00e1ria p\u00fablica Maria Ivani Damasceno Aires, amiga de Jancke, informou que trabalhou na campanha, que conhece o vereador desde 2006, que tem uma filha matriculada no Conc\u00f3rdia e que a colocou l\u00e1 por pesquisar escolas e chegar \u00e0 conclus\u00e3o de que esta, em fun\u00e7\u00e3o do diretor, era a melhor.<\/p>\n<p style=\"text-align: justify;\"><strong>Presidente elogiou a sess\u00e3o<\/strong><br \/>\nEm conversa com a equipe presente na sess\u00e3o, o presidente da Comiss\u00e3o Processante, Pedro Bueno (PT) foi enf\u00e1tico ao afirmar que a obriga\u00e7\u00e3o da comiss\u00e3o \u00e9 dar continuidade ao processo com transpar\u00eancia. \u201cEssa \u00e9 a obriga\u00e7\u00e3o dessa comiss\u00e3o e n\u00f3s vamos fazer desta maneira, n\u00e3o tem outra forma\u201d, salientou.<br \/>\nBueno classificou a sess\u00e3o como positiva. \u201cAcho que a comiss\u00e3o, as testemunhas que foram ouvidas, a atua\u00e7\u00e3o do relator (Ivo Lech) e do revisor (Alo\u00edsio Bamberg) tiveram atua\u00e7\u00e3o, no meu ponto de vista, como presidente da comiss\u00e3o, muito boa\u201d. Sobre o ru\u00eddo com o advogado de defesa declarou que \u201ca defesa tem a sua atua\u00e7\u00e3o, o seu m\u00e9todo, a sua veem\u00eancia, e o Dr. Nedy, n\u00f3s sabemos da qualidade dele, mas essa comiss\u00e3o se portou a conduzir os trabalhos para que realmente n\u00f3s tenhamos o melhor resultado\u201d, afirmou.<br \/>\nPara salientar a posi\u00e7\u00e3o neutralidade, afirmou que a Processante n\u00e3o tem uma posi\u00e7\u00e3o de cassa\u00e7\u00e3o, mas sim de buscar a verdade. \u201cAqui n\u00f3s n\u00e3o temos posi\u00e7\u00e3o de condena\u00e7\u00e3o, n\u00f3s temos uma posi\u00e7\u00e3o de buscar os fatos para ca\u00e7ar ou n\u00e3o o vereador Celso\u201d, conclui. A sess\u00e3o de julgamento, onde ser\u00e1 apresentado o relat\u00f3rio e colocado em vota\u00e7\u00e3o pelo Plen\u00e1rio deve ocorrer no dia 3 de julho.<br \/>\nA defesa tem de 8 a 12 de junho para pedir a impugna\u00e7\u00e3o do material. O prazo para apresenta\u00e7\u00e3o das alega\u00e7\u00f5es finais ficou de 15 a 19 de junho e a degrava\u00e7\u00e3o da audi\u00eancia fica \u00e0 disposi\u00e7\u00e3o a partir de 5 de junho.<\/p>\n<p style=\"text-align: justify;\"><strong>Contrapontos<\/strong><\/p>\n<p style=\"text-align: justify;\"><strong>Francisco Biazus<\/strong><br \/>\nPor telefone, o presidente do Partido Progressista, Francisco Biazus, afirmou n\u00e3o saber de nada. \u201cAs coisas acontecem, como eu, presidente do partido, vou ficar sabendo? N\u00e3o existe isso. Eu sei o que saiu na imprensa\u201d, salientou. Francisco alega saber o que a imprensa est\u00e1 veiculando. \u201cSei tanto quanto as outras pessoas que acompanharam\u201d, conclui.<\/p>\n<p style=\"text-align: justify;\"><strong>Beth Colombo<\/strong><br \/>\nFoi procurada atrav\u00e9s da assessoria de imprensa da Prefeitura, que disse que n\u00e3o responderia por n\u00e3o se tratar de assunto institucional. Durante toda a tarde de quarta-feira, 3, a reportagem tentou contato com a vice-prefeita sem sucesso.<\/p>\n<p style=\"text-align: justify;\"><strong>Airton Souza<\/strong><br \/>\nO vereador mais votado no \u00faltimo pleito, Airton Souza, afirmou em entrevista pelo telefone que n\u00e3o foi procurado por ningu\u00e9m sobre as pr\u00e1ticas que aconteciam no gabinete e desconhece se as mesmas aconteciam de fato. \u201cEu n\u00e3o sabia. N\u00e3o sei nem se existia a pr\u00e1tica realmente. Nunca ningu\u00e9m me procurou\u201d, concluiu.<\/p>\n","protected":false},"excerpt":{"rendered":"<p>A comiss\u00e3o apresentar\u00e1 seu relat\u00f3rio em julho e poder\u00e1 cassar o mandato do vereador progressista<\/p>\n","protected":false},"author":1,"featured_media":275,"comment_status":"open","ping_status":"open","sticky":false,"template":"","format":"standard","meta":{"amp_status":"","footnotes":""},"categories":[19,22,20],"tags":[],"class_list":["post-274","post","type-post","status-publish","format-standard","has-post-thumbnail","hentry","category-destaques","category-noticias","category-politica-noticias"],"yoast_head":"<!-- This site is optimized with the Yoast SEO plugin v20.5 - https:\/\/yoast.com\/wordpress\/plugins\/seo\/ -->\n<title>&quot;ELES SABIAM DE TUDO!&quot;: Vice-prefeita e c\u00fapula do partido progressista sabiam de tudo, garantem acusadores de Jancke - O Timoneiro Jornal Canoas RS<\/title>\n<meta name=\"robots\" content=\"index, follow, max-snippet:-1, max-image-preview:large, max-video-preview:-1\" \/>\n<link rel=\"canonical\" href=\"https:\/\/jornaltimoneiro.com.br\/index.php\/2015\/06\/05\/eles-sabiam-de-tudo-vice-prefeita-e-cupula-do-partido-progressista-sabiam-de-tudo-garantem-acusadores-de-jancke\/\" \/>\n<meta property=\"og:locale\" content=\"pt_BR\" \/>\n<meta property=\"og:type\" content=\"article\" \/>\n<meta property=\"og:title\" content=\"&quot;ELES SABIAM DE TUDO!&quot;: Vice-prefeita e c\u00fapula do partido progressista sabiam de tudo, garantem acusadores de Jancke - O Timoneiro Jornal Canoas RS\" \/>\n<meta property=\"og:description\" content=\"A comiss\u00e3o apresentar\u00e1 seu relat\u00f3rio em julho e poder\u00e1 cassar o mandato do vereador progressista\" \/>\n<meta property=\"og:url\" content=\"https:\/\/jornaltimoneiro.com.br\/index.php\/2015\/06\/05\/eles-sabiam-de-tudo-vice-prefeita-e-cupula-do-partido-progressista-sabiam-de-tudo-garantem-acusadores-de-jancke\/\" \/>\n<meta property=\"og:site_name\" content=\"O Timoneiro Jornal Canoas RS\" \/>\n<meta property=\"article:publisher\" content=\"https:\/\/www.facebook.com\/jornaltimoneiro\" \/>\n<meta property=\"article:published_time\" content=\"2015-06-05T13:23:32+00:00\" \/>\n<meta name=\"author\" content=\"Reda\u00e7\u00e3o\" \/>\n<meta name=\"twitter:card\" content=\"summary_large_image\" \/>\n<meta name=\"twitter:creator\" content=\"@_OTimoneiro\" \/>\n<meta name=\"twitter:site\" content=\"@_OTimoneiro\" \/>\n<meta name=\"twitter:label1\" content=\"Escrito por\" \/>\n\t<meta name=\"twitter:data1\" content=\"Reda\u00e7\u00e3o\" \/>\n\t<meta name=\"twitter:label2\" content=\"Est. tempo de leitura\" \/>\n\t<meta name=\"twitter:data2\" content=\"14 minutos\" \/>\n<script type=\"application\/ld+json\" class=\"yoast-schema-graph\">{\"@context\":\"https:\/\/schema.org\",\"@graph\":[{\"@type\":\"Article\",\"@id\":\"https:\/\/jornaltimoneiro.com.br\/index.php\/2015\/06\/05\/eles-sabiam-de-tudo-vice-prefeita-e-cupula-do-partido-progressista-sabiam-de-tudo-garantem-acusadores-de-jancke\/#article\",\"isPartOf\":{\"@id\":\"https:\/\/jornaltimoneiro.com.br\/index.php\/2015\/06\/05\/eles-sabiam-de-tudo-vice-prefeita-e-cupula-do-partido-progressista-sabiam-de-tudo-garantem-acusadores-de-jancke\/\"},\"author\":{\"name\":\"Reda\u00e7\u00e3o\",\"@id\":\"https:\/\/jornaltimoneiro.com.br\/#\/schema\/person\/620efd1d8244466117482be494360b08\"},\"headline\":\"&#8220;ELES SABIAM DE TUDO!&#8221;: Vice-prefeita e c\u00fapula do partido progressista sabiam de tudo, garantem acusadores de Jancke\",\"datePublished\":\"2015-06-05T13:23:32+00:00\",\"dateModified\":\"2015-06-05T13:23:32+00:00\",\"mainEntityOfPage\":{\"@id\":\"https:\/\/jornaltimoneiro.com.br\/index.php\/2015\/06\/05\/eles-sabiam-de-tudo-vice-prefeita-e-cupula-do-partido-progressista-sabiam-de-tudo-garantem-acusadores-de-jancke\/\"},\"wordCount\":2869,\"commentCount\":0,\"publisher\":{\"@id\":\"https:\/\/jornaltimoneiro.com.br\/#organization\"},\"articleSection\":[\"Destaques\",\"Not\u00edcias\",\"Pol\u00edtica\"],\"inLanguage\":\"pt-BR\",\"potentialAction\":[{\"@type\":\"CommentAction\",\"name\":\"Comment\",\"target\":[\"https:\/\/jornaltimoneiro.com.br\/index.php\/2015\/06\/05\/eles-sabiam-de-tudo-vice-prefeita-e-cupula-do-partido-progressista-sabiam-de-tudo-garantem-acusadores-de-jancke\/#respond\"]}]},{\"@type\":\"WebPage\",\"@id\":\"https:\/\/jornaltimoneiro.com.br\/index.php\/2015\/06\/05\/eles-sabiam-de-tudo-vice-prefeita-e-cupula-do-partido-progressista-sabiam-de-tudo-garantem-acusadores-de-jancke\/\",\"url\":\"https:\/\/jornaltimoneiro.com.br\/index.php\/2015\/06\/05\/eles-sabiam-de-tudo-vice-prefeita-e-cupula-do-partido-progressista-sabiam-de-tudo-garantem-acusadores-de-jancke\/\",\"name\":\"\\\"ELES SABIAM DE TUDO!\\\": Vice-prefeita e c\u00fapula do partido progressista sabiam de tudo, garantem acusadores de Jancke - O Timoneiro Jornal Canoas RS\",\"isPartOf\":{\"@id\":\"https:\/\/jornaltimoneiro.com.br\/#website\"},\"datePublished\":\"2015-06-05T13:23:32+00:00\",\"dateModified\":\"2015-06-05T13:23:32+00:00\",\"breadcrumb\":{\"@id\":\"https:\/\/jornaltimoneiro.com.br\/index.php\/2015\/06\/05\/eles-sabiam-de-tudo-vice-prefeita-e-cupula-do-partido-progressista-sabiam-de-tudo-garantem-acusadores-de-jancke\/#breadcrumb\"},\"inLanguage\":\"pt-BR\",\"potentialAction\":[{\"@type\":\"ReadAction\",\"target\":[\"https:\/\/jornaltimoneiro.com.br\/index.php\/2015\/06\/05\/eles-sabiam-de-tudo-vice-prefeita-e-cupula-do-partido-progressista-sabiam-de-tudo-garantem-acusadores-de-jancke\/\"]}]},{\"@type\":\"BreadcrumbList\",\"@id\":\"https:\/\/jornaltimoneiro.com.br\/index.php\/2015\/06\/05\/eles-sabiam-de-tudo-vice-prefeita-e-cupula-do-partido-progressista-sabiam-de-tudo-garantem-acusadores-de-jancke\/#breadcrumb\",\"itemListElement\":[{\"@type\":\"ListItem\",\"position\":1,\"name\":\"In\u00edcio\",\"item\":\"https:\/\/jornaltimoneiro.com.br\/\"},{\"@type\":\"ListItem\",\"position\":2,\"name\":\"&#8220;ELES SABIAM DE TUDO!&#8221;: Vice-prefeita e c\u00fapula do partido progressista sabiam de tudo, garantem acusadores de Jancke\"}]},{\"@type\":\"WebSite\",\"@id\":\"https:\/\/jornaltimoneiro.com.br\/#website\",\"url\":\"https:\/\/jornaltimoneiro.com.br\/\",\"name\":\"Jornal Timoneiro Canoas RS\",\"description\":\"Jornal O Timoneiro, o verdadeiro jornal de Canoas\",\"publisher\":{\"@id\":\"https:\/\/jornaltimoneiro.com.br\/#organization\"},\"potentialAction\":[{\"@type\":\"SearchAction\",\"target\":{\"@type\":\"EntryPoint\",\"urlTemplate\":\"https:\/\/jornaltimoneiro.com.br\/?s={search_term_string}\"},\"query-input\":\"required name=search_term_string\"}],\"inLanguage\":\"pt-BR\"},{\"@type\":\"Organization\",\"@id\":\"https:\/\/jornaltimoneiro.com.br\/#organization\",\"name\":\"Jornal Timoneiro Canoas RS\",\"url\":\"https:\/\/jornaltimoneiro.com.br\/\",\"logo\":{\"@type\":\"ImageObject\",\"inLanguage\":\"pt-BR\",\"@id\":\"https:\/\/jornaltimoneiro.com.br\/#\/schema\/logo\/image\/\",\"url\":\"https:\/\/jornaltimoneiro.com.br\/wp-content\/uploads\/2023\/03\/logonovo.png\",\"contentUrl\":\"https:\/\/jornaltimoneiro.com.br\/wp-content\/uploads\/2023\/03\/logonovo.png\",\"width\":\"469\",\"height\":\"171\",\"caption\":\"Jornal Timoneiro Canoas RS\"},\"image\":{\"@id\":\"https:\/\/jornaltimoneiro.com.br\/#\/schema\/logo\/image\/\"},\"sameAs\":[\"https:\/\/www.facebook.com\/jornaltimoneiro\",\"https:\/\/twitter.com\/_OTimoneiro\",\"https:\/\/www.instagram.com\/jornaltimoneirocanoas\/\",\"https:\/\/www.youtube.com\/@jornalotimoneiro7927\"]},{\"@type\":\"Person\",\"@id\":\"https:\/\/jornaltimoneiro.com.br\/#\/schema\/person\/620efd1d8244466117482be494360b08\",\"name\":\"Reda\u00e7\u00e3o\",\"image\":{\"@type\":\"ImageObject\",\"inLanguage\":\"pt-BR\",\"@id\":\"https:\/\/jornaltimoneiro.com.br\/#\/schema\/person\/image\/\",\"url\":\"https:\/\/secure.gravatar.com\/avatar\/2f04e1b304682a8d9db336c7acd77f08?s=96&d=mm&r=g\",\"contentUrl\":\"https:\/\/secure.gravatar.com\/avatar\/2f04e1b304682a8d9db336c7acd77f08?s=96&d=mm&r=g\",\"caption\":\"Reda\u00e7\u00e3o\"},\"url\":\"https:\/\/jornaltimoneiro.com.br\/index.php\/author\/timoneirocanoas\/\"}]}<\/script>\n<!-- \/ Yoast SEO plugin. -->","yoast_head_json":{"title":"\"ELES SABIAM DE TUDO!\": Vice-prefeita e c\u00fapula do partido progressista sabiam de tudo, garantem acusadores de Jancke - O Timoneiro Jornal Canoas RS","robots":{"index":"index","follow":"follow","max-snippet":"max-snippet:-1","max-image-preview":"max-image-preview:large","max-video-preview":"max-video-preview:-1"},"canonical":"https:\/\/jornaltimoneiro.com.br\/index.php\/2015\/06\/05\/eles-sabiam-de-tudo-vice-prefeita-e-cupula-do-partido-progressista-sabiam-de-tudo-garantem-acusadores-de-jancke\/","og_locale":"pt_BR","og_type":"article","og_title":"\"ELES SABIAM DE TUDO!\": Vice-prefeita e c\u00fapula do partido progressista sabiam de tudo, garantem acusadores de Jancke - O Timoneiro Jornal Canoas RS","og_description":"A comiss\u00e3o apresentar\u00e1 seu relat\u00f3rio em julho e poder\u00e1 cassar o mandato do vereador progressista","og_url":"https:\/\/jornaltimoneiro.com.br\/index.php\/2015\/06\/05\/eles-sabiam-de-tudo-vice-prefeita-e-cupula-do-partido-progressista-sabiam-de-tudo-garantem-acusadores-de-jancke\/","og_site_name":"O Timoneiro Jornal Canoas RS","article_publisher":"https:\/\/www.facebook.com\/jornaltimoneiro","article_published_time":"2015-06-05T13:23:32+00:00","author":"Reda\u00e7\u00e3o","twitter_card":"summary_large_image","twitter_creator":"@_OTimoneiro","twitter_site":"@_OTimoneiro","twitter_misc":{"Escrito por":"Reda\u00e7\u00e3o","Est. tempo de leitura":"14 minutos"},"schema":{"@context":"https:\/\/schema.org","@graph":[{"@type":"Article","@id":"https:\/\/jornaltimoneiro.com.br\/index.php\/2015\/06\/05\/eles-sabiam-de-tudo-vice-prefeita-e-cupula-do-partido-progressista-sabiam-de-tudo-garantem-acusadores-de-jancke\/#article","isPartOf":{"@id":"https:\/\/jornaltimoneiro.com.br\/index.php\/2015\/06\/05\/eles-sabiam-de-tudo-vice-prefeita-e-cupula-do-partido-progressista-sabiam-de-tudo-garantem-acusadores-de-jancke\/"},"author":{"name":"Reda\u00e7\u00e3o","@id":"https:\/\/jornaltimoneiro.com.br\/#\/schema\/person\/620efd1d8244466117482be494360b08"},"headline":"&#8220;ELES SABIAM DE TUDO!&#8221;: Vice-prefeita e c\u00fapula do partido progressista sabiam de tudo, garantem acusadores de Jancke","datePublished":"2015-06-05T13:23:32+00:00","dateModified":"2015-06-05T13:23:32+00:00","mainEntityOfPage":{"@id":"https:\/\/jornaltimoneiro.com.br\/index.php\/2015\/06\/05\/eles-sabiam-de-tudo-vice-prefeita-e-cupula-do-partido-progressista-sabiam-de-tudo-garantem-acusadores-de-jancke\/"},"wordCount":2869,"commentCount":0,"publisher":{"@id":"https:\/\/jornaltimoneiro.com.br\/#organization"},"articleSection":["Destaques","Not\u00edcias","Pol\u00edtica"],"inLanguage":"pt-BR","potentialAction":[{"@type":"CommentAction","name":"Comment","target":["https:\/\/jornaltimoneiro.com.br\/index.php\/2015\/06\/05\/eles-sabiam-de-tudo-vice-prefeita-e-cupula-do-partido-progressista-sabiam-de-tudo-garantem-acusadores-de-jancke\/#respond"]}]},{"@type":"WebPage","@id":"https:\/\/jornaltimoneiro.com.br\/index.php\/2015\/06\/05\/eles-sabiam-de-tudo-vice-prefeita-e-cupula-do-partido-progressista-sabiam-de-tudo-garantem-acusadores-de-jancke\/","url":"https:\/\/jornaltimoneiro.com.br\/index.php\/2015\/06\/05\/eles-sabiam-de-tudo-vice-prefeita-e-cupula-do-partido-progressista-sabiam-de-tudo-garantem-acusadores-de-jancke\/","name":"\"ELES SABIAM DE TUDO!\": Vice-prefeita e c\u00fapula do partido progressista sabiam de tudo, garantem acusadores de Jancke - O Timoneiro Jornal Canoas RS","isPartOf":{"@id":"https:\/\/jornaltimoneiro.com.br\/#website"},"datePublished":"2015-06-05T13:23:32+00:00","dateModified":"2015-06-05T13:23:32+00:00","breadcrumb":{"@id":"https:\/\/jornaltimoneiro.com.br\/index.php\/2015\/06\/05\/eles-sabiam-de-tudo-vice-prefeita-e-cupula-do-partido-progressista-sabiam-de-tudo-garantem-acusadores-de-jancke\/#breadcrumb"},"inLanguage":"pt-BR","potentialAction":[{"@type":"ReadAction","target":["https:\/\/jornaltimoneiro.com.br\/index.php\/2015\/06\/05\/eles-sabiam-de-tudo-vice-prefeita-e-cupula-do-partido-progressista-sabiam-de-tudo-garantem-acusadores-de-jancke\/"]}]},{"@type":"BreadcrumbList","@id":"https:\/\/jornaltimoneiro.com.br\/index.php\/2015\/06\/05\/eles-sabiam-de-tudo-vice-prefeita-e-cupula-do-partido-progressista-sabiam-de-tudo-garantem-acusadores-de-jancke\/#breadcrumb","itemListElement":[{"@type":"ListItem","position":1,"name":"In\u00edcio","item":"https:\/\/jornaltimoneiro.com.br\/"},{"@type":"ListItem","position":2,"name":"&#8220;ELES SABIAM DE TUDO!&#8221;: Vice-prefeita e c\u00fapula do partido progressista sabiam de tudo, garantem acusadores de Jancke"}]},{"@type":"WebSite","@id":"https:\/\/jornaltimoneiro.com.br\/#website","url":"https:\/\/jornaltimoneiro.com.br\/","name":"Jornal Timoneiro Canoas RS","description":"Jornal O Timoneiro, o verdadeiro jornal de Canoas","publisher":{"@id":"https:\/\/jornaltimoneiro.com.br\/#organization"},"potentialAction":[{"@type":"SearchAction","target":{"@type":"EntryPoint","urlTemplate":"https:\/\/jornaltimoneiro.com.br\/?s={search_term_string}"},"query-input":"required name=search_term_string"}],"inLanguage":"pt-BR"},{"@type":"Organization","@id":"https:\/\/jornaltimoneiro.com.br\/#organization","name":"Jornal Timoneiro Canoas RS","url":"https:\/\/jornaltimoneiro.com.br\/","logo":{"@type":"ImageObject","inLanguage":"pt-BR","@id":"https:\/\/jornaltimoneiro.com.br\/#\/schema\/logo\/image\/","url":"https:\/\/jornaltimoneiro.com.br\/wp-content\/uploads\/2023\/03\/logonovo.png","contentUrl":"https:\/\/jornaltimoneiro.com.br\/wp-content\/uploads\/2023\/03\/logonovo.png","width":"469","height":"171","caption":"Jornal Timoneiro Canoas RS"},"image":{"@id":"https:\/\/jornaltimoneiro.com.br\/#\/schema\/logo\/image\/"},"sameAs":["https:\/\/www.facebook.com\/jornaltimoneiro","https:\/\/twitter.com\/_OTimoneiro","https:\/\/www.instagram.com\/jornaltimoneirocanoas\/","https:\/\/www.youtube.com\/@jornalotimoneiro7927"]},{"@type":"Person","@id":"https:\/\/jornaltimoneiro.com.br\/#\/schema\/person\/620efd1d8244466117482be494360b08","name":"Reda\u00e7\u00e3o","image":{"@type":"ImageObject","inLanguage":"pt-BR","@id":"https:\/\/jornaltimoneiro.com.br\/#\/schema\/person\/image\/","url":"https:\/\/secure.gravatar.com\/avatar\/2f04e1b304682a8d9db336c7acd77f08?s=96&d=mm&r=g","contentUrl":"https:\/\/secure.gravatar.com\/avatar\/2f04e1b304682a8d9db336c7acd77f08?s=96&d=mm&r=g","caption":"Reda\u00e7\u00e3o"},"url":"https:\/\/jornaltimoneiro.com.br\/index.php\/author\/timoneirocanoas\/"}]}},"_links":{"self":[{"href":"https:\/\/jornaltimoneiro.com.br\/index.php\/wp-json\/wp\/v2\/posts\/274"}],"collection":[{"href":"https:\/\/jornaltimoneiro.com.br\/index.php\/wp-json\/wp\/v2\/posts"}],"about":[{"href":"https:\/\/jornaltimoneiro.com.br\/index.php\/wp-json\/wp\/v2\/types\/post"}],"author":[{"embeddable":true,"href":"https:\/\/jornaltimoneiro.com.br\/index.php\/wp-json\/wp\/v2\/users\/1"}],"replies":[{"embeddable":true,"href":"https:\/\/jornaltimoneiro.com.br\/index.php\/wp-json\/wp\/v2\/comments?post=274"}],"version-history":[{"count":0,"href":"https:\/\/jornaltimoneiro.com.br\/index.php\/wp-json\/wp\/v2\/posts\/274\/revisions"}],"wp:featuredmedia":[{"embeddable":true,"href":"https:\/\/jornaltimoneiro.com.br\/index.php\/wp-json\/"}],"wp:attachment":[{"href":"https:\/\/jornaltimoneiro.com.br\/index.php\/wp-json\/wp\/v2\/media?parent=274"}],"wp:term":[{"taxonomy":"category","embeddable":true,"href":"https:\/\/jornaltimoneiro.com.br\/index.php\/wp-json\/wp\/v2\/categories?post=274"},{"taxonomy":"post_tag","embeddable":true,"href":"https:\/\/jornaltimoneiro.com.br\/index.php\/wp-json\/wp\/v2\/tags?post=274"}],"curies":[{"name":"wp","href":"https:\/\/api.w.org\/{rel}","templated":true}]}}