{"id":27184,"date":"2024-02-05T16:14:12","date_gmt":"2024-02-05T19:14:12","guid":{"rendered":"https:\/\/jornaltimoneiro.com.br\/?p=27184"},"modified":"2024-02-05T16:14:12","modified_gmt":"2024-02-05T19:14:12","slug":"abono-salarial-2024-ja-tem-consultas-abertas","status":"publish","type":"post","link":"https:\/\/jornaltimoneiro.com.br\/index.php\/2024\/02\/05\/abono-salarial-2024-ja-tem-consultas-abertas\/","title":{"rendered":"Abono salarial 2024 j\u00e1 tem consultas abertas"},"content":{"rendered":"<div id=\"chunk-24eb6\">\n<div class=\"mc-column content-text active-extra-styles \" data-block-type=\"unstyled\" data-block-weight=\"21\" data-block-id=\"3\">\n<p class=\" content-text__container \" data-track-category=\"Link no Texto\" data-track-links=\"\">O abono salarial de 2024 j\u00e1 est\u00e1 com consultas dispon\u00edveis aos trabalhadores brasileiros a partir desta segunda-feira, 5. O benef\u00edcio do PIS-Pasep \u00e9 referente ao ano-base 2022.<\/p>\n<\/div>\n<\/div>\n<div class=\"wall protected-content\">\n<div id=\"chunk-9ig02\">\n<div class=\"mc-column content-text active-extra-styles \" data-block-type=\"unstyled\" data-block-weight=\"34\" data-block-id=\"5\">\n<p data-track-category=\"Link no Texto\" data-track-links=\"\">\u00c9 poss\u00edvel verificar a disponibilidade de valores, data e o banco de recebimento,\u00a0inclusive de anos anteriores, no aplicativo <a href=\"https:\/\/play.google.com\/store\/apps\/details?id=br.gov.dataprev.carteiradigital&amp;hl=pt_BR&amp;gl=US&amp;pli=1\"><strong>Carteira de Trabalho Digital<\/strong><\/a> e no portal <a href=\"https:\/\/www.gov.br\/pt-br\"><strong>Gov.br<\/strong><\/a>.<\/p>\n<h3 data-track-category=\"Link no Texto\">O que \u00e9 o abono?<\/h3>\n<\/div>\n<\/div>\n<div id=\"chunk-brht\">\n<div class=\"mc-column content-text active-extra-styles \" data-block-type=\"unstyled\" data-block-weight=\"25\" data-block-id=\"6\">\n<p class=\" content-text__container \" data-track-category=\"Link no Texto\" data-track-links=\"\">O abono salarial \u00e9 um benef\u00edcio no valor de at\u00e9 um sal\u00e1rio-m\u00ednimo. Ele \u00e9 concedido a cada ano a trabalhadores e servidores que atendem aos requisitos.<\/p>\n<\/div>\n<\/div>\n<div id=\"chunk-61hdk\">\n<div class=\"mc-column content-text active-extra-styles \" data-block-type=\"unstyled\" data-block-weight=\"31\" data-block-id=\"7\">\n<p class=\" content-text__container \" data-track-category=\"Link no Texto\" data-track-links=\"\">T\u00eam direito ao abono funcion\u00e1rios da iniciativa privada (PIS) e p\u00fablicos (Pasep) que trabalharam durante pelo menos 30 dias em 2022. Essas pessoas precisam ter recebido at\u00e9 dois sal\u00e1rios-m\u00ednimos por m\u00eas.<\/p>\n<div id=\"chunk-fn759\">\n<div class=\"mc-column content-text active-extra-styles \" data-block-type=\"unstyled\" data-block-weight=\"43\" data-block-id=\"9\">\n<p class=\" content-text__container \" data-track-category=\"Link no Texto\" data-track-links=\"\">Em 204, o calend\u00e1rio de pagamento foi unificado. Os trabalhadores da iniciativa privada e os servidores p\u00fablicos v\u00e3o receber o abono a partir de 15 de fevereiro. A data exata de recebimento varia de acordo com o m\u00eas de nascimento do benefici\u00e1rio<em>.<\/em><\/p>\n<\/div>\n<\/div>\n<div id=\"chunk-amktf\">\n<div class=\"mc-column content-text active-extra-styles \" data-block-type=\"unstyled\" data-block-weight=\"30\" data-block-id=\"10\">\n<p class=\" content-text__container \" data-track-category=\"Link no Texto\" data-track-links=\"\">Ao todo, 24,8 milh\u00f5es de trabalhadores receber\u00e3o o abono. Segundo o Minist\u00e9rio do Trabalho, s\u00e3o 21,9 milh\u00f5es de pessoas contempladas na iniciativa privada e 2,9 milh\u00f5es no servi\u00e7o p\u00fablico.<\/p>\n<h3 class=\"mc-column show-table__title\">Calend\u00e1rio de Pagamento PIS-Pasep 2024 (Ano-Base 2022)<\/h3>\n<div class=\"show-table__centralized\">\n<div class=\"show-table__container\">\n<table class=\"show-table__content\n show-table__content--highlight-top        \"><\/p>\n<tbody>\n<tr>\n<td>NASCIDO EM<\/td>\n<td>RECEBE A PARTIR DE<\/td>\n<td>Pagamento final<\/td>\n<\/tr>\n<tr>\n<td>Janeiro<\/td>\n<td>15\/02\/2024<\/td>\n<td>27\/12\/2024<\/td>\n<\/tr>\n<tr>\n<td>Fevereiro<\/td>\n<td>15\/03\/2024<\/td>\n<td>27\/12\/2024<\/td>\n<\/tr>\n<tr>\n<td>Mar\u00e7o<\/td>\n<td>15\/04\/2024<\/td>\n<td>27\/12\/2024<\/td>\n<\/tr>\n<tr>\n<td>Abril<\/td>\n<td>15\/04\/2024<\/td>\n<td>27\/12\/2024<\/td>\n<\/tr>\n<tr>\n<td>Maio<\/td>\n<td>15\/05\/2024<\/td>\n<td>27\/12\/2024<\/td>\n<\/tr>\n<tr>\n<td>Junho<\/td>\n<td>15\/05\/2024<\/td>\n<td>27\/12\/2024<\/td>\n<\/tr>\n<tr>\n<td>Julho<\/td>\n<td>17\/06\/2024<\/td>\n<td>27\/12\/2024<\/td>\n<\/tr>\n<tr>\n<td>Agosto<\/td>\n<td>17\/06\/2024<\/td>\n<td>27\/12\/2024<\/td>\n<\/tr>\n<tr>\n<td>Setembro<\/td>\n<td>15\/07\/2024<\/td>\n<td>27\/12\/2024<\/td>\n<\/tr>\n<tr>\n<td>Outubro<\/td>\n<td>15\/07\/2024<\/td>\n<td>27\/12\/2024<\/td>\n<\/tr>\n<tr>\n<td>Novembro<\/td>\n<td>15\/08\/2024<\/td>\n<td>27\/12\/2024<\/td>\n<\/tr>\n<tr>\n<td>Dezembro<\/td>\n<td>15\/08\/2024<\/td>\n<td>27\/12\/2024<\/td>\n<\/tr>\n<\/tbody>\n<\/table>\n<\/div>\n<div class=\"show-table__footer\">\n<div class=\"show-table__source\">Fonte: Minist\u00e9rio do Trabalho e Emprego<\/div>\n<\/div>\n<\/div>\n<\/div>\n<\/div>\n<\/div>\n<\/div>\n<\/div>\n","protected":false},"excerpt":{"rendered":"<p>O abono salarial de 2024 j\u00e1 est\u00e1 com consultas dispon\u00edveis aos trabalhadores brasileiros a partir desta segunda-feira, 5. O benef\u00edcio do PIS-Pasep \u00e9 referente ao ano-base 2022. \u00c9 poss\u00edvel verificar a disponibilidade de valores, data e o banco de recebimento,\u00a0inclusive de anos anteriores, no aplicativo Carteira de Trabalho Digital e no portal Gov.br. O que [&hellip;]<\/p>\n","protected":false},"author":2,"featured_media":27185,"comment_status":"open","ping_status":"open","sticky":false,"template":"","format":"standard","meta":{"amp_status":"","footnotes":""},"categories":[1854],"tags":[1894,1895,190,1896],"class_list":["post-27184","post","type-post","status-publish","format-standard","has-post-thumbnail","hentry","category-economia","tag-abono","tag-ano-base","tag-featured","tag-pis-pasep"],"yoast_head":"<!-- This site is optimized with the Yoast SEO plugin v20.5 - https:\/\/yoast.com\/wordpress\/plugins\/seo\/ -->\n<title>Abono salarial 2024 j\u00e1 tem consultas abertas - O Timoneiro Jornal Canoas RS<\/title>\n<meta name=\"description\" content=\"Benef\u00edcio no valor de at\u00e9 um sal\u00e1rio-m\u00ednimo \u00e9 concedido anualmente a trabalhadores e servidores que atendem aos requisitos do programa\" \/>\n<meta name=\"robots\" content=\"index, follow, max-snippet:-1, max-image-preview:large, max-video-preview:-1\" \/>\n<link rel=\"canonical\" href=\"https:\/\/jornaltimoneiro.com.br\/index.php\/2024\/02\/05\/abono-salarial-2024-ja-tem-consultas-abertas\/\" \/>\n<meta property=\"og:locale\" content=\"pt_BR\" \/>\n<meta property=\"og:type\" content=\"article\" \/>\n<meta property=\"og:title\" content=\"Abono salarial 2024 j\u00e1 tem consultas abertas - O Timoneiro Jornal Canoas RS\" \/>\n<meta property=\"og:description\" content=\"Benef\u00edcio no valor de at\u00e9 um sal\u00e1rio-m\u00ednimo \u00e9 concedido anualmente a trabalhadores e servidores que atendem aos requisitos do programa\" \/>\n<meta property=\"og:url\" content=\"https:\/\/jornaltimoneiro.com.br\/index.php\/2024\/02\/05\/abono-salarial-2024-ja-tem-consultas-abertas\/\" \/>\n<meta property=\"og:site_name\" content=\"O Timoneiro Jornal Canoas RS\" \/>\n<meta property=\"article:publisher\" content=\"https:\/\/www.facebook.com\/jornaltimoneiro\" \/>\n<meta property=\"article:published_time\" content=\"2024-02-05T19:14:12+00:00\" \/>\n<meta property=\"og:image\" content=\"https:\/\/jornaltimoneiro.com.br\/wp-content\/uploads\/2024\/02\/48344747-6038-47df-8f50-ae93d10783f3.jpeg\" \/>\n\t<meta property=\"og:image:width\" content=\"768\" \/>\n\t<meta property=\"og:image:height\" content=\"512\" \/>\n\t<meta property=\"og:image:type\" content=\"image\/jpeg\" \/>\n<meta name=\"author\" content=\"Reda\u00e7\u00e3o\" \/>\n<meta name=\"twitter:card\" content=\"summary_large_image\" \/>\n<meta name=\"twitter:creator\" content=\"@_OTimoneiro\" \/>\n<meta name=\"twitter:site\" content=\"@_OTimoneiro\" \/>\n<meta name=\"twitter:label1\" content=\"Escrito por\" \/>\n\t<meta name=\"twitter:data1\" content=\"Reda\u00e7\u00e3o\" \/>\n\t<meta name=\"twitter:label2\" content=\"Est. tempo de leitura\" \/>\n\t<meta name=\"twitter:data2\" content=\"2 minutos\" \/>\n<script type=\"application\/ld+json\" class=\"yoast-schema-graph\">{\"@context\":\"https:\/\/schema.org\",\"@graph\":[{\"@type\":\"Article\",\"@id\":\"https:\/\/jornaltimoneiro.com.br\/index.php\/2024\/02\/05\/abono-salarial-2024-ja-tem-consultas-abertas\/#article\",\"isPartOf\":{\"@id\":\"https:\/\/jornaltimoneiro.com.br\/index.php\/2024\/02\/05\/abono-salarial-2024-ja-tem-consultas-abertas\/\"},\"author\":{\"name\":\"Reda\u00e7\u00e3o\",\"@id\":\"https:\/\/jornaltimoneiro.com.br\/#\/schema\/person\/f63482f1a02b1a9592707865e509ab40\"},\"headline\":\"Abono salarial 2024 j\u00e1 tem consultas abertas\",\"datePublished\":\"2024-02-05T19:14:12+00:00\",\"dateModified\":\"2024-02-05T19:14:12+00:00\",\"mainEntityOfPage\":{\"@id\":\"https:\/\/jornaltimoneiro.com.br\/index.php\/2024\/02\/05\/abono-salarial-2024-ja-tem-consultas-abertas\/\"},\"wordCount\":238,\"commentCount\":0,\"publisher\":{\"@id\":\"https:\/\/jornaltimoneiro.com.br\/#organization\"},\"keywords\":[\"abono\",\"ano-base\",\"featured\",\"PIS-Pasep\"],\"articleSection\":[\"Economia\"],\"inLanguage\":\"pt-BR\",\"potentialAction\":[{\"@type\":\"CommentAction\",\"name\":\"Comment\",\"target\":[\"https:\/\/jornaltimoneiro.com.br\/index.php\/2024\/02\/05\/abono-salarial-2024-ja-tem-consultas-abertas\/#respond\"]}]},{\"@type\":\"WebPage\",\"@id\":\"https:\/\/jornaltimoneiro.com.br\/index.php\/2024\/02\/05\/abono-salarial-2024-ja-tem-consultas-abertas\/\",\"url\":\"https:\/\/jornaltimoneiro.com.br\/index.php\/2024\/02\/05\/abono-salarial-2024-ja-tem-consultas-abertas\/\",\"name\":\"Abono salarial 2024 j\u00e1 tem consultas abertas - O Timoneiro Jornal Canoas RS\",\"isPartOf\":{\"@id\":\"https:\/\/jornaltimoneiro.com.br\/#website\"},\"datePublished\":\"2024-02-05T19:14:12+00:00\",\"dateModified\":\"2024-02-05T19:14:12+00:00\",\"description\":\"Benef\u00edcio no valor de at\u00e9 um sal\u00e1rio-m\u00ednimo \u00e9 concedido anualmente a trabalhadores e servidores que atendem aos requisitos do programa\",\"breadcrumb\":{\"@id\":\"https:\/\/jornaltimoneiro.com.br\/index.php\/2024\/02\/05\/abono-salarial-2024-ja-tem-consultas-abertas\/#breadcrumb\"},\"inLanguage\":\"pt-BR\",\"potentialAction\":[{\"@type\":\"ReadAction\",\"target\":[\"https:\/\/jornaltimoneiro.com.br\/index.php\/2024\/02\/05\/abono-salarial-2024-ja-tem-consultas-abertas\/\"]}]},{\"@type\":\"BreadcrumbList\",\"@id\":\"https:\/\/jornaltimoneiro.com.br\/index.php\/2024\/02\/05\/abono-salarial-2024-ja-tem-consultas-abertas\/#breadcrumb\",\"itemListElement\":[{\"@type\":\"ListItem\",\"position\":1,\"name\":\"In\u00edcio\",\"item\":\"https:\/\/jornaltimoneiro.com.br\/\"},{\"@type\":\"ListItem\",\"position\":2,\"name\":\"Abono salarial 2024 j\u00e1 tem consultas abertas\"}]},{\"@type\":\"WebSite\",\"@id\":\"https:\/\/jornaltimoneiro.com.br\/#website\",\"url\":\"https:\/\/jornaltimoneiro.com.br\/\",\"name\":\"Jornal Timoneiro Canoas RS\",\"description\":\"Jornal O Timoneiro, o verdadeiro jornal de Canoas\",\"publisher\":{\"@id\":\"https:\/\/jornaltimoneiro.com.br\/#organization\"},\"potentialAction\":[{\"@type\":\"SearchAction\",\"target\":{\"@type\":\"EntryPoint\",\"urlTemplate\":\"https:\/\/jornaltimoneiro.com.br\/?s={search_term_string}\"},\"query-input\":\"required name=search_term_string\"}],\"inLanguage\":\"pt-BR\"},{\"@type\":\"Organization\",\"@id\":\"https:\/\/jornaltimoneiro.com.br\/#organization\",\"name\":\"Jornal Timoneiro Canoas RS\",\"url\":\"https:\/\/jornaltimoneiro.com.br\/\",\"logo\":{\"@type\":\"ImageObject\",\"inLanguage\":\"pt-BR\",\"@id\":\"https:\/\/jornaltimoneiro.com.br\/#\/schema\/logo\/image\/\",\"url\":\"https:\/\/jornaltimoneiro.com.br\/wp-content\/uploads\/2023\/03\/logonovo.png\",\"contentUrl\":\"https:\/\/jornaltimoneiro.com.br\/wp-content\/uploads\/2023\/03\/logonovo.png\",\"width\":\"469\",\"height\":\"171\",\"caption\":\"Jornal Timoneiro Canoas RS\"},\"image\":{\"@id\":\"https:\/\/jornaltimoneiro.com.br\/#\/schema\/logo\/image\/\"},\"sameAs\":[\"https:\/\/www.facebook.com\/jornaltimoneiro\",\"https:\/\/twitter.com\/_OTimoneiro\",\"https:\/\/www.instagram.com\/jornaltimoneirocanoas\/\",\"https:\/\/www.youtube.com\/@jornalotimoneiro7927\"]},{\"@type\":\"Person\",\"@id\":\"https:\/\/jornaltimoneiro.com.br\/#\/schema\/person\/f63482f1a02b1a9592707865e509ab40\",\"name\":\"Reda\u00e7\u00e3o\",\"image\":{\"@type\":\"ImageObject\",\"inLanguage\":\"pt-BR\",\"@id\":\"https:\/\/jornaltimoneiro.com.br\/#\/schema\/person\/image\/\",\"url\":\"https:\/\/jornaltimoneiro.com.br\/wp-content\/uploads\/2023\/03\/download.jpeg\",\"contentUrl\":\"https:\/\/jornaltimoneiro.com.br\/wp-content\/uploads\/2023\/03\/download.jpeg\",\"caption\":\"Reda\u00e7\u00e3o\"},\"url\":\"https:\/\/jornaltimoneiro.com.br\/index.php\/author\/simone-dutra\/\"}]}<\/script>\n<!-- \/ Yoast SEO plugin. -->","yoast_head_json":{"title":"Abono salarial 2024 j\u00e1 tem consultas abertas - O Timoneiro Jornal Canoas RS","description":"Benef\u00edcio no valor de at\u00e9 um sal\u00e1rio-m\u00ednimo \u00e9 concedido anualmente a trabalhadores e servidores que atendem aos requisitos do programa","robots":{"index":"index","follow":"follow","max-snippet":"max-snippet:-1","max-image-preview":"max-image-preview:large","max-video-preview":"max-video-preview:-1"},"canonical":"https:\/\/jornaltimoneiro.com.br\/index.php\/2024\/02\/05\/abono-salarial-2024-ja-tem-consultas-abertas\/","og_locale":"pt_BR","og_type":"article","og_title":"Abono salarial 2024 j\u00e1 tem consultas abertas - O Timoneiro Jornal Canoas RS","og_description":"Benef\u00edcio no valor de at\u00e9 um sal\u00e1rio-m\u00ednimo \u00e9 concedido anualmente a trabalhadores e servidores que atendem aos requisitos do programa","og_url":"https:\/\/jornaltimoneiro.com.br\/index.php\/2024\/02\/05\/abono-salarial-2024-ja-tem-consultas-abertas\/","og_site_name":"O Timoneiro Jornal Canoas RS","article_publisher":"https:\/\/www.facebook.com\/jornaltimoneiro","article_published_time":"2024-02-05T19:14:12+00:00","og_image":[{"width":"768","height":"512","url":"https:\/\/jornaltimoneiro.com.br\/wp-content\/uploads\/2024\/02\/48344747-6038-47df-8f50-ae93d10783f3.jpeg","type":"image\/jpeg"}],"author":"Reda\u00e7\u00e3o","twitter_card":"summary_large_image","twitter_creator":"@_OTimoneiro","twitter_site":"@_OTimoneiro","twitter_misc":{"Escrito por":"Reda\u00e7\u00e3o","Est. tempo de leitura":"2 minutos"},"schema":{"@context":"https:\/\/schema.org","@graph":[{"@type":"Article","@id":"https:\/\/jornaltimoneiro.com.br\/index.php\/2024\/02\/05\/abono-salarial-2024-ja-tem-consultas-abertas\/#article","isPartOf":{"@id":"https:\/\/jornaltimoneiro.com.br\/index.php\/2024\/02\/05\/abono-salarial-2024-ja-tem-consultas-abertas\/"},"author":{"name":"Reda\u00e7\u00e3o","@id":"https:\/\/jornaltimoneiro.com.br\/#\/schema\/person\/f63482f1a02b1a9592707865e509ab40"},"headline":"Abono salarial 2024 j\u00e1 tem consultas abertas","datePublished":"2024-02-05T19:14:12+00:00","dateModified":"2024-02-05T19:14:12+00:00","mainEntityOfPage":{"@id":"https:\/\/jornaltimoneiro.com.br\/index.php\/2024\/02\/05\/abono-salarial-2024-ja-tem-consultas-abertas\/"},"wordCount":238,"commentCount":0,"publisher":{"@id":"https:\/\/jornaltimoneiro.com.br\/#organization"},"keywords":["abono","ano-base","featured","PIS-Pasep"],"articleSection":["Economia"],"inLanguage":"pt-BR","potentialAction":[{"@type":"CommentAction","name":"Comment","target":["https:\/\/jornaltimoneiro.com.br\/index.php\/2024\/02\/05\/abono-salarial-2024-ja-tem-consultas-abertas\/#respond"]}]},{"@type":"WebPage","@id":"https:\/\/jornaltimoneiro.com.br\/index.php\/2024\/02\/05\/abono-salarial-2024-ja-tem-consultas-abertas\/","url":"https:\/\/jornaltimoneiro.com.br\/index.php\/2024\/02\/05\/abono-salarial-2024-ja-tem-consultas-abertas\/","name":"Abono salarial 2024 j\u00e1 tem consultas abertas - O Timoneiro Jornal Canoas RS","isPartOf":{"@id":"https:\/\/jornaltimoneiro.com.br\/#website"},"datePublished":"2024-02-05T19:14:12+00:00","dateModified":"2024-02-05T19:14:12+00:00","description":"Benef\u00edcio no valor de at\u00e9 um sal\u00e1rio-m\u00ednimo \u00e9 concedido anualmente a trabalhadores e servidores que atendem aos requisitos do programa","breadcrumb":{"@id":"https:\/\/jornaltimoneiro.com.br\/index.php\/2024\/02\/05\/abono-salarial-2024-ja-tem-consultas-abertas\/#breadcrumb"},"inLanguage":"pt-BR","potentialAction":[{"@type":"ReadAction","target":["https:\/\/jornaltimoneiro.com.br\/index.php\/2024\/02\/05\/abono-salarial-2024-ja-tem-consultas-abertas\/"]}]},{"@type":"BreadcrumbList","@id":"https:\/\/jornaltimoneiro.com.br\/index.php\/2024\/02\/05\/abono-salarial-2024-ja-tem-consultas-abertas\/#breadcrumb","itemListElement":[{"@type":"ListItem","position":1,"name":"In\u00edcio","item":"https:\/\/jornaltimoneiro.com.br\/"},{"@type":"ListItem","position":2,"name":"Abono salarial 2024 j\u00e1 tem consultas abertas"}]},{"@type":"WebSite","@id":"https:\/\/jornaltimoneiro.com.br\/#website","url":"https:\/\/jornaltimoneiro.com.br\/","name":"Jornal Timoneiro Canoas RS","description":"Jornal O Timoneiro, o verdadeiro jornal de Canoas","publisher":{"@id":"https:\/\/jornaltimoneiro.com.br\/#organization"},"potentialAction":[{"@type":"SearchAction","target":{"@type":"EntryPoint","urlTemplate":"https:\/\/jornaltimoneiro.com.br\/?s={search_term_string}"},"query-input":"required name=search_term_string"}],"inLanguage":"pt-BR"},{"@type":"Organization","@id":"https:\/\/jornaltimoneiro.com.br\/#organization","name":"Jornal Timoneiro Canoas RS","url":"https:\/\/jornaltimoneiro.com.br\/","logo":{"@type":"ImageObject","inLanguage":"pt-BR","@id":"https:\/\/jornaltimoneiro.com.br\/#\/schema\/logo\/image\/","url":"https:\/\/jornaltimoneiro.com.br\/wp-content\/uploads\/2023\/03\/logonovo.png","contentUrl":"https:\/\/jornaltimoneiro.com.br\/wp-content\/uploads\/2023\/03\/logonovo.png","width":"469","height":"171","caption":"Jornal Timoneiro Canoas RS"},"image":{"@id":"https:\/\/jornaltimoneiro.com.br\/#\/schema\/logo\/image\/"},"sameAs":["https:\/\/www.facebook.com\/jornaltimoneiro","https:\/\/twitter.com\/_OTimoneiro","https:\/\/www.instagram.com\/jornaltimoneirocanoas\/","https:\/\/www.youtube.com\/@jornalotimoneiro7927"]},{"@type":"Person","@id":"https:\/\/jornaltimoneiro.com.br\/#\/schema\/person\/f63482f1a02b1a9592707865e509ab40","name":"Reda\u00e7\u00e3o","image":{"@type":"ImageObject","inLanguage":"pt-BR","@id":"https:\/\/jornaltimoneiro.com.br\/#\/schema\/person\/image\/","url":"https:\/\/jornaltimoneiro.com.br\/wp-content\/uploads\/2023\/03\/download.jpeg","contentUrl":"https:\/\/jornaltimoneiro.com.br\/wp-content\/uploads\/2023\/03\/download.jpeg","caption":"Reda\u00e7\u00e3o"},"url":"https:\/\/jornaltimoneiro.com.br\/index.php\/author\/simone-dutra\/"}]}},"_links":{"self":[{"href":"https:\/\/jornaltimoneiro.com.br\/index.php\/wp-json\/wp\/v2\/posts\/27184"}],"collection":[{"href":"https:\/\/jornaltimoneiro.com.br\/index.php\/wp-json\/wp\/v2\/posts"}],"about":[{"href":"https:\/\/jornaltimoneiro.com.br\/index.php\/wp-json\/wp\/v2\/types\/post"}],"author":[{"embeddable":true,"href":"https:\/\/jornaltimoneiro.com.br\/index.php\/wp-json\/wp\/v2\/users\/2"}],"replies":[{"embeddable":true,"href":"https:\/\/jornaltimoneiro.com.br\/index.php\/wp-json\/wp\/v2\/comments?post=27184"}],"version-history":[{"count":1,"href":"https:\/\/jornaltimoneiro.com.br\/index.php\/wp-json\/wp\/v2\/posts\/27184\/revisions"}],"predecessor-version":[{"id":27186,"href":"https:\/\/jornaltimoneiro.com.br\/index.php\/wp-json\/wp\/v2\/posts\/27184\/revisions\/27186"}],"wp:featuredmedia":[{"embeddable":true,"href":"https:\/\/jornaltimoneiro.com.br\/index.php\/wp-json\/wp\/v2\/media\/27185"}],"wp:attachment":[{"href":"https:\/\/jornaltimoneiro.com.br\/index.php\/wp-json\/wp\/v2\/media?parent=27184"}],"wp:term":[{"taxonomy":"category","embeddable":true,"href":"https:\/\/jornaltimoneiro.com.br\/index.php\/wp-json\/wp\/v2\/categories?post=27184"},{"taxonomy":"post_tag","embeddable":true,"href":"https:\/\/jornaltimoneiro.com.br\/index.php\/wp-json\/wp\/v2\/tags?post=27184"}],"curies":[{"name":"wp","href":"https:\/\/api.w.org\/{rel}","templated":true}]}}