{"id":27178,"date":"2024-02-05T14:57:02","date_gmt":"2024-02-05T17:57:02","guid":{"rendered":"https:\/\/jornaltimoneiro.com.br\/?p=27178"},"modified":"2024-02-05T14:58:40","modified_gmt":"2024-02-05T17:58:40","slug":"governo-federal-deve-revisar-dados-de-7-milhoes-de-familias-no-bolsa-familia","status":"publish","type":"post","link":"https:\/\/jornaltimoneiro.com.br\/index.php\/2024\/02\/05\/governo-federal-deve-revisar-dados-de-7-milhoes-de-familias-no-bolsa-familia\/","title":{"rendered":"Governo federal deve revisar dados de 7 milh\u00f5es de fam\u00edlias no Bolsa Fam\u00edlia"},"content":{"rendered":"<div id=\"chunk-3bm1j\">\n<div class=\"mc-column content-text active-extra-styles \" data-block-type=\"unstyled\" data-block-weight=\"34\" data-block-id=\"2\">\n<p class=\" content-text__container \" data-track-category=\"Link no Texto\" data-track-links=\"\">O Minist\u00e9rio do Desenvolvimento e Assist\u00eancia Social pretende revisar os dados de 7 milh\u00f5es de fam\u00edlias que fazem parte do Bolsa Fam\u00edlia. A opera\u00e7\u00e3o deve ocorrer ao longo do ano de 2024.<\/p>\n<\/div>\n<\/div>\n<div class=\"wall protected-content\">\n<div id=\"chunk-2u2p4\">\n<div class=\"mc-column content-text active-extra-styles \" data-block-type=\"unstyled\" data-block-weight=\"45\" data-block-id=\"4\">\n<p class=\" content-text__container \" data-track-category=\"Link no Texto\" data-track-links=\"\">O Bolsa Fam\u00edlia tem passado desde o ano passado por um processo de revis\u00e3o cadastral. O objetivo, segundo o governo federal, \u00e9 evitar que pessoas recebam o benef\u00edcio de forma irregular e garantir que quem precisa tenha acesso.<\/p>\n<\/div>\n<\/div>\n<div id=\"chunk-90gk7\">\n<div class=\"mc-column content-text active-extra-styles \" data-block-type=\"unstyled\" data-block-weight=\"53\" data-block-id=\"5\">\n<p class=\" content-text__container \" data-track-category=\"Link no Texto\" data-track-links=\"\">Al\u00e9m disso, o governo tamb\u00e9m tem revisado os dados do Cadastro \u00danico (Cad\u00danico). A listagem \u00e9 a principal porta de entrada para os programas sociais. O Cad\u00danico permite que fam\u00edlias de baixa renda acessem tamb\u00e9m o Benef\u00edcio de Presta\u00e7\u00e3o Continuada (BPC) e a Tarifa Social de Energia El\u00e9trica, por exemplo.<\/p>\n<\/div>\n<\/div>\n<div id=\"chunk-eoiie\">\n<div class=\"mc-column content-text active-extra-styles \" data-block-type=\"unstyled\" data-block-weight=\"12\" data-block-id=\"9\">\n<p class=\" content-text__container \" data-track-category=\"Link no Texto\" data-track-links=\"\">Pelas regras do programa, para ter direito ao Bolsa Fam\u00edlia \u00e9 necess\u00e1rio:<\/p>\n<\/div>\n<\/div>\n<div id=\"chunk-2al9\">\n<div class=\"mc-column content-text active-extra-styles\" data-block-type=\"raw\" data-block-weight=\"23\" data-block-id=\"10\">\n<ul class=\"content-unordered-list\">\n<li>ter renda per capita (ou seja, por pessoa) de no m\u00e1ximo R$ 218;<\/li>\n<li>ter a fam\u00edlia inscrita no Cad\u00danico;<\/li>\n<li>fazer a atualiza\u00e7\u00e3o de dados conforme calend\u00e1rio estabelecido pelo governo.<\/li>\n<\/ul>\n<\/div>\n<\/div>\n<div id=\"chunk-519iv\">\n<div class=\"mc-column content-text active-extra-styles\" data-block-type=\"raw\" data-block-weight=\"5\" data-block-id=\"11\">\n<div class=\"content-intertitle\">\n<h2>Exclus\u00e3o de irregulares<\/h2>\n<\/div>\n<\/div>\n<\/div>\n<div id=\"chunk-5drbg\">\n<div class=\"mc-column content-text active-extra-styles \" data-block-type=\"unstyled\" data-block-weight=\"35\" data-block-id=\"12\">\n<p class=\" content-text__container \" data-track-category=\"Link no Texto\" data-track-links=\"\">De acordo com o Minist\u00e9rio, a revis\u00e3o feita em 2023 levou \u00e0 exclus\u00e3o de 1,7 milh\u00e3o de fam\u00edlias unipessoais (apenas uma pessoa) que recebiam o benef\u00edcio de forma irregular. Essas pessoas podem receber o Bolsa Fam\u00edlia, mas o benefici\u00e1rio n\u00e3o pode dividir a casa com outras pessoas.<\/p>\n<\/div>\n<\/div>\n<div data-track-category=\"multicontent\" data-track-action=\"ultimo chunk conteudo\" data-track-noninteraction=\"false\" data-track-scroll=\"view\">\n<div id=\"chunk-bd6t0\">\n<div class=\"mc-column content-text active-extra-styles \" data-block-type=\"unstyled\" data-block-weight=\"30\" data-block-id=\"14\">\n<p class=\" content-text__container \" data-track-category=\"Link no Texto\" data-track-links=\"\">Em dezembro de 2022, 5,88 milh\u00f5es de fam\u00edlias unipessoais recebiam o Bolsa Fam\u00edlia. Ao final de 2023, esse n\u00famero caiu para 4,15 milh\u00f5es.<\/p>\n<\/div>\n<\/div>\n<\/div>\n<\/div>\n","protected":false},"excerpt":{"rendered":"<p>O Minist\u00e9rio do Desenvolvimento e Assist\u00eancia Social pretende revisar os dados de 7 milh\u00f5es de fam\u00edlias que fazem parte do Bolsa Fam\u00edlia. A opera\u00e7\u00e3o deve ocorrer ao longo do ano de 2024. O Bolsa Fam\u00edlia tem passado desde o ano passado por um processo de revis\u00e3o cadastral. O objetivo, segundo o governo federal, \u00e9 evitar [&hellip;]<\/p>\n","protected":false},"author":2,"featured_media":27180,"comment_status":"open","ping_status":"open","sticky":false,"template":"","format":"standard","meta":{"amp_status":"","footnotes":""},"categories":[73],"tags":[1889,1891,1890],"class_list":["post-27178","post","type-post","status-publish","format-standard","has-post-thumbnail","hentry","category-pais","tag-bolsa-familia","tag-dados","tag-revisao"],"yoast_head":"<!-- This site is optimized with the Yoast SEO plugin v20.5 - https:\/\/yoast.com\/wordpress\/plugins\/seo\/ -->\n<title>Governo federal deve revisar dados de 7 milh\u00f5es de fam\u00edlias no Bolsa Fam\u00edlia - O Timoneiro Jornal Canoas RS<\/title>\n<meta name=\"description\" content=\"Ser\u00e3o analisadas informa\u00e7\u00f5es desatualizadas ou com inconsist\u00eancias na renda declarada. Apenas em 2023, 1,7 milh\u00e3o de pessoas foram removidas\" \/>\n<meta name=\"robots\" content=\"index, follow, max-snippet:-1, max-image-preview:large, max-video-preview:-1\" \/>\n<link rel=\"canonical\" href=\"https:\/\/jornaltimoneiro.com.br\/index.php\/2024\/02\/05\/governo-federal-deve-revisar-dados-de-7-milhoes-de-familias-no-bolsa-familia\/\" \/>\n<meta property=\"og:locale\" content=\"pt_BR\" \/>\n<meta property=\"og:type\" content=\"article\" \/>\n<meta property=\"og:title\" content=\"Governo federal deve revisar dados de 7 milh\u00f5es de fam\u00edlias no Bolsa Fam\u00edlia - O Timoneiro Jornal Canoas RS\" \/>\n<meta property=\"og:description\" content=\"Ser\u00e3o analisadas informa\u00e7\u00f5es desatualizadas ou com inconsist\u00eancias na renda declarada. Apenas em 2023, 1,7 milh\u00e3o de pessoas foram removidas\" \/>\n<meta property=\"og:url\" content=\"https:\/\/jornaltimoneiro.com.br\/index.php\/2024\/02\/05\/governo-federal-deve-revisar-dados-de-7-milhoes-de-familias-no-bolsa-familia\/\" \/>\n<meta property=\"og:site_name\" content=\"O Timoneiro Jornal Canoas RS\" \/>\n<meta property=\"article:publisher\" content=\"https:\/\/www.facebook.com\/jornaltimoneiro\" \/>\n<meta property=\"article:published_time\" content=\"2024-02-05T17:57:02+00:00\" \/>\n<meta property=\"article:modified_time\" content=\"2024-02-05T17:58:40+00:00\" \/>\n<meta property=\"og:image\" content=\"https:\/\/jornaltimoneiro.com.br\/wp-content\/uploads\/2024\/02\/104121749-a-partir-de-setembro-o-programa-bolsa-familia-so-podera-ter-16-de-cadastros-unipessoais-e.png\" \/>\n\t<meta property=\"og:image:width\" content=\"888\" \/>\n\t<meta property=\"og:image:height\" content=\"500\" \/>\n\t<meta property=\"og:image:type\" content=\"image\/png\" \/>\n<meta name=\"author\" content=\"Reda\u00e7\u00e3o\" \/>\n<meta name=\"twitter:card\" content=\"summary_large_image\" \/>\n<meta name=\"twitter:creator\" content=\"@_OTimoneiro\" \/>\n<meta name=\"twitter:site\" content=\"@_OTimoneiro\" \/>\n<meta name=\"twitter:label1\" content=\"Escrito por\" \/>\n\t<meta name=\"twitter:data1\" content=\"Reda\u00e7\u00e3o\" \/>\n\t<meta name=\"twitter:label2\" content=\"Est. tempo de leitura\" \/>\n\t<meta name=\"twitter:data2\" content=\"2 minutos\" \/>\n<script type=\"application\/ld+json\" class=\"yoast-schema-graph\">{\"@context\":\"https:\/\/schema.org\",\"@graph\":[{\"@type\":\"Article\",\"@id\":\"https:\/\/jornaltimoneiro.com.br\/index.php\/2024\/02\/05\/governo-federal-deve-revisar-dados-de-7-milhoes-de-familias-no-bolsa-familia\/#article\",\"isPartOf\":{\"@id\":\"https:\/\/jornaltimoneiro.com.br\/index.php\/2024\/02\/05\/governo-federal-deve-revisar-dados-de-7-milhoes-de-familias-no-bolsa-familia\/\"},\"author\":{\"name\":\"Reda\u00e7\u00e3o\",\"@id\":\"https:\/\/jornaltimoneiro.com.br\/#\/schema\/person\/f63482f1a02b1a9592707865e509ab40\"},\"headline\":\"Governo federal deve revisar dados de 7 milh\u00f5es de fam\u00edlias no Bolsa Fam\u00edlia\",\"datePublished\":\"2024-02-05T17:57:02+00:00\",\"dateModified\":\"2024-02-05T17:58:40+00:00\",\"mainEntityOfPage\":{\"@id\":\"https:\/\/jornaltimoneiro.com.br\/index.php\/2024\/02\/05\/governo-federal-deve-revisar-dados-de-7-milhoes-de-familias-no-bolsa-familia\/\"},\"wordCount\":276,\"commentCount\":0,\"publisher\":{\"@id\":\"https:\/\/jornaltimoneiro.com.br\/#organization\"},\"keywords\":[\"Bolsa Fam\u00edlia\",\"dados\",\"revis\u00e3o\"],\"articleSection\":[\"Pa\u00eds\"],\"inLanguage\":\"pt-BR\",\"potentialAction\":[{\"@type\":\"CommentAction\",\"name\":\"Comment\",\"target\":[\"https:\/\/jornaltimoneiro.com.br\/index.php\/2024\/02\/05\/governo-federal-deve-revisar-dados-de-7-milhoes-de-familias-no-bolsa-familia\/#respond\"]}]},{\"@type\":\"WebPage\",\"@id\":\"https:\/\/jornaltimoneiro.com.br\/index.php\/2024\/02\/05\/governo-federal-deve-revisar-dados-de-7-milhoes-de-familias-no-bolsa-familia\/\",\"url\":\"https:\/\/jornaltimoneiro.com.br\/index.php\/2024\/02\/05\/governo-federal-deve-revisar-dados-de-7-milhoes-de-familias-no-bolsa-familia\/\",\"name\":\"Governo federal deve revisar dados de 7 milh\u00f5es de fam\u00edlias no Bolsa Fam\u00edlia - O Timoneiro Jornal Canoas RS\",\"isPartOf\":{\"@id\":\"https:\/\/jornaltimoneiro.com.br\/#website\"},\"datePublished\":\"2024-02-05T17:57:02+00:00\",\"dateModified\":\"2024-02-05T17:58:40+00:00\",\"description\":\"Ser\u00e3o analisadas informa\u00e7\u00f5es desatualizadas ou com inconsist\u00eancias na renda declarada. Apenas em 2023, 1,7 milh\u00e3o de pessoas foram removidas\",\"breadcrumb\":{\"@id\":\"https:\/\/jornaltimoneiro.com.br\/index.php\/2024\/02\/05\/governo-federal-deve-revisar-dados-de-7-milhoes-de-familias-no-bolsa-familia\/#breadcrumb\"},\"inLanguage\":\"pt-BR\",\"potentialAction\":[{\"@type\":\"ReadAction\",\"target\":[\"https:\/\/jornaltimoneiro.com.br\/index.php\/2024\/02\/05\/governo-federal-deve-revisar-dados-de-7-milhoes-de-familias-no-bolsa-familia\/\"]}]},{\"@type\":\"BreadcrumbList\",\"@id\":\"https:\/\/jornaltimoneiro.com.br\/index.php\/2024\/02\/05\/governo-federal-deve-revisar-dados-de-7-milhoes-de-familias-no-bolsa-familia\/#breadcrumb\",\"itemListElement\":[{\"@type\":\"ListItem\",\"position\":1,\"name\":\"In\u00edcio\",\"item\":\"https:\/\/jornaltimoneiro.com.br\/\"},{\"@type\":\"ListItem\",\"position\":2,\"name\":\"Governo federal deve revisar dados de 7 milh\u00f5es de fam\u00edlias no Bolsa Fam\u00edlia\"}]},{\"@type\":\"WebSite\",\"@id\":\"https:\/\/jornaltimoneiro.com.br\/#website\",\"url\":\"https:\/\/jornaltimoneiro.com.br\/\",\"name\":\"Jornal Timoneiro Canoas RS\",\"description\":\"Jornal O Timoneiro, o verdadeiro jornal de Canoas\",\"publisher\":{\"@id\":\"https:\/\/jornaltimoneiro.com.br\/#organization\"},\"potentialAction\":[{\"@type\":\"SearchAction\",\"target\":{\"@type\":\"EntryPoint\",\"urlTemplate\":\"https:\/\/jornaltimoneiro.com.br\/?s={search_term_string}\"},\"query-input\":\"required name=search_term_string\"}],\"inLanguage\":\"pt-BR\"},{\"@type\":\"Organization\",\"@id\":\"https:\/\/jornaltimoneiro.com.br\/#organization\",\"name\":\"Jornal Timoneiro Canoas RS\",\"url\":\"https:\/\/jornaltimoneiro.com.br\/\",\"logo\":{\"@type\":\"ImageObject\",\"inLanguage\":\"pt-BR\",\"@id\":\"https:\/\/jornaltimoneiro.com.br\/#\/schema\/logo\/image\/\",\"url\":\"https:\/\/jornaltimoneiro.com.br\/wp-content\/uploads\/2023\/03\/logonovo.png\",\"contentUrl\":\"https:\/\/jornaltimoneiro.com.br\/wp-content\/uploads\/2023\/03\/logonovo.png\",\"width\":\"469\",\"height\":\"171\",\"caption\":\"Jornal Timoneiro Canoas RS\"},\"image\":{\"@id\":\"https:\/\/jornaltimoneiro.com.br\/#\/schema\/logo\/image\/\"},\"sameAs\":[\"https:\/\/www.facebook.com\/jornaltimoneiro\",\"https:\/\/twitter.com\/_OTimoneiro\",\"https:\/\/www.instagram.com\/jornaltimoneirocanoas\/\",\"https:\/\/www.youtube.com\/@jornalotimoneiro7927\"]},{\"@type\":\"Person\",\"@id\":\"https:\/\/jornaltimoneiro.com.br\/#\/schema\/person\/f63482f1a02b1a9592707865e509ab40\",\"name\":\"Reda\u00e7\u00e3o\",\"image\":{\"@type\":\"ImageObject\",\"inLanguage\":\"pt-BR\",\"@id\":\"https:\/\/jornaltimoneiro.com.br\/#\/schema\/person\/image\/\",\"url\":\"https:\/\/jornaltimoneiro.com.br\/wp-content\/uploads\/2023\/03\/download.jpeg\",\"contentUrl\":\"https:\/\/jornaltimoneiro.com.br\/wp-content\/uploads\/2023\/03\/download.jpeg\",\"caption\":\"Reda\u00e7\u00e3o\"},\"url\":\"https:\/\/jornaltimoneiro.com.br\/index.php\/author\/simone-dutra\/\"}]}<\/script>\n<!-- \/ Yoast SEO plugin. -->","yoast_head_json":{"title":"Governo federal deve revisar dados de 7 milh\u00f5es de fam\u00edlias no Bolsa Fam\u00edlia - O Timoneiro Jornal Canoas RS","description":"Ser\u00e3o analisadas informa\u00e7\u00f5es desatualizadas ou com inconsist\u00eancias na renda declarada. Apenas em 2023, 1,7 milh\u00e3o de pessoas foram removidas","robots":{"index":"index","follow":"follow","max-snippet":"max-snippet:-1","max-image-preview":"max-image-preview:large","max-video-preview":"max-video-preview:-1"},"canonical":"https:\/\/jornaltimoneiro.com.br\/index.php\/2024\/02\/05\/governo-federal-deve-revisar-dados-de-7-milhoes-de-familias-no-bolsa-familia\/","og_locale":"pt_BR","og_type":"article","og_title":"Governo federal deve revisar dados de 7 milh\u00f5es de fam\u00edlias no Bolsa Fam\u00edlia - O Timoneiro Jornal Canoas RS","og_description":"Ser\u00e3o analisadas informa\u00e7\u00f5es desatualizadas ou com inconsist\u00eancias na renda declarada. Apenas em 2023, 1,7 milh\u00e3o de pessoas foram removidas","og_url":"https:\/\/jornaltimoneiro.com.br\/index.php\/2024\/02\/05\/governo-federal-deve-revisar-dados-de-7-milhoes-de-familias-no-bolsa-familia\/","og_site_name":"O Timoneiro Jornal Canoas RS","article_publisher":"https:\/\/www.facebook.com\/jornaltimoneiro","article_published_time":"2024-02-05T17:57:02+00:00","article_modified_time":"2024-02-05T17:58:40+00:00","og_image":[{"width":888,"height":500,"url":"https:\/\/jornaltimoneiro.com.br\/wp-content\/uploads\/2024\/02\/104121749-a-partir-de-setembro-o-programa-bolsa-familia-so-podera-ter-16-de-cadastros-unipessoais-e.png","type":"image\/png"}],"author":"Reda\u00e7\u00e3o","twitter_card":"summary_large_image","twitter_creator":"@_OTimoneiro","twitter_site":"@_OTimoneiro","twitter_misc":{"Escrito por":"Reda\u00e7\u00e3o","Est. tempo de leitura":"2 minutos"},"schema":{"@context":"https:\/\/schema.org","@graph":[{"@type":"Article","@id":"https:\/\/jornaltimoneiro.com.br\/index.php\/2024\/02\/05\/governo-federal-deve-revisar-dados-de-7-milhoes-de-familias-no-bolsa-familia\/#article","isPartOf":{"@id":"https:\/\/jornaltimoneiro.com.br\/index.php\/2024\/02\/05\/governo-federal-deve-revisar-dados-de-7-milhoes-de-familias-no-bolsa-familia\/"},"author":{"name":"Reda\u00e7\u00e3o","@id":"https:\/\/jornaltimoneiro.com.br\/#\/schema\/person\/f63482f1a02b1a9592707865e509ab40"},"headline":"Governo federal deve revisar dados de 7 milh\u00f5es de fam\u00edlias no Bolsa Fam\u00edlia","datePublished":"2024-02-05T17:57:02+00:00","dateModified":"2024-02-05T17:58:40+00:00","mainEntityOfPage":{"@id":"https:\/\/jornaltimoneiro.com.br\/index.php\/2024\/02\/05\/governo-federal-deve-revisar-dados-de-7-milhoes-de-familias-no-bolsa-familia\/"},"wordCount":276,"commentCount":0,"publisher":{"@id":"https:\/\/jornaltimoneiro.com.br\/#organization"},"keywords":["Bolsa Fam\u00edlia","dados","revis\u00e3o"],"articleSection":["Pa\u00eds"],"inLanguage":"pt-BR","potentialAction":[{"@type":"CommentAction","name":"Comment","target":["https:\/\/jornaltimoneiro.com.br\/index.php\/2024\/02\/05\/governo-federal-deve-revisar-dados-de-7-milhoes-de-familias-no-bolsa-familia\/#respond"]}]},{"@type":"WebPage","@id":"https:\/\/jornaltimoneiro.com.br\/index.php\/2024\/02\/05\/governo-federal-deve-revisar-dados-de-7-milhoes-de-familias-no-bolsa-familia\/","url":"https:\/\/jornaltimoneiro.com.br\/index.php\/2024\/02\/05\/governo-federal-deve-revisar-dados-de-7-milhoes-de-familias-no-bolsa-familia\/","name":"Governo federal deve revisar dados de 7 milh\u00f5es de fam\u00edlias no Bolsa Fam\u00edlia - O Timoneiro Jornal Canoas RS","isPartOf":{"@id":"https:\/\/jornaltimoneiro.com.br\/#website"},"datePublished":"2024-02-05T17:57:02+00:00","dateModified":"2024-02-05T17:58:40+00:00","description":"Ser\u00e3o analisadas informa\u00e7\u00f5es desatualizadas ou com inconsist\u00eancias na renda declarada. Apenas em 2023, 1,7 milh\u00e3o de pessoas foram removidas","breadcrumb":{"@id":"https:\/\/jornaltimoneiro.com.br\/index.php\/2024\/02\/05\/governo-federal-deve-revisar-dados-de-7-milhoes-de-familias-no-bolsa-familia\/#breadcrumb"},"inLanguage":"pt-BR","potentialAction":[{"@type":"ReadAction","target":["https:\/\/jornaltimoneiro.com.br\/index.php\/2024\/02\/05\/governo-federal-deve-revisar-dados-de-7-milhoes-de-familias-no-bolsa-familia\/"]}]},{"@type":"BreadcrumbList","@id":"https:\/\/jornaltimoneiro.com.br\/index.php\/2024\/02\/05\/governo-federal-deve-revisar-dados-de-7-milhoes-de-familias-no-bolsa-familia\/#breadcrumb","itemListElement":[{"@type":"ListItem","position":1,"name":"In\u00edcio","item":"https:\/\/jornaltimoneiro.com.br\/"},{"@type":"ListItem","position":2,"name":"Governo federal deve revisar dados de 7 milh\u00f5es de fam\u00edlias no Bolsa Fam\u00edlia"}]},{"@type":"WebSite","@id":"https:\/\/jornaltimoneiro.com.br\/#website","url":"https:\/\/jornaltimoneiro.com.br\/","name":"Jornal Timoneiro Canoas RS","description":"Jornal O Timoneiro, o verdadeiro jornal de Canoas","publisher":{"@id":"https:\/\/jornaltimoneiro.com.br\/#organization"},"potentialAction":[{"@type":"SearchAction","target":{"@type":"EntryPoint","urlTemplate":"https:\/\/jornaltimoneiro.com.br\/?s={search_term_string}"},"query-input":"required name=search_term_string"}],"inLanguage":"pt-BR"},{"@type":"Organization","@id":"https:\/\/jornaltimoneiro.com.br\/#organization","name":"Jornal Timoneiro Canoas RS","url":"https:\/\/jornaltimoneiro.com.br\/","logo":{"@type":"ImageObject","inLanguage":"pt-BR","@id":"https:\/\/jornaltimoneiro.com.br\/#\/schema\/logo\/image\/","url":"https:\/\/jornaltimoneiro.com.br\/wp-content\/uploads\/2023\/03\/logonovo.png","contentUrl":"https:\/\/jornaltimoneiro.com.br\/wp-content\/uploads\/2023\/03\/logonovo.png","width":"469","height":"171","caption":"Jornal Timoneiro Canoas RS"},"image":{"@id":"https:\/\/jornaltimoneiro.com.br\/#\/schema\/logo\/image\/"},"sameAs":["https:\/\/www.facebook.com\/jornaltimoneiro","https:\/\/twitter.com\/_OTimoneiro","https:\/\/www.instagram.com\/jornaltimoneirocanoas\/","https:\/\/www.youtube.com\/@jornalotimoneiro7927"]},{"@type":"Person","@id":"https:\/\/jornaltimoneiro.com.br\/#\/schema\/person\/f63482f1a02b1a9592707865e509ab40","name":"Reda\u00e7\u00e3o","image":{"@type":"ImageObject","inLanguage":"pt-BR","@id":"https:\/\/jornaltimoneiro.com.br\/#\/schema\/person\/image\/","url":"https:\/\/jornaltimoneiro.com.br\/wp-content\/uploads\/2023\/03\/download.jpeg","contentUrl":"https:\/\/jornaltimoneiro.com.br\/wp-content\/uploads\/2023\/03\/download.jpeg","caption":"Reda\u00e7\u00e3o"},"url":"https:\/\/jornaltimoneiro.com.br\/index.php\/author\/simone-dutra\/"}]}},"_links":{"self":[{"href":"https:\/\/jornaltimoneiro.com.br\/index.php\/wp-json\/wp\/v2\/posts\/27178"}],"collection":[{"href":"https:\/\/jornaltimoneiro.com.br\/index.php\/wp-json\/wp\/v2\/posts"}],"about":[{"href":"https:\/\/jornaltimoneiro.com.br\/index.php\/wp-json\/wp\/v2\/types\/post"}],"author":[{"embeddable":true,"href":"https:\/\/jornaltimoneiro.com.br\/index.php\/wp-json\/wp\/v2\/users\/2"}],"replies":[{"embeddable":true,"href":"https:\/\/jornaltimoneiro.com.br\/index.php\/wp-json\/wp\/v2\/comments?post=27178"}],"version-history":[{"count":1,"href":"https:\/\/jornaltimoneiro.com.br\/index.php\/wp-json\/wp\/v2\/posts\/27178\/revisions"}],"predecessor-version":[{"id":27179,"href":"https:\/\/jornaltimoneiro.com.br\/index.php\/wp-json\/wp\/v2\/posts\/27178\/revisions\/27179"}],"wp:featuredmedia":[{"embeddable":true,"href":"https:\/\/jornaltimoneiro.com.br\/index.php\/wp-json\/wp\/v2\/media\/27180"}],"wp:attachment":[{"href":"https:\/\/jornaltimoneiro.com.br\/index.php\/wp-json\/wp\/v2\/media?parent=27178"}],"wp:term":[{"taxonomy":"category","embeddable":true,"href":"https:\/\/jornaltimoneiro.com.br\/index.php\/wp-json\/wp\/v2\/categories?post=27178"},{"taxonomy":"post_tag","embeddable":true,"href":"https:\/\/jornaltimoneiro.com.br\/index.php\/wp-json\/wp\/v2\/tags?post=27178"}],"curies":[{"name":"wp","href":"https:\/\/api.w.org\/{rel}","templated":true}]}}