{"id":27071,"date":"2024-01-30T20:06:22","date_gmt":"2024-01-30T23:06:22","guid":{"rendered":"https:\/\/jornaltimoneiro.com.br\/?p=27071"},"modified":"2024-01-30T20:06:22","modified_gmt":"2024-01-30T23:06:22","slug":"guarda-municipal-intensifica-seguranca-com-operacao-amanhecer-seguro","status":"publish","type":"post","link":"https:\/\/jornaltimoneiro.com.br\/index.php\/2024\/01\/30\/guarda-municipal-intensifica-seguranca-com-operacao-amanhecer-seguro\/","title":{"rendered":"Guarda Municipal intensifica seguran\u00e7a com Opera\u00e7\u00e3o Amanhecer Seguro"},"content":{"rendered":"<p>A Guarda Municipal segue com a\u00e7\u00f5es de seguran\u00e7a para o combate da criminalidade em Canoas. Na manh\u00e3 de segunda-feira, 29, ocorreu mais uma edi\u00e7\u00e3o da Opera\u00e7\u00e3o Amanhecer Seguro, das 5h at\u00e9 \u00e0s 7h. As equipes fizeram patrulhamentos nas esta\u00e7\u00f5es Mathias Velho e S\u00e3o Lu\u00eds, na passarela da Rua Domingos Martins com a Avenida Get\u00falio Vargas e no entorno. N\u00e3o foram registradas ocorr\u00eancias.<\/p>\n<p>O levantamento da opera\u00e7\u00e3o, realizada na \u00faltima semana, entre os dias 22 a 27 de janeiro, tamb\u00e9m n\u00e3o apresentou ocorr\u00eancias. As a\u00e7\u00f5es foram centralizadas nas esta\u00e7\u00f5es Petrobras, Canoas, F\u00e1tima e Niter\u00f3i, na Pra\u00e7a da Bandeira e no Cal\u00e7ad\u00e3o.<\/p>\n<p>A Opera\u00e7\u00e3o Amanhecer Seguro acontece de segunda a s\u00e1bado, durante as primeiras horas da manh\u00e3. A iniciativa ainda \u00e9 refor\u00e7ada pelo aux\u00edlio do relat\u00f3rio Mapas Semanais, desenvolvido pelo Observat\u00f3rio de Seguran\u00e7a P\u00fablica. Por meio destes dados, \u00e9 poss\u00edvel identificar geograficamente as incid\u00eancias, o perfil e as caracter\u00edsticas, a fim de desenvolver as a\u00e7\u00f5es.<\/p>\n","protected":false},"excerpt":{"rendered":"<p>A Guarda Municipal segue com a\u00e7\u00f5es de seguran\u00e7a para o combate da criminalidade em Canoas. Na manh\u00e3 de segunda-feira, 29, ocorreu mais uma edi\u00e7\u00e3o da Opera\u00e7\u00e3o Amanhecer Seguro, das 5h at\u00e9 \u00e0s 7h. As equipes fizeram patrulhamentos nas esta\u00e7\u00f5es Mathias Velho e S\u00e3o Lu\u00eds, na passarela da Rua Domingos Martins com a Avenida Get\u00falio Vargas [&hellip;]<\/p>\n","protected":false},"author":2,"featured_media":27072,"comment_status":"open","ping_status":"open","sticky":false,"template":"","format":"standard","meta":{"amp_status":"","footnotes":""},"categories":[23],"tags":[1864,1555,103],"class_list":["post-27071","post","type-post","status-publish","format-standard","has-post-thumbnail","hentry","category-geral","tag-amanhecer","tag-guarda-municipal","tag-seguranca-publica"],"yoast_head":"<!-- This site is optimized with the Yoast SEO plugin v20.5 - https:\/\/yoast.com\/wordpress\/plugins\/seo\/ -->\n<title>Guarda Municipal intensifica seguran\u00e7a com Opera\u00e7\u00e3o Amanhecer Seguro - O Timoneiro Jornal Canoas RS<\/title>\n<meta name=\"description\" content=\"A iniciativa \u00e9 refor\u00e7ada pelo aux\u00edlio do relat\u00f3rio Mapas Semanais, desenvolvido pelo Observat\u00f3rio de Seguran\u00e7a P\u00fablica\" \/>\n<meta name=\"robots\" content=\"index, follow, max-snippet:-1, max-image-preview:large, max-video-preview:-1\" \/>\n<link rel=\"canonical\" href=\"https:\/\/jornaltimoneiro.com.br\/index.php\/2024\/01\/30\/guarda-municipal-intensifica-seguranca-com-operacao-amanhecer-seguro\/\" \/>\n<meta property=\"og:locale\" content=\"pt_BR\" \/>\n<meta property=\"og:type\" content=\"article\" \/>\n<meta property=\"og:title\" content=\"Guarda Municipal intensifica seguran\u00e7a com Opera\u00e7\u00e3o Amanhecer Seguro - O Timoneiro Jornal Canoas RS\" \/>\n<meta property=\"og:description\" content=\"A iniciativa \u00e9 refor\u00e7ada pelo aux\u00edlio do relat\u00f3rio Mapas Semanais, desenvolvido pelo Observat\u00f3rio de Seguran\u00e7a P\u00fablica\" \/>\n<meta property=\"og:url\" content=\"https:\/\/jornaltimoneiro.com.br\/index.php\/2024\/01\/30\/guarda-municipal-intensifica-seguranca-com-operacao-amanhecer-seguro\/\" \/>\n<meta property=\"og:site_name\" content=\"O Timoneiro Jornal Canoas RS\" \/>\n<meta property=\"article:publisher\" content=\"https:\/\/www.facebook.com\/jornaltimoneiro\" \/>\n<meta property=\"article:published_time\" content=\"2024-01-30T23:06:22+00:00\" \/>\n<meta property=\"og:image\" content=\"https:\/\/jornaltimoneiro.com.br\/wp-content\/uploads\/2024\/01\/Foto-guarda.jpg\" \/>\n\t<meta property=\"og:image:width\" content=\"1600\" \/>\n\t<meta property=\"og:image:height\" content=\"900\" \/>\n\t<meta property=\"og:image:type\" content=\"image\/jpeg\" \/>\n<meta name=\"author\" content=\"Reda\u00e7\u00e3o\" \/>\n<meta name=\"twitter:card\" content=\"summary_large_image\" \/>\n<meta name=\"twitter:creator\" content=\"@_OTimoneiro\" \/>\n<meta name=\"twitter:site\" content=\"@_OTimoneiro\" \/>\n<meta name=\"twitter:label1\" content=\"Escrito por\" \/>\n\t<meta name=\"twitter:data1\" content=\"Reda\u00e7\u00e3o\" \/>\n\t<meta name=\"twitter:label2\" content=\"Est. tempo de leitura\" \/>\n\t<meta name=\"twitter:data2\" content=\"1 minuto\" \/>\n<script type=\"application\/ld+json\" class=\"yoast-schema-graph\">{\"@context\":\"https:\/\/schema.org\",\"@graph\":[{\"@type\":\"Article\",\"@id\":\"https:\/\/jornaltimoneiro.com.br\/index.php\/2024\/01\/30\/guarda-municipal-intensifica-seguranca-com-operacao-amanhecer-seguro\/#article\",\"isPartOf\":{\"@id\":\"https:\/\/jornaltimoneiro.com.br\/index.php\/2024\/01\/30\/guarda-municipal-intensifica-seguranca-com-operacao-amanhecer-seguro\/\"},\"author\":{\"name\":\"Reda\u00e7\u00e3o\",\"@id\":\"https:\/\/jornaltimoneiro.com.br\/#\/schema\/person\/f63482f1a02b1a9592707865e509ab40\"},\"headline\":\"Guarda Municipal intensifica seguran\u00e7a com Opera\u00e7\u00e3o Amanhecer Seguro\",\"datePublished\":\"2024-01-30T23:06:22+00:00\",\"dateModified\":\"2024-01-30T23:06:22+00:00\",\"mainEntityOfPage\":{\"@id\":\"https:\/\/jornaltimoneiro.com.br\/index.php\/2024\/01\/30\/guarda-municipal-intensifica-seguranca-com-operacao-amanhecer-seguro\/\"},\"wordCount\":191,\"commentCount\":0,\"publisher\":{\"@id\":\"https:\/\/jornaltimoneiro.com.br\/#organization\"},\"keywords\":[\"amanhecer\",\"Guarda Municipal\",\"seguran\u00e7a p\u00fablica\"],\"articleSection\":[\"Geral\"],\"inLanguage\":\"pt-BR\",\"potentialAction\":[{\"@type\":\"CommentAction\",\"name\":\"Comment\",\"target\":[\"https:\/\/jornaltimoneiro.com.br\/index.php\/2024\/01\/30\/guarda-municipal-intensifica-seguranca-com-operacao-amanhecer-seguro\/#respond\"]}]},{\"@type\":\"WebPage\",\"@id\":\"https:\/\/jornaltimoneiro.com.br\/index.php\/2024\/01\/30\/guarda-municipal-intensifica-seguranca-com-operacao-amanhecer-seguro\/\",\"url\":\"https:\/\/jornaltimoneiro.com.br\/index.php\/2024\/01\/30\/guarda-municipal-intensifica-seguranca-com-operacao-amanhecer-seguro\/\",\"name\":\"Guarda Municipal intensifica seguran\u00e7a com Opera\u00e7\u00e3o Amanhecer Seguro - O Timoneiro Jornal Canoas RS\",\"isPartOf\":{\"@id\":\"https:\/\/jornaltimoneiro.com.br\/#website\"},\"datePublished\":\"2024-01-30T23:06:22+00:00\",\"dateModified\":\"2024-01-30T23:06:22+00:00\",\"description\":\"A iniciativa \u00e9 refor\u00e7ada pelo aux\u00edlio do relat\u00f3rio Mapas Semanais, desenvolvido pelo Observat\u00f3rio de Seguran\u00e7a P\u00fablica\",\"breadcrumb\":{\"@id\":\"https:\/\/jornaltimoneiro.com.br\/index.php\/2024\/01\/30\/guarda-municipal-intensifica-seguranca-com-operacao-amanhecer-seguro\/#breadcrumb\"},\"inLanguage\":\"pt-BR\",\"potentialAction\":[{\"@type\":\"ReadAction\",\"target\":[\"https:\/\/jornaltimoneiro.com.br\/index.php\/2024\/01\/30\/guarda-municipal-intensifica-seguranca-com-operacao-amanhecer-seguro\/\"]}]},{\"@type\":\"BreadcrumbList\",\"@id\":\"https:\/\/jornaltimoneiro.com.br\/index.php\/2024\/01\/30\/guarda-municipal-intensifica-seguranca-com-operacao-amanhecer-seguro\/#breadcrumb\",\"itemListElement\":[{\"@type\":\"ListItem\",\"position\":1,\"name\":\"In\u00edcio\",\"item\":\"https:\/\/jornaltimoneiro.com.br\/\"},{\"@type\":\"ListItem\",\"position\":2,\"name\":\"Guarda Municipal intensifica seguran\u00e7a com Opera\u00e7\u00e3o Amanhecer Seguro\"}]},{\"@type\":\"WebSite\",\"@id\":\"https:\/\/jornaltimoneiro.com.br\/#website\",\"url\":\"https:\/\/jornaltimoneiro.com.br\/\",\"name\":\"Jornal Timoneiro Canoas RS\",\"description\":\"Jornal O Timoneiro, o verdadeiro jornal de Canoas\",\"publisher\":{\"@id\":\"https:\/\/jornaltimoneiro.com.br\/#organization\"},\"potentialAction\":[{\"@type\":\"SearchAction\",\"target\":{\"@type\":\"EntryPoint\",\"urlTemplate\":\"https:\/\/jornaltimoneiro.com.br\/?s={search_term_string}\"},\"query-input\":\"required name=search_term_string\"}],\"inLanguage\":\"pt-BR\"},{\"@type\":\"Organization\",\"@id\":\"https:\/\/jornaltimoneiro.com.br\/#organization\",\"name\":\"Jornal Timoneiro Canoas RS\",\"url\":\"https:\/\/jornaltimoneiro.com.br\/\",\"logo\":{\"@type\":\"ImageObject\",\"inLanguage\":\"pt-BR\",\"@id\":\"https:\/\/jornaltimoneiro.com.br\/#\/schema\/logo\/image\/\",\"url\":\"https:\/\/jornaltimoneiro.com.br\/wp-content\/uploads\/2023\/03\/logonovo.png\",\"contentUrl\":\"https:\/\/jornaltimoneiro.com.br\/wp-content\/uploads\/2023\/03\/logonovo.png\",\"width\":\"469\",\"height\":\"171\",\"caption\":\"Jornal Timoneiro Canoas RS\"},\"image\":{\"@id\":\"https:\/\/jornaltimoneiro.com.br\/#\/schema\/logo\/image\/\"},\"sameAs\":[\"https:\/\/www.facebook.com\/jornaltimoneiro\",\"https:\/\/twitter.com\/_OTimoneiro\",\"https:\/\/www.instagram.com\/jornaltimoneirocanoas\/\",\"https:\/\/www.youtube.com\/@jornalotimoneiro7927\"]},{\"@type\":\"Person\",\"@id\":\"https:\/\/jornaltimoneiro.com.br\/#\/schema\/person\/f63482f1a02b1a9592707865e509ab40\",\"name\":\"Reda\u00e7\u00e3o\",\"image\":{\"@type\":\"ImageObject\",\"inLanguage\":\"pt-BR\",\"@id\":\"https:\/\/jornaltimoneiro.com.br\/#\/schema\/person\/image\/\",\"url\":\"https:\/\/jornaltimoneiro.com.br\/wp-content\/uploads\/2023\/03\/download.jpeg\",\"contentUrl\":\"https:\/\/jornaltimoneiro.com.br\/wp-content\/uploads\/2023\/03\/download.jpeg\",\"caption\":\"Reda\u00e7\u00e3o\"},\"url\":\"https:\/\/jornaltimoneiro.com.br\/index.php\/author\/simone-dutra\/\"}]}<\/script>\n<!-- \/ Yoast SEO plugin. -->","yoast_head_json":{"title":"Guarda Municipal intensifica seguran\u00e7a com Opera\u00e7\u00e3o Amanhecer Seguro - O Timoneiro Jornal Canoas RS","description":"A iniciativa \u00e9 refor\u00e7ada pelo aux\u00edlio do relat\u00f3rio Mapas Semanais, desenvolvido pelo Observat\u00f3rio de Seguran\u00e7a P\u00fablica","robots":{"index":"index","follow":"follow","max-snippet":"max-snippet:-1","max-image-preview":"max-image-preview:large","max-video-preview":"max-video-preview:-1"},"canonical":"https:\/\/jornaltimoneiro.com.br\/index.php\/2024\/01\/30\/guarda-municipal-intensifica-seguranca-com-operacao-amanhecer-seguro\/","og_locale":"pt_BR","og_type":"article","og_title":"Guarda Municipal intensifica seguran\u00e7a com Opera\u00e7\u00e3o Amanhecer Seguro - O Timoneiro Jornal Canoas RS","og_description":"A iniciativa \u00e9 refor\u00e7ada pelo aux\u00edlio do relat\u00f3rio Mapas Semanais, desenvolvido pelo Observat\u00f3rio de Seguran\u00e7a P\u00fablica","og_url":"https:\/\/jornaltimoneiro.com.br\/index.php\/2024\/01\/30\/guarda-municipal-intensifica-seguranca-com-operacao-amanhecer-seguro\/","og_site_name":"O Timoneiro Jornal Canoas RS","article_publisher":"https:\/\/www.facebook.com\/jornaltimoneiro","article_published_time":"2024-01-30T23:06:22+00:00","og_image":[{"width":"1600","height":"900","url":"https:\/\/jornaltimoneiro.com.br\/wp-content\/uploads\/2024\/01\/Foto-guarda.jpg","type":"image\/jpeg"}],"author":"Reda\u00e7\u00e3o","twitter_card":"summary_large_image","twitter_creator":"@_OTimoneiro","twitter_site":"@_OTimoneiro","twitter_misc":{"Escrito por":"Reda\u00e7\u00e3o","Est. tempo de leitura":"1 minuto"},"schema":{"@context":"https:\/\/schema.org","@graph":[{"@type":"Article","@id":"https:\/\/jornaltimoneiro.com.br\/index.php\/2024\/01\/30\/guarda-municipal-intensifica-seguranca-com-operacao-amanhecer-seguro\/#article","isPartOf":{"@id":"https:\/\/jornaltimoneiro.com.br\/index.php\/2024\/01\/30\/guarda-municipal-intensifica-seguranca-com-operacao-amanhecer-seguro\/"},"author":{"name":"Reda\u00e7\u00e3o","@id":"https:\/\/jornaltimoneiro.com.br\/#\/schema\/person\/f63482f1a02b1a9592707865e509ab40"},"headline":"Guarda Municipal intensifica seguran\u00e7a com Opera\u00e7\u00e3o Amanhecer Seguro","datePublished":"2024-01-30T23:06:22+00:00","dateModified":"2024-01-30T23:06:22+00:00","mainEntityOfPage":{"@id":"https:\/\/jornaltimoneiro.com.br\/index.php\/2024\/01\/30\/guarda-municipal-intensifica-seguranca-com-operacao-amanhecer-seguro\/"},"wordCount":191,"commentCount":0,"publisher":{"@id":"https:\/\/jornaltimoneiro.com.br\/#organization"},"keywords":["amanhecer","Guarda Municipal","seguran\u00e7a p\u00fablica"],"articleSection":["Geral"],"inLanguage":"pt-BR","potentialAction":[{"@type":"CommentAction","name":"Comment","target":["https:\/\/jornaltimoneiro.com.br\/index.php\/2024\/01\/30\/guarda-municipal-intensifica-seguranca-com-operacao-amanhecer-seguro\/#respond"]}]},{"@type":"WebPage","@id":"https:\/\/jornaltimoneiro.com.br\/index.php\/2024\/01\/30\/guarda-municipal-intensifica-seguranca-com-operacao-amanhecer-seguro\/","url":"https:\/\/jornaltimoneiro.com.br\/index.php\/2024\/01\/30\/guarda-municipal-intensifica-seguranca-com-operacao-amanhecer-seguro\/","name":"Guarda Municipal intensifica seguran\u00e7a com Opera\u00e7\u00e3o Amanhecer Seguro - O Timoneiro Jornal Canoas RS","isPartOf":{"@id":"https:\/\/jornaltimoneiro.com.br\/#website"},"datePublished":"2024-01-30T23:06:22+00:00","dateModified":"2024-01-30T23:06:22+00:00","description":"A iniciativa \u00e9 refor\u00e7ada pelo aux\u00edlio do relat\u00f3rio Mapas Semanais, desenvolvido pelo Observat\u00f3rio de Seguran\u00e7a P\u00fablica","breadcrumb":{"@id":"https:\/\/jornaltimoneiro.com.br\/index.php\/2024\/01\/30\/guarda-municipal-intensifica-seguranca-com-operacao-amanhecer-seguro\/#breadcrumb"},"inLanguage":"pt-BR","potentialAction":[{"@type":"ReadAction","target":["https:\/\/jornaltimoneiro.com.br\/index.php\/2024\/01\/30\/guarda-municipal-intensifica-seguranca-com-operacao-amanhecer-seguro\/"]}]},{"@type":"BreadcrumbList","@id":"https:\/\/jornaltimoneiro.com.br\/index.php\/2024\/01\/30\/guarda-municipal-intensifica-seguranca-com-operacao-amanhecer-seguro\/#breadcrumb","itemListElement":[{"@type":"ListItem","position":1,"name":"In\u00edcio","item":"https:\/\/jornaltimoneiro.com.br\/"},{"@type":"ListItem","position":2,"name":"Guarda Municipal intensifica seguran\u00e7a com Opera\u00e7\u00e3o Amanhecer Seguro"}]},{"@type":"WebSite","@id":"https:\/\/jornaltimoneiro.com.br\/#website","url":"https:\/\/jornaltimoneiro.com.br\/","name":"Jornal Timoneiro Canoas RS","description":"Jornal O Timoneiro, o verdadeiro jornal de Canoas","publisher":{"@id":"https:\/\/jornaltimoneiro.com.br\/#organization"},"potentialAction":[{"@type":"SearchAction","target":{"@type":"EntryPoint","urlTemplate":"https:\/\/jornaltimoneiro.com.br\/?s={search_term_string}"},"query-input":"required name=search_term_string"}],"inLanguage":"pt-BR"},{"@type":"Organization","@id":"https:\/\/jornaltimoneiro.com.br\/#organization","name":"Jornal Timoneiro Canoas RS","url":"https:\/\/jornaltimoneiro.com.br\/","logo":{"@type":"ImageObject","inLanguage":"pt-BR","@id":"https:\/\/jornaltimoneiro.com.br\/#\/schema\/logo\/image\/","url":"https:\/\/jornaltimoneiro.com.br\/wp-content\/uploads\/2023\/03\/logonovo.png","contentUrl":"https:\/\/jornaltimoneiro.com.br\/wp-content\/uploads\/2023\/03\/logonovo.png","width":"469","height":"171","caption":"Jornal Timoneiro Canoas RS"},"image":{"@id":"https:\/\/jornaltimoneiro.com.br\/#\/schema\/logo\/image\/"},"sameAs":["https:\/\/www.facebook.com\/jornaltimoneiro","https:\/\/twitter.com\/_OTimoneiro","https:\/\/www.instagram.com\/jornaltimoneirocanoas\/","https:\/\/www.youtube.com\/@jornalotimoneiro7927"]},{"@type":"Person","@id":"https:\/\/jornaltimoneiro.com.br\/#\/schema\/person\/f63482f1a02b1a9592707865e509ab40","name":"Reda\u00e7\u00e3o","image":{"@type":"ImageObject","inLanguage":"pt-BR","@id":"https:\/\/jornaltimoneiro.com.br\/#\/schema\/person\/image\/","url":"https:\/\/jornaltimoneiro.com.br\/wp-content\/uploads\/2023\/03\/download.jpeg","contentUrl":"https:\/\/jornaltimoneiro.com.br\/wp-content\/uploads\/2023\/03\/download.jpeg","caption":"Reda\u00e7\u00e3o"},"url":"https:\/\/jornaltimoneiro.com.br\/index.php\/author\/simone-dutra\/"}]}},"_links":{"self":[{"href":"https:\/\/jornaltimoneiro.com.br\/index.php\/wp-json\/wp\/v2\/posts\/27071"}],"collection":[{"href":"https:\/\/jornaltimoneiro.com.br\/index.php\/wp-json\/wp\/v2\/posts"}],"about":[{"href":"https:\/\/jornaltimoneiro.com.br\/index.php\/wp-json\/wp\/v2\/types\/post"}],"author":[{"embeddable":true,"href":"https:\/\/jornaltimoneiro.com.br\/index.php\/wp-json\/wp\/v2\/users\/2"}],"replies":[{"embeddable":true,"href":"https:\/\/jornaltimoneiro.com.br\/index.php\/wp-json\/wp\/v2\/comments?post=27071"}],"version-history":[{"count":1,"href":"https:\/\/jornaltimoneiro.com.br\/index.php\/wp-json\/wp\/v2\/posts\/27071\/revisions"}],"predecessor-version":[{"id":27073,"href":"https:\/\/jornaltimoneiro.com.br\/index.php\/wp-json\/wp\/v2\/posts\/27071\/revisions\/27073"}],"wp:featuredmedia":[{"embeddable":true,"href":"https:\/\/jornaltimoneiro.com.br\/index.php\/wp-json\/wp\/v2\/media\/27072"}],"wp:attachment":[{"href":"https:\/\/jornaltimoneiro.com.br\/index.php\/wp-json\/wp\/v2\/media?parent=27071"}],"wp:term":[{"taxonomy":"category","embeddable":true,"href":"https:\/\/jornaltimoneiro.com.br\/index.php\/wp-json\/wp\/v2\/categories?post=27071"},{"taxonomy":"post_tag","embeddable":true,"href":"https:\/\/jornaltimoneiro.com.br\/index.php\/wp-json\/wp\/v2\/tags?post=27071"}],"curies":[{"name":"wp","href":"https:\/\/api.w.org\/{rel}","templated":true}]}}