{"id":2697,"date":"2016-02-10T17:44:00","date_gmt":"2016-02-10T19:44:00","guid":{"rendered":"http:\/\/otimoneiro.com.br\/?p=2697"},"modified":"2016-02-10T17:44:00","modified_gmt":"2016-02-10T19:44:00","slug":"opiniao-esse-e-outros-carnavais","status":"publish","type":"post","link":"https:\/\/jornaltimoneiro.com.br\/index.php\/2016\/02\/10\/opiniao-esse-e-outros-carnavais\/","title":{"rendered":"Opini\u00e3o: Esse e outros carnavais"},"content":{"rendered":"<p><a href=\"http:\/\/otimoneiro.com.br\/wp-content\/uploads\/2016\/02\/si2.jpg\"><img decoding=\"async\" class=\"  wp-image-2698 alignnone\" src=\"http:\/\/otimoneiro.com.br\/wp-content\/uploads\/2016\/02\/si2.jpg\" alt=\"si2\" width=\"492\" height=\"390\" \/><\/a><\/p>\n<p>Meus amigos e eu nos vemos preocupados com as mudan\u00e7as clim\u00e1ticas, as enchentes e os desabrigados por ela, mis\u00e9ria em in\u00fameros aspectos colonizando tantos lugares antes aparentemente seguros. \u00c9ramos jovens demais para entender que a humanidade est\u00e1 afundando dentro de nosso \u201cpote de ouro cheio de sucrilhos\u201d. A ficha caiu e nossa esperan\u00e7a com os novos tempos vai indo junto, apesar de muito ativismo.<\/p>\n<p>Uma tempestade nos pegou de surpresa e devastou Porto Alegre uma semana antes do feriad\u00e3o. Na mesma semana, Canoas estava debaixo d\u2019\u00e1gua. Mas n\u00e3o \u00e9 s\u00f3 isto.<\/p>\n<p>Eu poderia usar aquela velha frase musicada \u201cent\u00e3o \u00e9 natal&#8230;\u201d, ou qualquer outra que justificasse uma amn\u00e9sia providencial e a farra desenfreada, a pouca vergonha nos longos recessos no congresso e demais \u00e2mbitos da pol\u00edtica. Afinal, gente&#8230; \u00e9 carnaval e tudo deve parar, afinal, o pobre tem que se divertir um pouco, os ricos j\u00e1 fazem isso o ano inteiro.<\/p>\n<p>Li um artigo que dizia que as datas festivas no Brasil salvam o povo de literalmente enlouquecer e eu gostaria de dizer que n\u00e3o somente endosso como estendo a demais pa\u00edses mal governados como o nosso.<\/p>\n<p>Ter prazer em levantar todos os dias e ir para o seu trabalho \u00e9 um luxo que apenas 10% da popula\u00e7\u00e3o tem. Quem teve o azar de n\u00e3o ter pais ricos sua, literalmente, diariamente, desde que nasceu. Mas sempre haver\u00e1 aquela pessoa que \u201cse safou\u201d de ser um bandido, ou de ficar apenas reclamando da rotina, que servir\u00e1 de bom exemplo para a classe m\u00e9dia de como \u00e9 poss\u00edvel ser honesto e feliz com pouco. \u201cViu, \u00e9 s\u00f3 se esfor\u00e7ar! Ah! Voc\u00ea, da periferia, trabalhe o ano todo para construir nossas fantasias, ensaiar na bateria da escola de samba e fazer do desfile na Sapuca\u00ed o maior evento de carnaval do mundo. Mas voc\u00ea n\u00e3o poder\u00e1 levar sua fam\u00edlia para lhe assistir, pois esse evento \u00e9 para os ricos, ok?\u201d.<\/p>\n<p>Falam por a\u00ed que \u00e9 f\u00e1cil se tornar algu\u00e9m de bem e fico questionando que tipo de conceito a classe dominante (a burguesia) tem a respeito da corrup\u00e7\u00e3o. Eu fico buscando respostas para essa esp\u00e9cie de raz\u00e3o que inverte tudo e n\u00e3o \u00e9 capaz de ter empatia.<\/p>\n<p>Este ano nossa Capital n\u00e3o teve blocos de rua. Ficou estranho o bairro bo\u00eamio da cidade quase vazio, num constrangedor sil\u00eancio, um luto por tudo de ruim que vem acontecendo com o planeta, com a falta de seguran\u00e7a nas ruas, com a roubalheira, com tantas mentiras, v\u00edrus e desamor.<\/p>\n<p>Em momentos marcantes do calend\u00e1rio e de euforia coletiva, eu costumo mergulhar em mim para decifrar que felicidade \u00e9 esta que eu \u201cdeveria\u201d sentir, mas que sempre d\u00e1 espa\u00e7o \u00e0 frustra\u00e7\u00e3o por tamanha desigualdade e \u00e0 triste realidade de que de fato n\u00e3o temos o que comemorar. Eu ando s\u00f3 com os meus pensamentos. Me resta o sil\u00eancio e a reflex\u00e3o.<\/p>\n<p>Esses desfiles a\u00ed que mostram na televis\u00e3o \u00e9 show ensaiado, embalado pelo capital e para poucos. \u00c9 bonito e distrai. Mas festa mesmo \u00e9 coisa bem diferente.<\/p>\n","protected":false},"excerpt":{"rendered":"<p>Meus amigos e eu nos vemos preocupados com as mudan\u00e7as clim\u00e1ticas, as enchentes e os desabrigados por ela, mis\u00e9ria em in\u00fameros aspectos colonizando tantos lugares antes aparentemente seguros. \u00c9ramos jovens demais para entender que a humanidade est\u00e1 afundando dentro de nosso \u201cpote de ouro cheio de sucrilhos\u201d. A ficha caiu e nossa esperan\u00e7a com os [&hellip;]<\/p>\n","protected":false},"author":1,"featured_media":0,"comment_status":"open","ping_status":"open","sticky":false,"template":"","format":"standard","meta":{"amp_status":"","footnotes":""},"categories":[19,21],"tags":[],"class_list":["post-2697","post","type-post","status-publish","format-standard","hentry","category-destaques","category-opiniao"],"yoast_head":"<!-- This site is optimized with the Yoast SEO plugin v20.5 - https:\/\/yoast.com\/wordpress\/plugins\/seo\/ -->\n<title>Opini\u00e3o: Esse e outros carnavais - O Timoneiro Jornal Canoas RS<\/title>\n<meta name=\"robots\" content=\"index, follow, max-snippet:-1, max-image-preview:large, max-video-preview:-1\" \/>\n<link rel=\"canonical\" href=\"https:\/\/jornaltimoneiro.com.br\/index.php\/2016\/02\/10\/opiniao-esse-e-outros-carnavais\/\" \/>\n<meta property=\"og:locale\" content=\"pt_BR\" \/>\n<meta property=\"og:type\" content=\"article\" \/>\n<meta property=\"og:title\" content=\"Opini\u00e3o: Esse e outros carnavais - O Timoneiro Jornal Canoas RS\" \/>\n<meta property=\"og:description\" content=\"Meus amigos e eu nos vemos preocupados com as mudan\u00e7as clim\u00e1ticas, as enchentes e os desabrigados por ela, mis\u00e9ria em in\u00fameros aspectos colonizando tantos lugares antes aparentemente seguros. \u00c9ramos jovens demais para entender que a humanidade est\u00e1 afundando dentro de nosso \u201cpote de ouro cheio de sucrilhos\u201d. A ficha caiu e nossa esperan\u00e7a com os [&hellip;]\" \/>\n<meta property=\"og:url\" content=\"https:\/\/jornaltimoneiro.com.br\/index.php\/2016\/02\/10\/opiniao-esse-e-outros-carnavais\/\" \/>\n<meta property=\"og:site_name\" content=\"O Timoneiro Jornal Canoas RS\" \/>\n<meta property=\"article:publisher\" content=\"https:\/\/www.facebook.com\/jornaltimoneiro\" \/>\n<meta property=\"article:published_time\" content=\"2016-02-10T19:44:00+00:00\" \/>\n<meta property=\"og:image\" content=\"http:\/\/otimoneiro.com.br\/wp-content\/uploads\/2016\/02\/si2.jpg\" \/>\n<meta name=\"author\" content=\"Reda\u00e7\u00e3o\" \/>\n<meta name=\"twitter:card\" content=\"summary_large_image\" \/>\n<meta name=\"twitter:creator\" content=\"@_OTimoneiro\" \/>\n<meta name=\"twitter:site\" content=\"@_OTimoneiro\" \/>\n<meta name=\"twitter:label1\" content=\"Escrito por\" \/>\n\t<meta name=\"twitter:data1\" content=\"Reda\u00e7\u00e3o\" \/>\n\t<meta name=\"twitter:label2\" content=\"Est. tempo de leitura\" \/>\n\t<meta name=\"twitter:data2\" content=\"3 minutos\" \/>\n<script type=\"application\/ld+json\" class=\"yoast-schema-graph\">{\"@context\":\"https:\/\/schema.org\",\"@graph\":[{\"@type\":\"Article\",\"@id\":\"https:\/\/jornaltimoneiro.com.br\/index.php\/2016\/02\/10\/opiniao-esse-e-outros-carnavais\/#article\",\"isPartOf\":{\"@id\":\"https:\/\/jornaltimoneiro.com.br\/index.php\/2016\/02\/10\/opiniao-esse-e-outros-carnavais\/\"},\"author\":{\"name\":\"Reda\u00e7\u00e3o\",\"@id\":\"https:\/\/jornaltimoneiro.com.br\/#\/schema\/person\/620efd1d8244466117482be494360b08\"},\"headline\":\"Opini\u00e3o: Esse e outros carnavais\",\"datePublished\":\"2016-02-10T19:44:00+00:00\",\"dateModified\":\"2016-02-10T19:44:00+00:00\",\"mainEntityOfPage\":{\"@id\":\"https:\/\/jornaltimoneiro.com.br\/index.php\/2016\/02\/10\/opiniao-esse-e-outros-carnavais\/\"},\"wordCount\":529,\"commentCount\":0,\"publisher\":{\"@id\":\"https:\/\/jornaltimoneiro.com.br\/#organization\"},\"articleSection\":[\"Destaques\",\"Opini\u00e3o\"],\"inLanguage\":\"pt-BR\",\"potentialAction\":[{\"@type\":\"CommentAction\",\"name\":\"Comment\",\"target\":[\"https:\/\/jornaltimoneiro.com.br\/index.php\/2016\/02\/10\/opiniao-esse-e-outros-carnavais\/#respond\"]}]},{\"@type\":\"WebPage\",\"@id\":\"https:\/\/jornaltimoneiro.com.br\/index.php\/2016\/02\/10\/opiniao-esse-e-outros-carnavais\/\",\"url\":\"https:\/\/jornaltimoneiro.com.br\/index.php\/2016\/02\/10\/opiniao-esse-e-outros-carnavais\/\",\"name\":\"Opini\u00e3o: Esse e outros carnavais - O Timoneiro Jornal Canoas RS\",\"isPartOf\":{\"@id\":\"https:\/\/jornaltimoneiro.com.br\/#website\"},\"datePublished\":\"2016-02-10T19:44:00+00:00\",\"dateModified\":\"2016-02-10T19:44:00+00:00\",\"breadcrumb\":{\"@id\":\"https:\/\/jornaltimoneiro.com.br\/index.php\/2016\/02\/10\/opiniao-esse-e-outros-carnavais\/#breadcrumb\"},\"inLanguage\":\"pt-BR\",\"potentialAction\":[{\"@type\":\"ReadAction\",\"target\":[\"https:\/\/jornaltimoneiro.com.br\/index.php\/2016\/02\/10\/opiniao-esse-e-outros-carnavais\/\"]}]},{\"@type\":\"BreadcrumbList\",\"@id\":\"https:\/\/jornaltimoneiro.com.br\/index.php\/2016\/02\/10\/opiniao-esse-e-outros-carnavais\/#breadcrumb\",\"itemListElement\":[{\"@type\":\"ListItem\",\"position\":1,\"name\":\"In\u00edcio\",\"item\":\"https:\/\/jornaltimoneiro.com.br\/\"},{\"@type\":\"ListItem\",\"position\":2,\"name\":\"Opini\u00e3o: Esse e outros carnavais\"}]},{\"@type\":\"WebSite\",\"@id\":\"https:\/\/jornaltimoneiro.com.br\/#website\",\"url\":\"https:\/\/jornaltimoneiro.com.br\/\",\"name\":\"Jornal Timoneiro Canoas RS\",\"description\":\"Jornal O Timoneiro, o verdadeiro jornal de Canoas\",\"publisher\":{\"@id\":\"https:\/\/jornaltimoneiro.com.br\/#organization\"},\"potentialAction\":[{\"@type\":\"SearchAction\",\"target\":{\"@type\":\"EntryPoint\",\"urlTemplate\":\"https:\/\/jornaltimoneiro.com.br\/?s={search_term_string}\"},\"query-input\":\"required name=search_term_string\"}],\"inLanguage\":\"pt-BR\"},{\"@type\":\"Organization\",\"@id\":\"https:\/\/jornaltimoneiro.com.br\/#organization\",\"name\":\"Jornal Timoneiro Canoas RS\",\"url\":\"https:\/\/jornaltimoneiro.com.br\/\",\"logo\":{\"@type\":\"ImageObject\",\"inLanguage\":\"pt-BR\",\"@id\":\"https:\/\/jornaltimoneiro.com.br\/#\/schema\/logo\/image\/\",\"url\":\"https:\/\/jornaltimoneiro.com.br\/wp-content\/uploads\/2023\/03\/logonovo.png\",\"contentUrl\":\"https:\/\/jornaltimoneiro.com.br\/wp-content\/uploads\/2023\/03\/logonovo.png\",\"width\":\"469\",\"height\":\"171\",\"caption\":\"Jornal Timoneiro Canoas RS\"},\"image\":{\"@id\":\"https:\/\/jornaltimoneiro.com.br\/#\/schema\/logo\/image\/\"},\"sameAs\":[\"https:\/\/www.facebook.com\/jornaltimoneiro\",\"https:\/\/twitter.com\/_OTimoneiro\",\"https:\/\/www.instagram.com\/jornaltimoneirocanoas\/\",\"https:\/\/www.youtube.com\/@jornalotimoneiro7927\"]},{\"@type\":\"Person\",\"@id\":\"https:\/\/jornaltimoneiro.com.br\/#\/schema\/person\/620efd1d8244466117482be494360b08\",\"name\":\"Reda\u00e7\u00e3o\",\"image\":{\"@type\":\"ImageObject\",\"inLanguage\":\"pt-BR\",\"@id\":\"https:\/\/jornaltimoneiro.com.br\/#\/schema\/person\/image\/\",\"url\":\"https:\/\/secure.gravatar.com\/avatar\/2f04e1b304682a8d9db336c7acd77f08?s=96&d=mm&r=g\",\"contentUrl\":\"https:\/\/secure.gravatar.com\/avatar\/2f04e1b304682a8d9db336c7acd77f08?s=96&d=mm&r=g\",\"caption\":\"Reda\u00e7\u00e3o\"},\"url\":\"https:\/\/jornaltimoneiro.com.br\/index.php\/author\/timoneirocanoas\/\"}]}<\/script>\n<!-- \/ Yoast SEO plugin. -->","yoast_head_json":{"title":"Opini\u00e3o: Esse e outros carnavais - O Timoneiro Jornal Canoas RS","robots":{"index":"index","follow":"follow","max-snippet":"max-snippet:-1","max-image-preview":"max-image-preview:large","max-video-preview":"max-video-preview:-1"},"canonical":"https:\/\/jornaltimoneiro.com.br\/index.php\/2016\/02\/10\/opiniao-esse-e-outros-carnavais\/","og_locale":"pt_BR","og_type":"article","og_title":"Opini\u00e3o: Esse e outros carnavais - O Timoneiro Jornal Canoas RS","og_description":"Meus amigos e eu nos vemos preocupados com as mudan\u00e7as clim\u00e1ticas, as enchentes e os desabrigados por ela, mis\u00e9ria em in\u00fameros aspectos colonizando tantos lugares antes aparentemente seguros. \u00c9ramos jovens demais para entender que a humanidade est\u00e1 afundando dentro de nosso \u201cpote de ouro cheio de sucrilhos\u201d. A ficha caiu e nossa esperan\u00e7a com os [&hellip;]","og_url":"https:\/\/jornaltimoneiro.com.br\/index.php\/2016\/02\/10\/opiniao-esse-e-outros-carnavais\/","og_site_name":"O Timoneiro Jornal Canoas RS","article_publisher":"https:\/\/www.facebook.com\/jornaltimoneiro","article_published_time":"2016-02-10T19:44:00+00:00","og_image":[{"url":"http:\/\/otimoneiro.com.br\/wp-content\/uploads\/2016\/02\/si2.jpg"}],"author":"Reda\u00e7\u00e3o","twitter_card":"summary_large_image","twitter_creator":"@_OTimoneiro","twitter_site":"@_OTimoneiro","twitter_misc":{"Escrito por":"Reda\u00e7\u00e3o","Est. tempo de leitura":"3 minutos"},"schema":{"@context":"https:\/\/schema.org","@graph":[{"@type":"Article","@id":"https:\/\/jornaltimoneiro.com.br\/index.php\/2016\/02\/10\/opiniao-esse-e-outros-carnavais\/#article","isPartOf":{"@id":"https:\/\/jornaltimoneiro.com.br\/index.php\/2016\/02\/10\/opiniao-esse-e-outros-carnavais\/"},"author":{"name":"Reda\u00e7\u00e3o","@id":"https:\/\/jornaltimoneiro.com.br\/#\/schema\/person\/620efd1d8244466117482be494360b08"},"headline":"Opini\u00e3o: Esse e outros carnavais","datePublished":"2016-02-10T19:44:00+00:00","dateModified":"2016-02-10T19:44:00+00:00","mainEntityOfPage":{"@id":"https:\/\/jornaltimoneiro.com.br\/index.php\/2016\/02\/10\/opiniao-esse-e-outros-carnavais\/"},"wordCount":529,"commentCount":0,"publisher":{"@id":"https:\/\/jornaltimoneiro.com.br\/#organization"},"articleSection":["Destaques","Opini\u00e3o"],"inLanguage":"pt-BR","potentialAction":[{"@type":"CommentAction","name":"Comment","target":["https:\/\/jornaltimoneiro.com.br\/index.php\/2016\/02\/10\/opiniao-esse-e-outros-carnavais\/#respond"]}]},{"@type":"WebPage","@id":"https:\/\/jornaltimoneiro.com.br\/index.php\/2016\/02\/10\/opiniao-esse-e-outros-carnavais\/","url":"https:\/\/jornaltimoneiro.com.br\/index.php\/2016\/02\/10\/opiniao-esse-e-outros-carnavais\/","name":"Opini\u00e3o: Esse e outros carnavais - O Timoneiro Jornal Canoas RS","isPartOf":{"@id":"https:\/\/jornaltimoneiro.com.br\/#website"},"datePublished":"2016-02-10T19:44:00+00:00","dateModified":"2016-02-10T19:44:00+00:00","breadcrumb":{"@id":"https:\/\/jornaltimoneiro.com.br\/index.php\/2016\/02\/10\/opiniao-esse-e-outros-carnavais\/#breadcrumb"},"inLanguage":"pt-BR","potentialAction":[{"@type":"ReadAction","target":["https:\/\/jornaltimoneiro.com.br\/index.php\/2016\/02\/10\/opiniao-esse-e-outros-carnavais\/"]}]},{"@type":"BreadcrumbList","@id":"https:\/\/jornaltimoneiro.com.br\/index.php\/2016\/02\/10\/opiniao-esse-e-outros-carnavais\/#breadcrumb","itemListElement":[{"@type":"ListItem","position":1,"name":"In\u00edcio","item":"https:\/\/jornaltimoneiro.com.br\/"},{"@type":"ListItem","position":2,"name":"Opini\u00e3o: Esse e outros carnavais"}]},{"@type":"WebSite","@id":"https:\/\/jornaltimoneiro.com.br\/#website","url":"https:\/\/jornaltimoneiro.com.br\/","name":"Jornal Timoneiro Canoas RS","description":"Jornal O Timoneiro, o verdadeiro jornal de Canoas","publisher":{"@id":"https:\/\/jornaltimoneiro.com.br\/#organization"},"potentialAction":[{"@type":"SearchAction","target":{"@type":"EntryPoint","urlTemplate":"https:\/\/jornaltimoneiro.com.br\/?s={search_term_string}"},"query-input":"required name=search_term_string"}],"inLanguage":"pt-BR"},{"@type":"Organization","@id":"https:\/\/jornaltimoneiro.com.br\/#organization","name":"Jornal Timoneiro Canoas RS","url":"https:\/\/jornaltimoneiro.com.br\/","logo":{"@type":"ImageObject","inLanguage":"pt-BR","@id":"https:\/\/jornaltimoneiro.com.br\/#\/schema\/logo\/image\/","url":"https:\/\/jornaltimoneiro.com.br\/wp-content\/uploads\/2023\/03\/logonovo.png","contentUrl":"https:\/\/jornaltimoneiro.com.br\/wp-content\/uploads\/2023\/03\/logonovo.png","width":"469","height":"171","caption":"Jornal Timoneiro Canoas RS"},"image":{"@id":"https:\/\/jornaltimoneiro.com.br\/#\/schema\/logo\/image\/"},"sameAs":["https:\/\/www.facebook.com\/jornaltimoneiro","https:\/\/twitter.com\/_OTimoneiro","https:\/\/www.instagram.com\/jornaltimoneirocanoas\/","https:\/\/www.youtube.com\/@jornalotimoneiro7927"]},{"@type":"Person","@id":"https:\/\/jornaltimoneiro.com.br\/#\/schema\/person\/620efd1d8244466117482be494360b08","name":"Reda\u00e7\u00e3o","image":{"@type":"ImageObject","inLanguage":"pt-BR","@id":"https:\/\/jornaltimoneiro.com.br\/#\/schema\/person\/image\/","url":"https:\/\/secure.gravatar.com\/avatar\/2f04e1b304682a8d9db336c7acd77f08?s=96&d=mm&r=g","contentUrl":"https:\/\/secure.gravatar.com\/avatar\/2f04e1b304682a8d9db336c7acd77f08?s=96&d=mm&r=g","caption":"Reda\u00e7\u00e3o"},"url":"https:\/\/jornaltimoneiro.com.br\/index.php\/author\/timoneirocanoas\/"}]}},"_links":{"self":[{"href":"https:\/\/jornaltimoneiro.com.br\/index.php\/wp-json\/wp\/v2\/posts\/2697"}],"collection":[{"href":"https:\/\/jornaltimoneiro.com.br\/index.php\/wp-json\/wp\/v2\/posts"}],"about":[{"href":"https:\/\/jornaltimoneiro.com.br\/index.php\/wp-json\/wp\/v2\/types\/post"}],"author":[{"embeddable":true,"href":"https:\/\/jornaltimoneiro.com.br\/index.php\/wp-json\/wp\/v2\/users\/1"}],"replies":[{"embeddable":true,"href":"https:\/\/jornaltimoneiro.com.br\/index.php\/wp-json\/wp\/v2\/comments?post=2697"}],"version-history":[{"count":0,"href":"https:\/\/jornaltimoneiro.com.br\/index.php\/wp-json\/wp\/v2\/posts\/2697\/revisions"}],"wp:attachment":[{"href":"https:\/\/jornaltimoneiro.com.br\/index.php\/wp-json\/wp\/v2\/media?parent=2697"}],"wp:term":[{"taxonomy":"category","embeddable":true,"href":"https:\/\/jornaltimoneiro.com.br\/index.php\/wp-json\/wp\/v2\/categories?post=2697"},{"taxonomy":"post_tag","embeddable":true,"href":"https:\/\/jornaltimoneiro.com.br\/index.php\/wp-json\/wp\/v2\/tags?post=2697"}],"curies":[{"name":"wp","href":"https:\/\/api.w.org\/{rel}","templated":true}]}}