{"id":26939,"date":"2024-01-17T15:48:07","date_gmt":"2024-01-17T18:48:07","guid":{"rendered":"https:\/\/jornaltimoneiro.com.br\/?p=26939"},"modified":"2024-01-17T15:48:07","modified_gmt":"2024-01-17T18:48:07","slug":"defesa-civil-alerta-para-chuvas-fortes-inicio-da-noite-e-madrugada-na-regiao-metropolitana-do-rs","status":"publish","type":"post","link":"https:\/\/jornaltimoneiro.com.br\/index.php\/2024\/01\/17\/defesa-civil-alerta-para-chuvas-fortes-inicio-da-noite-e-madrugada-na-regiao-metropolitana-do-rs\/","title":{"rendered":"Defesa Civil alerta para mais chuvas fortes in\u00edcio da noite e madrugada na Regi\u00e3o Metropolitana do RS"},"content":{"rendered":"<p>De acordo com nota da Defesa Civil, na tarde desta quarta-feira, 17, devido \u00e0 baixa press\u00e3o e o avan\u00e7o de uma frente fria pelo oceano, as chuvas moderadas com trovoadas atuam sobre grande parte do Rio Grande do Sul.<\/p>\n<p>A previs\u00e3o diz que no Norte, Centro, Vales, Regi\u00e3o Metropolitana, Serra e Leste ga\u00facho, h\u00e1 condi\u00e7\u00f5es para temporais isolados no final da tarde e decorrer da noite.<\/p>\n<p>Al\u00e9m disso, os acumulados variam entre 30 e 80mm\/dia nessas regi\u00f5es, podendo passar nos Vales, Serra e Litoral Norte.<\/p>\n<h4><strong>Alertas<\/strong><\/h4>\n<p>O Rio Grande do Sul encontra-se sob tr\u00eas alertas de tempestade, conforme o Instituto Nacional de Meteorologia (Inmet). Todos os alertas permanecem vigentes at\u00e9 quarta-feira, sendo dois alertas vermelhos abrangendo todo o territ\u00f3rio ga\u00facho e um alerta laranja.<\/p>\n<h4><strong>Previs\u00e3o para quinta-feira<\/strong><\/h4>\n<p>J\u00e1 na quinta-feira, 18, as condi\u00e7\u00f5es meteorol\u00f3gicas ser\u00e3o divididas. Nas regi\u00f5es da Fronteira Oeste e Central, o sol reaparecer\u00e1 entre nuvens, com possibilidade de garoa pela manh\u00e3. Nas demais \u00e1reas, a instabilidade persistir\u00e1, concentrando os maiores volumes de chuva na Serra e no Norte, pr\u00f3ximo \u00e0 divisa com Santa Catarina.<\/p>\n<p>As temperaturas seguir\u00e3o a tend\u00eancia do dia anterior, com m\u00e1xima de 33\u00baC em Quevedos, Pinhal Grande (Regi\u00e3o Central) e Novo Tiradentes (Norte). A m\u00ednima est\u00e1 prevista em S\u00e3o Jos\u00e9 dos Ausentes, na Serra, alcan\u00e7ando 15\u00baC. Na Capital, a varia\u00e7\u00e3o t\u00e9rmica ficar\u00e1 entre 21\u00baC e 29\u00baC.<\/p>\n<p>&nbsp;<\/p>\n","protected":false},"excerpt":{"rendered":"<p>De acordo com nota da Defesa Civil, na tarde desta quarta-feira, 17, devido \u00e0 baixa press\u00e3o e o avan\u00e7o de uma frente fria pelo oceano, as chuvas moderadas com trovoadas atuam sobre grande parte do Rio Grande do Sul. A previs\u00e3o diz que no Norte, Centro, Vales, Regi\u00e3o Metropolitana, Serra e Leste ga\u00facho, h\u00e1 condi\u00e7\u00f5es [&hellip;]<\/p>\n","protected":false},"author":2,"featured_media":26940,"comment_status":"open","ping_status":"open","sticky":false,"template":"","format":"standard","meta":{"amp_status":"","footnotes":""},"categories":[19],"tags":[390,1416,389,1519,190,1671,214,213,80,794,392],"class_list":["post-26939","post","type-post","status-publish","format-standard","has-post-thumbnail","hentry","category-destaques","tag-alerta","tag-chuvas","tag-defesa-civil","tag-estado","tag-featured","tag-previsao-do-tempo","tag-regiao-metropolitana","tag-rio-grande-do-sul","tag-rs","tag-tempo","tag-temporal"],"yoast_head":"<!-- This site is optimized with the Yoast SEO plugin v20.5 - https:\/\/yoast.com\/wordpress\/plugins\/seo\/ -->\n<title>Defesa Civil alerta para mais chuvas fortes in\u00edcio da noite e madrugada na Regi\u00e3o Metropolitana do RS - O Timoneiro Jornal Canoas RS<\/title>\n<meta name=\"description\" content=\"Defesa Civil alerta para chuvas fortes in\u00edcio da noite e madrugada na Regi\u00e3o Metropolitana do RS temporal chuvas rio grande do sul enchente\" \/>\n<meta name=\"robots\" content=\"index, follow, max-snippet:-1, max-image-preview:large, max-video-preview:-1\" \/>\n<link rel=\"canonical\" href=\"https:\/\/jornaltimoneiro.com.br\/index.php\/2024\/01\/17\/defesa-civil-alerta-para-chuvas-fortes-inicio-da-noite-e-madrugada-na-regiao-metropolitana-do-rs\/\" \/>\n<meta property=\"og:locale\" content=\"pt_BR\" \/>\n<meta property=\"og:type\" content=\"article\" \/>\n<meta property=\"og:title\" content=\"Defesa Civil alerta para mais chuvas fortes in\u00edcio da noite e madrugada na Regi\u00e3o Metropolitana do RS - O Timoneiro Jornal Canoas RS\" \/>\n<meta property=\"og:description\" content=\"Defesa Civil alerta para chuvas fortes in\u00edcio da noite e madrugada na Regi\u00e3o Metropolitana do RS temporal chuvas rio grande do sul enchente\" \/>\n<meta property=\"og:url\" content=\"https:\/\/jornaltimoneiro.com.br\/index.php\/2024\/01\/17\/defesa-civil-alerta-para-chuvas-fortes-inicio-da-noite-e-madrugada-na-regiao-metropolitana-do-rs\/\" \/>\n<meta property=\"og:site_name\" content=\"O Timoneiro Jornal Canoas RS\" \/>\n<meta property=\"article:publisher\" content=\"https:\/\/www.facebook.com\/jornaltimoneiro\" \/>\n<meta property=\"article:published_time\" content=\"2024-01-17T18:48:07+00:00\" \/>\n<meta property=\"og:image\" content=\"https:\/\/jornaltimoneiro.com.br\/wp-content\/uploads\/2024\/01\/WhatsApp-Image-2024-01-17-at-15.46.41.jpeg\" \/>\n\t<meta property=\"og:image:width\" content=\"800\" \/>\n\t<meta property=\"og:image:height\" content=\"450\" \/>\n\t<meta property=\"og:image:type\" content=\"image\/jpeg\" \/>\n<meta name=\"author\" content=\"Reda\u00e7\u00e3o\" \/>\n<meta name=\"twitter:card\" content=\"summary_large_image\" \/>\n<meta name=\"twitter:creator\" content=\"@_OTimoneiro\" \/>\n<meta name=\"twitter:site\" content=\"@_OTimoneiro\" \/>\n<meta name=\"twitter:label1\" content=\"Escrito por\" \/>\n\t<meta name=\"twitter:data1\" content=\"Reda\u00e7\u00e3o\" \/>\n\t<meta name=\"twitter:label2\" content=\"Est. tempo de leitura\" \/>\n\t<meta name=\"twitter:data2\" content=\"2 minutos\" \/>\n<script type=\"application\/ld+json\" class=\"yoast-schema-graph\">{\"@context\":\"https:\/\/schema.org\",\"@graph\":[{\"@type\":\"Article\",\"@id\":\"https:\/\/jornaltimoneiro.com.br\/index.php\/2024\/01\/17\/defesa-civil-alerta-para-chuvas-fortes-inicio-da-noite-e-madrugada-na-regiao-metropolitana-do-rs\/#article\",\"isPartOf\":{\"@id\":\"https:\/\/jornaltimoneiro.com.br\/index.php\/2024\/01\/17\/defesa-civil-alerta-para-chuvas-fortes-inicio-da-noite-e-madrugada-na-regiao-metropolitana-do-rs\/\"},\"author\":{\"name\":\"Reda\u00e7\u00e3o\",\"@id\":\"https:\/\/jornaltimoneiro.com.br\/#\/schema\/person\/f63482f1a02b1a9592707865e509ab40\"},\"headline\":\"Defesa Civil alerta para mais chuvas fortes in\u00edcio da noite e madrugada na Regi\u00e3o Metropolitana do RS\",\"datePublished\":\"2024-01-17T18:48:07+00:00\",\"dateModified\":\"2024-01-17T18:48:07+00:00\",\"mainEntityOfPage\":{\"@id\":\"https:\/\/jornaltimoneiro.com.br\/index.php\/2024\/01\/17\/defesa-civil-alerta-para-chuvas-fortes-inicio-da-noite-e-madrugada-na-regiao-metropolitana-do-rs\/\"},\"wordCount\":264,\"commentCount\":0,\"publisher\":{\"@id\":\"https:\/\/jornaltimoneiro.com.br\/#organization\"},\"keywords\":[\"alerta\",\"chuvas\",\"defesa civil\",\"Estado\",\"featured\",\"previs\u00e3o do tempo\",\"regi\u00e3o metropolitana\",\"rio grande do sul\",\"RS\",\"tempo\",\"temporal\"],\"articleSection\":[\"Destaques\"],\"inLanguage\":\"pt-BR\",\"potentialAction\":[{\"@type\":\"CommentAction\",\"name\":\"Comment\",\"target\":[\"https:\/\/jornaltimoneiro.com.br\/index.php\/2024\/01\/17\/defesa-civil-alerta-para-chuvas-fortes-inicio-da-noite-e-madrugada-na-regiao-metropolitana-do-rs\/#respond\"]}]},{\"@type\":\"WebPage\",\"@id\":\"https:\/\/jornaltimoneiro.com.br\/index.php\/2024\/01\/17\/defesa-civil-alerta-para-chuvas-fortes-inicio-da-noite-e-madrugada-na-regiao-metropolitana-do-rs\/\",\"url\":\"https:\/\/jornaltimoneiro.com.br\/index.php\/2024\/01\/17\/defesa-civil-alerta-para-chuvas-fortes-inicio-da-noite-e-madrugada-na-regiao-metropolitana-do-rs\/\",\"name\":\"Defesa Civil alerta para mais chuvas fortes in\u00edcio da noite e madrugada na Regi\u00e3o Metropolitana do RS - O Timoneiro Jornal Canoas RS\",\"isPartOf\":{\"@id\":\"https:\/\/jornaltimoneiro.com.br\/#website\"},\"datePublished\":\"2024-01-17T18:48:07+00:00\",\"dateModified\":\"2024-01-17T18:48:07+00:00\",\"description\":\"Defesa Civil alerta para chuvas fortes in\u00edcio da noite e madrugada na Regi\u00e3o Metropolitana do RS temporal chuvas rio grande do sul enchente\",\"breadcrumb\":{\"@id\":\"https:\/\/jornaltimoneiro.com.br\/index.php\/2024\/01\/17\/defesa-civil-alerta-para-chuvas-fortes-inicio-da-noite-e-madrugada-na-regiao-metropolitana-do-rs\/#breadcrumb\"},\"inLanguage\":\"pt-BR\",\"potentialAction\":[{\"@type\":\"ReadAction\",\"target\":[\"https:\/\/jornaltimoneiro.com.br\/index.php\/2024\/01\/17\/defesa-civil-alerta-para-chuvas-fortes-inicio-da-noite-e-madrugada-na-regiao-metropolitana-do-rs\/\"]}]},{\"@type\":\"BreadcrumbList\",\"@id\":\"https:\/\/jornaltimoneiro.com.br\/index.php\/2024\/01\/17\/defesa-civil-alerta-para-chuvas-fortes-inicio-da-noite-e-madrugada-na-regiao-metropolitana-do-rs\/#breadcrumb\",\"itemListElement\":[{\"@type\":\"ListItem\",\"position\":1,\"name\":\"In\u00edcio\",\"item\":\"https:\/\/jornaltimoneiro.com.br\/\"},{\"@type\":\"ListItem\",\"position\":2,\"name\":\"Defesa Civil alerta para mais chuvas fortes in\u00edcio da noite e madrugada na Regi\u00e3o Metropolitana do RS\"}]},{\"@type\":\"WebSite\",\"@id\":\"https:\/\/jornaltimoneiro.com.br\/#website\",\"url\":\"https:\/\/jornaltimoneiro.com.br\/\",\"name\":\"Jornal Timoneiro Canoas RS\",\"description\":\"Jornal O Timoneiro, o verdadeiro jornal de Canoas\",\"publisher\":{\"@id\":\"https:\/\/jornaltimoneiro.com.br\/#organization\"},\"potentialAction\":[{\"@type\":\"SearchAction\",\"target\":{\"@type\":\"EntryPoint\",\"urlTemplate\":\"https:\/\/jornaltimoneiro.com.br\/?s={search_term_string}\"},\"query-input\":\"required name=search_term_string\"}],\"inLanguage\":\"pt-BR\"},{\"@type\":\"Organization\",\"@id\":\"https:\/\/jornaltimoneiro.com.br\/#organization\",\"name\":\"Jornal Timoneiro Canoas RS\",\"url\":\"https:\/\/jornaltimoneiro.com.br\/\",\"logo\":{\"@type\":\"ImageObject\",\"inLanguage\":\"pt-BR\",\"@id\":\"https:\/\/jornaltimoneiro.com.br\/#\/schema\/logo\/image\/\",\"url\":\"https:\/\/jornaltimoneiro.com.br\/wp-content\/uploads\/2023\/03\/logonovo.png\",\"contentUrl\":\"https:\/\/jornaltimoneiro.com.br\/wp-content\/uploads\/2023\/03\/logonovo.png\",\"width\":\"469\",\"height\":\"171\",\"caption\":\"Jornal Timoneiro Canoas RS\"},\"image\":{\"@id\":\"https:\/\/jornaltimoneiro.com.br\/#\/schema\/logo\/image\/\"},\"sameAs\":[\"https:\/\/www.facebook.com\/jornaltimoneiro\",\"https:\/\/twitter.com\/_OTimoneiro\",\"https:\/\/www.instagram.com\/jornaltimoneirocanoas\/\",\"https:\/\/www.youtube.com\/@jornalotimoneiro7927\"]},{\"@type\":\"Person\",\"@id\":\"https:\/\/jornaltimoneiro.com.br\/#\/schema\/person\/f63482f1a02b1a9592707865e509ab40\",\"name\":\"Reda\u00e7\u00e3o\",\"image\":{\"@type\":\"ImageObject\",\"inLanguage\":\"pt-BR\",\"@id\":\"https:\/\/jornaltimoneiro.com.br\/#\/schema\/person\/image\/\",\"url\":\"https:\/\/jornaltimoneiro.com.br\/wp-content\/uploads\/2023\/03\/download.jpeg\",\"contentUrl\":\"https:\/\/jornaltimoneiro.com.br\/wp-content\/uploads\/2023\/03\/download.jpeg\",\"caption\":\"Reda\u00e7\u00e3o\"},\"url\":\"https:\/\/jornaltimoneiro.com.br\/index.php\/author\/simone-dutra\/\"}]}<\/script>\n<!-- \/ Yoast SEO plugin. -->","yoast_head_json":{"title":"Defesa Civil alerta para mais chuvas fortes in\u00edcio da noite e madrugada na Regi\u00e3o Metropolitana do RS - O Timoneiro Jornal Canoas RS","description":"Defesa Civil alerta para chuvas fortes in\u00edcio da noite e madrugada na Regi\u00e3o Metropolitana do RS temporal chuvas rio grande do sul enchente","robots":{"index":"index","follow":"follow","max-snippet":"max-snippet:-1","max-image-preview":"max-image-preview:large","max-video-preview":"max-video-preview:-1"},"canonical":"https:\/\/jornaltimoneiro.com.br\/index.php\/2024\/01\/17\/defesa-civil-alerta-para-chuvas-fortes-inicio-da-noite-e-madrugada-na-regiao-metropolitana-do-rs\/","og_locale":"pt_BR","og_type":"article","og_title":"Defesa Civil alerta para mais chuvas fortes in\u00edcio da noite e madrugada na Regi\u00e3o Metropolitana do RS - O Timoneiro Jornal Canoas RS","og_description":"Defesa Civil alerta para chuvas fortes in\u00edcio da noite e madrugada na Regi\u00e3o Metropolitana do RS temporal chuvas rio grande do sul enchente","og_url":"https:\/\/jornaltimoneiro.com.br\/index.php\/2024\/01\/17\/defesa-civil-alerta-para-chuvas-fortes-inicio-da-noite-e-madrugada-na-regiao-metropolitana-do-rs\/","og_site_name":"O Timoneiro Jornal Canoas RS","article_publisher":"https:\/\/www.facebook.com\/jornaltimoneiro","article_published_time":"2024-01-17T18:48:07+00:00","og_image":[{"width":"800","height":"450","url":"https:\/\/jornaltimoneiro.com.br\/wp-content\/uploads\/2024\/01\/WhatsApp-Image-2024-01-17-at-15.46.41.jpeg","type":"image\/jpeg"}],"author":"Reda\u00e7\u00e3o","twitter_card":"summary_large_image","twitter_creator":"@_OTimoneiro","twitter_site":"@_OTimoneiro","twitter_misc":{"Escrito por":"Reda\u00e7\u00e3o","Est. tempo de leitura":"2 minutos"},"schema":{"@context":"https:\/\/schema.org","@graph":[{"@type":"Article","@id":"https:\/\/jornaltimoneiro.com.br\/index.php\/2024\/01\/17\/defesa-civil-alerta-para-chuvas-fortes-inicio-da-noite-e-madrugada-na-regiao-metropolitana-do-rs\/#article","isPartOf":{"@id":"https:\/\/jornaltimoneiro.com.br\/index.php\/2024\/01\/17\/defesa-civil-alerta-para-chuvas-fortes-inicio-da-noite-e-madrugada-na-regiao-metropolitana-do-rs\/"},"author":{"name":"Reda\u00e7\u00e3o","@id":"https:\/\/jornaltimoneiro.com.br\/#\/schema\/person\/f63482f1a02b1a9592707865e509ab40"},"headline":"Defesa Civil alerta para mais chuvas fortes in\u00edcio da noite e madrugada na Regi\u00e3o Metropolitana do RS","datePublished":"2024-01-17T18:48:07+00:00","dateModified":"2024-01-17T18:48:07+00:00","mainEntityOfPage":{"@id":"https:\/\/jornaltimoneiro.com.br\/index.php\/2024\/01\/17\/defesa-civil-alerta-para-chuvas-fortes-inicio-da-noite-e-madrugada-na-regiao-metropolitana-do-rs\/"},"wordCount":264,"commentCount":0,"publisher":{"@id":"https:\/\/jornaltimoneiro.com.br\/#organization"},"keywords":["alerta","chuvas","defesa civil","Estado","featured","previs\u00e3o do tempo","regi\u00e3o metropolitana","rio grande do sul","RS","tempo","temporal"],"articleSection":["Destaques"],"inLanguage":"pt-BR","potentialAction":[{"@type":"CommentAction","name":"Comment","target":["https:\/\/jornaltimoneiro.com.br\/index.php\/2024\/01\/17\/defesa-civil-alerta-para-chuvas-fortes-inicio-da-noite-e-madrugada-na-regiao-metropolitana-do-rs\/#respond"]}]},{"@type":"WebPage","@id":"https:\/\/jornaltimoneiro.com.br\/index.php\/2024\/01\/17\/defesa-civil-alerta-para-chuvas-fortes-inicio-da-noite-e-madrugada-na-regiao-metropolitana-do-rs\/","url":"https:\/\/jornaltimoneiro.com.br\/index.php\/2024\/01\/17\/defesa-civil-alerta-para-chuvas-fortes-inicio-da-noite-e-madrugada-na-regiao-metropolitana-do-rs\/","name":"Defesa Civil alerta para mais chuvas fortes in\u00edcio da noite e madrugada na Regi\u00e3o Metropolitana do RS - O Timoneiro Jornal Canoas RS","isPartOf":{"@id":"https:\/\/jornaltimoneiro.com.br\/#website"},"datePublished":"2024-01-17T18:48:07+00:00","dateModified":"2024-01-17T18:48:07+00:00","description":"Defesa Civil alerta para chuvas fortes in\u00edcio da noite e madrugada na Regi\u00e3o Metropolitana do RS temporal chuvas rio grande do sul enchente","breadcrumb":{"@id":"https:\/\/jornaltimoneiro.com.br\/index.php\/2024\/01\/17\/defesa-civil-alerta-para-chuvas-fortes-inicio-da-noite-e-madrugada-na-regiao-metropolitana-do-rs\/#breadcrumb"},"inLanguage":"pt-BR","potentialAction":[{"@type":"ReadAction","target":["https:\/\/jornaltimoneiro.com.br\/index.php\/2024\/01\/17\/defesa-civil-alerta-para-chuvas-fortes-inicio-da-noite-e-madrugada-na-regiao-metropolitana-do-rs\/"]}]},{"@type":"BreadcrumbList","@id":"https:\/\/jornaltimoneiro.com.br\/index.php\/2024\/01\/17\/defesa-civil-alerta-para-chuvas-fortes-inicio-da-noite-e-madrugada-na-regiao-metropolitana-do-rs\/#breadcrumb","itemListElement":[{"@type":"ListItem","position":1,"name":"In\u00edcio","item":"https:\/\/jornaltimoneiro.com.br\/"},{"@type":"ListItem","position":2,"name":"Defesa Civil alerta para mais chuvas fortes in\u00edcio da noite e madrugada na Regi\u00e3o Metropolitana do RS"}]},{"@type":"WebSite","@id":"https:\/\/jornaltimoneiro.com.br\/#website","url":"https:\/\/jornaltimoneiro.com.br\/","name":"Jornal Timoneiro Canoas RS","description":"Jornal O Timoneiro, o verdadeiro jornal de Canoas","publisher":{"@id":"https:\/\/jornaltimoneiro.com.br\/#organization"},"potentialAction":[{"@type":"SearchAction","target":{"@type":"EntryPoint","urlTemplate":"https:\/\/jornaltimoneiro.com.br\/?s={search_term_string}"},"query-input":"required name=search_term_string"}],"inLanguage":"pt-BR"},{"@type":"Organization","@id":"https:\/\/jornaltimoneiro.com.br\/#organization","name":"Jornal Timoneiro Canoas RS","url":"https:\/\/jornaltimoneiro.com.br\/","logo":{"@type":"ImageObject","inLanguage":"pt-BR","@id":"https:\/\/jornaltimoneiro.com.br\/#\/schema\/logo\/image\/","url":"https:\/\/jornaltimoneiro.com.br\/wp-content\/uploads\/2023\/03\/logonovo.png","contentUrl":"https:\/\/jornaltimoneiro.com.br\/wp-content\/uploads\/2023\/03\/logonovo.png","width":"469","height":"171","caption":"Jornal Timoneiro Canoas RS"},"image":{"@id":"https:\/\/jornaltimoneiro.com.br\/#\/schema\/logo\/image\/"},"sameAs":["https:\/\/www.facebook.com\/jornaltimoneiro","https:\/\/twitter.com\/_OTimoneiro","https:\/\/www.instagram.com\/jornaltimoneirocanoas\/","https:\/\/www.youtube.com\/@jornalotimoneiro7927"]},{"@type":"Person","@id":"https:\/\/jornaltimoneiro.com.br\/#\/schema\/person\/f63482f1a02b1a9592707865e509ab40","name":"Reda\u00e7\u00e3o","image":{"@type":"ImageObject","inLanguage":"pt-BR","@id":"https:\/\/jornaltimoneiro.com.br\/#\/schema\/person\/image\/","url":"https:\/\/jornaltimoneiro.com.br\/wp-content\/uploads\/2023\/03\/download.jpeg","contentUrl":"https:\/\/jornaltimoneiro.com.br\/wp-content\/uploads\/2023\/03\/download.jpeg","caption":"Reda\u00e7\u00e3o"},"url":"https:\/\/jornaltimoneiro.com.br\/index.php\/author\/simone-dutra\/"}]}},"_links":{"self":[{"href":"https:\/\/jornaltimoneiro.com.br\/index.php\/wp-json\/wp\/v2\/posts\/26939"}],"collection":[{"href":"https:\/\/jornaltimoneiro.com.br\/index.php\/wp-json\/wp\/v2\/posts"}],"about":[{"href":"https:\/\/jornaltimoneiro.com.br\/index.php\/wp-json\/wp\/v2\/types\/post"}],"author":[{"embeddable":true,"href":"https:\/\/jornaltimoneiro.com.br\/index.php\/wp-json\/wp\/v2\/users\/2"}],"replies":[{"embeddable":true,"href":"https:\/\/jornaltimoneiro.com.br\/index.php\/wp-json\/wp\/v2\/comments?post=26939"}],"version-history":[{"count":1,"href":"https:\/\/jornaltimoneiro.com.br\/index.php\/wp-json\/wp\/v2\/posts\/26939\/revisions"}],"predecessor-version":[{"id":26941,"href":"https:\/\/jornaltimoneiro.com.br\/index.php\/wp-json\/wp\/v2\/posts\/26939\/revisions\/26941"}],"wp:featuredmedia":[{"embeddable":true,"href":"https:\/\/jornaltimoneiro.com.br\/index.php\/wp-json\/wp\/v2\/media\/26940"}],"wp:attachment":[{"href":"https:\/\/jornaltimoneiro.com.br\/index.php\/wp-json\/wp\/v2\/media?parent=26939"}],"wp:term":[{"taxonomy":"category","embeddable":true,"href":"https:\/\/jornaltimoneiro.com.br\/index.php\/wp-json\/wp\/v2\/categories?post=26939"},{"taxonomy":"post_tag","embeddable":true,"href":"https:\/\/jornaltimoneiro.com.br\/index.php\/wp-json\/wp\/v2\/tags?post=26939"}],"curies":[{"name":"wp","href":"https:\/\/api.w.org\/{rel}","templated":true}]}}