{"id":26791,"date":"2023-12-05T20:24:11","date_gmt":"2023-12-05T23:24:11","guid":{"rendered":"https:\/\/jornaltimoneiro.com.br\/?p=26791"},"modified":"2024-03-25T13:43:21","modified_gmt":"2024-03-25T16:43:21","slug":"carnaval-rio-comemoracao-ao-dia-nacional-do-samba-e-lancamento-do-album-de-sambas-enredos-2024","status":"publish","type":"post","link":"https:\/\/jornaltimoneiro.com.br\/index.php\/2023\/12\/05\/carnaval-rio-comemoracao-ao-dia-nacional-do-samba-e-lancamento-do-album-de-sambas-enredos-2024\/","title":{"rendered":"CARNAVAL RIO: Comemora\u00e7\u00e3o ao dia nacional do samba e lan\u00e7amento do \u00e1lbum de sambas enredos 2024"},"content":{"rendered":"<h5><em>Por Daniela Uequed e Douglas Angeli &#8211; em colabora\u00e7\u00e3o com R\u00e1dio Alerj<\/em><\/h5>\n<p>Faltando pouco mais de dois meses para os desfiles oficiais, os amantes da folia provaram um pouco do que est\u00e1 por vir nos desfiles oficiais tanto do grupo especial quando da s\u00e9rie ouro.<\/p>\n<p>O dia nacional do samba, 2 de dezembro, foi a data escolhida para o reencontro do carnaval com seus devotos.<\/p>\n<p>O evento, divido em dois dias, aconteceu na Cidade do Samba, na zona portu\u00e1ria do Rio, sede dos barrac\u00f5es das 12 escolas do grupo especial.<\/p>\n<div style=\"width: 480px;\" class=\"wp-video\"><!--[if lt IE 9]><script>document.createElement('video');<\/script><![endif]-->\n<video class=\"wp-video-shortcode\" id=\"video-26791-1\" width=\"480\" height=\"848\" preload=\"metadata\" controls=\"controls\"><source type=\"video\/mp4\" src=\"https:\/\/jornaltimoneiro.com.br\/wp-content\/uploads\/2024\/01\/WhatsApp-Video-2024-01-03-at-13.14.48.mp4?_=1\" \/><a href=\"https:\/\/jornaltimoneiro.com.br\/wp-content\/uploads\/2024\/01\/WhatsApp-Video-2024-01-03-at-13.14.48.mp4\">https:\/\/jornaltimoneiro.com.br\/wp-content\/uploads\/2024\/01\/WhatsApp-Video-2024-01-03-at-13.14.48.mp4<\/a><\/video><\/div>\n<p>Uma grande estrutura foi montada para receber artistas e foli\u00f5es.<\/p>\n<p>Al\u00e9m de comemorar o dia nacional do samba o evento serviu tamb\u00e9m como lan\u00e7amento do \u00e1lbum oficial com os sambas de enredo do Grupo Especial 2024.<\/p>\n<div id=\"attachment_26797\" style=\"width: 710px\" class=\"wp-caption alignnone\"><img decoding=\"async\" aria-describedby=\"caption-attachment-26797\" class=\"wp-image-26797 size-full\" src=\"https:\/\/jornaltimoneiro.com.br\/wp-content\/uploads\/2023\/12\/WhatsApp-Image-2024-01-02-at-19.41.18.jpeg\" alt=\"Viradouro - Foto: Daniela Uequed\/OT\" width=\"700\" height=\"751\" srcset=\"https:\/\/jornaltimoneiro.com.br\/wp-content\/uploads\/2023\/12\/WhatsApp-Image-2024-01-02-at-19.41.18.jpeg 700w, https:\/\/jornaltimoneiro.com.br\/wp-content\/uploads\/2023\/12\/WhatsApp-Image-2024-01-02-at-19.41.18-280x300.jpeg 280w, https:\/\/jornaltimoneiro.com.br\/wp-content\/uploads\/2023\/12\/WhatsApp-Image-2024-01-02-at-19.41.18-560x600.jpeg 560w\" sizes=\"(max-width: 700px) 100vw, 700px\" \/><p id=\"caption-attachment-26797\" class=\"wp-caption-text\">Viradouro &#8211; Foto: Daniela Uequed\/OT<\/p><\/div>\n<p>&nbsp;<\/p>\n<div id=\"attachment_26799\" style=\"width: 710px\" class=\"wp-caption alignnone\"><img decoding=\"async\" aria-describedby=\"caption-attachment-26799\" class=\"wp-image-26799 size-full\" src=\"https:\/\/jornaltimoneiro.com.br\/wp-content\/uploads\/2023\/12\/WhatsApp-Image-2024-01-02-at-19.43.05.jpeg\" alt=\"Tuiuti - Foto: Daniela Uequed\/OT\" width=\"700\" height=\"709\" srcset=\"https:\/\/jornaltimoneiro.com.br\/wp-content\/uploads\/2023\/12\/WhatsApp-Image-2024-01-02-at-19.43.05.jpeg 700w, https:\/\/jornaltimoneiro.com.br\/wp-content\/uploads\/2023\/12\/WhatsApp-Image-2024-01-02-at-19.43.05-296x300.jpeg 296w, https:\/\/jornaltimoneiro.com.br\/wp-content\/uploads\/2023\/12\/WhatsApp-Image-2024-01-02-at-19.43.05-80x80.jpeg 80w\" sizes=\"(max-width: 700px) 100vw, 700px\" \/><p id=\"caption-attachment-26799\" class=\"wp-caption-text\">Tuiuti &#8211; Foto: Daniela Uequed\/OT<\/p><\/div>\n","protected":false},"excerpt":{"rendered":"<p>Por Daniela Uequed e Douglas Angeli &#8211; em colabora\u00e7\u00e3o com R\u00e1dio Alerj Faltando pouco mais de dois meses para os desfiles oficiais, os amantes da folia provaram um pouco do que est\u00e1 por vir nos desfiles oficiais tanto do grupo especial quando da s\u00e9rie ouro. O dia nacional do samba, 2 de dezembro, foi a [&hellip;]<\/p>\n","protected":false},"author":2,"featured_media":26795,"comment_status":"open","ping_status":"open","sticky":false,"template":"","format":"standard","meta":{"amp_status":"","footnotes":""},"categories":[76],"tags":[225,93,1778,116,1783,1596,1784,1781],"class_list":["post-26791","post","type-post","status-publish","format-standard","has-post-thumbnail","hentry","category-cultura","tag-brasil","tag-carnaval","tag-carnaval-2024","tag-cultura","tag-desfile-escolas-de-samba","tag-rio-de-janeiro","tag-rj","tag-sapucai"],"yoast_head":"<!-- This site is optimized with the Yoast SEO plugin v20.5 - https:\/\/yoast.com\/wordpress\/plugins\/seo\/ -->\n<title>CARNAVAL RIO: Comemora\u00e7\u00e3o ao dia nacional do samba e lan\u00e7amento do \u00e1lbum de sambas enredos 2024 - O Timoneiro Jornal Canoas RS<\/title>\n<meta name=\"description\" content=\"CARNAVAL RIO: Comemora\u00e7\u00e3o ao dia nacional do samba e lan\u00e7amento do \u00e1lbum de sambas enredos 2024 cultura Rio de Janeiro RJ\" \/>\n<meta name=\"robots\" content=\"index, follow, max-snippet:-1, max-image-preview:large, max-video-preview:-1\" \/>\n<link rel=\"canonical\" href=\"https:\/\/jornaltimoneiro.com.br\/index.php\/2023\/12\/05\/carnaval-rio-comemoracao-ao-dia-nacional-do-samba-e-lancamento-do-album-de-sambas-enredos-2024\/\" \/>\n<meta property=\"og:locale\" content=\"pt_BR\" \/>\n<meta property=\"og:type\" content=\"article\" \/>\n<meta property=\"og:title\" content=\"CARNAVAL RIO: Comemora\u00e7\u00e3o ao dia nacional do samba e lan\u00e7amento do \u00e1lbum de sambas enredos 2024 - O Timoneiro Jornal Canoas RS\" \/>\n<meta property=\"og:description\" content=\"CARNAVAL RIO: Comemora\u00e7\u00e3o ao dia nacional do samba e lan\u00e7amento do \u00e1lbum de sambas enredos 2024 cultura Rio de Janeiro RJ\" \/>\n<meta property=\"og:url\" content=\"https:\/\/jornaltimoneiro.com.br\/index.php\/2023\/12\/05\/carnaval-rio-comemoracao-ao-dia-nacional-do-samba-e-lancamento-do-album-de-sambas-enredos-2024\/\" \/>\n<meta property=\"og:site_name\" content=\"O Timoneiro Jornal Canoas RS\" \/>\n<meta property=\"article:publisher\" content=\"https:\/\/www.facebook.com\/jornaltimoneiro\" \/>\n<meta property=\"article:published_time\" content=\"2023-12-05T23:24:11+00:00\" \/>\n<meta property=\"article:modified_time\" content=\"2024-03-25T16:43:21+00:00\" \/>\n<meta property=\"og:image\" content=\"https:\/\/jornaltimoneiro.com.br\/wp-content\/uploads\/2024\/01\/WhatsApp-Image-2024-01-02-at-19.33.21.jpeg\" \/>\n\t<meta property=\"og:image:width\" content=\"960\" \/>\n\t<meta property=\"og:image:height\" content=\"828\" \/>\n\t<meta property=\"og:image:type\" content=\"image\/jpeg\" \/>\n<meta name=\"author\" content=\"Reda\u00e7\u00e3o\" \/>\n<meta name=\"twitter:card\" content=\"summary_large_image\" \/>\n<meta name=\"twitter:creator\" content=\"@_OTimoneiro\" \/>\n<meta name=\"twitter:site\" content=\"@_OTimoneiro\" \/>\n<meta name=\"twitter:label1\" content=\"Escrito por\" \/>\n\t<meta name=\"twitter:data1\" content=\"Reda\u00e7\u00e3o\" \/>\n\t<meta name=\"twitter:label2\" content=\"Est. tempo de leitura\" \/>\n\t<meta name=\"twitter:data2\" content=\"2 minutos\" \/>\n<script type=\"application\/ld+json\" class=\"yoast-schema-graph\">{\"@context\":\"https:\/\/schema.org\",\"@graph\":[{\"@type\":\"Article\",\"@id\":\"https:\/\/jornaltimoneiro.com.br\/index.php\/2023\/12\/05\/carnaval-rio-comemoracao-ao-dia-nacional-do-samba-e-lancamento-do-album-de-sambas-enredos-2024\/#article\",\"isPartOf\":{\"@id\":\"https:\/\/jornaltimoneiro.com.br\/index.php\/2023\/12\/05\/carnaval-rio-comemoracao-ao-dia-nacional-do-samba-e-lancamento-do-album-de-sambas-enredos-2024\/\"},\"author\":{\"name\":\"Reda\u00e7\u00e3o\",\"@id\":\"https:\/\/jornaltimoneiro.com.br\/#\/schema\/person\/f63482f1a02b1a9592707865e509ab40\"},\"headline\":\"CARNAVAL RIO: Comemora\u00e7\u00e3o ao dia nacional do samba e lan\u00e7amento do \u00e1lbum de sambas enredos 2024\",\"datePublished\":\"2023-12-05T23:24:11+00:00\",\"dateModified\":\"2024-03-25T16:43:21+00:00\",\"mainEntityOfPage\":{\"@id\":\"https:\/\/jornaltimoneiro.com.br\/index.php\/2023\/12\/05\/carnaval-rio-comemoracao-ao-dia-nacional-do-samba-e-lancamento-do-album-de-sambas-enredos-2024\/\"},\"wordCount\":192,\"commentCount\":0,\"publisher\":{\"@id\":\"https:\/\/jornaltimoneiro.com.br\/#organization\"},\"keywords\":[\"Brasil\",\"Carnaval\",\"carnaval 2024\",\"cultura\",\"desfile escolas de samba\",\"Rio de Janeiro\",\"RJ\",\"sapuca\u00ed\"],\"articleSection\":[\"Cultura\"],\"inLanguage\":\"pt-BR\",\"potentialAction\":[{\"@type\":\"CommentAction\",\"name\":\"Comment\",\"target\":[\"https:\/\/jornaltimoneiro.com.br\/index.php\/2023\/12\/05\/carnaval-rio-comemoracao-ao-dia-nacional-do-samba-e-lancamento-do-album-de-sambas-enredos-2024\/#respond\"]}]},{\"@type\":\"WebPage\",\"@id\":\"https:\/\/jornaltimoneiro.com.br\/index.php\/2023\/12\/05\/carnaval-rio-comemoracao-ao-dia-nacional-do-samba-e-lancamento-do-album-de-sambas-enredos-2024\/\",\"url\":\"https:\/\/jornaltimoneiro.com.br\/index.php\/2023\/12\/05\/carnaval-rio-comemoracao-ao-dia-nacional-do-samba-e-lancamento-do-album-de-sambas-enredos-2024\/\",\"name\":\"CARNAVAL RIO: Comemora\u00e7\u00e3o ao dia nacional do samba e lan\u00e7amento do \u00e1lbum de sambas enredos 2024 - O Timoneiro Jornal Canoas RS\",\"isPartOf\":{\"@id\":\"https:\/\/jornaltimoneiro.com.br\/#website\"},\"datePublished\":\"2023-12-05T23:24:11+00:00\",\"dateModified\":\"2024-03-25T16:43:21+00:00\",\"description\":\"CARNAVAL RIO: Comemora\u00e7\u00e3o ao dia nacional do samba e lan\u00e7amento do \u00e1lbum de sambas enredos 2024 cultura Rio de Janeiro RJ\",\"breadcrumb\":{\"@id\":\"https:\/\/jornaltimoneiro.com.br\/index.php\/2023\/12\/05\/carnaval-rio-comemoracao-ao-dia-nacional-do-samba-e-lancamento-do-album-de-sambas-enredos-2024\/#breadcrumb\"},\"inLanguage\":\"pt-BR\",\"potentialAction\":[{\"@type\":\"ReadAction\",\"target\":[\"https:\/\/jornaltimoneiro.com.br\/index.php\/2023\/12\/05\/carnaval-rio-comemoracao-ao-dia-nacional-do-samba-e-lancamento-do-album-de-sambas-enredos-2024\/\"]}]},{\"@type\":\"BreadcrumbList\",\"@id\":\"https:\/\/jornaltimoneiro.com.br\/index.php\/2023\/12\/05\/carnaval-rio-comemoracao-ao-dia-nacional-do-samba-e-lancamento-do-album-de-sambas-enredos-2024\/#breadcrumb\",\"itemListElement\":[{\"@type\":\"ListItem\",\"position\":1,\"name\":\"In\u00edcio\",\"item\":\"https:\/\/jornaltimoneiro.com.br\/\"},{\"@type\":\"ListItem\",\"position\":2,\"name\":\"CARNAVAL RIO: Comemora\u00e7\u00e3o ao dia nacional do samba e lan\u00e7amento do \u00e1lbum de sambas enredos 2024\"}]},{\"@type\":\"WebSite\",\"@id\":\"https:\/\/jornaltimoneiro.com.br\/#website\",\"url\":\"https:\/\/jornaltimoneiro.com.br\/\",\"name\":\"Jornal Timoneiro Canoas RS\",\"description\":\"Jornal O Timoneiro, o verdadeiro jornal de Canoas\",\"publisher\":{\"@id\":\"https:\/\/jornaltimoneiro.com.br\/#organization\"},\"potentialAction\":[{\"@type\":\"SearchAction\",\"target\":{\"@type\":\"EntryPoint\",\"urlTemplate\":\"https:\/\/jornaltimoneiro.com.br\/?s={search_term_string}\"},\"query-input\":\"required name=search_term_string\"}],\"inLanguage\":\"pt-BR\"},{\"@type\":\"Organization\",\"@id\":\"https:\/\/jornaltimoneiro.com.br\/#organization\",\"name\":\"Jornal Timoneiro Canoas RS\",\"url\":\"https:\/\/jornaltimoneiro.com.br\/\",\"logo\":{\"@type\":\"ImageObject\",\"inLanguage\":\"pt-BR\",\"@id\":\"https:\/\/jornaltimoneiro.com.br\/#\/schema\/logo\/image\/\",\"url\":\"https:\/\/jornaltimoneiro.com.br\/wp-content\/uploads\/2023\/03\/logonovo.png\",\"contentUrl\":\"https:\/\/jornaltimoneiro.com.br\/wp-content\/uploads\/2023\/03\/logonovo.png\",\"width\":\"469\",\"height\":\"171\",\"caption\":\"Jornal Timoneiro Canoas RS\"},\"image\":{\"@id\":\"https:\/\/jornaltimoneiro.com.br\/#\/schema\/logo\/image\/\"},\"sameAs\":[\"https:\/\/www.facebook.com\/jornaltimoneiro\",\"https:\/\/twitter.com\/_OTimoneiro\",\"https:\/\/www.instagram.com\/jornaltimoneirocanoas\/\",\"https:\/\/www.youtube.com\/@jornalotimoneiro7927\"]},{\"@type\":\"Person\",\"@id\":\"https:\/\/jornaltimoneiro.com.br\/#\/schema\/person\/f63482f1a02b1a9592707865e509ab40\",\"name\":\"Reda\u00e7\u00e3o\",\"image\":{\"@type\":\"ImageObject\",\"inLanguage\":\"pt-BR\",\"@id\":\"https:\/\/jornaltimoneiro.com.br\/#\/schema\/person\/image\/\",\"url\":\"https:\/\/jornaltimoneiro.com.br\/wp-content\/uploads\/2023\/03\/download.jpeg\",\"contentUrl\":\"https:\/\/jornaltimoneiro.com.br\/wp-content\/uploads\/2023\/03\/download.jpeg\",\"caption\":\"Reda\u00e7\u00e3o\"},\"url\":\"https:\/\/jornaltimoneiro.com.br\/index.php\/author\/simone-dutra\/\"}]}<\/script>\n<!-- \/ Yoast SEO plugin. -->","yoast_head_json":{"title":"CARNAVAL RIO: Comemora\u00e7\u00e3o ao dia nacional do samba e lan\u00e7amento do \u00e1lbum de sambas enredos 2024 - O Timoneiro Jornal Canoas RS","description":"CARNAVAL RIO: Comemora\u00e7\u00e3o ao dia nacional do samba e lan\u00e7amento do \u00e1lbum de sambas enredos 2024 cultura Rio de Janeiro RJ","robots":{"index":"index","follow":"follow","max-snippet":"max-snippet:-1","max-image-preview":"max-image-preview:large","max-video-preview":"max-video-preview:-1"},"canonical":"https:\/\/jornaltimoneiro.com.br\/index.php\/2023\/12\/05\/carnaval-rio-comemoracao-ao-dia-nacional-do-samba-e-lancamento-do-album-de-sambas-enredos-2024\/","og_locale":"pt_BR","og_type":"article","og_title":"CARNAVAL RIO: Comemora\u00e7\u00e3o ao dia nacional do samba e lan\u00e7amento do \u00e1lbum de sambas enredos 2024 - O Timoneiro Jornal Canoas RS","og_description":"CARNAVAL RIO: Comemora\u00e7\u00e3o ao dia nacional do samba e lan\u00e7amento do \u00e1lbum de sambas enredos 2024 cultura Rio de Janeiro RJ","og_url":"https:\/\/jornaltimoneiro.com.br\/index.php\/2023\/12\/05\/carnaval-rio-comemoracao-ao-dia-nacional-do-samba-e-lancamento-do-album-de-sambas-enredos-2024\/","og_site_name":"O Timoneiro Jornal Canoas RS","article_publisher":"https:\/\/www.facebook.com\/jornaltimoneiro","article_published_time":"2023-12-05T23:24:11+00:00","article_modified_time":"2024-03-25T16:43:21+00:00","og_image":[{"width":960,"height":828,"url":"https:\/\/jornaltimoneiro.com.br\/wp-content\/uploads\/2024\/01\/WhatsApp-Image-2024-01-02-at-19.33.21.jpeg","type":"image\/jpeg"}],"author":"Reda\u00e7\u00e3o","twitter_card":"summary_large_image","twitter_creator":"@_OTimoneiro","twitter_site":"@_OTimoneiro","twitter_misc":{"Escrito por":"Reda\u00e7\u00e3o","Est. tempo de leitura":"2 minutos"},"schema":{"@context":"https:\/\/schema.org","@graph":[{"@type":"Article","@id":"https:\/\/jornaltimoneiro.com.br\/index.php\/2023\/12\/05\/carnaval-rio-comemoracao-ao-dia-nacional-do-samba-e-lancamento-do-album-de-sambas-enredos-2024\/#article","isPartOf":{"@id":"https:\/\/jornaltimoneiro.com.br\/index.php\/2023\/12\/05\/carnaval-rio-comemoracao-ao-dia-nacional-do-samba-e-lancamento-do-album-de-sambas-enredos-2024\/"},"author":{"name":"Reda\u00e7\u00e3o","@id":"https:\/\/jornaltimoneiro.com.br\/#\/schema\/person\/f63482f1a02b1a9592707865e509ab40"},"headline":"CARNAVAL RIO: Comemora\u00e7\u00e3o ao dia nacional do samba e lan\u00e7amento do \u00e1lbum de sambas enredos 2024","datePublished":"2023-12-05T23:24:11+00:00","dateModified":"2024-03-25T16:43:21+00:00","mainEntityOfPage":{"@id":"https:\/\/jornaltimoneiro.com.br\/index.php\/2023\/12\/05\/carnaval-rio-comemoracao-ao-dia-nacional-do-samba-e-lancamento-do-album-de-sambas-enredos-2024\/"},"wordCount":192,"commentCount":0,"publisher":{"@id":"https:\/\/jornaltimoneiro.com.br\/#organization"},"keywords":["Brasil","Carnaval","carnaval 2024","cultura","desfile escolas de samba","Rio de Janeiro","RJ","sapuca\u00ed"],"articleSection":["Cultura"],"inLanguage":"pt-BR","potentialAction":[{"@type":"CommentAction","name":"Comment","target":["https:\/\/jornaltimoneiro.com.br\/index.php\/2023\/12\/05\/carnaval-rio-comemoracao-ao-dia-nacional-do-samba-e-lancamento-do-album-de-sambas-enredos-2024\/#respond"]}]},{"@type":"WebPage","@id":"https:\/\/jornaltimoneiro.com.br\/index.php\/2023\/12\/05\/carnaval-rio-comemoracao-ao-dia-nacional-do-samba-e-lancamento-do-album-de-sambas-enredos-2024\/","url":"https:\/\/jornaltimoneiro.com.br\/index.php\/2023\/12\/05\/carnaval-rio-comemoracao-ao-dia-nacional-do-samba-e-lancamento-do-album-de-sambas-enredos-2024\/","name":"CARNAVAL RIO: Comemora\u00e7\u00e3o ao dia nacional do samba e lan\u00e7amento do \u00e1lbum de sambas enredos 2024 - O Timoneiro Jornal Canoas RS","isPartOf":{"@id":"https:\/\/jornaltimoneiro.com.br\/#website"},"datePublished":"2023-12-05T23:24:11+00:00","dateModified":"2024-03-25T16:43:21+00:00","description":"CARNAVAL RIO: Comemora\u00e7\u00e3o ao dia nacional do samba e lan\u00e7amento do \u00e1lbum de sambas enredos 2024 cultura Rio de Janeiro RJ","breadcrumb":{"@id":"https:\/\/jornaltimoneiro.com.br\/index.php\/2023\/12\/05\/carnaval-rio-comemoracao-ao-dia-nacional-do-samba-e-lancamento-do-album-de-sambas-enredos-2024\/#breadcrumb"},"inLanguage":"pt-BR","potentialAction":[{"@type":"ReadAction","target":["https:\/\/jornaltimoneiro.com.br\/index.php\/2023\/12\/05\/carnaval-rio-comemoracao-ao-dia-nacional-do-samba-e-lancamento-do-album-de-sambas-enredos-2024\/"]}]},{"@type":"BreadcrumbList","@id":"https:\/\/jornaltimoneiro.com.br\/index.php\/2023\/12\/05\/carnaval-rio-comemoracao-ao-dia-nacional-do-samba-e-lancamento-do-album-de-sambas-enredos-2024\/#breadcrumb","itemListElement":[{"@type":"ListItem","position":1,"name":"In\u00edcio","item":"https:\/\/jornaltimoneiro.com.br\/"},{"@type":"ListItem","position":2,"name":"CARNAVAL RIO: Comemora\u00e7\u00e3o ao dia nacional do samba e lan\u00e7amento do \u00e1lbum de sambas enredos 2024"}]},{"@type":"WebSite","@id":"https:\/\/jornaltimoneiro.com.br\/#website","url":"https:\/\/jornaltimoneiro.com.br\/","name":"Jornal Timoneiro Canoas RS","description":"Jornal O Timoneiro, o verdadeiro jornal de Canoas","publisher":{"@id":"https:\/\/jornaltimoneiro.com.br\/#organization"},"potentialAction":[{"@type":"SearchAction","target":{"@type":"EntryPoint","urlTemplate":"https:\/\/jornaltimoneiro.com.br\/?s={search_term_string}"},"query-input":"required name=search_term_string"}],"inLanguage":"pt-BR"},{"@type":"Organization","@id":"https:\/\/jornaltimoneiro.com.br\/#organization","name":"Jornal Timoneiro Canoas RS","url":"https:\/\/jornaltimoneiro.com.br\/","logo":{"@type":"ImageObject","inLanguage":"pt-BR","@id":"https:\/\/jornaltimoneiro.com.br\/#\/schema\/logo\/image\/","url":"https:\/\/jornaltimoneiro.com.br\/wp-content\/uploads\/2023\/03\/logonovo.png","contentUrl":"https:\/\/jornaltimoneiro.com.br\/wp-content\/uploads\/2023\/03\/logonovo.png","width":"469","height":"171","caption":"Jornal Timoneiro Canoas RS"},"image":{"@id":"https:\/\/jornaltimoneiro.com.br\/#\/schema\/logo\/image\/"},"sameAs":["https:\/\/www.facebook.com\/jornaltimoneiro","https:\/\/twitter.com\/_OTimoneiro","https:\/\/www.instagram.com\/jornaltimoneirocanoas\/","https:\/\/www.youtube.com\/@jornalotimoneiro7927"]},{"@type":"Person","@id":"https:\/\/jornaltimoneiro.com.br\/#\/schema\/person\/f63482f1a02b1a9592707865e509ab40","name":"Reda\u00e7\u00e3o","image":{"@type":"ImageObject","inLanguage":"pt-BR","@id":"https:\/\/jornaltimoneiro.com.br\/#\/schema\/person\/image\/","url":"https:\/\/jornaltimoneiro.com.br\/wp-content\/uploads\/2023\/03\/download.jpeg","contentUrl":"https:\/\/jornaltimoneiro.com.br\/wp-content\/uploads\/2023\/03\/download.jpeg","caption":"Reda\u00e7\u00e3o"},"url":"https:\/\/jornaltimoneiro.com.br\/index.php\/author\/simone-dutra\/"}]}},"_links":{"self":[{"href":"https:\/\/jornaltimoneiro.com.br\/index.php\/wp-json\/wp\/v2\/posts\/26791"}],"collection":[{"href":"https:\/\/jornaltimoneiro.com.br\/index.php\/wp-json\/wp\/v2\/posts"}],"about":[{"href":"https:\/\/jornaltimoneiro.com.br\/index.php\/wp-json\/wp\/v2\/types\/post"}],"author":[{"embeddable":true,"href":"https:\/\/jornaltimoneiro.com.br\/index.php\/wp-json\/wp\/v2\/users\/2"}],"replies":[{"embeddable":true,"href":"https:\/\/jornaltimoneiro.com.br\/index.php\/wp-json\/wp\/v2\/comments?post=26791"}],"version-history":[{"count":4,"href":"https:\/\/jornaltimoneiro.com.br\/index.php\/wp-json\/wp\/v2\/posts\/26791\/revisions"}],"predecessor-version":[{"id":28106,"href":"https:\/\/jornaltimoneiro.com.br\/index.php\/wp-json\/wp\/v2\/posts\/26791\/revisions\/28106"}],"wp:featuredmedia":[{"embeddable":true,"href":"https:\/\/jornaltimoneiro.com.br\/index.php\/wp-json\/wp\/v2\/media\/26795"}],"wp:attachment":[{"href":"https:\/\/jornaltimoneiro.com.br\/index.php\/wp-json\/wp\/v2\/media?parent=26791"}],"wp:term":[{"taxonomy":"category","embeddable":true,"href":"https:\/\/jornaltimoneiro.com.br\/index.php\/wp-json\/wp\/v2\/categories?post=26791"},{"taxonomy":"post_tag","embeddable":true,"href":"https:\/\/jornaltimoneiro.com.br\/index.php\/wp-json\/wp\/v2\/tags?post=26791"}],"curies":[{"name":"wp","href":"https:\/\/api.w.org\/{rel}","templated":true}]}}