{"id":26740,"date":"2023-12-21T20:20:11","date_gmt":"2023-12-21T23:20:11","guid":{"rendered":"https:\/\/jornaltimoneiro.com.br\/?p=26740"},"modified":"2023-12-21T20:20:11","modified_gmt":"2023-12-21T23:20:11","slug":"retorno-ao-poder-de-alma-lavada-confira-entrevista-exclusiva-de-nedy","status":"publish","type":"post","link":"https:\/\/jornaltimoneiro.com.br\/index.php\/2023\/12\/21\/retorno-ao-poder-de-alma-lavada-confira-entrevista-exclusiva-de-nedy\/","title":{"rendered":"\u201cRetorno ao poder de alma lavada&#8221;; confira entrevista exclusiva de Nedy"},"content":{"rendered":"<p>Em Sess\u00e3o Especial na C\u00e2mara de Vereadores de Canoas, na noite de ter\u00e7a-feira, 19, iniciada \u00e0s 21h, o vice-prefeito eleito, Nedy de Vargas Marques (Avante), assumiu pela terceira vez a Prefeitura de Canoas ap\u00f3s novo afastamento do prefeito eleito Jairo Jorge (PSD).<\/p>\n<h4><strong>Passo a passo<\/strong><\/h4>\n<p>Nedy recebeu alta, na tarde de segunda-feira, 18, do Hospital Santa Casa de Miseric\u00f3rdia, em Porto Alegre, ap\u00f3s ser submetido a uma cirurgia card\u00edaca e ficar internado por 44 dias.<\/p>\n<p>Nas redes sociais, ele explicou que estaria na Prefeitura de Canoas na manh\u00e3 de ter\u00e7a-feira, 19, para assumir como prefeito pela terceira vez. Mas a posse n\u00e3o aconteceu. \u00c0 nossa reportagem, a assessoria de comunica\u00e7\u00e3o de Nedy explicou: \u201cH\u00e1 uma discuss\u00e3o jur\u00eddica sobre o formato da posse\u201d.<\/p>\n<h4><strong>A posse<\/strong><\/h4>\n<p>Mais tarde, no mesmo dia, um of\u00edcio foi assinado pelo presidente em exerc\u00edcio da C\u00e2mara de Vereadores de Canoas, Gilson Oliveira, acompanhado dos vereadores Airton Souza, Juares Hoy, Leandro Moreira e Abmael. No texto constava a convoca\u00e7\u00e3o dos representantes do legislativo canoense para uma Sess\u00e3o Especial para que a transmiss\u00e3o de cargo de prefeito fosse efetivada a Nedy, que n\u00e3o tomou posse pela manh\u00e3 \u201cpelo entendimento de que a transmiss\u00e3o do cargo s\u00f3 poderia ser feita pelo Prefeito em exerc\u00edcio, Sr. Cristiano Ferreira Moraes, que est\u00e1 em Bras\u00edlia\u201d.<\/p>\n<h4><strong>Relembre os fatos<\/strong><\/h4>\n<p>No dia 24 de novembro, tomou posse como prefeito interino de Canoas o ent\u00e3o presidente da C\u00e2mara de Vereadores, Cris Moraes (PV), em cumprimento \u00e0 Lei Org\u00e2nica Municipal (LOM), ap\u00f3s novo afastamento de Jairo Jorge pelo TRF-4, e a impossibilidade, por motivos m\u00e9dicos, do ent\u00e3o vice-prefeito da cidade, Nedy de Vargas Marques, de assumir o cargo.<\/p>\n<h4><strong>Entrevista a O Timoneiro<\/strong><\/h4>\n<p>Em entrevista concedida ao jornal O Timoneiro, o prefeito em exerc\u00edcio falou sobre o desafio de reassumir o cargo logo ap\u00f3s uma cirurgia. \u201c\u00c9 uma situa\u00e7\u00e3o inusitada, nunca pensei que estaria passando por isso novamente. Mas eu me sinto seguro, tranquilo, feliz e fortalecido e cada vez mais ocupo meu tempo para servir as pessoas\u201d.<\/p>\n<p>Durante a conversa, Nedy contou que a primeira miss\u00e3o \u00e0 frente do executivo \u00e9 escolher uma equipe diretiva que, dentro de sua vis\u00e3o, seja competente e de sua confian\u00e7a.<\/p>\n<h4><strong>\u201cSem revanchismo\u201d<\/strong><\/h4>\n<p>\u201cEu n\u00e3o retorno com sentimento de revanchismo. Poucos sabem, mas eu tive uma infec\u00e7\u00e3o hospitalar durante minha interna\u00e7\u00e3o. Se eu n\u00e3o soubesse que Canoas est\u00e1 indo pelo ralo, eu n\u00e3o teria voltado, mas eu pedi para que os m\u00e9dicos me liberassem porque tenho essa responsabilidade\u201d, enfatizou o chefe do executivo municipal.<\/p>\n<h4><strong>\u201cRetorno ao poder de alma lavada\u201d<\/strong><\/h4>\n<p>\u201cEu encontrei a Prefeitura com cofres raspados. Mas eu quero deixar claro para a popula\u00e7\u00e3o canoense que eu n\u00e3o mudei, e que irei me empenhar ao m\u00e1ximo, principalmente para aqueles que mais precisam. Eu retorno ao poder de alma lavada\u201d.<\/p>\n<h4><strong>15 primeiras a\u00e7\u00f5es do novo Governo Nedy:<\/strong><\/h4>\n<ul>\n<li>Nomear uma equipe competente, com experi\u00eancia e de confian\u00e7a.<\/li>\n<li>Determinar uma auditoria interna na Prefeitura para avaliar finan\u00e7as, projetos e a\u00e7\u00f5es em andamento, al\u00e9m de contratos e conv\u00eanios.<\/li>\n<li>Fazer um pente-fino na Sa\u00fade, para compreender os problemas que s\u00e3o enfrentados e o preju\u00edzo dos \u00faltimos oito meses.<\/li>\n<li>Implementar um plano de melhoria dos servi\u00e7os p\u00fablicos, que est\u00e3o muito aqu\u00e9m do que os canoenses merecem.<\/li>\n<li>Retomar o projeto Mutir\u00e3o de Cirurgias e trabalhar para melhorar o atendimento nas nossas unidades de sa\u00fade.<\/li>\n<li>Ampliar as a\u00e7\u00f5es da nossa Guarda Municipal e a parceria com as for\u00e7as de seguran\u00e7a.<\/li>\n<li>Realizar licita\u00e7\u00e3o para o Hospital Universit\u00e1rio de Canoas (HU) e para o transporte p\u00fablico municipal.<\/li>\n<li>Atrair investimentos p\u00fablicos e privados para obras de infraestrutura.<\/li>\n<li>Criar for\u00e7a-tarefa para intensificar a limpeza e manuten\u00e7\u00e3o da nossa cidade.<\/li>\n<li>Fortalecer as medidas de prote\u00e7\u00e3o contra temporais, com a revis\u00e3o de todas as casas de bombas e o sistema de drenagem.<\/li>\n<li>Buscar melhorias nas escolas, que beneficiem a vida de professores, estudantes e da comunidade escolar<\/li>\n<li>Aumentar a participa\u00e7\u00e3o da popula\u00e7\u00e3o nas decis\u00f5es da prefeitura. Sem politicagem e engana\u00e7\u00e3o.<\/li>\n<li>Criar mecanismos para fortalecer a fiscaliza\u00e7\u00e3o dos gastos, evitando corrup\u00e7\u00e3o e zelando pelos recursos p\u00fablicos.<\/li>\n<li>Criar mutir\u00e3o para iluminar a cidade, com a moderniza\u00e7\u00e3o da ilumina\u00e7\u00e3o p\u00fablica.<\/li>\n<li>Aumentar a fiscaliza\u00e7\u00e3o do contrato com a Corsan\/Aegea.<\/li>\n<\/ul>\n<h4><strong>Nova gest\u00e3o municipal afirma que apura\u00e7\u00e3o constatou d\u00edvida de R$ 10 milh\u00f5es com HSPC<\/strong><\/h4>\n<p>Tamb\u00e9m na quinta-feira, a Prefeitura de Canoas enviou uma nota em que disse ter efetuado pagamento da segunda parcela do 13\u00ba sal\u00e1rio para os funcion\u00e1rios do Hospital de Pronto Socorro de Canoas (HPSC) e do Hospital Universit\u00e1rio (HU).<\/p>\n<blockquote><p>Ainda que, \u201cAo assumir a Administra\u00e7\u00e3o Municipal, identificou-se que a gest\u00e3o anterior n\u00e3o havia realizado o repasse para o pagamento do 13\u00ba sal\u00e1rio, que deveria ter sido feito at\u00e9 o dia 19 de dezembro, resultando no atraso dos valores para os trabalhadores dos hospitais. A Secretaria da Fazenda realizou uma apura\u00e7\u00e3o inicial, constatando que a d\u00edvida com o HPSC \u00e9, atualmente, de R$ 10 milh\u00f5es. A situa\u00e7\u00e3o financeira dos hospitais est\u00e1 sendo minuciosamente avaliada pelo Munic\u00edpio\u201d.<\/p><\/blockquote>\n<p>A nota finaliza dizendo que \u2018esse processo possibilitar\u00e1 uma an\u00e1lise criteriosa de todos os recursos e compromissos financeiros, visando identificar poss\u00edveis irregularidades e encontrar solu\u00e7\u00f5es assertivas\u2019.<\/p>\n","protected":false},"excerpt":{"rendered":"<p>Em Sess\u00e3o Especial na C\u00e2mara de Vereadores de Canoas, na noite de ter\u00e7a-feira, 19, iniciada \u00e0s 21h, o vice-prefeito eleito, Nedy de Vargas Marques (Avante), assumiu pela terceira vez a Prefeitura de Canoas ap\u00f3s novo afastamento do prefeito eleito Jairo Jorge (PSD). Passo a passo Nedy recebeu alta, na tarde de segunda-feira, 18, do Hospital [&hellip;]<\/p>\n","protected":false},"author":2,"featured_media":26741,"comment_status":"open","ping_status":"open","sticky":false,"template":"","format":"standard","meta":{"amp_status":"","footnotes":""},"categories":[20],"tags":[877,31,190,1760,126,44,1162],"class_list":["post-26740","post","type-post","status-publish","format-standard","has-post-thumbnail","hentry","category-politica-noticias","tag-avante","tag-canoas","tag-featured","tag-nedy-de-var","tag-politica","tag-prefeitura-de-canoas","tag-regiao-metopolitana"],"yoast_head":"<!-- This site is optimized with the Yoast SEO plugin v20.5 - https:\/\/yoast.com\/wordpress\/plugins\/seo\/ -->\n<title>\u201cRetorno ao poder de alma lavada&quot;; confira entrevista exclusiva de Nedy - O Timoneiro Jornal Canoas RS<\/title>\n<meta name=\"description\" content=\"\u201cRetorno ao poder de alma lavada&quot;; confira entrevista exclusiva de Nedy Canoas regi\u00e3o metropolitana rio grande do sul RS pol\u00edtica\" \/>\n<meta name=\"robots\" content=\"index, follow, max-snippet:-1, max-image-preview:large, max-video-preview:-1\" \/>\n<link rel=\"canonical\" href=\"https:\/\/jornaltimoneiro.com.br\/index.php\/2023\/12\/21\/retorno-ao-poder-de-alma-lavada-confira-entrevista-exclusiva-de-nedy\/\" \/>\n<meta property=\"og:locale\" content=\"pt_BR\" \/>\n<meta property=\"og:type\" content=\"article\" \/>\n<meta property=\"og:title\" content=\"\u201cRetorno ao poder de alma lavada&quot;; confira entrevista exclusiva de Nedy - O Timoneiro Jornal Canoas RS\" \/>\n<meta property=\"og:description\" content=\"\u201cRetorno ao poder de alma lavada&quot;; confira entrevista exclusiva de Nedy Canoas regi\u00e3o metropolitana rio grande do sul RS pol\u00edtica\" \/>\n<meta property=\"og:url\" content=\"https:\/\/jornaltimoneiro.com.br\/index.php\/2023\/12\/21\/retorno-ao-poder-de-alma-lavada-confira-entrevista-exclusiva-de-nedy\/\" \/>\n<meta property=\"og:site_name\" content=\"O Timoneiro Jornal Canoas RS\" \/>\n<meta property=\"article:publisher\" content=\"https:\/\/www.facebook.com\/jornaltimoneiro\" \/>\n<meta property=\"article:published_time\" content=\"2023-12-21T23:20:11+00:00\" \/>\n<meta property=\"og:image\" content=\"https:\/\/jornaltimoneiro.com.br\/wp-content\/uploads\/2023\/12\/WhatsApp-Image-2023-12-21-at-18.40.04-1.jpeg\" \/>\n\t<meta property=\"og:image:width\" content=\"1080\" \/>\n\t<meta property=\"og:image:height\" content=\"875\" \/>\n\t<meta property=\"og:image:type\" content=\"image\/jpeg\" \/>\n<meta name=\"author\" content=\"Reda\u00e7\u00e3o\" \/>\n<meta name=\"twitter:card\" content=\"summary_large_image\" \/>\n<meta name=\"twitter:creator\" content=\"@_OTimoneiro\" \/>\n<meta name=\"twitter:site\" content=\"@_OTimoneiro\" \/>\n<meta name=\"twitter:label1\" content=\"Escrito por\" \/>\n\t<meta name=\"twitter:data1\" content=\"Reda\u00e7\u00e3o\" \/>\n\t<meta name=\"twitter:label2\" content=\"Est. tempo de leitura\" \/>\n\t<meta name=\"twitter:data2\" content=\"5 minutos\" \/>\n<script type=\"application\/ld+json\" class=\"yoast-schema-graph\">{\"@context\":\"https:\/\/schema.org\",\"@graph\":[{\"@type\":\"Article\",\"@id\":\"https:\/\/jornaltimoneiro.com.br\/index.php\/2023\/12\/21\/retorno-ao-poder-de-alma-lavada-confira-entrevista-exclusiva-de-nedy\/#article\",\"isPartOf\":{\"@id\":\"https:\/\/jornaltimoneiro.com.br\/index.php\/2023\/12\/21\/retorno-ao-poder-de-alma-lavada-confira-entrevista-exclusiva-de-nedy\/\"},\"author\":{\"name\":\"Reda\u00e7\u00e3o\",\"@id\":\"https:\/\/jornaltimoneiro.com.br\/#\/schema\/person\/f63482f1a02b1a9592707865e509ab40\"},\"headline\":\"\u201cRetorno ao poder de alma lavada&#8221;; confira entrevista exclusiva de Nedy\",\"datePublished\":\"2023-12-21T23:20:11+00:00\",\"dateModified\":\"2023-12-21T23:20:11+00:00\",\"mainEntityOfPage\":{\"@id\":\"https:\/\/jornaltimoneiro.com.br\/index.php\/2023\/12\/21\/retorno-ao-poder-de-alma-lavada-confira-entrevista-exclusiva-de-nedy\/\"},\"wordCount\":931,\"commentCount\":0,\"publisher\":{\"@id\":\"https:\/\/jornaltimoneiro.com.br\/#organization\"},\"keywords\":[\"avante\",\"canoas\",\"featured\",\"nedy de var\",\"Pol\u00edtica\",\"Prefeitura de Canoas\",\"regi\u00e3o metopolitana\"],\"articleSection\":[\"Pol\u00edtica\"],\"inLanguage\":\"pt-BR\",\"potentialAction\":[{\"@type\":\"CommentAction\",\"name\":\"Comment\",\"target\":[\"https:\/\/jornaltimoneiro.com.br\/index.php\/2023\/12\/21\/retorno-ao-poder-de-alma-lavada-confira-entrevista-exclusiva-de-nedy\/#respond\"]}]},{\"@type\":\"WebPage\",\"@id\":\"https:\/\/jornaltimoneiro.com.br\/index.php\/2023\/12\/21\/retorno-ao-poder-de-alma-lavada-confira-entrevista-exclusiva-de-nedy\/\",\"url\":\"https:\/\/jornaltimoneiro.com.br\/index.php\/2023\/12\/21\/retorno-ao-poder-de-alma-lavada-confira-entrevista-exclusiva-de-nedy\/\",\"name\":\"\u201cRetorno ao poder de alma lavada\\\"; confira entrevista exclusiva de Nedy - O Timoneiro Jornal Canoas RS\",\"isPartOf\":{\"@id\":\"https:\/\/jornaltimoneiro.com.br\/#website\"},\"datePublished\":\"2023-12-21T23:20:11+00:00\",\"dateModified\":\"2023-12-21T23:20:11+00:00\",\"description\":\"\u201cRetorno ao poder de alma lavada\\\"; confira entrevista exclusiva de Nedy Canoas regi\u00e3o metropolitana rio grande do sul RS pol\u00edtica\",\"breadcrumb\":{\"@id\":\"https:\/\/jornaltimoneiro.com.br\/index.php\/2023\/12\/21\/retorno-ao-poder-de-alma-lavada-confira-entrevista-exclusiva-de-nedy\/#breadcrumb\"},\"inLanguage\":\"pt-BR\",\"potentialAction\":[{\"@type\":\"ReadAction\",\"target\":[\"https:\/\/jornaltimoneiro.com.br\/index.php\/2023\/12\/21\/retorno-ao-poder-de-alma-lavada-confira-entrevista-exclusiva-de-nedy\/\"]}]},{\"@type\":\"BreadcrumbList\",\"@id\":\"https:\/\/jornaltimoneiro.com.br\/index.php\/2023\/12\/21\/retorno-ao-poder-de-alma-lavada-confira-entrevista-exclusiva-de-nedy\/#breadcrumb\",\"itemListElement\":[{\"@type\":\"ListItem\",\"position\":1,\"name\":\"In\u00edcio\",\"item\":\"https:\/\/jornaltimoneiro.com.br\/\"},{\"@type\":\"ListItem\",\"position\":2,\"name\":\"\u201cRetorno ao poder de alma lavada&#8221;; confira entrevista exclusiva de Nedy\"}]},{\"@type\":\"WebSite\",\"@id\":\"https:\/\/jornaltimoneiro.com.br\/#website\",\"url\":\"https:\/\/jornaltimoneiro.com.br\/\",\"name\":\"Jornal Timoneiro Canoas RS\",\"description\":\"Jornal O Timoneiro, o verdadeiro jornal de Canoas\",\"publisher\":{\"@id\":\"https:\/\/jornaltimoneiro.com.br\/#organization\"},\"potentialAction\":[{\"@type\":\"SearchAction\",\"target\":{\"@type\":\"EntryPoint\",\"urlTemplate\":\"https:\/\/jornaltimoneiro.com.br\/?s={search_term_string}\"},\"query-input\":\"required name=search_term_string\"}],\"inLanguage\":\"pt-BR\"},{\"@type\":\"Organization\",\"@id\":\"https:\/\/jornaltimoneiro.com.br\/#organization\",\"name\":\"Jornal Timoneiro Canoas RS\",\"url\":\"https:\/\/jornaltimoneiro.com.br\/\",\"logo\":{\"@type\":\"ImageObject\",\"inLanguage\":\"pt-BR\",\"@id\":\"https:\/\/jornaltimoneiro.com.br\/#\/schema\/logo\/image\/\",\"url\":\"https:\/\/jornaltimoneiro.com.br\/wp-content\/uploads\/2023\/03\/logonovo.png\",\"contentUrl\":\"https:\/\/jornaltimoneiro.com.br\/wp-content\/uploads\/2023\/03\/logonovo.png\",\"width\":\"469\",\"height\":\"171\",\"caption\":\"Jornal Timoneiro Canoas RS\"},\"image\":{\"@id\":\"https:\/\/jornaltimoneiro.com.br\/#\/schema\/logo\/image\/\"},\"sameAs\":[\"https:\/\/www.facebook.com\/jornaltimoneiro\",\"https:\/\/twitter.com\/_OTimoneiro\",\"https:\/\/www.instagram.com\/jornaltimoneirocanoas\/\",\"https:\/\/www.youtube.com\/@jornalotimoneiro7927\"]},{\"@type\":\"Person\",\"@id\":\"https:\/\/jornaltimoneiro.com.br\/#\/schema\/person\/f63482f1a02b1a9592707865e509ab40\",\"name\":\"Reda\u00e7\u00e3o\",\"image\":{\"@type\":\"ImageObject\",\"inLanguage\":\"pt-BR\",\"@id\":\"https:\/\/jornaltimoneiro.com.br\/#\/schema\/person\/image\/\",\"url\":\"https:\/\/jornaltimoneiro.com.br\/wp-content\/uploads\/2023\/03\/download.jpeg\",\"contentUrl\":\"https:\/\/jornaltimoneiro.com.br\/wp-content\/uploads\/2023\/03\/download.jpeg\",\"caption\":\"Reda\u00e7\u00e3o\"},\"url\":\"https:\/\/jornaltimoneiro.com.br\/index.php\/author\/simone-dutra\/\"}]}<\/script>\n<!-- \/ Yoast SEO plugin. -->","yoast_head_json":{"title":"\u201cRetorno ao poder de alma lavada\"; confira entrevista exclusiva de Nedy - O Timoneiro Jornal Canoas RS","description":"\u201cRetorno ao poder de alma lavada\"; confira entrevista exclusiva de Nedy Canoas regi\u00e3o metropolitana rio grande do sul RS pol\u00edtica","robots":{"index":"index","follow":"follow","max-snippet":"max-snippet:-1","max-image-preview":"max-image-preview:large","max-video-preview":"max-video-preview:-1"},"canonical":"https:\/\/jornaltimoneiro.com.br\/index.php\/2023\/12\/21\/retorno-ao-poder-de-alma-lavada-confira-entrevista-exclusiva-de-nedy\/","og_locale":"pt_BR","og_type":"article","og_title":"\u201cRetorno ao poder de alma lavada\"; confira entrevista exclusiva de Nedy - O Timoneiro Jornal Canoas RS","og_description":"\u201cRetorno ao poder de alma lavada\"; confira entrevista exclusiva de Nedy Canoas regi\u00e3o metropolitana rio grande do sul RS pol\u00edtica","og_url":"https:\/\/jornaltimoneiro.com.br\/index.php\/2023\/12\/21\/retorno-ao-poder-de-alma-lavada-confira-entrevista-exclusiva-de-nedy\/","og_site_name":"O Timoneiro Jornal Canoas RS","article_publisher":"https:\/\/www.facebook.com\/jornaltimoneiro","article_published_time":"2023-12-21T23:20:11+00:00","og_image":[{"width":"1080","height":"875","url":"https:\/\/jornaltimoneiro.com.br\/wp-content\/uploads\/2023\/12\/WhatsApp-Image-2023-12-21-at-18.40.04-1.jpeg","type":"image\/jpeg"}],"author":"Reda\u00e7\u00e3o","twitter_card":"summary_large_image","twitter_creator":"@_OTimoneiro","twitter_site":"@_OTimoneiro","twitter_misc":{"Escrito por":"Reda\u00e7\u00e3o","Est. tempo de leitura":"5 minutos"},"schema":{"@context":"https:\/\/schema.org","@graph":[{"@type":"Article","@id":"https:\/\/jornaltimoneiro.com.br\/index.php\/2023\/12\/21\/retorno-ao-poder-de-alma-lavada-confira-entrevista-exclusiva-de-nedy\/#article","isPartOf":{"@id":"https:\/\/jornaltimoneiro.com.br\/index.php\/2023\/12\/21\/retorno-ao-poder-de-alma-lavada-confira-entrevista-exclusiva-de-nedy\/"},"author":{"name":"Reda\u00e7\u00e3o","@id":"https:\/\/jornaltimoneiro.com.br\/#\/schema\/person\/f63482f1a02b1a9592707865e509ab40"},"headline":"\u201cRetorno ao poder de alma lavada&#8221;; confira entrevista exclusiva de Nedy","datePublished":"2023-12-21T23:20:11+00:00","dateModified":"2023-12-21T23:20:11+00:00","mainEntityOfPage":{"@id":"https:\/\/jornaltimoneiro.com.br\/index.php\/2023\/12\/21\/retorno-ao-poder-de-alma-lavada-confira-entrevista-exclusiva-de-nedy\/"},"wordCount":931,"commentCount":0,"publisher":{"@id":"https:\/\/jornaltimoneiro.com.br\/#organization"},"keywords":["avante","canoas","featured","nedy de var","Pol\u00edtica","Prefeitura de Canoas","regi\u00e3o metopolitana"],"articleSection":["Pol\u00edtica"],"inLanguage":"pt-BR","potentialAction":[{"@type":"CommentAction","name":"Comment","target":["https:\/\/jornaltimoneiro.com.br\/index.php\/2023\/12\/21\/retorno-ao-poder-de-alma-lavada-confira-entrevista-exclusiva-de-nedy\/#respond"]}]},{"@type":"WebPage","@id":"https:\/\/jornaltimoneiro.com.br\/index.php\/2023\/12\/21\/retorno-ao-poder-de-alma-lavada-confira-entrevista-exclusiva-de-nedy\/","url":"https:\/\/jornaltimoneiro.com.br\/index.php\/2023\/12\/21\/retorno-ao-poder-de-alma-lavada-confira-entrevista-exclusiva-de-nedy\/","name":"\u201cRetorno ao poder de alma lavada\"; confira entrevista exclusiva de Nedy - O Timoneiro Jornal Canoas RS","isPartOf":{"@id":"https:\/\/jornaltimoneiro.com.br\/#website"},"datePublished":"2023-12-21T23:20:11+00:00","dateModified":"2023-12-21T23:20:11+00:00","description":"\u201cRetorno ao poder de alma lavada\"; confira entrevista exclusiva de Nedy Canoas regi\u00e3o metropolitana rio grande do sul RS pol\u00edtica","breadcrumb":{"@id":"https:\/\/jornaltimoneiro.com.br\/index.php\/2023\/12\/21\/retorno-ao-poder-de-alma-lavada-confira-entrevista-exclusiva-de-nedy\/#breadcrumb"},"inLanguage":"pt-BR","potentialAction":[{"@type":"ReadAction","target":["https:\/\/jornaltimoneiro.com.br\/index.php\/2023\/12\/21\/retorno-ao-poder-de-alma-lavada-confira-entrevista-exclusiva-de-nedy\/"]}]},{"@type":"BreadcrumbList","@id":"https:\/\/jornaltimoneiro.com.br\/index.php\/2023\/12\/21\/retorno-ao-poder-de-alma-lavada-confira-entrevista-exclusiva-de-nedy\/#breadcrumb","itemListElement":[{"@type":"ListItem","position":1,"name":"In\u00edcio","item":"https:\/\/jornaltimoneiro.com.br\/"},{"@type":"ListItem","position":2,"name":"\u201cRetorno ao poder de alma lavada&#8221;; confira entrevista exclusiva de Nedy"}]},{"@type":"WebSite","@id":"https:\/\/jornaltimoneiro.com.br\/#website","url":"https:\/\/jornaltimoneiro.com.br\/","name":"Jornal Timoneiro Canoas RS","description":"Jornal O Timoneiro, o verdadeiro jornal de Canoas","publisher":{"@id":"https:\/\/jornaltimoneiro.com.br\/#organization"},"potentialAction":[{"@type":"SearchAction","target":{"@type":"EntryPoint","urlTemplate":"https:\/\/jornaltimoneiro.com.br\/?s={search_term_string}"},"query-input":"required name=search_term_string"}],"inLanguage":"pt-BR"},{"@type":"Organization","@id":"https:\/\/jornaltimoneiro.com.br\/#organization","name":"Jornal Timoneiro Canoas RS","url":"https:\/\/jornaltimoneiro.com.br\/","logo":{"@type":"ImageObject","inLanguage":"pt-BR","@id":"https:\/\/jornaltimoneiro.com.br\/#\/schema\/logo\/image\/","url":"https:\/\/jornaltimoneiro.com.br\/wp-content\/uploads\/2023\/03\/logonovo.png","contentUrl":"https:\/\/jornaltimoneiro.com.br\/wp-content\/uploads\/2023\/03\/logonovo.png","width":"469","height":"171","caption":"Jornal Timoneiro Canoas RS"},"image":{"@id":"https:\/\/jornaltimoneiro.com.br\/#\/schema\/logo\/image\/"},"sameAs":["https:\/\/www.facebook.com\/jornaltimoneiro","https:\/\/twitter.com\/_OTimoneiro","https:\/\/www.instagram.com\/jornaltimoneirocanoas\/","https:\/\/www.youtube.com\/@jornalotimoneiro7927"]},{"@type":"Person","@id":"https:\/\/jornaltimoneiro.com.br\/#\/schema\/person\/f63482f1a02b1a9592707865e509ab40","name":"Reda\u00e7\u00e3o","image":{"@type":"ImageObject","inLanguage":"pt-BR","@id":"https:\/\/jornaltimoneiro.com.br\/#\/schema\/person\/image\/","url":"https:\/\/jornaltimoneiro.com.br\/wp-content\/uploads\/2023\/03\/download.jpeg","contentUrl":"https:\/\/jornaltimoneiro.com.br\/wp-content\/uploads\/2023\/03\/download.jpeg","caption":"Reda\u00e7\u00e3o"},"url":"https:\/\/jornaltimoneiro.com.br\/index.php\/author\/simone-dutra\/"}]}},"_links":{"self":[{"href":"https:\/\/jornaltimoneiro.com.br\/index.php\/wp-json\/wp\/v2\/posts\/26740"}],"collection":[{"href":"https:\/\/jornaltimoneiro.com.br\/index.php\/wp-json\/wp\/v2\/posts"}],"about":[{"href":"https:\/\/jornaltimoneiro.com.br\/index.php\/wp-json\/wp\/v2\/types\/post"}],"author":[{"embeddable":true,"href":"https:\/\/jornaltimoneiro.com.br\/index.php\/wp-json\/wp\/v2\/users\/2"}],"replies":[{"embeddable":true,"href":"https:\/\/jornaltimoneiro.com.br\/index.php\/wp-json\/wp\/v2\/comments?post=26740"}],"version-history":[{"count":1,"href":"https:\/\/jornaltimoneiro.com.br\/index.php\/wp-json\/wp\/v2\/posts\/26740\/revisions"}],"predecessor-version":[{"id":26742,"href":"https:\/\/jornaltimoneiro.com.br\/index.php\/wp-json\/wp\/v2\/posts\/26740\/revisions\/26742"}],"wp:featuredmedia":[{"embeddable":true,"href":"https:\/\/jornaltimoneiro.com.br\/index.php\/wp-json\/wp\/v2\/media\/26741"}],"wp:attachment":[{"href":"https:\/\/jornaltimoneiro.com.br\/index.php\/wp-json\/wp\/v2\/media?parent=26740"}],"wp:term":[{"taxonomy":"category","embeddable":true,"href":"https:\/\/jornaltimoneiro.com.br\/index.php\/wp-json\/wp\/v2\/categories?post=26740"},{"taxonomy":"post_tag","embeddable":true,"href":"https:\/\/jornaltimoneiro.com.br\/index.php\/wp-json\/wp\/v2\/tags?post=26740"}],"curies":[{"name":"wp","href":"https:\/\/api.w.org\/{rel}","templated":true}]}}