{"id":2659,"date":"2016-02-05T12:19:51","date_gmt":"2016-02-05T14:19:51","guid":{"rendered":"http:\/\/otimoneiro.com.br\/?p=2659"},"modified":"2016-02-05T12:19:51","modified_gmt":"2016-02-05T14:19:51","slug":"casa-do-poeta-de-canoas-inicia-atividades-em-2016","status":"publish","type":"post","link":"https:\/\/jornaltimoneiro.com.br\/index.php\/2016\/02\/05\/casa-do-poeta-de-canoas-inicia-atividades-em-2016\/","title":{"rendered":"Casa do Poeta de Canoas  inicia atividades em 2016"},"content":{"rendered":"<p>A Casa do Poeta de Canoas convidou os s\u00f3cios e simpatizantes para uma reuni\u00e3o de reencontro e planejamento, com a qual iniciar\u00e1 suas atividades do ano de 2016. A reuni\u00e3o ser\u00e1 na pr\u00f3xima quarta-feira, dia 10 de fevereiro, a partir das 15 horas, na sede da AABB Canoas. \u201cA presen\u00e7a de todos ser\u00e1 muito importante, pois teremos um ano de intensa atividade. Repassem aos amigos e colegas que porventura encontrarem\u201d, pede a entidade.<br \/>\nA primeira atividade ter\u00e1 como protagonista o ator Arnaldo Bauer em \u201cA poesia pede passagem\u201d. O evento ser\u00e1 no dia 17 de fevereiro, \u00e0s 19 horas, no teatro do Sesc Canoas, na avenida Guilherme Scell, 5340. A segunda atividade ser\u00e1 o Caf\u00e9zinho po\u00e9tico, a ser realizado no dia 25 de fevereiro, das 14h30min \u00e0s 18 horas tamb\u00e9m no Sesc Canoas. \u201cEscolha sua m\u00fasica, poesia ou talento para apresentar, ou venha simplesmente para prestigiar os colegas que se apresentar\u00e3o. Traga seus familiares e amigos para fazermos uma tarde especial\u201d, recomenda a Casa do Poeta.<\/p>\n","protected":false},"excerpt":{"rendered":"<p>A Casa do Poeta de Canoas convidou os s\u00f3cios e simpatizantes para uma reuni\u00e3o de reencontro e planejamento, com a qual iniciar\u00e1 suas atividades do ano de 2016. A reuni\u00e3o ser\u00e1 na pr\u00f3xima quarta-feira, dia 10 de fevereiro, a partir das 15 horas, na sede da AABB Canoas. \u201cA presen\u00e7a de todos ser\u00e1 muito importante, [&hellip;]<\/p>\n","protected":false},"author":1,"featured_media":0,"comment_status":"open","ping_status":"open","sticky":false,"template":"","format":"standard","meta":{"amp_status":"","footnotes":""},"categories":[25,19,22],"tags":[],"class_list":["post-2659","post","type-post","status-publish","format-standard","hentry","category-comunidade","category-destaques","category-noticias"],"yoast_head":"<!-- This site is optimized with the Yoast SEO plugin v20.5 - https:\/\/yoast.com\/wordpress\/plugins\/seo\/ -->\n<title>Casa do Poeta de Canoas inicia atividades em 2016 - O Timoneiro Jornal Canoas RS<\/title>\n<meta name=\"robots\" content=\"index, follow, max-snippet:-1, max-image-preview:large, max-video-preview:-1\" \/>\n<link rel=\"canonical\" href=\"https:\/\/jornaltimoneiro.com.br\/index.php\/2016\/02\/05\/casa-do-poeta-de-canoas-inicia-atividades-em-2016\/\" \/>\n<meta property=\"og:locale\" content=\"pt_BR\" \/>\n<meta property=\"og:type\" content=\"article\" \/>\n<meta property=\"og:title\" content=\"Casa do Poeta de Canoas inicia atividades em 2016 - O Timoneiro Jornal Canoas RS\" \/>\n<meta property=\"og:description\" content=\"A Casa do Poeta de Canoas convidou os s\u00f3cios e simpatizantes para uma reuni\u00e3o de reencontro e planejamento, com a qual iniciar\u00e1 suas atividades do ano de 2016. A reuni\u00e3o ser\u00e1 na pr\u00f3xima quarta-feira, dia 10 de fevereiro, a partir das 15 horas, na sede da AABB Canoas. \u201cA presen\u00e7a de todos ser\u00e1 muito importante, [&hellip;]\" \/>\n<meta property=\"og:url\" content=\"https:\/\/jornaltimoneiro.com.br\/index.php\/2016\/02\/05\/casa-do-poeta-de-canoas-inicia-atividades-em-2016\/\" \/>\n<meta property=\"og:site_name\" content=\"O Timoneiro Jornal Canoas RS\" \/>\n<meta property=\"article:publisher\" content=\"https:\/\/www.facebook.com\/jornaltimoneiro\" \/>\n<meta property=\"article:published_time\" content=\"2016-02-05T14:19:51+00:00\" \/>\n<meta name=\"author\" content=\"Reda\u00e7\u00e3o\" \/>\n<meta name=\"twitter:card\" content=\"summary_large_image\" \/>\n<meta name=\"twitter:creator\" content=\"@_OTimoneiro\" \/>\n<meta name=\"twitter:site\" content=\"@_OTimoneiro\" \/>\n<meta name=\"twitter:label1\" content=\"Escrito por\" \/>\n\t<meta name=\"twitter:data1\" content=\"Reda\u00e7\u00e3o\" \/>\n\t<meta name=\"twitter:label2\" content=\"Est. tempo de leitura\" \/>\n\t<meta name=\"twitter:data2\" content=\"1 minuto\" \/>\n<script type=\"application\/ld+json\" class=\"yoast-schema-graph\">{\"@context\":\"https:\/\/schema.org\",\"@graph\":[{\"@type\":\"Article\",\"@id\":\"https:\/\/jornaltimoneiro.com.br\/index.php\/2016\/02\/05\/casa-do-poeta-de-canoas-inicia-atividades-em-2016\/#article\",\"isPartOf\":{\"@id\":\"https:\/\/jornaltimoneiro.com.br\/index.php\/2016\/02\/05\/casa-do-poeta-de-canoas-inicia-atividades-em-2016\/\"},\"author\":{\"name\":\"Reda\u00e7\u00e3o\",\"@id\":\"https:\/\/jornaltimoneiro.com.br\/#\/schema\/person\/620efd1d8244466117482be494360b08\"},\"headline\":\"Casa do Poeta de Canoas inicia atividades em 2016\",\"datePublished\":\"2016-02-05T14:19:51+00:00\",\"dateModified\":\"2016-02-05T14:19:51+00:00\",\"mainEntityOfPage\":{\"@id\":\"https:\/\/jornaltimoneiro.com.br\/index.php\/2016\/02\/05\/casa-do-poeta-de-canoas-inicia-atividades-em-2016\/\"},\"wordCount\":177,\"commentCount\":0,\"publisher\":{\"@id\":\"https:\/\/jornaltimoneiro.com.br\/#organization\"},\"articleSection\":[\"Comunidade\",\"Destaques\",\"Not\u00edcias\"],\"inLanguage\":\"pt-BR\",\"potentialAction\":[{\"@type\":\"CommentAction\",\"name\":\"Comment\",\"target\":[\"https:\/\/jornaltimoneiro.com.br\/index.php\/2016\/02\/05\/casa-do-poeta-de-canoas-inicia-atividades-em-2016\/#respond\"]}]},{\"@type\":\"WebPage\",\"@id\":\"https:\/\/jornaltimoneiro.com.br\/index.php\/2016\/02\/05\/casa-do-poeta-de-canoas-inicia-atividades-em-2016\/\",\"url\":\"https:\/\/jornaltimoneiro.com.br\/index.php\/2016\/02\/05\/casa-do-poeta-de-canoas-inicia-atividades-em-2016\/\",\"name\":\"Casa do Poeta de Canoas inicia atividades em 2016 - O Timoneiro Jornal Canoas RS\",\"isPartOf\":{\"@id\":\"https:\/\/jornaltimoneiro.com.br\/#website\"},\"datePublished\":\"2016-02-05T14:19:51+00:00\",\"dateModified\":\"2016-02-05T14:19:51+00:00\",\"breadcrumb\":{\"@id\":\"https:\/\/jornaltimoneiro.com.br\/index.php\/2016\/02\/05\/casa-do-poeta-de-canoas-inicia-atividades-em-2016\/#breadcrumb\"},\"inLanguage\":\"pt-BR\",\"potentialAction\":[{\"@type\":\"ReadAction\",\"target\":[\"https:\/\/jornaltimoneiro.com.br\/index.php\/2016\/02\/05\/casa-do-poeta-de-canoas-inicia-atividades-em-2016\/\"]}]},{\"@type\":\"BreadcrumbList\",\"@id\":\"https:\/\/jornaltimoneiro.com.br\/index.php\/2016\/02\/05\/casa-do-poeta-de-canoas-inicia-atividades-em-2016\/#breadcrumb\",\"itemListElement\":[{\"@type\":\"ListItem\",\"position\":1,\"name\":\"In\u00edcio\",\"item\":\"https:\/\/jornaltimoneiro.com.br\/\"},{\"@type\":\"ListItem\",\"position\":2,\"name\":\"Casa do Poeta de Canoas inicia atividades em 2016\"}]},{\"@type\":\"WebSite\",\"@id\":\"https:\/\/jornaltimoneiro.com.br\/#website\",\"url\":\"https:\/\/jornaltimoneiro.com.br\/\",\"name\":\"Jornal Timoneiro Canoas RS\",\"description\":\"Jornal O Timoneiro, o verdadeiro jornal de Canoas\",\"publisher\":{\"@id\":\"https:\/\/jornaltimoneiro.com.br\/#organization\"},\"potentialAction\":[{\"@type\":\"SearchAction\",\"target\":{\"@type\":\"EntryPoint\",\"urlTemplate\":\"https:\/\/jornaltimoneiro.com.br\/?s={search_term_string}\"},\"query-input\":\"required name=search_term_string\"}],\"inLanguage\":\"pt-BR\"},{\"@type\":\"Organization\",\"@id\":\"https:\/\/jornaltimoneiro.com.br\/#organization\",\"name\":\"Jornal Timoneiro Canoas RS\",\"url\":\"https:\/\/jornaltimoneiro.com.br\/\",\"logo\":{\"@type\":\"ImageObject\",\"inLanguage\":\"pt-BR\",\"@id\":\"https:\/\/jornaltimoneiro.com.br\/#\/schema\/logo\/image\/\",\"url\":\"https:\/\/jornaltimoneiro.com.br\/wp-content\/uploads\/2023\/03\/logonovo.png\",\"contentUrl\":\"https:\/\/jornaltimoneiro.com.br\/wp-content\/uploads\/2023\/03\/logonovo.png\",\"width\":\"469\",\"height\":\"171\",\"caption\":\"Jornal Timoneiro Canoas RS\"},\"image\":{\"@id\":\"https:\/\/jornaltimoneiro.com.br\/#\/schema\/logo\/image\/\"},\"sameAs\":[\"https:\/\/www.facebook.com\/jornaltimoneiro\",\"https:\/\/twitter.com\/_OTimoneiro\",\"https:\/\/www.instagram.com\/jornaltimoneirocanoas\/\",\"https:\/\/www.youtube.com\/@jornalotimoneiro7927\"]},{\"@type\":\"Person\",\"@id\":\"https:\/\/jornaltimoneiro.com.br\/#\/schema\/person\/620efd1d8244466117482be494360b08\",\"name\":\"Reda\u00e7\u00e3o\",\"image\":{\"@type\":\"ImageObject\",\"inLanguage\":\"pt-BR\",\"@id\":\"https:\/\/jornaltimoneiro.com.br\/#\/schema\/person\/image\/\",\"url\":\"https:\/\/secure.gravatar.com\/avatar\/2f04e1b304682a8d9db336c7acd77f08?s=96&d=mm&r=g\",\"contentUrl\":\"https:\/\/secure.gravatar.com\/avatar\/2f04e1b304682a8d9db336c7acd77f08?s=96&d=mm&r=g\",\"caption\":\"Reda\u00e7\u00e3o\"},\"url\":\"https:\/\/jornaltimoneiro.com.br\/index.php\/author\/timoneirocanoas\/\"}]}<\/script>\n<!-- \/ Yoast SEO plugin. -->","yoast_head_json":{"title":"Casa do Poeta de Canoas inicia atividades em 2016 - O Timoneiro Jornal Canoas RS","robots":{"index":"index","follow":"follow","max-snippet":"max-snippet:-1","max-image-preview":"max-image-preview:large","max-video-preview":"max-video-preview:-1"},"canonical":"https:\/\/jornaltimoneiro.com.br\/index.php\/2016\/02\/05\/casa-do-poeta-de-canoas-inicia-atividades-em-2016\/","og_locale":"pt_BR","og_type":"article","og_title":"Casa do Poeta de Canoas inicia atividades em 2016 - O Timoneiro Jornal Canoas RS","og_description":"A Casa do Poeta de Canoas convidou os s\u00f3cios e simpatizantes para uma reuni\u00e3o de reencontro e planejamento, com a qual iniciar\u00e1 suas atividades do ano de 2016. A reuni\u00e3o ser\u00e1 na pr\u00f3xima quarta-feira, dia 10 de fevereiro, a partir das 15 horas, na sede da AABB Canoas. \u201cA presen\u00e7a de todos ser\u00e1 muito importante, [&hellip;]","og_url":"https:\/\/jornaltimoneiro.com.br\/index.php\/2016\/02\/05\/casa-do-poeta-de-canoas-inicia-atividades-em-2016\/","og_site_name":"O Timoneiro Jornal Canoas RS","article_publisher":"https:\/\/www.facebook.com\/jornaltimoneiro","article_published_time":"2016-02-05T14:19:51+00:00","author":"Reda\u00e7\u00e3o","twitter_card":"summary_large_image","twitter_creator":"@_OTimoneiro","twitter_site":"@_OTimoneiro","twitter_misc":{"Escrito por":"Reda\u00e7\u00e3o","Est. tempo de leitura":"1 minuto"},"schema":{"@context":"https:\/\/schema.org","@graph":[{"@type":"Article","@id":"https:\/\/jornaltimoneiro.com.br\/index.php\/2016\/02\/05\/casa-do-poeta-de-canoas-inicia-atividades-em-2016\/#article","isPartOf":{"@id":"https:\/\/jornaltimoneiro.com.br\/index.php\/2016\/02\/05\/casa-do-poeta-de-canoas-inicia-atividades-em-2016\/"},"author":{"name":"Reda\u00e7\u00e3o","@id":"https:\/\/jornaltimoneiro.com.br\/#\/schema\/person\/620efd1d8244466117482be494360b08"},"headline":"Casa do Poeta de Canoas inicia atividades em 2016","datePublished":"2016-02-05T14:19:51+00:00","dateModified":"2016-02-05T14:19:51+00:00","mainEntityOfPage":{"@id":"https:\/\/jornaltimoneiro.com.br\/index.php\/2016\/02\/05\/casa-do-poeta-de-canoas-inicia-atividades-em-2016\/"},"wordCount":177,"commentCount":0,"publisher":{"@id":"https:\/\/jornaltimoneiro.com.br\/#organization"},"articleSection":["Comunidade","Destaques","Not\u00edcias"],"inLanguage":"pt-BR","potentialAction":[{"@type":"CommentAction","name":"Comment","target":["https:\/\/jornaltimoneiro.com.br\/index.php\/2016\/02\/05\/casa-do-poeta-de-canoas-inicia-atividades-em-2016\/#respond"]}]},{"@type":"WebPage","@id":"https:\/\/jornaltimoneiro.com.br\/index.php\/2016\/02\/05\/casa-do-poeta-de-canoas-inicia-atividades-em-2016\/","url":"https:\/\/jornaltimoneiro.com.br\/index.php\/2016\/02\/05\/casa-do-poeta-de-canoas-inicia-atividades-em-2016\/","name":"Casa do Poeta de Canoas inicia atividades em 2016 - O Timoneiro Jornal Canoas RS","isPartOf":{"@id":"https:\/\/jornaltimoneiro.com.br\/#website"},"datePublished":"2016-02-05T14:19:51+00:00","dateModified":"2016-02-05T14:19:51+00:00","breadcrumb":{"@id":"https:\/\/jornaltimoneiro.com.br\/index.php\/2016\/02\/05\/casa-do-poeta-de-canoas-inicia-atividades-em-2016\/#breadcrumb"},"inLanguage":"pt-BR","potentialAction":[{"@type":"ReadAction","target":["https:\/\/jornaltimoneiro.com.br\/index.php\/2016\/02\/05\/casa-do-poeta-de-canoas-inicia-atividades-em-2016\/"]}]},{"@type":"BreadcrumbList","@id":"https:\/\/jornaltimoneiro.com.br\/index.php\/2016\/02\/05\/casa-do-poeta-de-canoas-inicia-atividades-em-2016\/#breadcrumb","itemListElement":[{"@type":"ListItem","position":1,"name":"In\u00edcio","item":"https:\/\/jornaltimoneiro.com.br\/"},{"@type":"ListItem","position":2,"name":"Casa do Poeta de Canoas inicia atividades em 2016"}]},{"@type":"WebSite","@id":"https:\/\/jornaltimoneiro.com.br\/#website","url":"https:\/\/jornaltimoneiro.com.br\/","name":"Jornal Timoneiro Canoas RS","description":"Jornal O Timoneiro, o verdadeiro jornal de Canoas","publisher":{"@id":"https:\/\/jornaltimoneiro.com.br\/#organization"},"potentialAction":[{"@type":"SearchAction","target":{"@type":"EntryPoint","urlTemplate":"https:\/\/jornaltimoneiro.com.br\/?s={search_term_string}"},"query-input":"required name=search_term_string"}],"inLanguage":"pt-BR"},{"@type":"Organization","@id":"https:\/\/jornaltimoneiro.com.br\/#organization","name":"Jornal Timoneiro Canoas RS","url":"https:\/\/jornaltimoneiro.com.br\/","logo":{"@type":"ImageObject","inLanguage":"pt-BR","@id":"https:\/\/jornaltimoneiro.com.br\/#\/schema\/logo\/image\/","url":"https:\/\/jornaltimoneiro.com.br\/wp-content\/uploads\/2023\/03\/logonovo.png","contentUrl":"https:\/\/jornaltimoneiro.com.br\/wp-content\/uploads\/2023\/03\/logonovo.png","width":"469","height":"171","caption":"Jornal Timoneiro Canoas RS"},"image":{"@id":"https:\/\/jornaltimoneiro.com.br\/#\/schema\/logo\/image\/"},"sameAs":["https:\/\/www.facebook.com\/jornaltimoneiro","https:\/\/twitter.com\/_OTimoneiro","https:\/\/www.instagram.com\/jornaltimoneirocanoas\/","https:\/\/www.youtube.com\/@jornalotimoneiro7927"]},{"@type":"Person","@id":"https:\/\/jornaltimoneiro.com.br\/#\/schema\/person\/620efd1d8244466117482be494360b08","name":"Reda\u00e7\u00e3o","image":{"@type":"ImageObject","inLanguage":"pt-BR","@id":"https:\/\/jornaltimoneiro.com.br\/#\/schema\/person\/image\/","url":"https:\/\/secure.gravatar.com\/avatar\/2f04e1b304682a8d9db336c7acd77f08?s=96&d=mm&r=g","contentUrl":"https:\/\/secure.gravatar.com\/avatar\/2f04e1b304682a8d9db336c7acd77f08?s=96&d=mm&r=g","caption":"Reda\u00e7\u00e3o"},"url":"https:\/\/jornaltimoneiro.com.br\/index.php\/author\/timoneirocanoas\/"}]}},"_links":{"self":[{"href":"https:\/\/jornaltimoneiro.com.br\/index.php\/wp-json\/wp\/v2\/posts\/2659"}],"collection":[{"href":"https:\/\/jornaltimoneiro.com.br\/index.php\/wp-json\/wp\/v2\/posts"}],"about":[{"href":"https:\/\/jornaltimoneiro.com.br\/index.php\/wp-json\/wp\/v2\/types\/post"}],"author":[{"embeddable":true,"href":"https:\/\/jornaltimoneiro.com.br\/index.php\/wp-json\/wp\/v2\/users\/1"}],"replies":[{"embeddable":true,"href":"https:\/\/jornaltimoneiro.com.br\/index.php\/wp-json\/wp\/v2\/comments?post=2659"}],"version-history":[{"count":0,"href":"https:\/\/jornaltimoneiro.com.br\/index.php\/wp-json\/wp\/v2\/posts\/2659\/revisions"}],"wp:attachment":[{"href":"https:\/\/jornaltimoneiro.com.br\/index.php\/wp-json\/wp\/v2\/media?parent=2659"}],"wp:term":[{"taxonomy":"category","embeddable":true,"href":"https:\/\/jornaltimoneiro.com.br\/index.php\/wp-json\/wp\/v2\/categories?post=2659"},{"taxonomy":"post_tag","embeddable":true,"href":"https:\/\/jornaltimoneiro.com.br\/index.php\/wp-json\/wp\/v2\/tags?post=2659"}],"curies":[{"name":"wp","href":"https:\/\/api.w.org\/{rel}","templated":true}]}}