{"id":26588,"date":"2023-12-06T13:57:55","date_gmt":"2023-12-06T16:57:55","guid":{"rendered":"https:\/\/jornaltimoneiro.com.br\/?p=26588"},"modified":"2023-12-06T13:57:55","modified_gmt":"2023-12-06T16:57:55","slug":"capao-do-corvo-sera-palco-do-fesla-evento-com-diversas-atividades-gratuitas-no-domingo","status":"publish","type":"post","link":"https:\/\/jornaltimoneiro.com.br\/index.php\/2023\/12\/06\/capao-do-corvo-sera-palco-do-fesla-evento-com-diversas-atividades-gratuitas-no-domingo\/","title":{"rendered":"Cap\u00e3o do Corvo ser\u00e1 palco do Fesla, evento com diversas atividades gratuitas no domingo"},"content":{"rendered":"<p>O Festival de Esporte e Lazer de Canoas (Fesla) acontece neste domingo, 10. O evento ser\u00e1 realizado no Parque Municipal Get\u00falio Vargas, o Cap\u00e3o do Corvo (Av. Dr. Sezefredo Azambuja Vieira, 700), em alus\u00e3o ao anivers\u00e1rio de 43 anos do local. Ser\u00e3o diversas atividades e servi\u00e7os a partir das 9h. A entrada \u00e9 gratuita.<\/p>\n<h4><strong>4\u00ba Encontro Zen de Canoas<\/strong><\/h4>\n<p>O 4\u00ba Encontro Zen de Canoas integra esta edi\u00e7\u00e3o do Fesla. A atividade busca promover o bem-estar, a integra\u00e7\u00e3o com a natureza, a sociabiliza\u00e7\u00e3o e a conscientiza\u00e7\u00e3o da necessidade de cuidados com a sa\u00fade e consequentemente a melhoria da qualidade de vida.<\/p>\n<p>O Encontro prop\u00f5e servi\u00e7os, rodas de conversa, musicalidade e conex\u00e3o com a natureza.<\/p>\n<p>O Fesla marca o encerramento do ano dos projetos de forma\u00e7\u00e3o, participa\u00e7\u00e3o, rendimento, paradesporto e lazer promovidos pela Secretaria Municipal de Esporte e Lazer (SMEL).<\/p>\n<p>Segundo a diretora de Lazer da SMEL, Andriele Hoffmann, o objetivo do evento \u00e9 oferecer gratuitamente para a comunidade, atividades esportivas, culturais, de lazer e servi\u00e7os, em um domingo ao ar livre no parque.<\/p>\n<blockquote><p>\u201cO Fesla contribui para uma melhor qualidade de vida da popula\u00e7\u00e3o canoense\u201d, afirma.<\/p><\/blockquote>\n<h4><strong>Confira a programa\u00e7\u00e3o do Fesla e do Encontro Zen:<\/strong><\/h4>\n<p><strong>PROGRAMA\u00c7\u00c3O DE PALCO<\/strong><\/p>\n<p>\u25cf 9h \u2013 Abertura do Evento<br \/>\n\u25cf 9h05 \u00e0s 9h50 \u2013 Aul\u00e3o de Ritmos<br \/>\n\u25cf 9h50 \u00e0s 10h45 \u2013 Apresenta\u00e7\u00e3o Musical Lua M\u00e1gica<br \/>\n\u25cf 10h50 \u00e0s 11h45 \u2013 Taichi<br \/>\n\u25cf 11h50 \u00e0s 12h50 \u2013 Apresenta\u00e7\u00e3o Musical Lua M\u00e1gica<br \/>\n\u25cf 14h \u00e0s 14h50 \u2013 Yoga Andino<br \/>\n\u25cf 15h \u00e0s 16h \u2013 Dan\u00e7a Qu\u00e2ntica e Dan\u00e7as Circulares<br \/>\n\u25cf 16h30 \u00e0s 20h \u2013 Shows Musicais<br \/>\n\u25cf 16h45 \u2013 Chegada do Papai Noel de helic\u00f3ptero<br \/>\n\u25cf 20h \u2013 Encerramento<\/p>\n<p><strong>ATIVIDADES DE ESPORTE E LAZER<\/strong><\/p>\n<p>\u25cf 9h30 \u2013 Torneio de Futebol das Ced\u00eancias do Parque<br \/>\n\u25cf 9h30 \u00e0s 17h \u2013 Torneio de Bocha<br \/>\n\u25cf 9h30 \u00e0s 11h \u2013 Encontro de Integra\u00e7\u00e3o do PLAFS S\u00caNIOR \u2013 C\u00e2mbio<br \/>\n\u25cf 9h30 \u00e0s 11h \u2013 Encontro de Integra\u00e7\u00e3o do ACF Participa\u00e7\u00e3o \u2013 Futsal<br \/>\n\u25cf 14h30 \u00e0s 16h \u2013 Encontro de Integra\u00e7\u00e3o do ACF Participa\u00e7\u00e3o \u2013 H\u00f3quei<br \/>\n\u25cf 14h30 \u00e0s 16h \u2013 Esportes de Raquete \u2013 Universidade La Salle<br \/>\n\u25cf 16h \u00e0s 17h30 \u2013 Encontro de Integra\u00e7\u00e3o do ACF Participa\u00e7\u00e3o \u2013 Voleibol<br \/>\n\u25cf 16h45 \u00e0s 18h \u2013 Viv\u00eancias de GA e GR<br \/>\n\u25cf 17h \u00e0s 18h \u2013 Jogo Amistoso de Kickingball Venezuelano<br \/>\n\u25cf 18h \u00e0s 19h \u2013 Tatame de Lutas \u2013 Boxe \u2013 Taekwondo<br \/>\n\u25cf 14h \u00e0s 16h \u2013 Viv\u00eancia em Atletismo \u2013 inicia\u00e7\u00e3o em lan\u00e7amentos \u2013 atividades adaptadas<br \/>\n\u25cf Encontro mensal de Amigos da Bicicleta Antiga<\/p>\n<p><strong>SERVI\u00c7OS<\/strong><\/p>\n<p>Universidades parceiras: Unilasalle, Uniritter, Ulbra<br \/>\n\u25cf Brech\u00f3 Pr\u00f3 c\u00e3o \u2013 Nadja<br \/>\n\u25cf Luisa Arteira Moda Pet<br \/>\n\u25cf Monello e Birbo \u2013 Distribuidora Natali \u2013 distribuindo amostras de ra\u00e7\u00e3o<br \/>\n\u25cf Brech\u00f3 Lions Clube Canoas, Santa Rita<br \/>\n\u25cf Erva mate Nativo<br \/>\n\u25cf SESI Odonto \u2013 a partir das 13h<\/p>\n<p><strong>EXPOSITORES E TERAPEUTAS<\/strong><\/p>\n<p>\u25cf CENTRO ENERG\u00c9TICO ENCONTRO DAS \u00c1GUAS \u2013 Terapeutas Queli Rosa \u2013 Carla<br \/>\nRosa: Cartas Ciganas, Quick massage, Cone hindu,Reiki e Vendas de pe\u00e7as hol\u00edsticas<br \/>\nem gesso, cristal, incenso, banhos, escalda p\u00e9s<br \/>\n\u25cf ESPA\u00c7O TERAP\u00caUTICO AFLORAR \u2013 Terapeuta Mari Rigo \u2013 Reiki<br \/>\n\u25cf IZA TAR\u00d3LOGA, ERVEIRA E ASTR\u00d3LOGA \u2013 Tar\u00f4<br \/>\n\u25cf UNIVERSO M\u00c1GICO \u2013 RS \u2013 Terapeuta Luisa \u2013 Reiki<br \/>\n\u25cf LARA ZANONI \u2013 \u00d3leos Do Terra, Apometria e Constela\u00e7\u00e3o com Cartas<br \/>\n\u25cf ILUMYNE-SE \u2013 Juliana \u2013 Vendas de produtos energ\u00e9ticos, hol\u00edsticos e naturais<br \/>\n\u25cf TSARA DE CRISTAL \u2013 Deise Saavedra \u2013 Cultura e Tradi\u00e7\u00e3o Cigana<\/p>\n<p>&nbsp;<\/p>\n","protected":false},"excerpt":{"rendered":"<p>O Festival de Esporte e Lazer de Canoas (Fesla) acontece neste domingo, 10. O evento ser\u00e1 realizado no Parque Municipal Get\u00falio Vargas, o Cap\u00e3o do Corvo (Av. Dr. Sezefredo Azambuja Vieira, 700), em alus\u00e3o ao anivers\u00e1rio de 43 anos do local. Ser\u00e3o diversas atividades e servi\u00e7os a partir das 9h. A entrada \u00e9 gratuita. 4\u00ba [&hellip;]<\/p>\n","protected":false},"author":2,"featured_media":26589,"comment_status":"open","ping_status":"open","sticky":false,"template":"","format":"standard","meta":{"amp_status":"","footnotes":""},"categories":[24],"tags":[1697,31,288,190,1696,233,214,213,80],"class_list":["post-26588","post","type-post","status-publish","format-standard","has-post-thumbnail","hentry","category-esporte","tag-atividades","tag-canoas","tag-capao-do-corvo","tag-featured","tag-fesla","tag-gratuito","tag-regiao-metropolitana","tag-rio-grande-do-sul","tag-rs"],"yoast_head":"<!-- This site is optimized with the Yoast SEO plugin v20.5 - https:\/\/yoast.com\/wordpress\/plugins\/seo\/ -->\n<title>Cap\u00e3o do Corvo ser\u00e1 palco do Fesla, evento com diversas atividades gratuitas no domingo - O Timoneiro Jornal Canoas RS<\/title>\n<meta name=\"description\" content=\"Cap\u00e3o do Corvo ser\u00e1 palco do Fesla, evento com diversas atividades gratuitas domingo Canoas Regi\u00e3o Metropolitana Rio Grande do Sul RS esporte\" \/>\n<meta name=\"robots\" content=\"index, follow, max-snippet:-1, max-image-preview:large, max-video-preview:-1\" \/>\n<link rel=\"canonical\" href=\"https:\/\/jornaltimoneiro.com.br\/index.php\/2023\/12\/06\/capao-do-corvo-sera-palco-do-fesla-evento-com-diversas-atividades-gratuitas-no-domingo\/\" \/>\n<meta property=\"og:locale\" content=\"pt_BR\" \/>\n<meta property=\"og:type\" content=\"article\" \/>\n<meta property=\"og:title\" content=\"Cap\u00e3o do Corvo ser\u00e1 palco do Fesla, evento com diversas atividades gratuitas no domingo - O Timoneiro Jornal Canoas RS\" \/>\n<meta property=\"og:description\" content=\"Cap\u00e3o do Corvo ser\u00e1 palco do Fesla, evento com diversas atividades gratuitas domingo Canoas Regi\u00e3o Metropolitana Rio Grande do Sul RS esporte\" \/>\n<meta property=\"og:url\" content=\"https:\/\/jornaltimoneiro.com.br\/index.php\/2023\/12\/06\/capao-do-corvo-sera-palco-do-fesla-evento-com-diversas-atividades-gratuitas-no-domingo\/\" \/>\n<meta property=\"og:site_name\" content=\"O Timoneiro Jornal Canoas RS\" \/>\n<meta property=\"article:publisher\" content=\"https:\/\/www.facebook.com\/jornaltimoneiro\" \/>\n<meta property=\"article:published_time\" content=\"2023-12-06T16:57:55+00:00\" \/>\n<meta property=\"og:image\" content=\"https:\/\/jornaltimoneiro.com.br\/wp-content\/uploads\/2023\/12\/FESLA_25.06.2023_reduzidas_gustavo-garbino-1.jpg\" \/>\n\t<meta property=\"og:image:width\" content=\"1080\" \/>\n\t<meta property=\"og:image:height\" content=\"719\" \/>\n\t<meta property=\"og:image:type\" content=\"image\/jpeg\" \/>\n<meta name=\"author\" content=\"Reda\u00e7\u00e3o\" \/>\n<meta name=\"twitter:card\" content=\"summary_large_image\" \/>\n<meta name=\"twitter:creator\" content=\"@_OTimoneiro\" \/>\n<meta name=\"twitter:site\" content=\"@_OTimoneiro\" \/>\n<meta name=\"twitter:label1\" content=\"Escrito por\" \/>\n\t<meta name=\"twitter:data1\" content=\"Reda\u00e7\u00e3o\" \/>\n\t<meta name=\"twitter:label2\" content=\"Est. tempo de leitura\" \/>\n\t<meta name=\"twitter:data2\" content=\"3 minutos\" \/>\n<script type=\"application\/ld+json\" class=\"yoast-schema-graph\">{\"@context\":\"https:\/\/schema.org\",\"@graph\":[{\"@type\":\"Article\",\"@id\":\"https:\/\/jornaltimoneiro.com.br\/index.php\/2023\/12\/06\/capao-do-corvo-sera-palco-do-fesla-evento-com-diversas-atividades-gratuitas-no-domingo\/#article\",\"isPartOf\":{\"@id\":\"https:\/\/jornaltimoneiro.com.br\/index.php\/2023\/12\/06\/capao-do-corvo-sera-palco-do-fesla-evento-com-diversas-atividades-gratuitas-no-domingo\/\"},\"author\":{\"name\":\"Reda\u00e7\u00e3o\",\"@id\":\"https:\/\/jornaltimoneiro.com.br\/#\/schema\/person\/f63482f1a02b1a9592707865e509ab40\"},\"headline\":\"Cap\u00e3o do Corvo ser\u00e1 palco do Fesla, evento com diversas atividades gratuitas no domingo\",\"datePublished\":\"2023-12-06T16:57:55+00:00\",\"dateModified\":\"2023-12-06T16:57:55+00:00\",\"mainEntityOfPage\":{\"@id\":\"https:\/\/jornaltimoneiro.com.br\/index.php\/2023\/12\/06\/capao-do-corvo-sera-palco-do-fesla-evento-com-diversas-atividades-gratuitas-no-domingo\/\"},\"wordCount\":549,\"commentCount\":0,\"publisher\":{\"@id\":\"https:\/\/jornaltimoneiro.com.br\/#organization\"},\"keywords\":[\"atividades\",\"canoas\",\"cap\u00e3o do corvo\",\"featured\",\"Fesla\",\"gratuito\",\"regi\u00e3o metropolitana\",\"rio grande do sul\",\"RS\"],\"articleSection\":[\"Esporte\"],\"inLanguage\":\"pt-BR\",\"potentialAction\":[{\"@type\":\"CommentAction\",\"name\":\"Comment\",\"target\":[\"https:\/\/jornaltimoneiro.com.br\/index.php\/2023\/12\/06\/capao-do-corvo-sera-palco-do-fesla-evento-com-diversas-atividades-gratuitas-no-domingo\/#respond\"]}]},{\"@type\":\"WebPage\",\"@id\":\"https:\/\/jornaltimoneiro.com.br\/index.php\/2023\/12\/06\/capao-do-corvo-sera-palco-do-fesla-evento-com-diversas-atividades-gratuitas-no-domingo\/\",\"url\":\"https:\/\/jornaltimoneiro.com.br\/index.php\/2023\/12\/06\/capao-do-corvo-sera-palco-do-fesla-evento-com-diversas-atividades-gratuitas-no-domingo\/\",\"name\":\"Cap\u00e3o do Corvo ser\u00e1 palco do Fesla, evento com diversas atividades gratuitas no domingo - O Timoneiro Jornal Canoas RS\",\"isPartOf\":{\"@id\":\"https:\/\/jornaltimoneiro.com.br\/#website\"},\"datePublished\":\"2023-12-06T16:57:55+00:00\",\"dateModified\":\"2023-12-06T16:57:55+00:00\",\"description\":\"Cap\u00e3o do Corvo ser\u00e1 palco do Fesla, evento com diversas atividades gratuitas domingo Canoas Regi\u00e3o Metropolitana Rio Grande do Sul RS esporte\",\"breadcrumb\":{\"@id\":\"https:\/\/jornaltimoneiro.com.br\/index.php\/2023\/12\/06\/capao-do-corvo-sera-palco-do-fesla-evento-com-diversas-atividades-gratuitas-no-domingo\/#breadcrumb\"},\"inLanguage\":\"pt-BR\",\"potentialAction\":[{\"@type\":\"ReadAction\",\"target\":[\"https:\/\/jornaltimoneiro.com.br\/index.php\/2023\/12\/06\/capao-do-corvo-sera-palco-do-fesla-evento-com-diversas-atividades-gratuitas-no-domingo\/\"]}]},{\"@type\":\"BreadcrumbList\",\"@id\":\"https:\/\/jornaltimoneiro.com.br\/index.php\/2023\/12\/06\/capao-do-corvo-sera-palco-do-fesla-evento-com-diversas-atividades-gratuitas-no-domingo\/#breadcrumb\",\"itemListElement\":[{\"@type\":\"ListItem\",\"position\":1,\"name\":\"In\u00edcio\",\"item\":\"https:\/\/jornaltimoneiro.com.br\/\"},{\"@type\":\"ListItem\",\"position\":2,\"name\":\"Cap\u00e3o do Corvo ser\u00e1 palco do Fesla, evento com diversas atividades gratuitas no domingo\"}]},{\"@type\":\"WebSite\",\"@id\":\"https:\/\/jornaltimoneiro.com.br\/#website\",\"url\":\"https:\/\/jornaltimoneiro.com.br\/\",\"name\":\"Jornal Timoneiro Canoas RS\",\"description\":\"Jornal O Timoneiro, o verdadeiro jornal de Canoas\",\"publisher\":{\"@id\":\"https:\/\/jornaltimoneiro.com.br\/#organization\"},\"potentialAction\":[{\"@type\":\"SearchAction\",\"target\":{\"@type\":\"EntryPoint\",\"urlTemplate\":\"https:\/\/jornaltimoneiro.com.br\/?s={search_term_string}\"},\"query-input\":\"required name=search_term_string\"}],\"inLanguage\":\"pt-BR\"},{\"@type\":\"Organization\",\"@id\":\"https:\/\/jornaltimoneiro.com.br\/#organization\",\"name\":\"Jornal Timoneiro Canoas RS\",\"url\":\"https:\/\/jornaltimoneiro.com.br\/\",\"logo\":{\"@type\":\"ImageObject\",\"inLanguage\":\"pt-BR\",\"@id\":\"https:\/\/jornaltimoneiro.com.br\/#\/schema\/logo\/image\/\",\"url\":\"https:\/\/jornaltimoneiro.com.br\/wp-content\/uploads\/2023\/03\/logonovo.png\",\"contentUrl\":\"https:\/\/jornaltimoneiro.com.br\/wp-content\/uploads\/2023\/03\/logonovo.png\",\"width\":\"469\",\"height\":\"171\",\"caption\":\"Jornal Timoneiro Canoas RS\"},\"image\":{\"@id\":\"https:\/\/jornaltimoneiro.com.br\/#\/schema\/logo\/image\/\"},\"sameAs\":[\"https:\/\/www.facebook.com\/jornaltimoneiro\",\"https:\/\/twitter.com\/_OTimoneiro\",\"https:\/\/www.instagram.com\/jornaltimoneirocanoas\/\",\"https:\/\/www.youtube.com\/@jornalotimoneiro7927\"]},{\"@type\":\"Person\",\"@id\":\"https:\/\/jornaltimoneiro.com.br\/#\/schema\/person\/f63482f1a02b1a9592707865e509ab40\",\"name\":\"Reda\u00e7\u00e3o\",\"image\":{\"@type\":\"ImageObject\",\"inLanguage\":\"pt-BR\",\"@id\":\"https:\/\/jornaltimoneiro.com.br\/#\/schema\/person\/image\/\",\"url\":\"https:\/\/jornaltimoneiro.com.br\/wp-content\/uploads\/2023\/03\/download.jpeg\",\"contentUrl\":\"https:\/\/jornaltimoneiro.com.br\/wp-content\/uploads\/2023\/03\/download.jpeg\",\"caption\":\"Reda\u00e7\u00e3o\"},\"url\":\"https:\/\/jornaltimoneiro.com.br\/index.php\/author\/simone-dutra\/\"}]}<\/script>\n<!-- \/ Yoast SEO plugin. -->","yoast_head_json":{"title":"Cap\u00e3o do Corvo ser\u00e1 palco do Fesla, evento com diversas atividades gratuitas no domingo - O Timoneiro Jornal Canoas RS","description":"Cap\u00e3o do Corvo ser\u00e1 palco do Fesla, evento com diversas atividades gratuitas domingo Canoas Regi\u00e3o Metropolitana Rio Grande do Sul RS esporte","robots":{"index":"index","follow":"follow","max-snippet":"max-snippet:-1","max-image-preview":"max-image-preview:large","max-video-preview":"max-video-preview:-1"},"canonical":"https:\/\/jornaltimoneiro.com.br\/index.php\/2023\/12\/06\/capao-do-corvo-sera-palco-do-fesla-evento-com-diversas-atividades-gratuitas-no-domingo\/","og_locale":"pt_BR","og_type":"article","og_title":"Cap\u00e3o do Corvo ser\u00e1 palco do Fesla, evento com diversas atividades gratuitas no domingo - O Timoneiro Jornal Canoas RS","og_description":"Cap\u00e3o do Corvo ser\u00e1 palco do Fesla, evento com diversas atividades gratuitas domingo Canoas Regi\u00e3o Metropolitana Rio Grande do Sul RS esporte","og_url":"https:\/\/jornaltimoneiro.com.br\/index.php\/2023\/12\/06\/capao-do-corvo-sera-palco-do-fesla-evento-com-diversas-atividades-gratuitas-no-domingo\/","og_site_name":"O Timoneiro Jornal Canoas RS","article_publisher":"https:\/\/www.facebook.com\/jornaltimoneiro","article_published_time":"2023-12-06T16:57:55+00:00","og_image":[{"width":"1080","height":"719","url":"https:\/\/jornaltimoneiro.com.br\/wp-content\/uploads\/2023\/12\/FESLA_25.06.2023_reduzidas_gustavo-garbino-1.jpg","type":"image\/jpeg"}],"author":"Reda\u00e7\u00e3o","twitter_card":"summary_large_image","twitter_creator":"@_OTimoneiro","twitter_site":"@_OTimoneiro","twitter_misc":{"Escrito por":"Reda\u00e7\u00e3o","Est. tempo de leitura":"3 minutos"},"schema":{"@context":"https:\/\/schema.org","@graph":[{"@type":"Article","@id":"https:\/\/jornaltimoneiro.com.br\/index.php\/2023\/12\/06\/capao-do-corvo-sera-palco-do-fesla-evento-com-diversas-atividades-gratuitas-no-domingo\/#article","isPartOf":{"@id":"https:\/\/jornaltimoneiro.com.br\/index.php\/2023\/12\/06\/capao-do-corvo-sera-palco-do-fesla-evento-com-diversas-atividades-gratuitas-no-domingo\/"},"author":{"name":"Reda\u00e7\u00e3o","@id":"https:\/\/jornaltimoneiro.com.br\/#\/schema\/person\/f63482f1a02b1a9592707865e509ab40"},"headline":"Cap\u00e3o do Corvo ser\u00e1 palco do Fesla, evento com diversas atividades gratuitas no domingo","datePublished":"2023-12-06T16:57:55+00:00","dateModified":"2023-12-06T16:57:55+00:00","mainEntityOfPage":{"@id":"https:\/\/jornaltimoneiro.com.br\/index.php\/2023\/12\/06\/capao-do-corvo-sera-palco-do-fesla-evento-com-diversas-atividades-gratuitas-no-domingo\/"},"wordCount":549,"commentCount":0,"publisher":{"@id":"https:\/\/jornaltimoneiro.com.br\/#organization"},"keywords":["atividades","canoas","cap\u00e3o do corvo","featured","Fesla","gratuito","regi\u00e3o metropolitana","rio grande do sul","RS"],"articleSection":["Esporte"],"inLanguage":"pt-BR","potentialAction":[{"@type":"CommentAction","name":"Comment","target":["https:\/\/jornaltimoneiro.com.br\/index.php\/2023\/12\/06\/capao-do-corvo-sera-palco-do-fesla-evento-com-diversas-atividades-gratuitas-no-domingo\/#respond"]}]},{"@type":"WebPage","@id":"https:\/\/jornaltimoneiro.com.br\/index.php\/2023\/12\/06\/capao-do-corvo-sera-palco-do-fesla-evento-com-diversas-atividades-gratuitas-no-domingo\/","url":"https:\/\/jornaltimoneiro.com.br\/index.php\/2023\/12\/06\/capao-do-corvo-sera-palco-do-fesla-evento-com-diversas-atividades-gratuitas-no-domingo\/","name":"Cap\u00e3o do Corvo ser\u00e1 palco do Fesla, evento com diversas atividades gratuitas no domingo - O Timoneiro Jornal Canoas RS","isPartOf":{"@id":"https:\/\/jornaltimoneiro.com.br\/#website"},"datePublished":"2023-12-06T16:57:55+00:00","dateModified":"2023-12-06T16:57:55+00:00","description":"Cap\u00e3o do Corvo ser\u00e1 palco do Fesla, evento com diversas atividades gratuitas domingo Canoas Regi\u00e3o Metropolitana Rio Grande do Sul RS esporte","breadcrumb":{"@id":"https:\/\/jornaltimoneiro.com.br\/index.php\/2023\/12\/06\/capao-do-corvo-sera-palco-do-fesla-evento-com-diversas-atividades-gratuitas-no-domingo\/#breadcrumb"},"inLanguage":"pt-BR","potentialAction":[{"@type":"ReadAction","target":["https:\/\/jornaltimoneiro.com.br\/index.php\/2023\/12\/06\/capao-do-corvo-sera-palco-do-fesla-evento-com-diversas-atividades-gratuitas-no-domingo\/"]}]},{"@type":"BreadcrumbList","@id":"https:\/\/jornaltimoneiro.com.br\/index.php\/2023\/12\/06\/capao-do-corvo-sera-palco-do-fesla-evento-com-diversas-atividades-gratuitas-no-domingo\/#breadcrumb","itemListElement":[{"@type":"ListItem","position":1,"name":"In\u00edcio","item":"https:\/\/jornaltimoneiro.com.br\/"},{"@type":"ListItem","position":2,"name":"Cap\u00e3o do Corvo ser\u00e1 palco do Fesla, evento com diversas atividades gratuitas no domingo"}]},{"@type":"WebSite","@id":"https:\/\/jornaltimoneiro.com.br\/#website","url":"https:\/\/jornaltimoneiro.com.br\/","name":"Jornal Timoneiro Canoas RS","description":"Jornal O Timoneiro, o verdadeiro jornal de Canoas","publisher":{"@id":"https:\/\/jornaltimoneiro.com.br\/#organization"},"potentialAction":[{"@type":"SearchAction","target":{"@type":"EntryPoint","urlTemplate":"https:\/\/jornaltimoneiro.com.br\/?s={search_term_string}"},"query-input":"required name=search_term_string"}],"inLanguage":"pt-BR"},{"@type":"Organization","@id":"https:\/\/jornaltimoneiro.com.br\/#organization","name":"Jornal Timoneiro Canoas RS","url":"https:\/\/jornaltimoneiro.com.br\/","logo":{"@type":"ImageObject","inLanguage":"pt-BR","@id":"https:\/\/jornaltimoneiro.com.br\/#\/schema\/logo\/image\/","url":"https:\/\/jornaltimoneiro.com.br\/wp-content\/uploads\/2023\/03\/logonovo.png","contentUrl":"https:\/\/jornaltimoneiro.com.br\/wp-content\/uploads\/2023\/03\/logonovo.png","width":"469","height":"171","caption":"Jornal Timoneiro Canoas RS"},"image":{"@id":"https:\/\/jornaltimoneiro.com.br\/#\/schema\/logo\/image\/"},"sameAs":["https:\/\/www.facebook.com\/jornaltimoneiro","https:\/\/twitter.com\/_OTimoneiro","https:\/\/www.instagram.com\/jornaltimoneirocanoas\/","https:\/\/www.youtube.com\/@jornalotimoneiro7927"]},{"@type":"Person","@id":"https:\/\/jornaltimoneiro.com.br\/#\/schema\/person\/f63482f1a02b1a9592707865e509ab40","name":"Reda\u00e7\u00e3o","image":{"@type":"ImageObject","inLanguage":"pt-BR","@id":"https:\/\/jornaltimoneiro.com.br\/#\/schema\/person\/image\/","url":"https:\/\/jornaltimoneiro.com.br\/wp-content\/uploads\/2023\/03\/download.jpeg","contentUrl":"https:\/\/jornaltimoneiro.com.br\/wp-content\/uploads\/2023\/03\/download.jpeg","caption":"Reda\u00e7\u00e3o"},"url":"https:\/\/jornaltimoneiro.com.br\/index.php\/author\/simone-dutra\/"}]}},"_links":{"self":[{"href":"https:\/\/jornaltimoneiro.com.br\/index.php\/wp-json\/wp\/v2\/posts\/26588"}],"collection":[{"href":"https:\/\/jornaltimoneiro.com.br\/index.php\/wp-json\/wp\/v2\/posts"}],"about":[{"href":"https:\/\/jornaltimoneiro.com.br\/index.php\/wp-json\/wp\/v2\/types\/post"}],"author":[{"embeddable":true,"href":"https:\/\/jornaltimoneiro.com.br\/index.php\/wp-json\/wp\/v2\/users\/2"}],"replies":[{"embeddable":true,"href":"https:\/\/jornaltimoneiro.com.br\/index.php\/wp-json\/wp\/v2\/comments?post=26588"}],"version-history":[{"count":1,"href":"https:\/\/jornaltimoneiro.com.br\/index.php\/wp-json\/wp\/v2\/posts\/26588\/revisions"}],"predecessor-version":[{"id":26590,"href":"https:\/\/jornaltimoneiro.com.br\/index.php\/wp-json\/wp\/v2\/posts\/26588\/revisions\/26590"}],"wp:featuredmedia":[{"embeddable":true,"href":"https:\/\/jornaltimoneiro.com.br\/index.php\/wp-json\/wp\/v2\/media\/26589"}],"wp:attachment":[{"href":"https:\/\/jornaltimoneiro.com.br\/index.php\/wp-json\/wp\/v2\/media?parent=26588"}],"wp:term":[{"taxonomy":"category","embeddable":true,"href":"https:\/\/jornaltimoneiro.com.br\/index.php\/wp-json\/wp\/v2\/categories?post=26588"},{"taxonomy":"post_tag","embeddable":true,"href":"https:\/\/jornaltimoneiro.com.br\/index.php\/wp-json\/wp\/v2\/tags?post=26588"}],"curies":[{"name":"wp","href":"https:\/\/api.w.org\/{rel}","templated":true}]}}