{"id":2657,"date":"2016-02-05T12:19:17","date_gmt":"2016-02-05T14:19:17","guid":{"rendered":"http:\/\/otimoneiro.com.br\/?p=2657"},"modified":"2016-02-05T12:19:17","modified_gmt":"2016-02-05T14:19:17","slug":"morre-jorge-cardoso-defensor-dos-direitos-dos-deficientes-fisicos","status":"publish","type":"post","link":"https:\/\/jornaltimoneiro.com.br\/index.php\/2016\/02\/05\/morre-jorge-cardoso-defensor-dos-direitos-dos-deficientes-fisicos\/","title":{"rendered":"Morre Jorge Cardoso, defensor  dos direitos dos deficientes f\u00edsicos"},"content":{"rendered":"<div id=\"attachment_2669\" style=\"width: 477px\" class=\"wp-caption aligncenter\"><a href=\"http:\/\/otimoneiro.com.br\/wp-content\/uploads\/2016\/02\/12654294_923590161023777_6425000003545417284_n.png\"><img decoding=\"async\" aria-describedby=\"caption-attachment-2669\" class=\" wp-image-2669\" src=\"http:\/\/otimoneiro.com.br\/wp-content\/uploads\/2016\/02\/12654294_923590161023777_6425000003545417284_n.png\" alt=\"Jorge Cardoso, fundador da Acadef Canoas. Foto: Divulga\u00e7\u00e3o\/OT\" width=\"467\" height=\"480\" \/><\/a><p id=\"caption-attachment-2669\" class=\"wp-caption-text\">Jorge Cardoso, fundador da Acadef Canoas. Foto: Divulga\u00e7\u00e3o\/OT<\/p><\/div>\n<p>Faleceu, na \u00faltima quinta-feira, 4, Jorge Cardoso, fundador da Associa\u00e7\u00e3o Canoense de Deficientes F\u00edsicos (Acadef). Segundo nota divulgada pela Acadef, Cardoso estava internado h\u00e1 dias no Hospital Nossa Senhora das Gra\u00e7as, aonde veio a falecer.<br \/>\nA morte do fundador, no entanto, n\u00e3o enfraquecer\u00e1 a Acadef, que trabalhar\u00e1 duro para manter seu legado, conquistado com muito esfor\u00e7o e dedica\u00e7\u00e3o. Jorge Cardoso, falou em entrevista a O Timoneiro, em 2010, que os planos da institui\u00e7\u00e3o apontavam para uma meta de ser um centro de recupera\u00e7\u00e3o para deficientes f\u00edsicos completo at\u00e9 2015. Tamanho foi o empenho de Jorge e de sua equipe que, em 2014, revelou, em outra entrevista, que o objetivo da institui\u00e7\u00e3o foi completado com um ano de anteced\u00eancia.<br \/>\nAtrav\u00e9s do esfor\u00e7o de Jorge e de todos os que o acompanharam na trajet\u00f3ria \u00e0 frente da Acadef, a institui\u00e7\u00e3o j\u00e1 conta com um complexo completo para fisioterapia, que inclui piscinas espec\u00edficas para os tratamentos, al\u00e9m de ter conseguido concretizar o sonho de construir todas as \u00f3rteses e pr\u00f3teses que s\u00e3o disponibilizadas por ela \u00e0 comunidade.<br \/>\nEm uma de suas \u00faltimas entrevistas a O Timoneiro, Jorge mostrou-se muito feliz com o momento da Acadef e revelou quais eram os planos da institui\u00e7\u00e3o para o futuro: \u201cA partir de agora os planos s\u00e3o de refinar o que j\u00e1 conseguimos e investir cada vez mais em tecnologia. A Acadef \u00e9 uma institui\u00e7\u00e3o que s\u00f3 atende pelo SUS, mas que n\u00e3o abre m\u00e3o de oferecer qualidade de n\u00edvel particular para a popula\u00e7\u00e3o\u201d.<\/p>\n","protected":false},"excerpt":{"rendered":"<p>Ele foi pioneiro na luta pelos direitos e pelo bem-estar dos deficientes f\u00edsicos em Canoas<\/p>\n","protected":false},"author":1,"featured_media":2669,"comment_status":"open","ping_status":"open","sticky":false,"template":"","format":"standard","meta":{"amp_status":"","footnotes":""},"categories":[25,19,22],"tags":[],"class_list":["post-2657","post","type-post","status-publish","format-standard","has-post-thumbnail","hentry","category-comunidade","category-destaques","category-noticias"],"yoast_head":"<!-- This site is optimized with the Yoast SEO plugin v20.5 - https:\/\/yoast.com\/wordpress\/plugins\/seo\/ -->\n<title>Morre Jorge Cardoso, defensor dos direitos dos deficientes f\u00edsicos - O Timoneiro Jornal Canoas RS<\/title>\n<meta name=\"robots\" content=\"index, follow, max-snippet:-1, max-image-preview:large, max-video-preview:-1\" \/>\n<link rel=\"canonical\" href=\"https:\/\/jornaltimoneiro.com.br\/index.php\/2016\/02\/05\/morre-jorge-cardoso-defensor-dos-direitos-dos-deficientes-fisicos\/\" \/>\n<meta property=\"og:locale\" content=\"pt_BR\" \/>\n<meta property=\"og:type\" content=\"article\" \/>\n<meta property=\"og:title\" content=\"Morre Jorge Cardoso, defensor dos direitos dos deficientes f\u00edsicos - O Timoneiro Jornal Canoas RS\" \/>\n<meta property=\"og:description\" content=\"Ele foi pioneiro na luta pelos direitos e pelo bem-estar dos deficientes f\u00edsicos em Canoas\" \/>\n<meta property=\"og:url\" content=\"https:\/\/jornaltimoneiro.com.br\/index.php\/2016\/02\/05\/morre-jorge-cardoso-defensor-dos-direitos-dos-deficientes-fisicos\/\" \/>\n<meta property=\"og:site_name\" content=\"O Timoneiro Jornal Canoas RS\" \/>\n<meta property=\"article:publisher\" content=\"https:\/\/www.facebook.com\/jornaltimoneiro\" \/>\n<meta property=\"article:published_time\" content=\"2016-02-05T14:19:17+00:00\" \/>\n<meta name=\"author\" content=\"Reda\u00e7\u00e3o\" \/>\n<meta name=\"twitter:card\" content=\"summary_large_image\" \/>\n<meta name=\"twitter:creator\" content=\"@_OTimoneiro\" \/>\n<meta name=\"twitter:site\" content=\"@_OTimoneiro\" \/>\n<meta name=\"twitter:label1\" content=\"Escrito por\" \/>\n\t<meta name=\"twitter:data1\" content=\"Reda\u00e7\u00e3o\" \/>\n\t<meta name=\"twitter:label2\" content=\"Est. tempo de leitura\" \/>\n\t<meta name=\"twitter:data2\" content=\"1 minuto\" \/>\n<script type=\"application\/ld+json\" class=\"yoast-schema-graph\">{\"@context\":\"https:\/\/schema.org\",\"@graph\":[{\"@type\":\"Article\",\"@id\":\"https:\/\/jornaltimoneiro.com.br\/index.php\/2016\/02\/05\/morre-jorge-cardoso-defensor-dos-direitos-dos-deficientes-fisicos\/#article\",\"isPartOf\":{\"@id\":\"https:\/\/jornaltimoneiro.com.br\/index.php\/2016\/02\/05\/morre-jorge-cardoso-defensor-dos-direitos-dos-deficientes-fisicos\/\"},\"author\":{\"name\":\"Reda\u00e7\u00e3o\",\"@id\":\"https:\/\/jornaltimoneiro.com.br\/#\/schema\/person\/620efd1d8244466117482be494360b08\"},\"headline\":\"Morre Jorge Cardoso, defensor dos direitos dos deficientes f\u00edsicos\",\"datePublished\":\"2016-02-05T14:19:17+00:00\",\"dateModified\":\"2016-02-05T14:19:17+00:00\",\"mainEntityOfPage\":{\"@id\":\"https:\/\/jornaltimoneiro.com.br\/index.php\/2016\/02\/05\/morre-jorge-cardoso-defensor-dos-direitos-dos-deficientes-fisicos\/\"},\"wordCount\":293,\"commentCount\":0,\"publisher\":{\"@id\":\"https:\/\/jornaltimoneiro.com.br\/#organization\"},\"articleSection\":[\"Comunidade\",\"Destaques\",\"Not\u00edcias\"],\"inLanguage\":\"pt-BR\",\"potentialAction\":[{\"@type\":\"CommentAction\",\"name\":\"Comment\",\"target\":[\"https:\/\/jornaltimoneiro.com.br\/index.php\/2016\/02\/05\/morre-jorge-cardoso-defensor-dos-direitos-dos-deficientes-fisicos\/#respond\"]}]},{\"@type\":\"WebPage\",\"@id\":\"https:\/\/jornaltimoneiro.com.br\/index.php\/2016\/02\/05\/morre-jorge-cardoso-defensor-dos-direitos-dos-deficientes-fisicos\/\",\"url\":\"https:\/\/jornaltimoneiro.com.br\/index.php\/2016\/02\/05\/morre-jorge-cardoso-defensor-dos-direitos-dos-deficientes-fisicos\/\",\"name\":\"Morre Jorge Cardoso, defensor dos direitos dos deficientes f\u00edsicos - O Timoneiro Jornal Canoas RS\",\"isPartOf\":{\"@id\":\"https:\/\/jornaltimoneiro.com.br\/#website\"},\"datePublished\":\"2016-02-05T14:19:17+00:00\",\"dateModified\":\"2016-02-05T14:19:17+00:00\",\"breadcrumb\":{\"@id\":\"https:\/\/jornaltimoneiro.com.br\/index.php\/2016\/02\/05\/morre-jorge-cardoso-defensor-dos-direitos-dos-deficientes-fisicos\/#breadcrumb\"},\"inLanguage\":\"pt-BR\",\"potentialAction\":[{\"@type\":\"ReadAction\",\"target\":[\"https:\/\/jornaltimoneiro.com.br\/index.php\/2016\/02\/05\/morre-jorge-cardoso-defensor-dos-direitos-dos-deficientes-fisicos\/\"]}]},{\"@type\":\"BreadcrumbList\",\"@id\":\"https:\/\/jornaltimoneiro.com.br\/index.php\/2016\/02\/05\/morre-jorge-cardoso-defensor-dos-direitos-dos-deficientes-fisicos\/#breadcrumb\",\"itemListElement\":[{\"@type\":\"ListItem\",\"position\":1,\"name\":\"In\u00edcio\",\"item\":\"https:\/\/jornaltimoneiro.com.br\/\"},{\"@type\":\"ListItem\",\"position\":2,\"name\":\"Morre Jorge Cardoso, defensor dos direitos dos deficientes f\u00edsicos\"}]},{\"@type\":\"WebSite\",\"@id\":\"https:\/\/jornaltimoneiro.com.br\/#website\",\"url\":\"https:\/\/jornaltimoneiro.com.br\/\",\"name\":\"Jornal Timoneiro Canoas RS\",\"description\":\"Jornal O Timoneiro, o verdadeiro jornal de Canoas\",\"publisher\":{\"@id\":\"https:\/\/jornaltimoneiro.com.br\/#organization\"},\"potentialAction\":[{\"@type\":\"SearchAction\",\"target\":{\"@type\":\"EntryPoint\",\"urlTemplate\":\"https:\/\/jornaltimoneiro.com.br\/?s={search_term_string}\"},\"query-input\":\"required name=search_term_string\"}],\"inLanguage\":\"pt-BR\"},{\"@type\":\"Organization\",\"@id\":\"https:\/\/jornaltimoneiro.com.br\/#organization\",\"name\":\"Jornal Timoneiro Canoas RS\",\"url\":\"https:\/\/jornaltimoneiro.com.br\/\",\"logo\":{\"@type\":\"ImageObject\",\"inLanguage\":\"pt-BR\",\"@id\":\"https:\/\/jornaltimoneiro.com.br\/#\/schema\/logo\/image\/\",\"url\":\"https:\/\/jornaltimoneiro.com.br\/wp-content\/uploads\/2023\/03\/logonovo.png\",\"contentUrl\":\"https:\/\/jornaltimoneiro.com.br\/wp-content\/uploads\/2023\/03\/logonovo.png\",\"width\":\"469\",\"height\":\"171\",\"caption\":\"Jornal Timoneiro Canoas RS\"},\"image\":{\"@id\":\"https:\/\/jornaltimoneiro.com.br\/#\/schema\/logo\/image\/\"},\"sameAs\":[\"https:\/\/www.facebook.com\/jornaltimoneiro\",\"https:\/\/twitter.com\/_OTimoneiro\",\"https:\/\/www.instagram.com\/jornaltimoneirocanoas\/\",\"https:\/\/www.youtube.com\/@jornalotimoneiro7927\"]},{\"@type\":\"Person\",\"@id\":\"https:\/\/jornaltimoneiro.com.br\/#\/schema\/person\/620efd1d8244466117482be494360b08\",\"name\":\"Reda\u00e7\u00e3o\",\"image\":{\"@type\":\"ImageObject\",\"inLanguage\":\"pt-BR\",\"@id\":\"https:\/\/jornaltimoneiro.com.br\/#\/schema\/person\/image\/\",\"url\":\"https:\/\/secure.gravatar.com\/avatar\/2f04e1b304682a8d9db336c7acd77f08?s=96&d=mm&r=g\",\"contentUrl\":\"https:\/\/secure.gravatar.com\/avatar\/2f04e1b304682a8d9db336c7acd77f08?s=96&d=mm&r=g\",\"caption\":\"Reda\u00e7\u00e3o\"},\"url\":\"https:\/\/jornaltimoneiro.com.br\/index.php\/author\/timoneirocanoas\/\"}]}<\/script>\n<!-- \/ Yoast SEO plugin. -->","yoast_head_json":{"title":"Morre Jorge Cardoso, defensor dos direitos dos deficientes f\u00edsicos - O Timoneiro Jornal Canoas RS","robots":{"index":"index","follow":"follow","max-snippet":"max-snippet:-1","max-image-preview":"max-image-preview:large","max-video-preview":"max-video-preview:-1"},"canonical":"https:\/\/jornaltimoneiro.com.br\/index.php\/2016\/02\/05\/morre-jorge-cardoso-defensor-dos-direitos-dos-deficientes-fisicos\/","og_locale":"pt_BR","og_type":"article","og_title":"Morre Jorge Cardoso, defensor dos direitos dos deficientes f\u00edsicos - O Timoneiro Jornal Canoas RS","og_description":"Ele foi pioneiro na luta pelos direitos e pelo bem-estar dos deficientes f\u00edsicos em Canoas","og_url":"https:\/\/jornaltimoneiro.com.br\/index.php\/2016\/02\/05\/morre-jorge-cardoso-defensor-dos-direitos-dos-deficientes-fisicos\/","og_site_name":"O Timoneiro Jornal Canoas RS","article_publisher":"https:\/\/www.facebook.com\/jornaltimoneiro","article_published_time":"2016-02-05T14:19:17+00:00","author":"Reda\u00e7\u00e3o","twitter_card":"summary_large_image","twitter_creator":"@_OTimoneiro","twitter_site":"@_OTimoneiro","twitter_misc":{"Escrito por":"Reda\u00e7\u00e3o","Est. tempo de leitura":"1 minuto"},"schema":{"@context":"https:\/\/schema.org","@graph":[{"@type":"Article","@id":"https:\/\/jornaltimoneiro.com.br\/index.php\/2016\/02\/05\/morre-jorge-cardoso-defensor-dos-direitos-dos-deficientes-fisicos\/#article","isPartOf":{"@id":"https:\/\/jornaltimoneiro.com.br\/index.php\/2016\/02\/05\/morre-jorge-cardoso-defensor-dos-direitos-dos-deficientes-fisicos\/"},"author":{"name":"Reda\u00e7\u00e3o","@id":"https:\/\/jornaltimoneiro.com.br\/#\/schema\/person\/620efd1d8244466117482be494360b08"},"headline":"Morre Jorge Cardoso, defensor dos direitos dos deficientes f\u00edsicos","datePublished":"2016-02-05T14:19:17+00:00","dateModified":"2016-02-05T14:19:17+00:00","mainEntityOfPage":{"@id":"https:\/\/jornaltimoneiro.com.br\/index.php\/2016\/02\/05\/morre-jorge-cardoso-defensor-dos-direitos-dos-deficientes-fisicos\/"},"wordCount":293,"commentCount":0,"publisher":{"@id":"https:\/\/jornaltimoneiro.com.br\/#organization"},"articleSection":["Comunidade","Destaques","Not\u00edcias"],"inLanguage":"pt-BR","potentialAction":[{"@type":"CommentAction","name":"Comment","target":["https:\/\/jornaltimoneiro.com.br\/index.php\/2016\/02\/05\/morre-jorge-cardoso-defensor-dos-direitos-dos-deficientes-fisicos\/#respond"]}]},{"@type":"WebPage","@id":"https:\/\/jornaltimoneiro.com.br\/index.php\/2016\/02\/05\/morre-jorge-cardoso-defensor-dos-direitos-dos-deficientes-fisicos\/","url":"https:\/\/jornaltimoneiro.com.br\/index.php\/2016\/02\/05\/morre-jorge-cardoso-defensor-dos-direitos-dos-deficientes-fisicos\/","name":"Morre Jorge Cardoso, defensor dos direitos dos deficientes f\u00edsicos - O Timoneiro Jornal Canoas RS","isPartOf":{"@id":"https:\/\/jornaltimoneiro.com.br\/#website"},"datePublished":"2016-02-05T14:19:17+00:00","dateModified":"2016-02-05T14:19:17+00:00","breadcrumb":{"@id":"https:\/\/jornaltimoneiro.com.br\/index.php\/2016\/02\/05\/morre-jorge-cardoso-defensor-dos-direitos-dos-deficientes-fisicos\/#breadcrumb"},"inLanguage":"pt-BR","potentialAction":[{"@type":"ReadAction","target":["https:\/\/jornaltimoneiro.com.br\/index.php\/2016\/02\/05\/morre-jorge-cardoso-defensor-dos-direitos-dos-deficientes-fisicos\/"]}]},{"@type":"BreadcrumbList","@id":"https:\/\/jornaltimoneiro.com.br\/index.php\/2016\/02\/05\/morre-jorge-cardoso-defensor-dos-direitos-dos-deficientes-fisicos\/#breadcrumb","itemListElement":[{"@type":"ListItem","position":1,"name":"In\u00edcio","item":"https:\/\/jornaltimoneiro.com.br\/"},{"@type":"ListItem","position":2,"name":"Morre Jorge Cardoso, defensor dos direitos dos deficientes f\u00edsicos"}]},{"@type":"WebSite","@id":"https:\/\/jornaltimoneiro.com.br\/#website","url":"https:\/\/jornaltimoneiro.com.br\/","name":"Jornal Timoneiro Canoas RS","description":"Jornal O Timoneiro, o verdadeiro jornal de Canoas","publisher":{"@id":"https:\/\/jornaltimoneiro.com.br\/#organization"},"potentialAction":[{"@type":"SearchAction","target":{"@type":"EntryPoint","urlTemplate":"https:\/\/jornaltimoneiro.com.br\/?s={search_term_string}"},"query-input":"required name=search_term_string"}],"inLanguage":"pt-BR"},{"@type":"Organization","@id":"https:\/\/jornaltimoneiro.com.br\/#organization","name":"Jornal Timoneiro Canoas RS","url":"https:\/\/jornaltimoneiro.com.br\/","logo":{"@type":"ImageObject","inLanguage":"pt-BR","@id":"https:\/\/jornaltimoneiro.com.br\/#\/schema\/logo\/image\/","url":"https:\/\/jornaltimoneiro.com.br\/wp-content\/uploads\/2023\/03\/logonovo.png","contentUrl":"https:\/\/jornaltimoneiro.com.br\/wp-content\/uploads\/2023\/03\/logonovo.png","width":"469","height":"171","caption":"Jornal Timoneiro Canoas RS"},"image":{"@id":"https:\/\/jornaltimoneiro.com.br\/#\/schema\/logo\/image\/"},"sameAs":["https:\/\/www.facebook.com\/jornaltimoneiro","https:\/\/twitter.com\/_OTimoneiro","https:\/\/www.instagram.com\/jornaltimoneirocanoas\/","https:\/\/www.youtube.com\/@jornalotimoneiro7927"]},{"@type":"Person","@id":"https:\/\/jornaltimoneiro.com.br\/#\/schema\/person\/620efd1d8244466117482be494360b08","name":"Reda\u00e7\u00e3o","image":{"@type":"ImageObject","inLanguage":"pt-BR","@id":"https:\/\/jornaltimoneiro.com.br\/#\/schema\/person\/image\/","url":"https:\/\/secure.gravatar.com\/avatar\/2f04e1b304682a8d9db336c7acd77f08?s=96&d=mm&r=g","contentUrl":"https:\/\/secure.gravatar.com\/avatar\/2f04e1b304682a8d9db336c7acd77f08?s=96&d=mm&r=g","caption":"Reda\u00e7\u00e3o"},"url":"https:\/\/jornaltimoneiro.com.br\/index.php\/author\/timoneirocanoas\/"}]}},"_links":{"self":[{"href":"https:\/\/jornaltimoneiro.com.br\/index.php\/wp-json\/wp\/v2\/posts\/2657"}],"collection":[{"href":"https:\/\/jornaltimoneiro.com.br\/index.php\/wp-json\/wp\/v2\/posts"}],"about":[{"href":"https:\/\/jornaltimoneiro.com.br\/index.php\/wp-json\/wp\/v2\/types\/post"}],"author":[{"embeddable":true,"href":"https:\/\/jornaltimoneiro.com.br\/index.php\/wp-json\/wp\/v2\/users\/1"}],"replies":[{"embeddable":true,"href":"https:\/\/jornaltimoneiro.com.br\/index.php\/wp-json\/wp\/v2\/comments?post=2657"}],"version-history":[{"count":0,"href":"https:\/\/jornaltimoneiro.com.br\/index.php\/wp-json\/wp\/v2\/posts\/2657\/revisions"}],"wp:featuredmedia":[{"embeddable":true,"href":"https:\/\/jornaltimoneiro.com.br\/index.php\/wp-json\/"}],"wp:attachment":[{"href":"https:\/\/jornaltimoneiro.com.br\/index.php\/wp-json\/wp\/v2\/media?parent=2657"}],"wp:term":[{"taxonomy":"category","embeddable":true,"href":"https:\/\/jornaltimoneiro.com.br\/index.php\/wp-json\/wp\/v2\/categories?post=2657"},{"taxonomy":"post_tag","embeddable":true,"href":"https:\/\/jornaltimoneiro.com.br\/index.php\/wp-json\/wp\/v2\/tags?post=2657"}],"curies":[{"name":"wp","href":"https:\/\/api.w.org\/{rel}","templated":true}]}}