{"id":26566,"date":"2023-12-05T14:24:49","date_gmt":"2023-12-05T17:24:49","guid":{"rendered":"https:\/\/jornaltimoneiro.com.br\/?p=26566"},"modified":"2023-12-05T14:24:49","modified_gmt":"2023-12-05T17:24:49","slug":"em-clima-de-confraternizacao-fgj-realiza-bonenkai-em-canoas-no-sabado","status":"publish","type":"post","link":"https:\/\/jornaltimoneiro.com.br\/index.php\/2023\/12\/05\/em-clima-de-confraternizacao-fgj-realiza-bonenkai-em-canoas-no-sabado\/","title":{"rendered":"Em clima de confraterniza\u00e7\u00e3o, FGJ realiza Bonenkai em Canoas, no s\u00e1bado"},"content":{"rendered":"<p>Encerrando mais uma temporada vitoriosa, a Federa\u00e7\u00e3o Ga\u00facha de Jud\u00f4 realiza no pr\u00f3ximo s\u00e1bado, 9, a edi\u00e7\u00e3o 2023 do Bonenkai, que, neste ano, ser\u00e1 na sede social da AMSC, no Centro de Canoas. O tradicional evento de confraterniza\u00e7\u00e3o do jud\u00f4 ga\u00facho inicia \u00e0s 19h30.<\/p>\n<p>Na ocasi\u00e3o, a FGJ entregar\u00e1 os diplomas e novas gradua\u00e7\u00f5es aos judocas promovidos nesta temporada.<\/p>\n<p>Na cerim\u00f4nia, haver\u00e1 entrega dos trof\u00e9us alusivos aos atletas e filiados destaque em 2023, assim como a entrega dos trof\u00e9us alusivos \u00e0s competi\u00e7\u00f5es da temporada.<\/p>\n<p>A lista com os atletas destaque da temporada, da base aos veteranos, foi publicada pela FGJ na \u00faltima semana, no\u00a0<a href=\"https:\/\/judors.com.br\/wp-content\/uploads\/2023\/11\/BOLETIM-OFICIAL-111_23-DESTAQUES-2023.docx-2-1.pdf\"><strong>boletim 111\/2023<\/strong><\/a>.<\/p>\n<p>&nbsp;<\/p>\n","protected":false},"excerpt":{"rendered":"<p>Encerrando mais uma temporada vitoriosa, a Federa\u00e7\u00e3o Ga\u00facha de Jud\u00f4 realiza no pr\u00f3ximo s\u00e1bado, 9, a edi\u00e7\u00e3o 2023 do Bonenkai, que, neste ano, ser\u00e1 na sede social da AMSC, no Centro de Canoas. O tradicional evento de confraterniza\u00e7\u00e3o do jud\u00f4 ga\u00facho inicia \u00e0s 19h30. Na ocasi\u00e3o, a FGJ entregar\u00e1 os diplomas e novas gradua\u00e7\u00f5es aos [&hellip;]<\/p>\n","protected":false},"author":2,"featured_media":26567,"comment_status":"open","ping_status":"open","sticky":false,"template":"","format":"standard","meta":{"amp_status":"","footnotes":""},"categories":[24],"tags":[1686,31,1685,369,213,80],"class_list":["post-26566","post","type-post","status-publish","format-standard","has-post-thumbnail","hentry","category-esporte","tag-bonenkai","tag-canoas","tag-fgj","tag-judo","tag-rio-grande-do-sul","tag-rs"],"yoast_head":"<!-- This site is optimized with the Yoast SEO plugin v20.5 - https:\/\/yoast.com\/wordpress\/plugins\/seo\/ -->\n<title>Em clima de confraterniza\u00e7\u00e3o, FGJ realiza Bonenkai em Canoas, no s\u00e1bado - O Timoneiro Jornal Canoas RS<\/title>\n<meta name=\"description\" content=\"Em clima de confraterniza\u00e7\u00e3o, FGJ realiza Bonenkai em Canoas, no s\u00e1bado jud\u00f4 Regi\u00e3o Metropolitana Rio Grande do Sul esporte RS\" \/>\n<meta name=\"robots\" content=\"index, follow, max-snippet:-1, max-image-preview:large, max-video-preview:-1\" \/>\n<link rel=\"canonical\" href=\"https:\/\/jornaltimoneiro.com.br\/index.php\/2023\/12\/05\/em-clima-de-confraternizacao-fgj-realiza-bonenkai-em-canoas-no-sabado\/\" \/>\n<meta property=\"og:locale\" content=\"pt_BR\" \/>\n<meta property=\"og:type\" content=\"article\" \/>\n<meta property=\"og:title\" content=\"Em clima de confraterniza\u00e7\u00e3o, FGJ realiza Bonenkai em Canoas, no s\u00e1bado - O Timoneiro Jornal Canoas RS\" \/>\n<meta property=\"og:description\" content=\"Em clima de confraterniza\u00e7\u00e3o, FGJ realiza Bonenkai em Canoas, no s\u00e1bado jud\u00f4 Regi\u00e3o Metropolitana Rio Grande do Sul esporte RS\" \/>\n<meta property=\"og:url\" content=\"https:\/\/jornaltimoneiro.com.br\/index.php\/2023\/12\/05\/em-clima-de-confraternizacao-fgj-realiza-bonenkai-em-canoas-no-sabado\/\" \/>\n<meta property=\"og:site_name\" content=\"O Timoneiro Jornal Canoas RS\" \/>\n<meta property=\"article:publisher\" content=\"https:\/\/www.facebook.com\/jornaltimoneiro\" \/>\n<meta property=\"article:published_time\" content=\"2023-12-05T17:24:49+00:00\" \/>\n<meta property=\"og:image\" content=\"https:\/\/jornaltimoneiro.com.br\/wp-content\/uploads\/2023\/12\/Bonenkai-troca-de-faixas-1024x683-1.jpg\" \/>\n\t<meta property=\"og:image:width\" content=\"1024\" \/>\n\t<meta property=\"og:image:height\" content=\"683\" \/>\n\t<meta property=\"og:image:type\" content=\"image\/jpeg\" \/>\n<meta name=\"author\" content=\"Reda\u00e7\u00e3o\" \/>\n<meta name=\"twitter:card\" content=\"summary_large_image\" \/>\n<meta name=\"twitter:creator\" content=\"@_OTimoneiro\" \/>\n<meta name=\"twitter:site\" content=\"@_OTimoneiro\" \/>\n<meta name=\"twitter:label1\" content=\"Escrito por\" \/>\n\t<meta name=\"twitter:data1\" content=\"Reda\u00e7\u00e3o\" \/>\n\t<meta name=\"twitter:label2\" content=\"Est. tempo de leitura\" \/>\n\t<meta name=\"twitter:data2\" content=\"1 minuto\" \/>\n<script type=\"application\/ld+json\" class=\"yoast-schema-graph\">{\"@context\":\"https:\/\/schema.org\",\"@graph\":[{\"@type\":\"Article\",\"@id\":\"https:\/\/jornaltimoneiro.com.br\/index.php\/2023\/12\/05\/em-clima-de-confraternizacao-fgj-realiza-bonenkai-em-canoas-no-sabado\/#article\",\"isPartOf\":{\"@id\":\"https:\/\/jornaltimoneiro.com.br\/index.php\/2023\/12\/05\/em-clima-de-confraternizacao-fgj-realiza-bonenkai-em-canoas-no-sabado\/\"},\"author\":{\"name\":\"Reda\u00e7\u00e3o\",\"@id\":\"https:\/\/jornaltimoneiro.com.br\/#\/schema\/person\/f63482f1a02b1a9592707865e509ab40\"},\"headline\":\"Em clima de confraterniza\u00e7\u00e3o, FGJ realiza Bonenkai em Canoas, no s\u00e1bado\",\"datePublished\":\"2023-12-05T17:24:49+00:00\",\"dateModified\":\"2023-12-05T17:24:49+00:00\",\"mainEntityOfPage\":{\"@id\":\"https:\/\/jornaltimoneiro.com.br\/index.php\/2023\/12\/05\/em-clima-de-confraternizacao-fgj-realiza-bonenkai-em-canoas-no-sabado\/\"},\"wordCount\":129,\"commentCount\":0,\"publisher\":{\"@id\":\"https:\/\/jornaltimoneiro.com.br\/#organization\"},\"keywords\":[\"Bonenkai\",\"canoas\",\"FGJ\",\"jud\u00f4\",\"rio grande do sul\",\"RS\"],\"articleSection\":[\"Esporte\"],\"inLanguage\":\"pt-BR\",\"potentialAction\":[{\"@type\":\"CommentAction\",\"name\":\"Comment\",\"target\":[\"https:\/\/jornaltimoneiro.com.br\/index.php\/2023\/12\/05\/em-clima-de-confraternizacao-fgj-realiza-bonenkai-em-canoas-no-sabado\/#respond\"]}]},{\"@type\":\"WebPage\",\"@id\":\"https:\/\/jornaltimoneiro.com.br\/index.php\/2023\/12\/05\/em-clima-de-confraternizacao-fgj-realiza-bonenkai-em-canoas-no-sabado\/\",\"url\":\"https:\/\/jornaltimoneiro.com.br\/index.php\/2023\/12\/05\/em-clima-de-confraternizacao-fgj-realiza-bonenkai-em-canoas-no-sabado\/\",\"name\":\"Em clima de confraterniza\u00e7\u00e3o, FGJ realiza Bonenkai em Canoas, no s\u00e1bado - O Timoneiro Jornal Canoas RS\",\"isPartOf\":{\"@id\":\"https:\/\/jornaltimoneiro.com.br\/#website\"},\"datePublished\":\"2023-12-05T17:24:49+00:00\",\"dateModified\":\"2023-12-05T17:24:49+00:00\",\"description\":\"Em clima de confraterniza\u00e7\u00e3o, FGJ realiza Bonenkai em Canoas, no s\u00e1bado jud\u00f4 Regi\u00e3o Metropolitana Rio Grande do Sul esporte RS\",\"breadcrumb\":{\"@id\":\"https:\/\/jornaltimoneiro.com.br\/index.php\/2023\/12\/05\/em-clima-de-confraternizacao-fgj-realiza-bonenkai-em-canoas-no-sabado\/#breadcrumb\"},\"inLanguage\":\"pt-BR\",\"potentialAction\":[{\"@type\":\"ReadAction\",\"target\":[\"https:\/\/jornaltimoneiro.com.br\/index.php\/2023\/12\/05\/em-clima-de-confraternizacao-fgj-realiza-bonenkai-em-canoas-no-sabado\/\"]}]},{\"@type\":\"BreadcrumbList\",\"@id\":\"https:\/\/jornaltimoneiro.com.br\/index.php\/2023\/12\/05\/em-clima-de-confraternizacao-fgj-realiza-bonenkai-em-canoas-no-sabado\/#breadcrumb\",\"itemListElement\":[{\"@type\":\"ListItem\",\"position\":1,\"name\":\"In\u00edcio\",\"item\":\"https:\/\/jornaltimoneiro.com.br\/\"},{\"@type\":\"ListItem\",\"position\":2,\"name\":\"Em clima de confraterniza\u00e7\u00e3o, FGJ realiza Bonenkai em Canoas, no s\u00e1bado\"}]},{\"@type\":\"WebSite\",\"@id\":\"https:\/\/jornaltimoneiro.com.br\/#website\",\"url\":\"https:\/\/jornaltimoneiro.com.br\/\",\"name\":\"Jornal Timoneiro Canoas RS\",\"description\":\"Jornal O Timoneiro, o verdadeiro jornal de Canoas\",\"publisher\":{\"@id\":\"https:\/\/jornaltimoneiro.com.br\/#organization\"},\"potentialAction\":[{\"@type\":\"SearchAction\",\"target\":{\"@type\":\"EntryPoint\",\"urlTemplate\":\"https:\/\/jornaltimoneiro.com.br\/?s={search_term_string}\"},\"query-input\":\"required name=search_term_string\"}],\"inLanguage\":\"pt-BR\"},{\"@type\":\"Organization\",\"@id\":\"https:\/\/jornaltimoneiro.com.br\/#organization\",\"name\":\"Jornal Timoneiro Canoas RS\",\"url\":\"https:\/\/jornaltimoneiro.com.br\/\",\"logo\":{\"@type\":\"ImageObject\",\"inLanguage\":\"pt-BR\",\"@id\":\"https:\/\/jornaltimoneiro.com.br\/#\/schema\/logo\/image\/\",\"url\":\"https:\/\/jornaltimoneiro.com.br\/wp-content\/uploads\/2023\/03\/logonovo.png\",\"contentUrl\":\"https:\/\/jornaltimoneiro.com.br\/wp-content\/uploads\/2023\/03\/logonovo.png\",\"width\":\"469\",\"height\":\"171\",\"caption\":\"Jornal Timoneiro Canoas RS\"},\"image\":{\"@id\":\"https:\/\/jornaltimoneiro.com.br\/#\/schema\/logo\/image\/\"},\"sameAs\":[\"https:\/\/www.facebook.com\/jornaltimoneiro\",\"https:\/\/twitter.com\/_OTimoneiro\",\"https:\/\/www.instagram.com\/jornaltimoneirocanoas\/\",\"https:\/\/www.youtube.com\/@jornalotimoneiro7927\"]},{\"@type\":\"Person\",\"@id\":\"https:\/\/jornaltimoneiro.com.br\/#\/schema\/person\/f63482f1a02b1a9592707865e509ab40\",\"name\":\"Reda\u00e7\u00e3o\",\"image\":{\"@type\":\"ImageObject\",\"inLanguage\":\"pt-BR\",\"@id\":\"https:\/\/jornaltimoneiro.com.br\/#\/schema\/person\/image\/\",\"url\":\"https:\/\/jornaltimoneiro.com.br\/wp-content\/uploads\/2023\/03\/download.jpeg\",\"contentUrl\":\"https:\/\/jornaltimoneiro.com.br\/wp-content\/uploads\/2023\/03\/download.jpeg\",\"caption\":\"Reda\u00e7\u00e3o\"},\"url\":\"https:\/\/jornaltimoneiro.com.br\/index.php\/author\/simone-dutra\/\"}]}<\/script>\n<!-- \/ Yoast SEO plugin. -->","yoast_head_json":{"title":"Em clima de confraterniza\u00e7\u00e3o, FGJ realiza Bonenkai em Canoas, no s\u00e1bado - O Timoneiro Jornal Canoas RS","description":"Em clima de confraterniza\u00e7\u00e3o, FGJ realiza Bonenkai em Canoas, no s\u00e1bado jud\u00f4 Regi\u00e3o Metropolitana Rio Grande do Sul esporte RS","robots":{"index":"index","follow":"follow","max-snippet":"max-snippet:-1","max-image-preview":"max-image-preview:large","max-video-preview":"max-video-preview:-1"},"canonical":"https:\/\/jornaltimoneiro.com.br\/index.php\/2023\/12\/05\/em-clima-de-confraternizacao-fgj-realiza-bonenkai-em-canoas-no-sabado\/","og_locale":"pt_BR","og_type":"article","og_title":"Em clima de confraterniza\u00e7\u00e3o, FGJ realiza Bonenkai em Canoas, no s\u00e1bado - O Timoneiro Jornal Canoas RS","og_description":"Em clima de confraterniza\u00e7\u00e3o, FGJ realiza Bonenkai em Canoas, no s\u00e1bado jud\u00f4 Regi\u00e3o Metropolitana Rio Grande do Sul esporte RS","og_url":"https:\/\/jornaltimoneiro.com.br\/index.php\/2023\/12\/05\/em-clima-de-confraternizacao-fgj-realiza-bonenkai-em-canoas-no-sabado\/","og_site_name":"O Timoneiro Jornal Canoas RS","article_publisher":"https:\/\/www.facebook.com\/jornaltimoneiro","article_published_time":"2023-12-05T17:24:49+00:00","og_image":[{"width":"1024","height":"683","url":"https:\/\/jornaltimoneiro.com.br\/wp-content\/uploads\/2023\/12\/Bonenkai-troca-de-faixas-1024x683-1.jpg","type":"image\/jpeg"}],"author":"Reda\u00e7\u00e3o","twitter_card":"summary_large_image","twitter_creator":"@_OTimoneiro","twitter_site":"@_OTimoneiro","twitter_misc":{"Escrito por":"Reda\u00e7\u00e3o","Est. tempo de leitura":"1 minuto"},"schema":{"@context":"https:\/\/schema.org","@graph":[{"@type":"Article","@id":"https:\/\/jornaltimoneiro.com.br\/index.php\/2023\/12\/05\/em-clima-de-confraternizacao-fgj-realiza-bonenkai-em-canoas-no-sabado\/#article","isPartOf":{"@id":"https:\/\/jornaltimoneiro.com.br\/index.php\/2023\/12\/05\/em-clima-de-confraternizacao-fgj-realiza-bonenkai-em-canoas-no-sabado\/"},"author":{"name":"Reda\u00e7\u00e3o","@id":"https:\/\/jornaltimoneiro.com.br\/#\/schema\/person\/f63482f1a02b1a9592707865e509ab40"},"headline":"Em clima de confraterniza\u00e7\u00e3o, FGJ realiza Bonenkai em Canoas, no s\u00e1bado","datePublished":"2023-12-05T17:24:49+00:00","dateModified":"2023-12-05T17:24:49+00:00","mainEntityOfPage":{"@id":"https:\/\/jornaltimoneiro.com.br\/index.php\/2023\/12\/05\/em-clima-de-confraternizacao-fgj-realiza-bonenkai-em-canoas-no-sabado\/"},"wordCount":129,"commentCount":0,"publisher":{"@id":"https:\/\/jornaltimoneiro.com.br\/#organization"},"keywords":["Bonenkai","canoas","FGJ","jud\u00f4","rio grande do sul","RS"],"articleSection":["Esporte"],"inLanguage":"pt-BR","potentialAction":[{"@type":"CommentAction","name":"Comment","target":["https:\/\/jornaltimoneiro.com.br\/index.php\/2023\/12\/05\/em-clima-de-confraternizacao-fgj-realiza-bonenkai-em-canoas-no-sabado\/#respond"]}]},{"@type":"WebPage","@id":"https:\/\/jornaltimoneiro.com.br\/index.php\/2023\/12\/05\/em-clima-de-confraternizacao-fgj-realiza-bonenkai-em-canoas-no-sabado\/","url":"https:\/\/jornaltimoneiro.com.br\/index.php\/2023\/12\/05\/em-clima-de-confraternizacao-fgj-realiza-bonenkai-em-canoas-no-sabado\/","name":"Em clima de confraterniza\u00e7\u00e3o, FGJ realiza Bonenkai em Canoas, no s\u00e1bado - O Timoneiro Jornal Canoas RS","isPartOf":{"@id":"https:\/\/jornaltimoneiro.com.br\/#website"},"datePublished":"2023-12-05T17:24:49+00:00","dateModified":"2023-12-05T17:24:49+00:00","description":"Em clima de confraterniza\u00e7\u00e3o, FGJ realiza Bonenkai em Canoas, no s\u00e1bado jud\u00f4 Regi\u00e3o Metropolitana Rio Grande do Sul esporte RS","breadcrumb":{"@id":"https:\/\/jornaltimoneiro.com.br\/index.php\/2023\/12\/05\/em-clima-de-confraternizacao-fgj-realiza-bonenkai-em-canoas-no-sabado\/#breadcrumb"},"inLanguage":"pt-BR","potentialAction":[{"@type":"ReadAction","target":["https:\/\/jornaltimoneiro.com.br\/index.php\/2023\/12\/05\/em-clima-de-confraternizacao-fgj-realiza-bonenkai-em-canoas-no-sabado\/"]}]},{"@type":"BreadcrumbList","@id":"https:\/\/jornaltimoneiro.com.br\/index.php\/2023\/12\/05\/em-clima-de-confraternizacao-fgj-realiza-bonenkai-em-canoas-no-sabado\/#breadcrumb","itemListElement":[{"@type":"ListItem","position":1,"name":"In\u00edcio","item":"https:\/\/jornaltimoneiro.com.br\/"},{"@type":"ListItem","position":2,"name":"Em clima de confraterniza\u00e7\u00e3o, FGJ realiza Bonenkai em Canoas, no s\u00e1bado"}]},{"@type":"WebSite","@id":"https:\/\/jornaltimoneiro.com.br\/#website","url":"https:\/\/jornaltimoneiro.com.br\/","name":"Jornal Timoneiro Canoas RS","description":"Jornal O Timoneiro, o verdadeiro jornal de Canoas","publisher":{"@id":"https:\/\/jornaltimoneiro.com.br\/#organization"},"potentialAction":[{"@type":"SearchAction","target":{"@type":"EntryPoint","urlTemplate":"https:\/\/jornaltimoneiro.com.br\/?s={search_term_string}"},"query-input":"required name=search_term_string"}],"inLanguage":"pt-BR"},{"@type":"Organization","@id":"https:\/\/jornaltimoneiro.com.br\/#organization","name":"Jornal Timoneiro Canoas RS","url":"https:\/\/jornaltimoneiro.com.br\/","logo":{"@type":"ImageObject","inLanguage":"pt-BR","@id":"https:\/\/jornaltimoneiro.com.br\/#\/schema\/logo\/image\/","url":"https:\/\/jornaltimoneiro.com.br\/wp-content\/uploads\/2023\/03\/logonovo.png","contentUrl":"https:\/\/jornaltimoneiro.com.br\/wp-content\/uploads\/2023\/03\/logonovo.png","width":"469","height":"171","caption":"Jornal Timoneiro Canoas RS"},"image":{"@id":"https:\/\/jornaltimoneiro.com.br\/#\/schema\/logo\/image\/"},"sameAs":["https:\/\/www.facebook.com\/jornaltimoneiro","https:\/\/twitter.com\/_OTimoneiro","https:\/\/www.instagram.com\/jornaltimoneirocanoas\/","https:\/\/www.youtube.com\/@jornalotimoneiro7927"]},{"@type":"Person","@id":"https:\/\/jornaltimoneiro.com.br\/#\/schema\/person\/f63482f1a02b1a9592707865e509ab40","name":"Reda\u00e7\u00e3o","image":{"@type":"ImageObject","inLanguage":"pt-BR","@id":"https:\/\/jornaltimoneiro.com.br\/#\/schema\/person\/image\/","url":"https:\/\/jornaltimoneiro.com.br\/wp-content\/uploads\/2023\/03\/download.jpeg","contentUrl":"https:\/\/jornaltimoneiro.com.br\/wp-content\/uploads\/2023\/03\/download.jpeg","caption":"Reda\u00e7\u00e3o"},"url":"https:\/\/jornaltimoneiro.com.br\/index.php\/author\/simone-dutra\/"}]}},"_links":{"self":[{"href":"https:\/\/jornaltimoneiro.com.br\/index.php\/wp-json\/wp\/v2\/posts\/26566"}],"collection":[{"href":"https:\/\/jornaltimoneiro.com.br\/index.php\/wp-json\/wp\/v2\/posts"}],"about":[{"href":"https:\/\/jornaltimoneiro.com.br\/index.php\/wp-json\/wp\/v2\/types\/post"}],"author":[{"embeddable":true,"href":"https:\/\/jornaltimoneiro.com.br\/index.php\/wp-json\/wp\/v2\/users\/2"}],"replies":[{"embeddable":true,"href":"https:\/\/jornaltimoneiro.com.br\/index.php\/wp-json\/wp\/v2\/comments?post=26566"}],"version-history":[{"count":1,"href":"https:\/\/jornaltimoneiro.com.br\/index.php\/wp-json\/wp\/v2\/posts\/26566\/revisions"}],"predecessor-version":[{"id":26568,"href":"https:\/\/jornaltimoneiro.com.br\/index.php\/wp-json\/wp\/v2\/posts\/26566\/revisions\/26568"}],"wp:featuredmedia":[{"embeddable":true,"href":"https:\/\/jornaltimoneiro.com.br\/index.php\/wp-json\/wp\/v2\/media\/26567"}],"wp:attachment":[{"href":"https:\/\/jornaltimoneiro.com.br\/index.php\/wp-json\/wp\/v2\/media?parent=26566"}],"wp:term":[{"taxonomy":"category","embeddable":true,"href":"https:\/\/jornaltimoneiro.com.br\/index.php\/wp-json\/wp\/v2\/categories?post=26566"},{"taxonomy":"post_tag","embeddable":true,"href":"https:\/\/jornaltimoneiro.com.br\/index.php\/wp-json\/wp\/v2\/tags?post=26566"}],"curies":[{"name":"wp","href":"https:\/\/api.w.org\/{rel}","templated":true}]}}