{"id":26559,"date":"2023-12-04T17:20:39","date_gmt":"2023-12-04T20:20:39","guid":{"rendered":"https:\/\/jornaltimoneiro.com.br\/?p=26559"},"modified":"2023-12-04T17:20:39","modified_gmt":"2023-12-04T20:20:39","slug":"tradicional-feira-de-natal-da-economia-solidaria-de-canoas-reunira-mais-de-130-artesaos","status":"publish","type":"post","link":"https:\/\/jornaltimoneiro.com.br\/index.php\/2023\/12\/04\/tradicional-feira-de-natal-da-economia-solidaria-de-canoas-reunira-mais-de-130-artesaos\/","title":{"rendered":"Tradicional Feira de Natal da Economia Solid\u00e1ria de Canoas reunir\u00e1 mais de 130 artes\u00e3os\u00a0"},"content":{"rendered":"<p>Para aqueles que buscam op\u00e7\u00f5es de presentes com pre\u00e7os acess\u00edveis, a tradicional Feira de Natal da Economia Solid\u00e1ria de Canoas ocorrer\u00e1 entre os dias 11 e 23 de dezembro, das 9h \u00e0s 19h, na rua Tiradentes, entre a rua 15 de Janeiro e a avenida Get\u00falio Vargas.<\/p>\n<p>Mais de 130 artes\u00e3os estar\u00e3o participando do evento, distribu\u00eddos em 30 bancas, oferecendo uma ampla variedade de produtos.<\/p>\n<p>Dentre as alternativas dispon\u00edveis, a popula\u00e7\u00e3o de Canoas encontrar\u00e1 pe\u00e7as de artesanato, flores, plantas ornamentais, hortali\u00e7as e uma variedade de itens aliment\u00edcios, entre outros.<\/p>\n<p>Al\u00e9m disso, os visitantes ser\u00e3o agraciados com brindes pelos organizadores durante o evento. No dia 22 de dezembro, \u00e0s 18h, est\u00e1 previsto um sorteio de brindes natalinos para os clientes da feira.<\/p>\n<p>De acordo com o diretor da Economia Solid\u00e1ria e Apoio ao Cooperativismo da Secretaria Municipal de Desenvolvimento Econ\u00f4mico, Turismo e Inova\u00e7\u00e3o (SMDETI), Felipe Nogueira dos Santos, a feira natalina tem como objetivo promover a gera\u00e7\u00e3o de renda e fortalecer a economia local. Santos afirma:<\/p>\n<blockquote><p>&#8220;As feiras da economia solid\u00e1ria atraem consumidores, empreendedores e futuros artes\u00e3os, gerando fluxo de pessoas na ocupa\u00e7\u00e3o de espa\u00e7os p\u00fablicos e incentivando o desenvolvimento socioecon\u00f4mico da cidade&#8221;.<\/p><\/blockquote>\n<p>O evento \u00e9 uma iniciativa da Prefeitura de Canoas, em parceria com o F\u00f3rum Canoense de Economia Solid\u00e1ria, e integra o Calend\u00e1rio Oficial de Eventos do munic\u00edpio.<\/p>\n<p>&nbsp;<\/p>\n","protected":false},"excerpt":{"rendered":"<p>Para aqueles que buscam op\u00e7\u00f5es de presentes com pre\u00e7os acess\u00edveis, a tradicional Feira de Natal da Economia Solid\u00e1ria de Canoas ocorrer\u00e1 entre os dias 11 e 23 de dezembro, das 9h \u00e0s 19h, na rua Tiradentes, entre a rua 15 de Janeiro e a avenida Get\u00falio Vargas. Mais de 130 artes\u00e3os estar\u00e3o participando do evento, [&hellip;]<\/p>\n","protected":false},"author":2,"featured_media":21823,"comment_status":"open","ping_status":"open","sticky":false,"template":"","format":"standard","meta":{"amp_status":"","footnotes":""},"categories":[23],"tags":[1680,31,398,1679,1560,1681,214,213,80],"class_list":["post-26559","post","type-post","status-publish","format-standard","has-post-thumbnail","hentry","category-geral","tag-artesaos","tag-canoas","tag-economia-solidaria","tag-feira-de-natal","tag-natal","tag-presentes","tag-regiao-metropolitana","tag-rio-grande-do-sul","tag-rs"],"yoast_head":"<!-- This site is optimized with the Yoast SEO plugin v20.5 - https:\/\/yoast.com\/wordpress\/plugins\/seo\/ -->\n<title>Tradicional Feira de Natal da Economia Solid\u00e1ria de Canoas reunir\u00e1 mais de 130 artes\u00e3os\u00a0 - O Timoneiro Jornal Canoas RS<\/title>\n<meta name=\"description\" content=\"Tradicional Feira de Natal da Economia Solid\u00e1ria de Canoas reunir\u00e1 mais de 130 artes\u00e3os\u00a0Regi\u00e3o Metropolitana presentes Rio Grande do Sul RS\" \/>\n<meta name=\"robots\" content=\"index, follow, max-snippet:-1, max-image-preview:large, max-video-preview:-1\" \/>\n<link rel=\"canonical\" href=\"https:\/\/jornaltimoneiro.com.br\/index.php\/2023\/12\/04\/tradicional-feira-de-natal-da-economia-solidaria-de-canoas-reunira-mais-de-130-artesaos\/\" \/>\n<meta property=\"og:locale\" content=\"pt_BR\" \/>\n<meta property=\"og:type\" content=\"article\" \/>\n<meta property=\"og:title\" content=\"Tradicional Feira de Natal da Economia Solid\u00e1ria de Canoas reunir\u00e1 mais de 130 artes\u00e3os\u00a0 - O Timoneiro Jornal Canoas RS\" \/>\n<meta property=\"og:description\" content=\"Tradicional Feira de Natal da Economia Solid\u00e1ria de Canoas reunir\u00e1 mais de 130 artes\u00e3os\u00a0Regi\u00e3o Metropolitana presentes Rio Grande do Sul RS\" \/>\n<meta property=\"og:url\" content=\"https:\/\/jornaltimoneiro.com.br\/index.php\/2023\/12\/04\/tradicional-feira-de-natal-da-economia-solidaria-de-canoas-reunira-mais-de-130-artesaos\/\" \/>\n<meta property=\"og:site_name\" content=\"O Timoneiro Jornal Canoas RS\" \/>\n<meta property=\"article:publisher\" content=\"https:\/\/www.facebook.com\/jornaltimoneiro\" \/>\n<meta property=\"article:published_time\" content=\"2023-12-04T20:20:39+00:00\" \/>\n<meta property=\"og:image\" content=\"https:\/\/jornaltimoneiro.com.br\/wp-content\/uploads\/2021\/12\/13_12-_FEIRA_DE_NATAL_Guilherme_Pereira-10.jpg\" \/>\n\t<meta property=\"og:image:width\" content=\"1080\" \/>\n\t<meta property=\"og:image:height\" content=\"720\" \/>\n\t<meta property=\"og:image:type\" content=\"image\/jpeg\" \/>\n<meta name=\"author\" content=\"Reda\u00e7\u00e3o\" \/>\n<meta name=\"twitter:card\" content=\"summary_large_image\" \/>\n<meta name=\"twitter:creator\" content=\"@_OTimoneiro\" \/>\n<meta name=\"twitter:site\" content=\"@_OTimoneiro\" \/>\n<meta name=\"twitter:label1\" content=\"Escrito por\" \/>\n\t<meta name=\"twitter:data1\" content=\"Reda\u00e7\u00e3o\" \/>\n\t<meta name=\"twitter:label2\" content=\"Est. tempo de leitura\" \/>\n\t<meta name=\"twitter:data2\" content=\"2 minutos\" \/>\n<script type=\"application\/ld+json\" class=\"yoast-schema-graph\">{\"@context\":\"https:\/\/schema.org\",\"@graph\":[{\"@type\":\"Article\",\"@id\":\"https:\/\/jornaltimoneiro.com.br\/index.php\/2023\/12\/04\/tradicional-feira-de-natal-da-economia-solidaria-de-canoas-reunira-mais-de-130-artesaos\/#article\",\"isPartOf\":{\"@id\":\"https:\/\/jornaltimoneiro.com.br\/index.php\/2023\/12\/04\/tradicional-feira-de-natal-da-economia-solidaria-de-canoas-reunira-mais-de-130-artesaos\/\"},\"author\":{\"name\":\"Reda\u00e7\u00e3o\",\"@id\":\"https:\/\/jornaltimoneiro.com.br\/#\/schema\/person\/f63482f1a02b1a9592707865e509ab40\"},\"headline\":\"Tradicional Feira de Natal da Economia Solid\u00e1ria de Canoas reunir\u00e1 mais de 130 artes\u00e3os\u00a0\",\"datePublished\":\"2023-12-04T20:20:39+00:00\",\"dateModified\":\"2023-12-04T20:20:39+00:00\",\"mainEntityOfPage\":{\"@id\":\"https:\/\/jornaltimoneiro.com.br\/index.php\/2023\/12\/04\/tradicional-feira-de-natal-da-economia-solidaria-de-canoas-reunira-mais-de-130-artesaos\/\"},\"wordCount\":257,\"commentCount\":0,\"publisher\":{\"@id\":\"https:\/\/jornaltimoneiro.com.br\/#organization\"},\"keywords\":[\"artes\u00e3os\",\"canoas\",\"economia solid\u00e1ria\",\"Feira de Natal\",\"Natal\",\"presentes\",\"regi\u00e3o metropolitana\",\"rio grande do sul\",\"RS\"],\"articleSection\":[\"Geral\"],\"inLanguage\":\"pt-BR\",\"potentialAction\":[{\"@type\":\"CommentAction\",\"name\":\"Comment\",\"target\":[\"https:\/\/jornaltimoneiro.com.br\/index.php\/2023\/12\/04\/tradicional-feira-de-natal-da-economia-solidaria-de-canoas-reunira-mais-de-130-artesaos\/#respond\"]}]},{\"@type\":\"WebPage\",\"@id\":\"https:\/\/jornaltimoneiro.com.br\/index.php\/2023\/12\/04\/tradicional-feira-de-natal-da-economia-solidaria-de-canoas-reunira-mais-de-130-artesaos\/\",\"url\":\"https:\/\/jornaltimoneiro.com.br\/index.php\/2023\/12\/04\/tradicional-feira-de-natal-da-economia-solidaria-de-canoas-reunira-mais-de-130-artesaos\/\",\"name\":\"Tradicional Feira de Natal da Economia Solid\u00e1ria de Canoas reunir\u00e1 mais de 130 artes\u00e3os\u00a0 - O Timoneiro Jornal Canoas RS\",\"isPartOf\":{\"@id\":\"https:\/\/jornaltimoneiro.com.br\/#website\"},\"datePublished\":\"2023-12-04T20:20:39+00:00\",\"dateModified\":\"2023-12-04T20:20:39+00:00\",\"description\":\"Tradicional Feira de Natal da Economia Solid\u00e1ria de Canoas reunir\u00e1 mais de 130 artes\u00e3os\u00a0Regi\u00e3o Metropolitana presentes Rio Grande do Sul RS\",\"breadcrumb\":{\"@id\":\"https:\/\/jornaltimoneiro.com.br\/index.php\/2023\/12\/04\/tradicional-feira-de-natal-da-economia-solidaria-de-canoas-reunira-mais-de-130-artesaos\/#breadcrumb\"},\"inLanguage\":\"pt-BR\",\"potentialAction\":[{\"@type\":\"ReadAction\",\"target\":[\"https:\/\/jornaltimoneiro.com.br\/index.php\/2023\/12\/04\/tradicional-feira-de-natal-da-economia-solidaria-de-canoas-reunira-mais-de-130-artesaos\/\"]}]},{\"@type\":\"BreadcrumbList\",\"@id\":\"https:\/\/jornaltimoneiro.com.br\/index.php\/2023\/12\/04\/tradicional-feira-de-natal-da-economia-solidaria-de-canoas-reunira-mais-de-130-artesaos\/#breadcrumb\",\"itemListElement\":[{\"@type\":\"ListItem\",\"position\":1,\"name\":\"In\u00edcio\",\"item\":\"https:\/\/jornaltimoneiro.com.br\/\"},{\"@type\":\"ListItem\",\"position\":2,\"name\":\"Tradicional Feira de Natal da Economia Solid\u00e1ria de Canoas reunir\u00e1 mais de 130 artes\u00e3os\u00a0\"}]},{\"@type\":\"WebSite\",\"@id\":\"https:\/\/jornaltimoneiro.com.br\/#website\",\"url\":\"https:\/\/jornaltimoneiro.com.br\/\",\"name\":\"Jornal Timoneiro Canoas RS\",\"description\":\"Jornal O Timoneiro, o verdadeiro jornal de Canoas\",\"publisher\":{\"@id\":\"https:\/\/jornaltimoneiro.com.br\/#organization\"},\"potentialAction\":[{\"@type\":\"SearchAction\",\"target\":{\"@type\":\"EntryPoint\",\"urlTemplate\":\"https:\/\/jornaltimoneiro.com.br\/?s={search_term_string}\"},\"query-input\":\"required name=search_term_string\"}],\"inLanguage\":\"pt-BR\"},{\"@type\":\"Organization\",\"@id\":\"https:\/\/jornaltimoneiro.com.br\/#organization\",\"name\":\"Jornal Timoneiro Canoas RS\",\"url\":\"https:\/\/jornaltimoneiro.com.br\/\",\"logo\":{\"@type\":\"ImageObject\",\"inLanguage\":\"pt-BR\",\"@id\":\"https:\/\/jornaltimoneiro.com.br\/#\/schema\/logo\/image\/\",\"url\":\"https:\/\/jornaltimoneiro.com.br\/wp-content\/uploads\/2023\/03\/logonovo.png\",\"contentUrl\":\"https:\/\/jornaltimoneiro.com.br\/wp-content\/uploads\/2023\/03\/logonovo.png\",\"width\":\"469\",\"height\":\"171\",\"caption\":\"Jornal Timoneiro Canoas RS\"},\"image\":{\"@id\":\"https:\/\/jornaltimoneiro.com.br\/#\/schema\/logo\/image\/\"},\"sameAs\":[\"https:\/\/www.facebook.com\/jornaltimoneiro\",\"https:\/\/twitter.com\/_OTimoneiro\",\"https:\/\/www.instagram.com\/jornaltimoneirocanoas\/\",\"https:\/\/www.youtube.com\/@jornalotimoneiro7927\"]},{\"@type\":\"Person\",\"@id\":\"https:\/\/jornaltimoneiro.com.br\/#\/schema\/person\/f63482f1a02b1a9592707865e509ab40\",\"name\":\"Reda\u00e7\u00e3o\",\"image\":{\"@type\":\"ImageObject\",\"inLanguage\":\"pt-BR\",\"@id\":\"https:\/\/jornaltimoneiro.com.br\/#\/schema\/person\/image\/\",\"url\":\"https:\/\/jornaltimoneiro.com.br\/wp-content\/uploads\/2023\/03\/download.jpeg\",\"contentUrl\":\"https:\/\/jornaltimoneiro.com.br\/wp-content\/uploads\/2023\/03\/download.jpeg\",\"caption\":\"Reda\u00e7\u00e3o\"},\"url\":\"https:\/\/jornaltimoneiro.com.br\/index.php\/author\/simone-dutra\/\"}]}<\/script>\n<!-- \/ Yoast SEO plugin. -->","yoast_head_json":{"title":"Tradicional Feira de Natal da Economia Solid\u00e1ria de Canoas reunir\u00e1 mais de 130 artes\u00e3os\u00a0 - O Timoneiro Jornal Canoas RS","description":"Tradicional Feira de Natal da Economia Solid\u00e1ria de Canoas reunir\u00e1 mais de 130 artes\u00e3os\u00a0Regi\u00e3o Metropolitana presentes Rio Grande do Sul RS","robots":{"index":"index","follow":"follow","max-snippet":"max-snippet:-1","max-image-preview":"max-image-preview:large","max-video-preview":"max-video-preview:-1"},"canonical":"https:\/\/jornaltimoneiro.com.br\/index.php\/2023\/12\/04\/tradicional-feira-de-natal-da-economia-solidaria-de-canoas-reunira-mais-de-130-artesaos\/","og_locale":"pt_BR","og_type":"article","og_title":"Tradicional Feira de Natal da Economia Solid\u00e1ria de Canoas reunir\u00e1 mais de 130 artes\u00e3os\u00a0 - O Timoneiro Jornal Canoas RS","og_description":"Tradicional Feira de Natal da Economia Solid\u00e1ria de Canoas reunir\u00e1 mais de 130 artes\u00e3os\u00a0Regi\u00e3o Metropolitana presentes Rio Grande do Sul RS","og_url":"https:\/\/jornaltimoneiro.com.br\/index.php\/2023\/12\/04\/tradicional-feira-de-natal-da-economia-solidaria-de-canoas-reunira-mais-de-130-artesaos\/","og_site_name":"O Timoneiro Jornal Canoas RS","article_publisher":"https:\/\/www.facebook.com\/jornaltimoneiro","article_published_time":"2023-12-04T20:20:39+00:00","og_image":[{"width":"1080","height":"720","url":"https:\/\/jornaltimoneiro.com.br\/wp-content\/uploads\/2021\/12\/13_12-_FEIRA_DE_NATAL_Guilherme_Pereira-10.jpg","type":"image\/jpeg"}],"author":"Reda\u00e7\u00e3o","twitter_card":"summary_large_image","twitter_creator":"@_OTimoneiro","twitter_site":"@_OTimoneiro","twitter_misc":{"Escrito por":"Reda\u00e7\u00e3o","Est. tempo de leitura":"2 minutos"},"schema":{"@context":"https:\/\/schema.org","@graph":[{"@type":"Article","@id":"https:\/\/jornaltimoneiro.com.br\/index.php\/2023\/12\/04\/tradicional-feira-de-natal-da-economia-solidaria-de-canoas-reunira-mais-de-130-artesaos\/#article","isPartOf":{"@id":"https:\/\/jornaltimoneiro.com.br\/index.php\/2023\/12\/04\/tradicional-feira-de-natal-da-economia-solidaria-de-canoas-reunira-mais-de-130-artesaos\/"},"author":{"name":"Reda\u00e7\u00e3o","@id":"https:\/\/jornaltimoneiro.com.br\/#\/schema\/person\/f63482f1a02b1a9592707865e509ab40"},"headline":"Tradicional Feira de Natal da Economia Solid\u00e1ria de Canoas reunir\u00e1 mais de 130 artes\u00e3os\u00a0","datePublished":"2023-12-04T20:20:39+00:00","dateModified":"2023-12-04T20:20:39+00:00","mainEntityOfPage":{"@id":"https:\/\/jornaltimoneiro.com.br\/index.php\/2023\/12\/04\/tradicional-feira-de-natal-da-economia-solidaria-de-canoas-reunira-mais-de-130-artesaos\/"},"wordCount":257,"commentCount":0,"publisher":{"@id":"https:\/\/jornaltimoneiro.com.br\/#organization"},"keywords":["artes\u00e3os","canoas","economia solid\u00e1ria","Feira de Natal","Natal","presentes","regi\u00e3o metropolitana","rio grande do sul","RS"],"articleSection":["Geral"],"inLanguage":"pt-BR","potentialAction":[{"@type":"CommentAction","name":"Comment","target":["https:\/\/jornaltimoneiro.com.br\/index.php\/2023\/12\/04\/tradicional-feira-de-natal-da-economia-solidaria-de-canoas-reunira-mais-de-130-artesaos\/#respond"]}]},{"@type":"WebPage","@id":"https:\/\/jornaltimoneiro.com.br\/index.php\/2023\/12\/04\/tradicional-feira-de-natal-da-economia-solidaria-de-canoas-reunira-mais-de-130-artesaos\/","url":"https:\/\/jornaltimoneiro.com.br\/index.php\/2023\/12\/04\/tradicional-feira-de-natal-da-economia-solidaria-de-canoas-reunira-mais-de-130-artesaos\/","name":"Tradicional Feira de Natal da Economia Solid\u00e1ria de Canoas reunir\u00e1 mais de 130 artes\u00e3os\u00a0 - O Timoneiro Jornal Canoas RS","isPartOf":{"@id":"https:\/\/jornaltimoneiro.com.br\/#website"},"datePublished":"2023-12-04T20:20:39+00:00","dateModified":"2023-12-04T20:20:39+00:00","description":"Tradicional Feira de Natal da Economia Solid\u00e1ria de Canoas reunir\u00e1 mais de 130 artes\u00e3os\u00a0Regi\u00e3o Metropolitana presentes Rio Grande do Sul RS","breadcrumb":{"@id":"https:\/\/jornaltimoneiro.com.br\/index.php\/2023\/12\/04\/tradicional-feira-de-natal-da-economia-solidaria-de-canoas-reunira-mais-de-130-artesaos\/#breadcrumb"},"inLanguage":"pt-BR","potentialAction":[{"@type":"ReadAction","target":["https:\/\/jornaltimoneiro.com.br\/index.php\/2023\/12\/04\/tradicional-feira-de-natal-da-economia-solidaria-de-canoas-reunira-mais-de-130-artesaos\/"]}]},{"@type":"BreadcrumbList","@id":"https:\/\/jornaltimoneiro.com.br\/index.php\/2023\/12\/04\/tradicional-feira-de-natal-da-economia-solidaria-de-canoas-reunira-mais-de-130-artesaos\/#breadcrumb","itemListElement":[{"@type":"ListItem","position":1,"name":"In\u00edcio","item":"https:\/\/jornaltimoneiro.com.br\/"},{"@type":"ListItem","position":2,"name":"Tradicional Feira de Natal da Economia Solid\u00e1ria de Canoas reunir\u00e1 mais de 130 artes\u00e3os\u00a0"}]},{"@type":"WebSite","@id":"https:\/\/jornaltimoneiro.com.br\/#website","url":"https:\/\/jornaltimoneiro.com.br\/","name":"Jornal Timoneiro Canoas RS","description":"Jornal O Timoneiro, o verdadeiro jornal de Canoas","publisher":{"@id":"https:\/\/jornaltimoneiro.com.br\/#organization"},"potentialAction":[{"@type":"SearchAction","target":{"@type":"EntryPoint","urlTemplate":"https:\/\/jornaltimoneiro.com.br\/?s={search_term_string}"},"query-input":"required name=search_term_string"}],"inLanguage":"pt-BR"},{"@type":"Organization","@id":"https:\/\/jornaltimoneiro.com.br\/#organization","name":"Jornal Timoneiro Canoas RS","url":"https:\/\/jornaltimoneiro.com.br\/","logo":{"@type":"ImageObject","inLanguage":"pt-BR","@id":"https:\/\/jornaltimoneiro.com.br\/#\/schema\/logo\/image\/","url":"https:\/\/jornaltimoneiro.com.br\/wp-content\/uploads\/2023\/03\/logonovo.png","contentUrl":"https:\/\/jornaltimoneiro.com.br\/wp-content\/uploads\/2023\/03\/logonovo.png","width":"469","height":"171","caption":"Jornal Timoneiro Canoas RS"},"image":{"@id":"https:\/\/jornaltimoneiro.com.br\/#\/schema\/logo\/image\/"},"sameAs":["https:\/\/www.facebook.com\/jornaltimoneiro","https:\/\/twitter.com\/_OTimoneiro","https:\/\/www.instagram.com\/jornaltimoneirocanoas\/","https:\/\/www.youtube.com\/@jornalotimoneiro7927"]},{"@type":"Person","@id":"https:\/\/jornaltimoneiro.com.br\/#\/schema\/person\/f63482f1a02b1a9592707865e509ab40","name":"Reda\u00e7\u00e3o","image":{"@type":"ImageObject","inLanguage":"pt-BR","@id":"https:\/\/jornaltimoneiro.com.br\/#\/schema\/person\/image\/","url":"https:\/\/jornaltimoneiro.com.br\/wp-content\/uploads\/2023\/03\/download.jpeg","contentUrl":"https:\/\/jornaltimoneiro.com.br\/wp-content\/uploads\/2023\/03\/download.jpeg","caption":"Reda\u00e7\u00e3o"},"url":"https:\/\/jornaltimoneiro.com.br\/index.php\/author\/simone-dutra\/"}]}},"_links":{"self":[{"href":"https:\/\/jornaltimoneiro.com.br\/index.php\/wp-json\/wp\/v2\/posts\/26559"}],"collection":[{"href":"https:\/\/jornaltimoneiro.com.br\/index.php\/wp-json\/wp\/v2\/posts"}],"about":[{"href":"https:\/\/jornaltimoneiro.com.br\/index.php\/wp-json\/wp\/v2\/types\/post"}],"author":[{"embeddable":true,"href":"https:\/\/jornaltimoneiro.com.br\/index.php\/wp-json\/wp\/v2\/users\/2"}],"replies":[{"embeddable":true,"href":"https:\/\/jornaltimoneiro.com.br\/index.php\/wp-json\/wp\/v2\/comments?post=26559"}],"version-history":[{"count":1,"href":"https:\/\/jornaltimoneiro.com.br\/index.php\/wp-json\/wp\/v2\/posts\/26559\/revisions"}],"predecessor-version":[{"id":26560,"href":"https:\/\/jornaltimoneiro.com.br\/index.php\/wp-json\/wp\/v2\/posts\/26559\/revisions\/26560"}],"wp:featuredmedia":[{"embeddable":true,"href":"https:\/\/jornaltimoneiro.com.br\/index.php\/wp-json\/wp\/v2\/media\/21823"}],"wp:attachment":[{"href":"https:\/\/jornaltimoneiro.com.br\/index.php\/wp-json\/wp\/v2\/media?parent=26559"}],"wp:term":[{"taxonomy":"category","embeddable":true,"href":"https:\/\/jornaltimoneiro.com.br\/index.php\/wp-json\/wp\/v2\/categories?post=26559"},{"taxonomy":"post_tag","embeddable":true,"href":"https:\/\/jornaltimoneiro.com.br\/index.php\/wp-json\/wp\/v2\/tags?post=26559"}],"curies":[{"name":"wp","href":"https:\/\/api.w.org\/{rel}","templated":true}]}}