{"id":26527,"date":"2023-11-29T14:58:55","date_gmt":"2023-11-29T17:58:55","guid":{"rendered":"https:\/\/jornaltimoneiro.com.br\/?p=26527"},"modified":"2023-11-29T14:59:13","modified_gmt":"2023-11-29T17:59:13","slug":"canoas-deve-registrar-volume-de-chuva-acima-do-normal-durante-mes-de-dezembro","status":"publish","type":"post","link":"https:\/\/jornaltimoneiro.com.br\/index.php\/2023\/11\/29\/canoas-deve-registrar-volume-de-chuva-acima-do-normal-durante-mes-de-dezembro\/","title":{"rendered":"Canoas deve registrar volume de chuva acima do normal durante m\u00eas de dezembro"},"content":{"rendered":"<p>A exemplo dos meses anteriores, dezembro tamb\u00e9m deve registrar um volume de chuva maior do que o normal para o per\u00edodo. Conforme o Escrit\u00f3rio de Resili\u00eancia Clim\u00e1tica (Eclima), a m\u00e9dia hist\u00f3rica em Canoas para o \u00faltimo m\u00eas do ano \u00e9 de 112,1 mil\u00edmetros (mm). Segundo as proje\u00e7\u00f5es meteorol\u00f3gicas, a tend\u00eancia \u00e9 de precipita\u00e7\u00f5es acima dessa marca.<\/p>\n<p>As chuvas acima do normal na cidade s\u00e3o atribu\u00eddas ao El Ni\u00f1o, que segue ganhando for\u00e7a no Oceano Pac\u00edfico e resulta em impactos no clima global. Outro reflexo desse fen\u00f4meno na regi\u00e3o ser\u00e1 a oscila\u00e7\u00e3o de temperatura, pouco comum nesse per\u00edodo.<\/p>\n<p>Os progn\u00f3sticos indicam que a primeira metade do m\u00eas ter\u00e1 os maiores volumes e frequ\u00eancia de chuva, enquanto a segunda quinzena deve apresentar mais per\u00edodos de sol.<\/p>\n<p>J\u00e1 em rela\u00e7\u00e3o \u00e0 temperatura em dezembro, a tend\u00eancia \u00e9 de que os primeiros 15 dias sejam mais amenos, enquanto a \u00faltima quinzena ir\u00e1 registrar mais calor e marcas ao redor dos 30\u00baC.<\/p>\n<p><strong>M\u00e9dias superadas<\/strong><\/p>\n<p>Segundo o Eclima, esses volumes superiores aos projetados v\u00eam sendo observados no munic\u00edpio desde junho. O \u00e1pice aconteceu em setembro, com 533,2 mm. O m\u00eas de novembro, que est\u00e1 prestes a acabar, tamb\u00e9m j\u00e1 teve a m\u00e9dia mensal ultrapassada.<\/p>\n<p><strong>Enfrentamento<\/strong><\/p>\n<p>Diante das condi\u00e7\u00f5es do tempo e de eventos clim\u00e1ticos extremos, a Prefeitura de Canoas, por meio do Eclima, desenvolve constantes monitoramentos dos n\u00edveis dos rios atrav\u00e9s da Defesa Civil.<\/p>\n<p>Al\u00e9m disso, divulga previs\u00f5es meteorol\u00f3gicas e avisa a popula\u00e7\u00e3o com anteced\u00eancia nos canais oficiais. Em casos mais severos, o Comit\u00ea de Gest\u00e3o de Risco \u00e9 aberto e mobiliza diferentes setores do poder p\u00fablico para mitigar os efeitos e poss\u00edveis transtornos na cidade.<\/p>\n<h4>Meses com chuva acima da m\u00e9dia:<\/h4>\n<p>M\u00eas Total M\u00e9dia<br \/>\n&#8211; Junho 290,8 mm 130,4 mm<br \/>\n&#8211; Julho 192,2 mm 163,8 mm<br \/>\n&#8211; Agosto 139,4 mm 120,1 mm<br \/>\n&#8211; Setembro 533,2 mm 147,8 mm<br \/>\n&#8211; Outubro 158,4 mm 153,2 mm<\/p>\n<p>Fonte: Eclima<\/p>\n","protected":false},"excerpt":{"rendered":"<p>A exemplo dos meses anteriores, dezembro tamb\u00e9m deve registrar um volume de chuva maior do que o normal para o per\u00edodo. Conforme o Escrit\u00f3rio de Resili\u00eancia Clim\u00e1tica (Eclima), a m\u00e9dia hist\u00f3rica em Canoas para o \u00faltimo m\u00eas do ano \u00e9 de 112,1 mil\u00edmetros (mm). Segundo as proje\u00e7\u00f5es meteorol\u00f3gicas, a tend\u00eancia \u00e9 de precipita\u00e7\u00f5es acima dessa [&hellip;]<\/p>\n","protected":false},"author":2,"featured_media":26528,"comment_status":"open","ping_status":"open","sticky":false,"template":"","format":"standard","meta":{"amp_status":"","footnotes":""},"categories":[23],"tags":[31,391,793,389,1070,1165,190,1671,214,213,80,1166,794],"class_list":["post-26527","post","type-post","status-publish","format-standard","has-post-thumbnail","hentry","category-geral","tag-canoas","tag-chuva","tag-clima","tag-defesa-civil","tag-defesa-civil-de-canoas","tag-eclima","tag-featured","tag-previsao-do-tempo","tag-regiao-metropolitana","tag-rio-grande-do-sul","tag-rs","tag-temperatura","tag-tempo"],"yoast_head":"<!-- This site is optimized with the Yoast SEO plugin v20.5 - https:\/\/yoast.com\/wordpress\/plugins\/seo\/ -->\n<title>Canoas deve registrar volume de chuva acima do normal durante m\u00eas de dezembro - O Timoneiro Jornal Canoas RS<\/title>\n<meta name=\"description\" content=\"Canoas deve registrar volume de chuva acima do normal durante m\u00eas de dezembro clima tempo regi\u00e3o Metropolitana Rio Grande do Sul RS\" \/>\n<meta name=\"robots\" content=\"index, follow, max-snippet:-1, max-image-preview:large, max-video-preview:-1\" \/>\n<link rel=\"canonical\" href=\"https:\/\/jornaltimoneiro.com.br\/index.php\/2023\/11\/29\/canoas-deve-registrar-volume-de-chuva-acima-do-normal-durante-mes-de-dezembro\/\" \/>\n<meta property=\"og:locale\" content=\"pt_BR\" \/>\n<meta property=\"og:type\" content=\"article\" \/>\n<meta property=\"og:title\" content=\"Canoas deve registrar volume de chuva acima do normal durante m\u00eas de dezembro - O Timoneiro Jornal Canoas RS\" \/>\n<meta property=\"og:description\" content=\"Canoas deve registrar volume de chuva acima do normal durante m\u00eas de dezembro clima tempo regi\u00e3o Metropolitana Rio Grande do Sul RS\" \/>\n<meta property=\"og:url\" content=\"https:\/\/jornaltimoneiro.com.br\/index.php\/2023\/11\/29\/canoas-deve-registrar-volume-de-chuva-acima-do-normal-durante-mes-de-dezembro\/\" \/>\n<meta property=\"og:site_name\" content=\"O Timoneiro Jornal Canoas RS\" \/>\n<meta property=\"article:publisher\" content=\"https:\/\/www.facebook.com\/jornaltimoneiro\" \/>\n<meta property=\"article:published_time\" content=\"2023-11-29T17:58:55+00:00\" \/>\n<meta property=\"article:modified_time\" content=\"2023-11-29T17:59:13+00:00\" \/>\n<meta property=\"og:image\" content=\"https:\/\/jornaltimoneiro.com.br\/wp-content\/uploads\/2023\/11\/engarrafamento.jpg\" \/>\n\t<meta property=\"og:image:width\" content=\"1080\" \/>\n\t<meta property=\"og:image:height\" content=\"810\" \/>\n\t<meta property=\"og:image:type\" content=\"image\/jpeg\" \/>\n<meta name=\"author\" content=\"Reda\u00e7\u00e3o\" \/>\n<meta name=\"twitter:card\" content=\"summary_large_image\" \/>\n<meta name=\"twitter:creator\" content=\"@_OTimoneiro\" \/>\n<meta name=\"twitter:site\" content=\"@_OTimoneiro\" \/>\n<meta name=\"twitter:label1\" content=\"Escrito por\" \/>\n\t<meta name=\"twitter:data1\" content=\"Reda\u00e7\u00e3o\" \/>\n\t<meta name=\"twitter:label2\" content=\"Est. tempo de leitura\" \/>\n\t<meta name=\"twitter:data2\" content=\"2 minutos\" \/>\n<script type=\"application\/ld+json\" class=\"yoast-schema-graph\">{\"@context\":\"https:\/\/schema.org\",\"@graph\":[{\"@type\":\"Article\",\"@id\":\"https:\/\/jornaltimoneiro.com.br\/index.php\/2023\/11\/29\/canoas-deve-registrar-volume-de-chuva-acima-do-normal-durante-mes-de-dezembro\/#article\",\"isPartOf\":{\"@id\":\"https:\/\/jornaltimoneiro.com.br\/index.php\/2023\/11\/29\/canoas-deve-registrar-volume-de-chuva-acima-do-normal-durante-mes-de-dezembro\/\"},\"author\":{\"name\":\"Reda\u00e7\u00e3o\",\"@id\":\"https:\/\/jornaltimoneiro.com.br\/#\/schema\/person\/f63482f1a02b1a9592707865e509ab40\"},\"headline\":\"Canoas deve registrar volume de chuva acima do normal durante m\u00eas de dezembro\",\"datePublished\":\"2023-11-29T17:58:55+00:00\",\"dateModified\":\"2023-11-29T17:59:13+00:00\",\"mainEntityOfPage\":{\"@id\":\"https:\/\/jornaltimoneiro.com.br\/index.php\/2023\/11\/29\/canoas-deve-registrar-volume-de-chuva-acima-do-normal-durante-mes-de-dezembro\/\"},\"wordCount\":356,\"commentCount\":0,\"publisher\":{\"@id\":\"https:\/\/jornaltimoneiro.com.br\/#organization\"},\"keywords\":[\"canoas\",\"chuva\",\"clima\",\"defesa civil\",\"defesa civil de canoas\",\"eclima\",\"featured\",\"previs\u00e3o do tempo\",\"regi\u00e3o metropolitana\",\"rio grande do sul\",\"RS\",\"temperatura\",\"tempo\"],\"articleSection\":[\"Geral\"],\"inLanguage\":\"pt-BR\",\"potentialAction\":[{\"@type\":\"CommentAction\",\"name\":\"Comment\",\"target\":[\"https:\/\/jornaltimoneiro.com.br\/index.php\/2023\/11\/29\/canoas-deve-registrar-volume-de-chuva-acima-do-normal-durante-mes-de-dezembro\/#respond\"]}]},{\"@type\":\"WebPage\",\"@id\":\"https:\/\/jornaltimoneiro.com.br\/index.php\/2023\/11\/29\/canoas-deve-registrar-volume-de-chuva-acima-do-normal-durante-mes-de-dezembro\/\",\"url\":\"https:\/\/jornaltimoneiro.com.br\/index.php\/2023\/11\/29\/canoas-deve-registrar-volume-de-chuva-acima-do-normal-durante-mes-de-dezembro\/\",\"name\":\"Canoas deve registrar volume de chuva acima do normal durante m\u00eas de dezembro - O Timoneiro Jornal Canoas RS\",\"isPartOf\":{\"@id\":\"https:\/\/jornaltimoneiro.com.br\/#website\"},\"datePublished\":\"2023-11-29T17:58:55+00:00\",\"dateModified\":\"2023-11-29T17:59:13+00:00\",\"description\":\"Canoas deve registrar volume de chuva acima do normal durante m\u00eas de dezembro clima tempo regi\u00e3o Metropolitana Rio Grande do Sul RS\",\"breadcrumb\":{\"@id\":\"https:\/\/jornaltimoneiro.com.br\/index.php\/2023\/11\/29\/canoas-deve-registrar-volume-de-chuva-acima-do-normal-durante-mes-de-dezembro\/#breadcrumb\"},\"inLanguage\":\"pt-BR\",\"potentialAction\":[{\"@type\":\"ReadAction\",\"target\":[\"https:\/\/jornaltimoneiro.com.br\/index.php\/2023\/11\/29\/canoas-deve-registrar-volume-de-chuva-acima-do-normal-durante-mes-de-dezembro\/\"]}]},{\"@type\":\"BreadcrumbList\",\"@id\":\"https:\/\/jornaltimoneiro.com.br\/index.php\/2023\/11\/29\/canoas-deve-registrar-volume-de-chuva-acima-do-normal-durante-mes-de-dezembro\/#breadcrumb\",\"itemListElement\":[{\"@type\":\"ListItem\",\"position\":1,\"name\":\"In\u00edcio\",\"item\":\"https:\/\/jornaltimoneiro.com.br\/\"},{\"@type\":\"ListItem\",\"position\":2,\"name\":\"Canoas deve registrar volume de chuva acima do normal durante m\u00eas de dezembro\"}]},{\"@type\":\"WebSite\",\"@id\":\"https:\/\/jornaltimoneiro.com.br\/#website\",\"url\":\"https:\/\/jornaltimoneiro.com.br\/\",\"name\":\"Jornal Timoneiro Canoas RS\",\"description\":\"Jornal O Timoneiro, o verdadeiro jornal de Canoas\",\"publisher\":{\"@id\":\"https:\/\/jornaltimoneiro.com.br\/#organization\"},\"potentialAction\":[{\"@type\":\"SearchAction\",\"target\":{\"@type\":\"EntryPoint\",\"urlTemplate\":\"https:\/\/jornaltimoneiro.com.br\/?s={search_term_string}\"},\"query-input\":\"required name=search_term_string\"}],\"inLanguage\":\"pt-BR\"},{\"@type\":\"Organization\",\"@id\":\"https:\/\/jornaltimoneiro.com.br\/#organization\",\"name\":\"Jornal Timoneiro Canoas RS\",\"url\":\"https:\/\/jornaltimoneiro.com.br\/\",\"logo\":{\"@type\":\"ImageObject\",\"inLanguage\":\"pt-BR\",\"@id\":\"https:\/\/jornaltimoneiro.com.br\/#\/schema\/logo\/image\/\",\"url\":\"https:\/\/jornaltimoneiro.com.br\/wp-content\/uploads\/2023\/03\/logonovo.png\",\"contentUrl\":\"https:\/\/jornaltimoneiro.com.br\/wp-content\/uploads\/2023\/03\/logonovo.png\",\"width\":\"469\",\"height\":\"171\",\"caption\":\"Jornal Timoneiro Canoas RS\"},\"image\":{\"@id\":\"https:\/\/jornaltimoneiro.com.br\/#\/schema\/logo\/image\/\"},\"sameAs\":[\"https:\/\/www.facebook.com\/jornaltimoneiro\",\"https:\/\/twitter.com\/_OTimoneiro\",\"https:\/\/www.instagram.com\/jornaltimoneirocanoas\/\",\"https:\/\/www.youtube.com\/@jornalotimoneiro7927\"]},{\"@type\":\"Person\",\"@id\":\"https:\/\/jornaltimoneiro.com.br\/#\/schema\/person\/f63482f1a02b1a9592707865e509ab40\",\"name\":\"Reda\u00e7\u00e3o\",\"image\":{\"@type\":\"ImageObject\",\"inLanguage\":\"pt-BR\",\"@id\":\"https:\/\/jornaltimoneiro.com.br\/#\/schema\/person\/image\/\",\"url\":\"https:\/\/jornaltimoneiro.com.br\/wp-content\/uploads\/2023\/03\/download.jpeg\",\"contentUrl\":\"https:\/\/jornaltimoneiro.com.br\/wp-content\/uploads\/2023\/03\/download.jpeg\",\"caption\":\"Reda\u00e7\u00e3o\"},\"url\":\"https:\/\/jornaltimoneiro.com.br\/index.php\/author\/simone-dutra\/\"}]}<\/script>\n<!-- \/ Yoast SEO plugin. -->","yoast_head_json":{"title":"Canoas deve registrar volume de chuva acima do normal durante m\u00eas de dezembro - O Timoneiro Jornal Canoas RS","description":"Canoas deve registrar volume de chuva acima do normal durante m\u00eas de dezembro clima tempo regi\u00e3o Metropolitana Rio Grande do Sul RS","robots":{"index":"index","follow":"follow","max-snippet":"max-snippet:-1","max-image-preview":"max-image-preview:large","max-video-preview":"max-video-preview:-1"},"canonical":"https:\/\/jornaltimoneiro.com.br\/index.php\/2023\/11\/29\/canoas-deve-registrar-volume-de-chuva-acima-do-normal-durante-mes-de-dezembro\/","og_locale":"pt_BR","og_type":"article","og_title":"Canoas deve registrar volume de chuva acima do normal durante m\u00eas de dezembro - O Timoneiro Jornal Canoas RS","og_description":"Canoas deve registrar volume de chuva acima do normal durante m\u00eas de dezembro clima tempo regi\u00e3o Metropolitana Rio Grande do Sul RS","og_url":"https:\/\/jornaltimoneiro.com.br\/index.php\/2023\/11\/29\/canoas-deve-registrar-volume-de-chuva-acima-do-normal-durante-mes-de-dezembro\/","og_site_name":"O Timoneiro Jornal Canoas RS","article_publisher":"https:\/\/www.facebook.com\/jornaltimoneiro","article_published_time":"2023-11-29T17:58:55+00:00","article_modified_time":"2023-11-29T17:59:13+00:00","og_image":[{"width":"1080","height":"810","url":"https:\/\/jornaltimoneiro.com.br\/wp-content\/uploads\/2023\/11\/engarrafamento.jpg","type":"image\/jpeg"}],"author":"Reda\u00e7\u00e3o","twitter_card":"summary_large_image","twitter_creator":"@_OTimoneiro","twitter_site":"@_OTimoneiro","twitter_misc":{"Escrito por":"Reda\u00e7\u00e3o","Est. tempo de leitura":"2 minutos"},"schema":{"@context":"https:\/\/schema.org","@graph":[{"@type":"Article","@id":"https:\/\/jornaltimoneiro.com.br\/index.php\/2023\/11\/29\/canoas-deve-registrar-volume-de-chuva-acima-do-normal-durante-mes-de-dezembro\/#article","isPartOf":{"@id":"https:\/\/jornaltimoneiro.com.br\/index.php\/2023\/11\/29\/canoas-deve-registrar-volume-de-chuva-acima-do-normal-durante-mes-de-dezembro\/"},"author":{"name":"Reda\u00e7\u00e3o","@id":"https:\/\/jornaltimoneiro.com.br\/#\/schema\/person\/f63482f1a02b1a9592707865e509ab40"},"headline":"Canoas deve registrar volume de chuva acima do normal durante m\u00eas de dezembro","datePublished":"2023-11-29T17:58:55+00:00","dateModified":"2023-11-29T17:59:13+00:00","mainEntityOfPage":{"@id":"https:\/\/jornaltimoneiro.com.br\/index.php\/2023\/11\/29\/canoas-deve-registrar-volume-de-chuva-acima-do-normal-durante-mes-de-dezembro\/"},"wordCount":356,"commentCount":0,"publisher":{"@id":"https:\/\/jornaltimoneiro.com.br\/#organization"},"keywords":["canoas","chuva","clima","defesa civil","defesa civil de canoas","eclima","featured","previs\u00e3o do tempo","regi\u00e3o metropolitana","rio grande do sul","RS","temperatura","tempo"],"articleSection":["Geral"],"inLanguage":"pt-BR","potentialAction":[{"@type":"CommentAction","name":"Comment","target":["https:\/\/jornaltimoneiro.com.br\/index.php\/2023\/11\/29\/canoas-deve-registrar-volume-de-chuva-acima-do-normal-durante-mes-de-dezembro\/#respond"]}]},{"@type":"WebPage","@id":"https:\/\/jornaltimoneiro.com.br\/index.php\/2023\/11\/29\/canoas-deve-registrar-volume-de-chuva-acima-do-normal-durante-mes-de-dezembro\/","url":"https:\/\/jornaltimoneiro.com.br\/index.php\/2023\/11\/29\/canoas-deve-registrar-volume-de-chuva-acima-do-normal-durante-mes-de-dezembro\/","name":"Canoas deve registrar volume de chuva acima do normal durante m\u00eas de dezembro - O Timoneiro Jornal Canoas RS","isPartOf":{"@id":"https:\/\/jornaltimoneiro.com.br\/#website"},"datePublished":"2023-11-29T17:58:55+00:00","dateModified":"2023-11-29T17:59:13+00:00","description":"Canoas deve registrar volume de chuva acima do normal durante m\u00eas de dezembro clima tempo regi\u00e3o Metropolitana Rio Grande do Sul RS","breadcrumb":{"@id":"https:\/\/jornaltimoneiro.com.br\/index.php\/2023\/11\/29\/canoas-deve-registrar-volume-de-chuva-acima-do-normal-durante-mes-de-dezembro\/#breadcrumb"},"inLanguage":"pt-BR","potentialAction":[{"@type":"ReadAction","target":["https:\/\/jornaltimoneiro.com.br\/index.php\/2023\/11\/29\/canoas-deve-registrar-volume-de-chuva-acima-do-normal-durante-mes-de-dezembro\/"]}]},{"@type":"BreadcrumbList","@id":"https:\/\/jornaltimoneiro.com.br\/index.php\/2023\/11\/29\/canoas-deve-registrar-volume-de-chuva-acima-do-normal-durante-mes-de-dezembro\/#breadcrumb","itemListElement":[{"@type":"ListItem","position":1,"name":"In\u00edcio","item":"https:\/\/jornaltimoneiro.com.br\/"},{"@type":"ListItem","position":2,"name":"Canoas deve registrar volume de chuva acima do normal durante m\u00eas de dezembro"}]},{"@type":"WebSite","@id":"https:\/\/jornaltimoneiro.com.br\/#website","url":"https:\/\/jornaltimoneiro.com.br\/","name":"Jornal Timoneiro Canoas RS","description":"Jornal O Timoneiro, o verdadeiro jornal de Canoas","publisher":{"@id":"https:\/\/jornaltimoneiro.com.br\/#organization"},"potentialAction":[{"@type":"SearchAction","target":{"@type":"EntryPoint","urlTemplate":"https:\/\/jornaltimoneiro.com.br\/?s={search_term_string}"},"query-input":"required name=search_term_string"}],"inLanguage":"pt-BR"},{"@type":"Organization","@id":"https:\/\/jornaltimoneiro.com.br\/#organization","name":"Jornal Timoneiro Canoas RS","url":"https:\/\/jornaltimoneiro.com.br\/","logo":{"@type":"ImageObject","inLanguage":"pt-BR","@id":"https:\/\/jornaltimoneiro.com.br\/#\/schema\/logo\/image\/","url":"https:\/\/jornaltimoneiro.com.br\/wp-content\/uploads\/2023\/03\/logonovo.png","contentUrl":"https:\/\/jornaltimoneiro.com.br\/wp-content\/uploads\/2023\/03\/logonovo.png","width":"469","height":"171","caption":"Jornal Timoneiro Canoas RS"},"image":{"@id":"https:\/\/jornaltimoneiro.com.br\/#\/schema\/logo\/image\/"},"sameAs":["https:\/\/www.facebook.com\/jornaltimoneiro","https:\/\/twitter.com\/_OTimoneiro","https:\/\/www.instagram.com\/jornaltimoneirocanoas\/","https:\/\/www.youtube.com\/@jornalotimoneiro7927"]},{"@type":"Person","@id":"https:\/\/jornaltimoneiro.com.br\/#\/schema\/person\/f63482f1a02b1a9592707865e509ab40","name":"Reda\u00e7\u00e3o","image":{"@type":"ImageObject","inLanguage":"pt-BR","@id":"https:\/\/jornaltimoneiro.com.br\/#\/schema\/person\/image\/","url":"https:\/\/jornaltimoneiro.com.br\/wp-content\/uploads\/2023\/03\/download.jpeg","contentUrl":"https:\/\/jornaltimoneiro.com.br\/wp-content\/uploads\/2023\/03\/download.jpeg","caption":"Reda\u00e7\u00e3o"},"url":"https:\/\/jornaltimoneiro.com.br\/index.php\/author\/simone-dutra\/"}]}},"_links":{"self":[{"href":"https:\/\/jornaltimoneiro.com.br\/index.php\/wp-json\/wp\/v2\/posts\/26527"}],"collection":[{"href":"https:\/\/jornaltimoneiro.com.br\/index.php\/wp-json\/wp\/v2\/posts"}],"about":[{"href":"https:\/\/jornaltimoneiro.com.br\/index.php\/wp-json\/wp\/v2\/types\/post"}],"author":[{"embeddable":true,"href":"https:\/\/jornaltimoneiro.com.br\/index.php\/wp-json\/wp\/v2\/users\/2"}],"replies":[{"embeddable":true,"href":"https:\/\/jornaltimoneiro.com.br\/index.php\/wp-json\/wp\/v2\/comments?post=26527"}],"version-history":[{"count":1,"href":"https:\/\/jornaltimoneiro.com.br\/index.php\/wp-json\/wp\/v2\/posts\/26527\/revisions"}],"predecessor-version":[{"id":26529,"href":"https:\/\/jornaltimoneiro.com.br\/index.php\/wp-json\/wp\/v2\/posts\/26527\/revisions\/26529"}],"wp:featuredmedia":[{"embeddable":true,"href":"https:\/\/jornaltimoneiro.com.br\/index.php\/wp-json\/wp\/v2\/media\/26528"}],"wp:attachment":[{"href":"https:\/\/jornaltimoneiro.com.br\/index.php\/wp-json\/wp\/v2\/media?parent=26527"}],"wp:term":[{"taxonomy":"category","embeddable":true,"href":"https:\/\/jornaltimoneiro.com.br\/index.php\/wp-json\/wp\/v2\/categories?post=26527"},{"taxonomy":"post_tag","embeddable":true,"href":"https:\/\/jornaltimoneiro.com.br\/index.php\/wp-json\/wp\/v2\/tags?post=26527"}],"curies":[{"name":"wp","href":"https:\/\/api.w.org\/{rel}","templated":true}]}}