{"id":26431,"date":"2023-11-21T12:37:44","date_gmt":"2023-11-21T15:37:44","guid":{"rendered":"https:\/\/jornaltimoneiro.com.br\/?p=26431"},"modified":"2023-11-21T12:37:44","modified_gmt":"2023-11-21T15:37:44","slug":"sabadou-na-ulbra-reune-mais-de-500-pessoas-no-campus-canoas","status":"publish","type":"post","link":"https:\/\/jornaltimoneiro.com.br\/index.php\/2023\/11\/21\/sabadou-na-ulbra-reune-mais-de-500-pessoas-no-campus-canoas\/","title":{"rendered":"Sabadou na Ulbra re\u00fane mais de 500 pessoas no campus Canoas"},"content":{"rendered":"<p>No \u00faltimo s\u00e1bado, 18, a Ulbra Canoas abriu as portas para a comunidade durante o evento Sabadou.<\/p>\n<p><img decoding=\"async\" class=\"alignnone size-full wp-image-26433\" src=\"https:\/\/jornaltimoneiro.com.br\/wp-content\/uploads\/2023\/11\/WhatsApp-Image-2023-11-21-at-12.30.23-1.jpeg\" alt=\"\" width=\"700\" height=\"693\" srcset=\"https:\/\/jornaltimoneiro.com.br\/wp-content\/uploads\/2023\/11\/WhatsApp-Image-2023-11-21-at-12.30.23-1.jpeg 700w, https:\/\/jornaltimoneiro.com.br\/wp-content\/uploads\/2023\/11\/WhatsApp-Image-2023-11-21-at-12.30.23-1-300x297.jpeg 300w, https:\/\/jornaltimoneiro.com.br\/wp-content\/uploads\/2023\/11\/WhatsApp-Image-2023-11-21-at-12.30.23-1-150x150.jpeg 150w, https:\/\/jornaltimoneiro.com.br\/wp-content\/uploads\/2023\/11\/WhatsApp-Image-2023-11-21-at-12.30.23-1-80x80.jpeg 80w\" sizes=\"(max-width: 700px) 100vw, 700px\" \/><\/p>\n<p>A iniciativa da universidade se mostrou um sucesso e reuniu centenas de pessoas que foram ao campus para aproveitar a vasta programa\u00e7\u00e3o, que contou com atra\u00e7\u00f5es musicais, feira de produtos, food trucks, espa\u00e7o para ado\u00e7\u00e3o de filhotes e exposi\u00e7\u00e3o de ve\u00edculos antigos e modificados, entre outras atividades.<\/p>\n<p><img decoding=\"async\" class=\"alignnone size-full wp-image-26432\" src=\"https:\/\/jornaltimoneiro.com.br\/wp-content\/uploads\/2023\/11\/WhatsApp-Image-2023-11-21-at-12.29.52.jpeg\" alt=\"\" width=\"700\" height=\"467\" srcset=\"https:\/\/jornaltimoneiro.com.br\/wp-content\/uploads\/2023\/11\/WhatsApp-Image-2023-11-21-at-12.29.52.jpeg 700w, https:\/\/jornaltimoneiro.com.br\/wp-content\/uploads\/2023\/11\/WhatsApp-Image-2023-11-21-at-12.29.52-300x200.jpeg 300w\" sizes=\"(max-width: 700px) 100vw, 700px\" \/><\/p>\n<p>Na avalia\u00e7\u00e3o da rela\u00e7\u00f5es p\u00fablicas da Aelbra e assessora de comunica\u00e7\u00e3o do campus Canoas, Daniela Fofonka, o evento atingiu o seu objetivo.<\/p>\n<blockquote><p>\u201cRecebemos cerca de 500 pessoas ao longo da tarde no evento Sabadou. Acreditamos que muita gente desistiu em fun\u00e7\u00e3o do clima, pois choveu at\u00e9 quase 14h30, mas depois que parou muitas pessoas foram ao evento e circularam pelos espa\u00e7os de atividades. Pensamos termos alcan\u00e7ado o objetivo ao qual nos propusemos, de abrirmos o campus para recebermos a comunidade e oferecermos op\u00e7\u00f5es de lazer para toda a fam\u00edlia com seguran\u00e7a em um belo espa\u00e7o com estrutura, natureza e diversas atra\u00e7\u00f5es\u201d, avaliou.<\/p><\/blockquote>\n<p>O expositor Jo\u00e3o Guilherme Crist\u00f3v\u00e3o, que levou um Escort LX 89 para o evento, ficou sabendo do Sabadou pelo instagram e avaliou positivamente a iniciativa da Ulbra.<\/p>\n<blockquote><p>\u201cAcho muito boa a ideia de se utilizar este espa\u00e7o aqui, que \u00e9 t\u00e3o grande e bonito, para valorizar essa cultura dos carros. J\u00e1 queria ter participado de uma exposi\u00e7\u00e3o anterior que teve aqui em outro evento, mas a rec\u00e9m tinha comprado meu carro e n\u00e3o estava em condi\u00e7\u00f5es de expor. Agora que o projeto j\u00e1 est\u00e1 bem mais avan\u00e7ado eu trouxe e estou gostando bastante de expor\u201d, contou o expositor.<\/p><\/blockquote>\n<p>Milene Alves, estudante da Ulbra, aproveitou o s\u00e1bado para visitar o evento com o filho e com o marido.<\/p>\n<blockquote><p>\u201cEu sou moradora de Canoas, j\u00e1 me formei em pedagogia na Ulbra, j\u00e1 trabalhei aqui e hoje sou estudante de letras na universidade, ent\u00e3o eu gosto muito daqui. Ao realizar este evento, al\u00e9m de promover a institui\u00e7\u00e3o, a Ulbra d\u00e1 oportunidade para a comunidade expor ou ter acesso a produtos e atividades diferenciadas, \u00e9 bom para todo mundo\u201d, avaliou Milene.<\/p><\/blockquote>\n<p><img decoding=\"async\" class=\"alignnone size-full wp-image-26434\" src=\"https:\/\/jornaltimoneiro.com.br\/wp-content\/uploads\/2023\/11\/WhatsApp-Image-2023-11-21-at-12.30.23.jpeg\" alt=\"\" width=\"700\" height=\"522\" srcset=\"https:\/\/jornaltimoneiro.com.br\/wp-content\/uploads\/2023\/11\/WhatsApp-Image-2023-11-21-at-12.30.23.jpeg 700w, https:\/\/jornaltimoneiro.com.br\/wp-content\/uploads\/2023\/11\/WhatsApp-Image-2023-11-21-at-12.30.23-300x224.jpeg 300w\" sizes=\"(max-width: 700px) 100vw, 700px\" \/><\/p>\n","protected":false},"excerpt":{"rendered":"<p>No \u00faltimo s\u00e1bado, 18, a Ulbra Canoas abriu as portas para a comunidade durante o evento Sabadou. A iniciativa da universidade se mostrou um sucesso e reuniu centenas de pessoas que foram ao campus para aproveitar a vasta programa\u00e7\u00e3o, que contou com atra\u00e7\u00f5es musicais, feira de produtos, food trucks, espa\u00e7o para ado\u00e7\u00e3o de filhotes e [&hellip;]<\/p>\n","protected":false},"author":2,"featured_media":26435,"comment_status":"open","ping_status":"open","sticky":false,"template":"","format":"standard","meta":{"amp_status":"","footnotes":""},"categories":[23],"tags":[64,214,213,80,1632,483,1233],"class_list":["post-26431","post","type-post","status-publish","format-standard","has-post-thumbnail","hentry","category-geral","tag-educacao","tag-regiao-metropolitana","tag-rio-grande-do-sul","tag-rs","tag-sabadou-na-ulbra","tag-ulbra","tag-ulbra-canoas"],"yoast_head":"<!-- This site is optimized with the Yoast SEO plugin v20.5 - https:\/\/yoast.com\/wordpress\/plugins\/seo\/ -->\n<title>Sabadou na Ulbra re\u00fane mais de 500 pessoas no campus Canoas - O Timoneiro Jornal Canoas RS<\/title>\n<meta name=\"description\" content=\"Sabadou na Ulbra re\u00fane mais de 500 pessoas no campus Canoas Regi\u00e3o Metropolitana Rio Grande do Sul RS educa\u00e7\u00e3o universidade\" \/>\n<meta name=\"robots\" content=\"index, follow, max-snippet:-1, max-image-preview:large, max-video-preview:-1\" \/>\n<link rel=\"canonical\" href=\"https:\/\/jornaltimoneiro.com.br\/index.php\/2023\/11\/21\/sabadou-na-ulbra-reune-mais-de-500-pessoas-no-campus-canoas\/\" \/>\n<meta property=\"og:locale\" content=\"pt_BR\" \/>\n<meta property=\"og:type\" content=\"article\" \/>\n<meta property=\"og:title\" content=\"Sabadou na Ulbra re\u00fane mais de 500 pessoas no campus Canoas - O Timoneiro Jornal Canoas RS\" \/>\n<meta property=\"og:description\" content=\"Sabadou na Ulbra re\u00fane mais de 500 pessoas no campus Canoas Regi\u00e3o Metropolitana Rio Grande do Sul RS educa\u00e7\u00e3o universidade\" \/>\n<meta property=\"og:url\" content=\"https:\/\/jornaltimoneiro.com.br\/index.php\/2023\/11\/21\/sabadou-na-ulbra-reune-mais-de-500-pessoas-no-campus-canoas\/\" \/>\n<meta property=\"og:site_name\" content=\"O Timoneiro Jornal Canoas RS\" \/>\n<meta property=\"article:publisher\" content=\"https:\/\/www.facebook.com\/jornaltimoneiro\" \/>\n<meta property=\"article:published_time\" content=\"2023-11-21T15:37:44+00:00\" \/>\n<meta property=\"og:image\" content=\"https:\/\/jornaltimoneiro.com.br\/wp-content\/uploads\/2023\/11\/WhatsApp-Image-2023-11-21-at-12.29.54.jpeg\" \/>\n\t<meta property=\"og:image:width\" content=\"1080\" \/>\n\t<meta property=\"og:image:height\" content=\"698\" \/>\n\t<meta property=\"og:image:type\" content=\"image\/jpeg\" \/>\n<meta name=\"author\" content=\"Reda\u00e7\u00e3o\" \/>\n<meta name=\"twitter:card\" content=\"summary_large_image\" \/>\n<meta name=\"twitter:creator\" content=\"@_OTimoneiro\" \/>\n<meta name=\"twitter:site\" content=\"@_OTimoneiro\" \/>\n<meta name=\"twitter:label1\" content=\"Escrito por\" \/>\n\t<meta name=\"twitter:data1\" content=\"Reda\u00e7\u00e3o\" \/>\n\t<meta name=\"twitter:label2\" content=\"Est. tempo de leitura\" \/>\n\t<meta name=\"twitter:data2\" content=\"3 minutos\" \/>\n<script type=\"application\/ld+json\" class=\"yoast-schema-graph\">{\"@context\":\"https:\/\/schema.org\",\"@graph\":[{\"@type\":\"Article\",\"@id\":\"https:\/\/jornaltimoneiro.com.br\/index.php\/2023\/11\/21\/sabadou-na-ulbra-reune-mais-de-500-pessoas-no-campus-canoas\/#article\",\"isPartOf\":{\"@id\":\"https:\/\/jornaltimoneiro.com.br\/index.php\/2023\/11\/21\/sabadou-na-ulbra-reune-mais-de-500-pessoas-no-campus-canoas\/\"},\"author\":{\"name\":\"Reda\u00e7\u00e3o\",\"@id\":\"https:\/\/jornaltimoneiro.com.br\/#\/schema\/person\/f63482f1a02b1a9592707865e509ab40\"},\"headline\":\"Sabadou na Ulbra re\u00fane mais de 500 pessoas no campus Canoas\",\"datePublished\":\"2023-11-21T15:37:44+00:00\",\"dateModified\":\"2023-11-21T15:37:44+00:00\",\"mainEntityOfPage\":{\"@id\":\"https:\/\/jornaltimoneiro.com.br\/index.php\/2023\/11\/21\/sabadou-na-ulbra-reune-mais-de-500-pessoas-no-campus-canoas\/\"},\"wordCount\":382,\"commentCount\":0,\"publisher\":{\"@id\":\"https:\/\/jornaltimoneiro.com.br\/#organization\"},\"keywords\":[\"Educa\u00e7\u00e3o\",\"regi\u00e3o metropolitana\",\"rio grande do sul\",\"RS\",\"Sabadou na Ulbra\",\"ulbra\",\"ulbra canoas\"],\"articleSection\":[\"Geral\"],\"inLanguage\":\"pt-BR\",\"potentialAction\":[{\"@type\":\"CommentAction\",\"name\":\"Comment\",\"target\":[\"https:\/\/jornaltimoneiro.com.br\/index.php\/2023\/11\/21\/sabadou-na-ulbra-reune-mais-de-500-pessoas-no-campus-canoas\/#respond\"]}]},{\"@type\":\"WebPage\",\"@id\":\"https:\/\/jornaltimoneiro.com.br\/index.php\/2023\/11\/21\/sabadou-na-ulbra-reune-mais-de-500-pessoas-no-campus-canoas\/\",\"url\":\"https:\/\/jornaltimoneiro.com.br\/index.php\/2023\/11\/21\/sabadou-na-ulbra-reune-mais-de-500-pessoas-no-campus-canoas\/\",\"name\":\"Sabadou na Ulbra re\u00fane mais de 500 pessoas no campus Canoas - O Timoneiro Jornal Canoas RS\",\"isPartOf\":{\"@id\":\"https:\/\/jornaltimoneiro.com.br\/#website\"},\"datePublished\":\"2023-11-21T15:37:44+00:00\",\"dateModified\":\"2023-11-21T15:37:44+00:00\",\"description\":\"Sabadou na Ulbra re\u00fane mais de 500 pessoas no campus Canoas Regi\u00e3o Metropolitana Rio Grande do Sul RS educa\u00e7\u00e3o universidade\",\"breadcrumb\":{\"@id\":\"https:\/\/jornaltimoneiro.com.br\/index.php\/2023\/11\/21\/sabadou-na-ulbra-reune-mais-de-500-pessoas-no-campus-canoas\/#breadcrumb\"},\"inLanguage\":\"pt-BR\",\"potentialAction\":[{\"@type\":\"ReadAction\",\"target\":[\"https:\/\/jornaltimoneiro.com.br\/index.php\/2023\/11\/21\/sabadou-na-ulbra-reune-mais-de-500-pessoas-no-campus-canoas\/\"]}]},{\"@type\":\"BreadcrumbList\",\"@id\":\"https:\/\/jornaltimoneiro.com.br\/index.php\/2023\/11\/21\/sabadou-na-ulbra-reune-mais-de-500-pessoas-no-campus-canoas\/#breadcrumb\",\"itemListElement\":[{\"@type\":\"ListItem\",\"position\":1,\"name\":\"In\u00edcio\",\"item\":\"https:\/\/jornaltimoneiro.com.br\/\"},{\"@type\":\"ListItem\",\"position\":2,\"name\":\"Sabadou na Ulbra re\u00fane mais de 500 pessoas no campus Canoas\"}]},{\"@type\":\"WebSite\",\"@id\":\"https:\/\/jornaltimoneiro.com.br\/#website\",\"url\":\"https:\/\/jornaltimoneiro.com.br\/\",\"name\":\"Jornal Timoneiro Canoas RS\",\"description\":\"Jornal O Timoneiro, o verdadeiro jornal de Canoas\",\"publisher\":{\"@id\":\"https:\/\/jornaltimoneiro.com.br\/#organization\"},\"potentialAction\":[{\"@type\":\"SearchAction\",\"target\":{\"@type\":\"EntryPoint\",\"urlTemplate\":\"https:\/\/jornaltimoneiro.com.br\/?s={search_term_string}\"},\"query-input\":\"required name=search_term_string\"}],\"inLanguage\":\"pt-BR\"},{\"@type\":\"Organization\",\"@id\":\"https:\/\/jornaltimoneiro.com.br\/#organization\",\"name\":\"Jornal Timoneiro Canoas RS\",\"url\":\"https:\/\/jornaltimoneiro.com.br\/\",\"logo\":{\"@type\":\"ImageObject\",\"inLanguage\":\"pt-BR\",\"@id\":\"https:\/\/jornaltimoneiro.com.br\/#\/schema\/logo\/image\/\",\"url\":\"https:\/\/jornaltimoneiro.com.br\/wp-content\/uploads\/2023\/03\/logonovo.png\",\"contentUrl\":\"https:\/\/jornaltimoneiro.com.br\/wp-content\/uploads\/2023\/03\/logonovo.png\",\"width\":\"469\",\"height\":\"171\",\"caption\":\"Jornal Timoneiro Canoas RS\"},\"image\":{\"@id\":\"https:\/\/jornaltimoneiro.com.br\/#\/schema\/logo\/image\/\"},\"sameAs\":[\"https:\/\/www.facebook.com\/jornaltimoneiro\",\"https:\/\/twitter.com\/_OTimoneiro\",\"https:\/\/www.instagram.com\/jornaltimoneirocanoas\/\",\"https:\/\/www.youtube.com\/@jornalotimoneiro7927\"]},{\"@type\":\"Person\",\"@id\":\"https:\/\/jornaltimoneiro.com.br\/#\/schema\/person\/f63482f1a02b1a9592707865e509ab40\",\"name\":\"Reda\u00e7\u00e3o\",\"image\":{\"@type\":\"ImageObject\",\"inLanguage\":\"pt-BR\",\"@id\":\"https:\/\/jornaltimoneiro.com.br\/#\/schema\/person\/image\/\",\"url\":\"https:\/\/jornaltimoneiro.com.br\/wp-content\/uploads\/2023\/03\/download.jpeg\",\"contentUrl\":\"https:\/\/jornaltimoneiro.com.br\/wp-content\/uploads\/2023\/03\/download.jpeg\",\"caption\":\"Reda\u00e7\u00e3o\"},\"url\":\"https:\/\/jornaltimoneiro.com.br\/index.php\/author\/simone-dutra\/\"}]}<\/script>\n<!-- \/ Yoast SEO plugin. -->","yoast_head_json":{"title":"Sabadou na Ulbra re\u00fane mais de 500 pessoas no campus Canoas - O Timoneiro Jornal Canoas RS","description":"Sabadou na Ulbra re\u00fane mais de 500 pessoas no campus Canoas Regi\u00e3o Metropolitana Rio Grande do Sul RS educa\u00e7\u00e3o universidade","robots":{"index":"index","follow":"follow","max-snippet":"max-snippet:-1","max-image-preview":"max-image-preview:large","max-video-preview":"max-video-preview:-1"},"canonical":"https:\/\/jornaltimoneiro.com.br\/index.php\/2023\/11\/21\/sabadou-na-ulbra-reune-mais-de-500-pessoas-no-campus-canoas\/","og_locale":"pt_BR","og_type":"article","og_title":"Sabadou na Ulbra re\u00fane mais de 500 pessoas no campus Canoas - O Timoneiro Jornal Canoas RS","og_description":"Sabadou na Ulbra re\u00fane mais de 500 pessoas no campus Canoas Regi\u00e3o Metropolitana Rio Grande do Sul RS educa\u00e7\u00e3o universidade","og_url":"https:\/\/jornaltimoneiro.com.br\/index.php\/2023\/11\/21\/sabadou-na-ulbra-reune-mais-de-500-pessoas-no-campus-canoas\/","og_site_name":"O Timoneiro Jornal Canoas RS","article_publisher":"https:\/\/www.facebook.com\/jornaltimoneiro","article_published_time":"2023-11-21T15:37:44+00:00","og_image":[{"width":"1080","height":"698","url":"https:\/\/jornaltimoneiro.com.br\/wp-content\/uploads\/2023\/11\/WhatsApp-Image-2023-11-21-at-12.29.54.jpeg","type":"image\/jpeg"}],"author":"Reda\u00e7\u00e3o","twitter_card":"summary_large_image","twitter_creator":"@_OTimoneiro","twitter_site":"@_OTimoneiro","twitter_misc":{"Escrito por":"Reda\u00e7\u00e3o","Est. tempo de leitura":"3 minutos"},"schema":{"@context":"https:\/\/schema.org","@graph":[{"@type":"Article","@id":"https:\/\/jornaltimoneiro.com.br\/index.php\/2023\/11\/21\/sabadou-na-ulbra-reune-mais-de-500-pessoas-no-campus-canoas\/#article","isPartOf":{"@id":"https:\/\/jornaltimoneiro.com.br\/index.php\/2023\/11\/21\/sabadou-na-ulbra-reune-mais-de-500-pessoas-no-campus-canoas\/"},"author":{"name":"Reda\u00e7\u00e3o","@id":"https:\/\/jornaltimoneiro.com.br\/#\/schema\/person\/f63482f1a02b1a9592707865e509ab40"},"headline":"Sabadou na Ulbra re\u00fane mais de 500 pessoas no campus Canoas","datePublished":"2023-11-21T15:37:44+00:00","dateModified":"2023-11-21T15:37:44+00:00","mainEntityOfPage":{"@id":"https:\/\/jornaltimoneiro.com.br\/index.php\/2023\/11\/21\/sabadou-na-ulbra-reune-mais-de-500-pessoas-no-campus-canoas\/"},"wordCount":382,"commentCount":0,"publisher":{"@id":"https:\/\/jornaltimoneiro.com.br\/#organization"},"keywords":["Educa\u00e7\u00e3o","regi\u00e3o metropolitana","rio grande do sul","RS","Sabadou na Ulbra","ulbra","ulbra canoas"],"articleSection":["Geral"],"inLanguage":"pt-BR","potentialAction":[{"@type":"CommentAction","name":"Comment","target":["https:\/\/jornaltimoneiro.com.br\/index.php\/2023\/11\/21\/sabadou-na-ulbra-reune-mais-de-500-pessoas-no-campus-canoas\/#respond"]}]},{"@type":"WebPage","@id":"https:\/\/jornaltimoneiro.com.br\/index.php\/2023\/11\/21\/sabadou-na-ulbra-reune-mais-de-500-pessoas-no-campus-canoas\/","url":"https:\/\/jornaltimoneiro.com.br\/index.php\/2023\/11\/21\/sabadou-na-ulbra-reune-mais-de-500-pessoas-no-campus-canoas\/","name":"Sabadou na Ulbra re\u00fane mais de 500 pessoas no campus Canoas - O Timoneiro Jornal Canoas RS","isPartOf":{"@id":"https:\/\/jornaltimoneiro.com.br\/#website"},"datePublished":"2023-11-21T15:37:44+00:00","dateModified":"2023-11-21T15:37:44+00:00","description":"Sabadou na Ulbra re\u00fane mais de 500 pessoas no campus Canoas Regi\u00e3o Metropolitana Rio Grande do Sul RS educa\u00e7\u00e3o universidade","breadcrumb":{"@id":"https:\/\/jornaltimoneiro.com.br\/index.php\/2023\/11\/21\/sabadou-na-ulbra-reune-mais-de-500-pessoas-no-campus-canoas\/#breadcrumb"},"inLanguage":"pt-BR","potentialAction":[{"@type":"ReadAction","target":["https:\/\/jornaltimoneiro.com.br\/index.php\/2023\/11\/21\/sabadou-na-ulbra-reune-mais-de-500-pessoas-no-campus-canoas\/"]}]},{"@type":"BreadcrumbList","@id":"https:\/\/jornaltimoneiro.com.br\/index.php\/2023\/11\/21\/sabadou-na-ulbra-reune-mais-de-500-pessoas-no-campus-canoas\/#breadcrumb","itemListElement":[{"@type":"ListItem","position":1,"name":"In\u00edcio","item":"https:\/\/jornaltimoneiro.com.br\/"},{"@type":"ListItem","position":2,"name":"Sabadou na Ulbra re\u00fane mais de 500 pessoas no campus Canoas"}]},{"@type":"WebSite","@id":"https:\/\/jornaltimoneiro.com.br\/#website","url":"https:\/\/jornaltimoneiro.com.br\/","name":"Jornal Timoneiro Canoas RS","description":"Jornal O Timoneiro, o verdadeiro jornal de Canoas","publisher":{"@id":"https:\/\/jornaltimoneiro.com.br\/#organization"},"potentialAction":[{"@type":"SearchAction","target":{"@type":"EntryPoint","urlTemplate":"https:\/\/jornaltimoneiro.com.br\/?s={search_term_string}"},"query-input":"required name=search_term_string"}],"inLanguage":"pt-BR"},{"@type":"Organization","@id":"https:\/\/jornaltimoneiro.com.br\/#organization","name":"Jornal Timoneiro Canoas RS","url":"https:\/\/jornaltimoneiro.com.br\/","logo":{"@type":"ImageObject","inLanguage":"pt-BR","@id":"https:\/\/jornaltimoneiro.com.br\/#\/schema\/logo\/image\/","url":"https:\/\/jornaltimoneiro.com.br\/wp-content\/uploads\/2023\/03\/logonovo.png","contentUrl":"https:\/\/jornaltimoneiro.com.br\/wp-content\/uploads\/2023\/03\/logonovo.png","width":"469","height":"171","caption":"Jornal Timoneiro Canoas RS"},"image":{"@id":"https:\/\/jornaltimoneiro.com.br\/#\/schema\/logo\/image\/"},"sameAs":["https:\/\/www.facebook.com\/jornaltimoneiro","https:\/\/twitter.com\/_OTimoneiro","https:\/\/www.instagram.com\/jornaltimoneirocanoas\/","https:\/\/www.youtube.com\/@jornalotimoneiro7927"]},{"@type":"Person","@id":"https:\/\/jornaltimoneiro.com.br\/#\/schema\/person\/f63482f1a02b1a9592707865e509ab40","name":"Reda\u00e7\u00e3o","image":{"@type":"ImageObject","inLanguage":"pt-BR","@id":"https:\/\/jornaltimoneiro.com.br\/#\/schema\/person\/image\/","url":"https:\/\/jornaltimoneiro.com.br\/wp-content\/uploads\/2023\/03\/download.jpeg","contentUrl":"https:\/\/jornaltimoneiro.com.br\/wp-content\/uploads\/2023\/03\/download.jpeg","caption":"Reda\u00e7\u00e3o"},"url":"https:\/\/jornaltimoneiro.com.br\/index.php\/author\/simone-dutra\/"}]}},"_links":{"self":[{"href":"https:\/\/jornaltimoneiro.com.br\/index.php\/wp-json\/wp\/v2\/posts\/26431"}],"collection":[{"href":"https:\/\/jornaltimoneiro.com.br\/index.php\/wp-json\/wp\/v2\/posts"}],"about":[{"href":"https:\/\/jornaltimoneiro.com.br\/index.php\/wp-json\/wp\/v2\/types\/post"}],"author":[{"embeddable":true,"href":"https:\/\/jornaltimoneiro.com.br\/index.php\/wp-json\/wp\/v2\/users\/2"}],"replies":[{"embeddable":true,"href":"https:\/\/jornaltimoneiro.com.br\/index.php\/wp-json\/wp\/v2\/comments?post=26431"}],"version-history":[{"count":1,"href":"https:\/\/jornaltimoneiro.com.br\/index.php\/wp-json\/wp\/v2\/posts\/26431\/revisions"}],"predecessor-version":[{"id":26436,"href":"https:\/\/jornaltimoneiro.com.br\/index.php\/wp-json\/wp\/v2\/posts\/26431\/revisions\/26436"}],"wp:featuredmedia":[{"embeddable":true,"href":"https:\/\/jornaltimoneiro.com.br\/index.php\/wp-json\/wp\/v2\/media\/26435"}],"wp:attachment":[{"href":"https:\/\/jornaltimoneiro.com.br\/index.php\/wp-json\/wp\/v2\/media?parent=26431"}],"wp:term":[{"taxonomy":"category","embeddable":true,"href":"https:\/\/jornaltimoneiro.com.br\/index.php\/wp-json\/wp\/v2\/categories?post=26431"},{"taxonomy":"post_tag","embeddable":true,"href":"https:\/\/jornaltimoneiro.com.br\/index.php\/wp-json\/wp\/v2\/tags?post=26431"}],"curies":[{"name":"wp","href":"https:\/\/api.w.org\/{rel}","templated":true}]}}