{"id":26428,"date":"2023-11-21T11:58:33","date_gmt":"2023-11-21T14:58:33","guid":{"rendered":"https:\/\/jornaltimoneiro.com.br\/?p=26428"},"modified":"2023-11-21T11:58:33","modified_gmt":"2023-11-21T14:58:33","slug":"cheias-28-pessoas-sao-resgatadas-pela-defesa-civil-de-canoas","status":"publish","type":"post","link":"https:\/\/jornaltimoneiro.com.br\/index.php\/2023\/11\/21\/cheias-28-pessoas-sao-resgatadas-pela-defesa-civil-de-canoas\/","title":{"rendered":"CHEIAS: 28 pessoas s\u00e3o resgatadas pela Defesa Civil de Canoas"},"content":{"rendered":"<p>Ao longo desta segunda-feira, 20, a Defesa Civil de Canoas atendeu dezenas de pedidos de ajuda, que resultaram no resgate de 28 pessoas em situa\u00e7\u00e3o de risco em virtude das cheias dos rios.<\/p>\n<p>Deste total, foram 11 moradores no bairro S\u00e3o Lu\u00eds; sete no Niter\u00f3i, sete na Praia do Paquet\u00e1 e tr\u00eas no Rio Branco.<\/p>\n<p>A Praia do Paquet\u00e1, rua da Barca e Fazendinha, no bairro Mato Grande, e na regi\u00e3o da rua Berto C\u00edrio, no S\u00e3o Lu\u00eds, foram atingidas pela cheia do Rio dos Sinos.<\/p>\n<p>H\u00e1 casos tamb\u00e9m de alagamentos na rua Hermes da Fonseca, no bairro Rio Branco, e na rua General Sebasti\u00e3o Barreto, no bairro Niter\u00f3i, onde o Rio Gravata\u00ed transbordou.<\/p>\n<p>O acompanhamento das condi\u00e7\u00f5es clim\u00e1ticas no munic\u00edpio \u00e9 feito em tempo real pelo Escrit\u00f3rio de Resili\u00eancia Clim\u00e1tica (Eclima).<\/p>\n<p>At\u00e9 o fim da tarde da segunda, nove fam\u00edlias, que correspondem a 29 pessoas, foram conduzidas ao abrigo montado no gin\u00e1sio da EMEF Thiago W\u00fcrth.<\/p>\n<h4>Emerg\u00eancias<\/h4>\n<p>Casos de emerg\u00eancia relacionados \u00e0 cheia podem ser comunicados \u00e0 Defesa Civil pelos telefones (51) 3476-3400 e (51) 99322-5764, assim como ao Corpo de Bombeiros, pelo 193.<\/p>\n<p>A Guarda Municipal (GM) de Canoas tamb\u00e9m est\u00e1 de prontid\u00e3o no telefone 153, enquanto que os transtornos em vias podem ser comunicados \u00e0 Diretoria de Tr\u00e2nsito, pelo 156.<\/p>\n<p>Os gin\u00e1sios das EMEFs Paulo VI (Av. Irineu Carvalho Braga, 2781, F\u00e1tima) e Thiago W\u00fcrth (Av. Rio Grande Do Sul, 4240, Mathias Velho) recebem eventuais fam\u00edlias desabrigadas ou desalojadas.<\/p>\n<p>&nbsp;<\/p>\n","protected":false},"excerpt":{"rendered":"<p>Ao longo desta segunda-feira, 20, a Defesa Civil de Canoas atendeu dezenas de pedidos de ajuda, que resultaram no resgate de 28 pessoas em situa\u00e7\u00e3o de risco em virtude das cheias dos rios. Deste total, foram 11 moradores no bairro S\u00e3o Lu\u00eds; sete no Niter\u00f3i, sete na Praia do Paquet\u00e1 e tr\u00eas no Rio Branco. [&hellip;]<\/p>\n","protected":false},"author":2,"featured_media":26429,"comment_status":"open","ping_status":"open","sticky":false,"template":"","format":"standard","meta":{"amp_status":"","footnotes":""},"categories":[19],"tags":[31,1353,389,791,190,1647,1408,214,499,213,80],"class_list":["post-26428","post","type-post","status-publish","format-standard","has-post-thumbnail","hentry","category-destaques","tag-canoas","tag-cheias","tag-defesa-civil","tag-enchente","tag-featured","tag-paqueta","tag-praia-do-paqueta","tag-regiao-metropolitana","tag-resgate","tag-rio-grande-do-sul","tag-rs"],"yoast_head":"<!-- This site is optimized with the Yoast SEO plugin v20.5 - https:\/\/yoast.com\/wordpress\/plugins\/seo\/ -->\n<title>CHEIAS: 28 pessoas s\u00e3o resgatadas pela Defesa Civil de Canoas - O Timoneiro Jornal Canoas RS<\/title>\n<meta name=\"description\" content=\"CHEIAS: 28 pessoas s\u00e3o resgatadas pela Defesa Civil de Canoas Regi\u00e3o Metropolitana enchente Rio Grande do Sul RS\" \/>\n<meta name=\"robots\" content=\"index, follow, max-snippet:-1, max-image-preview:large, max-video-preview:-1\" \/>\n<link rel=\"canonical\" href=\"https:\/\/jornaltimoneiro.com.br\/index.php\/2023\/11\/21\/cheias-28-pessoas-sao-resgatadas-pela-defesa-civil-de-canoas\/\" \/>\n<meta property=\"og:locale\" content=\"pt_BR\" \/>\n<meta property=\"og:type\" content=\"article\" \/>\n<meta property=\"og:title\" content=\"CHEIAS: 28 pessoas s\u00e3o resgatadas pela Defesa Civil de Canoas - O Timoneiro Jornal Canoas RS\" \/>\n<meta property=\"og:description\" content=\"CHEIAS: 28 pessoas s\u00e3o resgatadas pela Defesa Civil de Canoas Regi\u00e3o Metropolitana enchente Rio Grande do Sul RS\" \/>\n<meta property=\"og:url\" content=\"https:\/\/jornaltimoneiro.com.br\/index.php\/2023\/11\/21\/cheias-28-pessoas-sao-resgatadas-pela-defesa-civil-de-canoas\/\" \/>\n<meta property=\"og:site_name\" content=\"O Timoneiro Jornal Canoas RS\" \/>\n<meta property=\"article:publisher\" content=\"https:\/\/www.facebook.com\/jornaltimoneiro\" \/>\n<meta property=\"article:published_time\" content=\"2023-11-21T14:58:33+00:00\" \/>\n<meta property=\"og:image\" content=\"https:\/\/jornaltimoneiro.com.br\/wp-content\/uploads\/2023\/11\/WhatsApp-Image-2023-11-21-at-11.48.21-1.jpeg\" \/>\n\t<meta property=\"og:image:width\" content=\"1080\" \/>\n\t<meta property=\"og:image:height\" content=\"719\" \/>\n\t<meta property=\"og:image:type\" content=\"image\/jpeg\" \/>\n<meta name=\"author\" content=\"Reda\u00e7\u00e3o\" \/>\n<meta name=\"twitter:card\" content=\"summary_large_image\" \/>\n<meta name=\"twitter:creator\" content=\"@_OTimoneiro\" \/>\n<meta name=\"twitter:site\" content=\"@_OTimoneiro\" \/>\n<meta name=\"twitter:label1\" content=\"Escrito por\" \/>\n\t<meta name=\"twitter:data1\" content=\"Reda\u00e7\u00e3o\" \/>\n\t<meta name=\"twitter:label2\" content=\"Est. tempo de leitura\" \/>\n\t<meta name=\"twitter:data2\" content=\"2 minutos\" \/>\n<script type=\"application\/ld+json\" class=\"yoast-schema-graph\">{\"@context\":\"https:\/\/schema.org\",\"@graph\":[{\"@type\":\"Article\",\"@id\":\"https:\/\/jornaltimoneiro.com.br\/index.php\/2023\/11\/21\/cheias-28-pessoas-sao-resgatadas-pela-defesa-civil-de-canoas\/#article\",\"isPartOf\":{\"@id\":\"https:\/\/jornaltimoneiro.com.br\/index.php\/2023\/11\/21\/cheias-28-pessoas-sao-resgatadas-pela-defesa-civil-de-canoas\/\"},\"author\":{\"name\":\"Reda\u00e7\u00e3o\",\"@id\":\"https:\/\/jornaltimoneiro.com.br\/#\/schema\/person\/f63482f1a02b1a9592707865e509ab40\"},\"headline\":\"CHEIAS: 28 pessoas s\u00e3o resgatadas pela Defesa Civil de Canoas\",\"datePublished\":\"2023-11-21T14:58:33+00:00\",\"dateModified\":\"2023-11-21T14:58:33+00:00\",\"mainEntityOfPage\":{\"@id\":\"https:\/\/jornaltimoneiro.com.br\/index.php\/2023\/11\/21\/cheias-28-pessoas-sao-resgatadas-pela-defesa-civil-de-canoas\/\"},\"wordCount\":268,\"commentCount\":0,\"publisher\":{\"@id\":\"https:\/\/jornaltimoneiro.com.br\/#organization\"},\"keywords\":[\"canoas\",\"cheias\",\"defesa civil\",\"enchente\",\"featured\",\"Paquet\u00e1\",\"PRAIA DO PAQUET\u00c1\",\"regi\u00e3o metropolitana\",\"resgate\",\"rio grande do sul\",\"RS\"],\"articleSection\":[\"Destaques\"],\"inLanguage\":\"pt-BR\",\"potentialAction\":[{\"@type\":\"CommentAction\",\"name\":\"Comment\",\"target\":[\"https:\/\/jornaltimoneiro.com.br\/index.php\/2023\/11\/21\/cheias-28-pessoas-sao-resgatadas-pela-defesa-civil-de-canoas\/#respond\"]}]},{\"@type\":\"WebPage\",\"@id\":\"https:\/\/jornaltimoneiro.com.br\/index.php\/2023\/11\/21\/cheias-28-pessoas-sao-resgatadas-pela-defesa-civil-de-canoas\/\",\"url\":\"https:\/\/jornaltimoneiro.com.br\/index.php\/2023\/11\/21\/cheias-28-pessoas-sao-resgatadas-pela-defesa-civil-de-canoas\/\",\"name\":\"CHEIAS: 28 pessoas s\u00e3o resgatadas pela Defesa Civil de Canoas - O Timoneiro Jornal Canoas RS\",\"isPartOf\":{\"@id\":\"https:\/\/jornaltimoneiro.com.br\/#website\"},\"datePublished\":\"2023-11-21T14:58:33+00:00\",\"dateModified\":\"2023-11-21T14:58:33+00:00\",\"description\":\"CHEIAS: 28 pessoas s\u00e3o resgatadas pela Defesa Civil de Canoas Regi\u00e3o Metropolitana enchente Rio Grande do Sul RS\",\"breadcrumb\":{\"@id\":\"https:\/\/jornaltimoneiro.com.br\/index.php\/2023\/11\/21\/cheias-28-pessoas-sao-resgatadas-pela-defesa-civil-de-canoas\/#breadcrumb\"},\"inLanguage\":\"pt-BR\",\"potentialAction\":[{\"@type\":\"ReadAction\",\"target\":[\"https:\/\/jornaltimoneiro.com.br\/index.php\/2023\/11\/21\/cheias-28-pessoas-sao-resgatadas-pela-defesa-civil-de-canoas\/\"]}]},{\"@type\":\"BreadcrumbList\",\"@id\":\"https:\/\/jornaltimoneiro.com.br\/index.php\/2023\/11\/21\/cheias-28-pessoas-sao-resgatadas-pela-defesa-civil-de-canoas\/#breadcrumb\",\"itemListElement\":[{\"@type\":\"ListItem\",\"position\":1,\"name\":\"In\u00edcio\",\"item\":\"https:\/\/jornaltimoneiro.com.br\/\"},{\"@type\":\"ListItem\",\"position\":2,\"name\":\"CHEIAS: 28 pessoas s\u00e3o resgatadas pela Defesa Civil de Canoas\"}]},{\"@type\":\"WebSite\",\"@id\":\"https:\/\/jornaltimoneiro.com.br\/#website\",\"url\":\"https:\/\/jornaltimoneiro.com.br\/\",\"name\":\"Jornal Timoneiro Canoas RS\",\"description\":\"Jornal O Timoneiro, o verdadeiro jornal de Canoas\",\"publisher\":{\"@id\":\"https:\/\/jornaltimoneiro.com.br\/#organization\"},\"potentialAction\":[{\"@type\":\"SearchAction\",\"target\":{\"@type\":\"EntryPoint\",\"urlTemplate\":\"https:\/\/jornaltimoneiro.com.br\/?s={search_term_string}\"},\"query-input\":\"required name=search_term_string\"}],\"inLanguage\":\"pt-BR\"},{\"@type\":\"Organization\",\"@id\":\"https:\/\/jornaltimoneiro.com.br\/#organization\",\"name\":\"Jornal Timoneiro Canoas RS\",\"url\":\"https:\/\/jornaltimoneiro.com.br\/\",\"logo\":{\"@type\":\"ImageObject\",\"inLanguage\":\"pt-BR\",\"@id\":\"https:\/\/jornaltimoneiro.com.br\/#\/schema\/logo\/image\/\",\"url\":\"https:\/\/jornaltimoneiro.com.br\/wp-content\/uploads\/2023\/03\/logonovo.png\",\"contentUrl\":\"https:\/\/jornaltimoneiro.com.br\/wp-content\/uploads\/2023\/03\/logonovo.png\",\"width\":\"469\",\"height\":\"171\",\"caption\":\"Jornal Timoneiro Canoas RS\"},\"image\":{\"@id\":\"https:\/\/jornaltimoneiro.com.br\/#\/schema\/logo\/image\/\"},\"sameAs\":[\"https:\/\/www.facebook.com\/jornaltimoneiro\",\"https:\/\/twitter.com\/_OTimoneiro\",\"https:\/\/www.instagram.com\/jornaltimoneirocanoas\/\",\"https:\/\/www.youtube.com\/@jornalotimoneiro7927\"]},{\"@type\":\"Person\",\"@id\":\"https:\/\/jornaltimoneiro.com.br\/#\/schema\/person\/f63482f1a02b1a9592707865e509ab40\",\"name\":\"Reda\u00e7\u00e3o\",\"image\":{\"@type\":\"ImageObject\",\"inLanguage\":\"pt-BR\",\"@id\":\"https:\/\/jornaltimoneiro.com.br\/#\/schema\/person\/image\/\",\"url\":\"https:\/\/jornaltimoneiro.com.br\/wp-content\/uploads\/2023\/03\/download.jpeg\",\"contentUrl\":\"https:\/\/jornaltimoneiro.com.br\/wp-content\/uploads\/2023\/03\/download.jpeg\",\"caption\":\"Reda\u00e7\u00e3o\"},\"url\":\"https:\/\/jornaltimoneiro.com.br\/index.php\/author\/simone-dutra\/\"}]}<\/script>\n<!-- \/ Yoast SEO plugin. -->","yoast_head_json":{"title":"CHEIAS: 28 pessoas s\u00e3o resgatadas pela Defesa Civil de Canoas - O Timoneiro Jornal Canoas RS","description":"CHEIAS: 28 pessoas s\u00e3o resgatadas pela Defesa Civil de Canoas Regi\u00e3o Metropolitana enchente Rio Grande do Sul RS","robots":{"index":"index","follow":"follow","max-snippet":"max-snippet:-1","max-image-preview":"max-image-preview:large","max-video-preview":"max-video-preview:-1"},"canonical":"https:\/\/jornaltimoneiro.com.br\/index.php\/2023\/11\/21\/cheias-28-pessoas-sao-resgatadas-pela-defesa-civil-de-canoas\/","og_locale":"pt_BR","og_type":"article","og_title":"CHEIAS: 28 pessoas s\u00e3o resgatadas pela Defesa Civil de Canoas - O Timoneiro Jornal Canoas RS","og_description":"CHEIAS: 28 pessoas s\u00e3o resgatadas pela Defesa Civil de Canoas Regi\u00e3o Metropolitana enchente Rio Grande do Sul RS","og_url":"https:\/\/jornaltimoneiro.com.br\/index.php\/2023\/11\/21\/cheias-28-pessoas-sao-resgatadas-pela-defesa-civil-de-canoas\/","og_site_name":"O Timoneiro Jornal Canoas RS","article_publisher":"https:\/\/www.facebook.com\/jornaltimoneiro","article_published_time":"2023-11-21T14:58:33+00:00","og_image":[{"width":"1080","height":"719","url":"https:\/\/jornaltimoneiro.com.br\/wp-content\/uploads\/2023\/11\/WhatsApp-Image-2023-11-21-at-11.48.21-1.jpeg","type":"image\/jpeg"}],"author":"Reda\u00e7\u00e3o","twitter_card":"summary_large_image","twitter_creator":"@_OTimoneiro","twitter_site":"@_OTimoneiro","twitter_misc":{"Escrito por":"Reda\u00e7\u00e3o","Est. tempo de leitura":"2 minutos"},"schema":{"@context":"https:\/\/schema.org","@graph":[{"@type":"Article","@id":"https:\/\/jornaltimoneiro.com.br\/index.php\/2023\/11\/21\/cheias-28-pessoas-sao-resgatadas-pela-defesa-civil-de-canoas\/#article","isPartOf":{"@id":"https:\/\/jornaltimoneiro.com.br\/index.php\/2023\/11\/21\/cheias-28-pessoas-sao-resgatadas-pela-defesa-civil-de-canoas\/"},"author":{"name":"Reda\u00e7\u00e3o","@id":"https:\/\/jornaltimoneiro.com.br\/#\/schema\/person\/f63482f1a02b1a9592707865e509ab40"},"headline":"CHEIAS: 28 pessoas s\u00e3o resgatadas pela Defesa Civil de Canoas","datePublished":"2023-11-21T14:58:33+00:00","dateModified":"2023-11-21T14:58:33+00:00","mainEntityOfPage":{"@id":"https:\/\/jornaltimoneiro.com.br\/index.php\/2023\/11\/21\/cheias-28-pessoas-sao-resgatadas-pela-defesa-civil-de-canoas\/"},"wordCount":268,"commentCount":0,"publisher":{"@id":"https:\/\/jornaltimoneiro.com.br\/#organization"},"keywords":["canoas","cheias","defesa civil","enchente","featured","Paquet\u00e1","PRAIA DO PAQUET\u00c1","regi\u00e3o metropolitana","resgate","rio grande do sul","RS"],"articleSection":["Destaques"],"inLanguage":"pt-BR","potentialAction":[{"@type":"CommentAction","name":"Comment","target":["https:\/\/jornaltimoneiro.com.br\/index.php\/2023\/11\/21\/cheias-28-pessoas-sao-resgatadas-pela-defesa-civil-de-canoas\/#respond"]}]},{"@type":"WebPage","@id":"https:\/\/jornaltimoneiro.com.br\/index.php\/2023\/11\/21\/cheias-28-pessoas-sao-resgatadas-pela-defesa-civil-de-canoas\/","url":"https:\/\/jornaltimoneiro.com.br\/index.php\/2023\/11\/21\/cheias-28-pessoas-sao-resgatadas-pela-defesa-civil-de-canoas\/","name":"CHEIAS: 28 pessoas s\u00e3o resgatadas pela Defesa Civil de Canoas - O Timoneiro Jornal Canoas RS","isPartOf":{"@id":"https:\/\/jornaltimoneiro.com.br\/#website"},"datePublished":"2023-11-21T14:58:33+00:00","dateModified":"2023-11-21T14:58:33+00:00","description":"CHEIAS: 28 pessoas s\u00e3o resgatadas pela Defesa Civil de Canoas Regi\u00e3o Metropolitana enchente Rio Grande do Sul RS","breadcrumb":{"@id":"https:\/\/jornaltimoneiro.com.br\/index.php\/2023\/11\/21\/cheias-28-pessoas-sao-resgatadas-pela-defesa-civil-de-canoas\/#breadcrumb"},"inLanguage":"pt-BR","potentialAction":[{"@type":"ReadAction","target":["https:\/\/jornaltimoneiro.com.br\/index.php\/2023\/11\/21\/cheias-28-pessoas-sao-resgatadas-pela-defesa-civil-de-canoas\/"]}]},{"@type":"BreadcrumbList","@id":"https:\/\/jornaltimoneiro.com.br\/index.php\/2023\/11\/21\/cheias-28-pessoas-sao-resgatadas-pela-defesa-civil-de-canoas\/#breadcrumb","itemListElement":[{"@type":"ListItem","position":1,"name":"In\u00edcio","item":"https:\/\/jornaltimoneiro.com.br\/"},{"@type":"ListItem","position":2,"name":"CHEIAS: 28 pessoas s\u00e3o resgatadas pela Defesa Civil de Canoas"}]},{"@type":"WebSite","@id":"https:\/\/jornaltimoneiro.com.br\/#website","url":"https:\/\/jornaltimoneiro.com.br\/","name":"Jornal Timoneiro Canoas RS","description":"Jornal O Timoneiro, o verdadeiro jornal de Canoas","publisher":{"@id":"https:\/\/jornaltimoneiro.com.br\/#organization"},"potentialAction":[{"@type":"SearchAction","target":{"@type":"EntryPoint","urlTemplate":"https:\/\/jornaltimoneiro.com.br\/?s={search_term_string}"},"query-input":"required name=search_term_string"}],"inLanguage":"pt-BR"},{"@type":"Organization","@id":"https:\/\/jornaltimoneiro.com.br\/#organization","name":"Jornal Timoneiro Canoas RS","url":"https:\/\/jornaltimoneiro.com.br\/","logo":{"@type":"ImageObject","inLanguage":"pt-BR","@id":"https:\/\/jornaltimoneiro.com.br\/#\/schema\/logo\/image\/","url":"https:\/\/jornaltimoneiro.com.br\/wp-content\/uploads\/2023\/03\/logonovo.png","contentUrl":"https:\/\/jornaltimoneiro.com.br\/wp-content\/uploads\/2023\/03\/logonovo.png","width":"469","height":"171","caption":"Jornal Timoneiro Canoas RS"},"image":{"@id":"https:\/\/jornaltimoneiro.com.br\/#\/schema\/logo\/image\/"},"sameAs":["https:\/\/www.facebook.com\/jornaltimoneiro","https:\/\/twitter.com\/_OTimoneiro","https:\/\/www.instagram.com\/jornaltimoneirocanoas\/","https:\/\/www.youtube.com\/@jornalotimoneiro7927"]},{"@type":"Person","@id":"https:\/\/jornaltimoneiro.com.br\/#\/schema\/person\/f63482f1a02b1a9592707865e509ab40","name":"Reda\u00e7\u00e3o","image":{"@type":"ImageObject","inLanguage":"pt-BR","@id":"https:\/\/jornaltimoneiro.com.br\/#\/schema\/person\/image\/","url":"https:\/\/jornaltimoneiro.com.br\/wp-content\/uploads\/2023\/03\/download.jpeg","contentUrl":"https:\/\/jornaltimoneiro.com.br\/wp-content\/uploads\/2023\/03\/download.jpeg","caption":"Reda\u00e7\u00e3o"},"url":"https:\/\/jornaltimoneiro.com.br\/index.php\/author\/simone-dutra\/"}]}},"_links":{"self":[{"href":"https:\/\/jornaltimoneiro.com.br\/index.php\/wp-json\/wp\/v2\/posts\/26428"}],"collection":[{"href":"https:\/\/jornaltimoneiro.com.br\/index.php\/wp-json\/wp\/v2\/posts"}],"about":[{"href":"https:\/\/jornaltimoneiro.com.br\/index.php\/wp-json\/wp\/v2\/types\/post"}],"author":[{"embeddable":true,"href":"https:\/\/jornaltimoneiro.com.br\/index.php\/wp-json\/wp\/v2\/users\/2"}],"replies":[{"embeddable":true,"href":"https:\/\/jornaltimoneiro.com.br\/index.php\/wp-json\/wp\/v2\/comments?post=26428"}],"version-history":[{"count":1,"href":"https:\/\/jornaltimoneiro.com.br\/index.php\/wp-json\/wp\/v2\/posts\/26428\/revisions"}],"predecessor-version":[{"id":26430,"href":"https:\/\/jornaltimoneiro.com.br\/index.php\/wp-json\/wp\/v2\/posts\/26428\/revisions\/26430"}],"wp:featuredmedia":[{"embeddable":true,"href":"https:\/\/jornaltimoneiro.com.br\/index.php\/wp-json\/wp\/v2\/media\/26429"}],"wp:attachment":[{"href":"https:\/\/jornaltimoneiro.com.br\/index.php\/wp-json\/wp\/v2\/media?parent=26428"}],"wp:term":[{"taxonomy":"category","embeddable":true,"href":"https:\/\/jornaltimoneiro.com.br\/index.php\/wp-json\/wp\/v2\/categories?post=26428"},{"taxonomy":"post_tag","embeddable":true,"href":"https:\/\/jornaltimoneiro.com.br\/index.php\/wp-json\/wp\/v2\/tags?post=26428"}],"curies":[{"name":"wp","href":"https:\/\/api.w.org\/{rel}","templated":true}]}}