{"id":26364,"date":"2023-11-14T17:05:08","date_gmt":"2023-11-14T20:05:08","guid":{"rendered":"https:\/\/jornaltimoneiro.com.br\/?p=26364"},"modified":"2023-11-14T17:05:08","modified_gmt":"2023-11-14T20:05:08","slug":"fundatec-estagios-tem-vagas-em-porto-alegre-e-regiao-metropolitana-com-bolsa-auxilio-de-ate-r-1-50000","status":"publish","type":"post","link":"https:\/\/jornaltimoneiro.com.br\/index.php\/2023\/11\/14\/fundatec-estagios-tem-vagas-em-porto-alegre-e-regiao-metropolitana-com-bolsa-auxilio-de-ate-r-1-50000\/","title":{"rendered":"Fundatec Est\u00e1gios tem vagas em Porto Alegre e Regi\u00e3o Metropolitana com bolsa-aux\u00edlio de at\u00e9 R$ 1.500,00"},"content":{"rendered":"<p>A Fundatec Est\u00e1gios est\u00e1 com 74 vagas abertas para estudantes que estejam cursando os n\u00edveis Superior, T\u00e9cnico e M\u00e9dio. As vagas s\u00e3o no formato presencial.<\/p>\n<p>No Rio Grande do Sul, est\u00e3o distribu\u00eddas nas cidades de Porto Alegre, Regi\u00e3o Metropolitana e Erechim. Al\u00e9m do RS, tamb\u00e9m est\u00e3o dispon\u00edveis vagas em Curitiba, Florian\u00f3polis, Foz do Igua\u00e7u e S\u00e3o Paulo.<\/p>\n<p>As bolsas-aux\u00edlio variam entre R$ 450,00 e R$ 1.500,00 (com benef\u00edcios e possibilidade de efetiva\u00e7\u00e3o) para cargas hor\u00e1rias de 4 ou 6 horas di\u00e1rias. Confira as vagas abertas no\u00a0<a href=\"https:\/\/usilink.usinadenoticias.com.br\/cl\/PQwKx\/E8\/0ac3\/PSYureZlDL-\/BOe9\/Ln5FDoqyP0d\/1\/\">site<\/a>.<\/p>\n<p><strong>Ensino Superior<\/strong><\/p>\n<p>No Ensino Superior, as oportunidades est\u00e3o distribu\u00eddas nas \u00e1reas de: Administra\u00e7\u00e3o, Administra\u00e7\u00e3o P\u00fablica, An\u00e1lise e Desenvolvimento de Sistemas, Arquitetura e Urbanismo, Ci\u00eancias da Computa\u00e7\u00e3o, Ci\u00eancias Cont\u00e1beis, Ci\u00eancias Econ\u00f4micas, Ci\u00eancias da Informa\u00e7\u00e3o, Comunica\u00e7\u00e3o (Digital\/Social), Computa\u00e7\u00e3o, Design, Direito, Economia, Educa\u00e7\u00e3o F\u00edsica, Engenharia (Ambiental\/ Civil\/ Computa\u00e7\u00e3o\/ El\u00e9trica\/ Eletrot\u00e9cnica\/ Mec\u00e2nica\/ Produ\u00e7\u00e3o\/ Software), Gest\u00e3o (Ambiental\/ Comercial\/ Empresarial\/ Financeira\/ Log\u00edstica), Jornalismo, Log\u00edstica, Marketing (Digital\/Propaganda), Pedagogia, Processos Gerenciais, Produ\u00e7\u00e3o Editorial, Publicidade e Propaganda, Recursos Humanos, Rela\u00e7\u00f5es P\u00fablicas e Internacionais, Sistemas de Informa\u00e7\u00e3o e Secretariado Executivo.<\/p>\n<p><strong>Ensino T\u00e9cnico<\/strong><\/p>\n<p>J\u00e1 para o Ensino T\u00e9cnico, h\u00e1 vagas em Administra\u00e7\u00e3o, Comunica\u00e7\u00e3o (Visual\/Empresarial), Design, Edifica\u00e7\u00f5es, Enfermagem, El\u00e9trica, Eletr\u00f4nica, Eletrot\u00e9cnica, Hardware, Inform\u00e1tica, Magist\u00e9rio, Manuten\u00e7\u00e3o de Computadores, Marketing, Publicidade e Propaganda, Processos Gerenciais, Processos Administrativos, Recursos Humanos, Seguran\u00e7a do Trabalho e Secretariado.<\/p>\n<p><strong>N\u00edvel M\u00e9dio<\/strong><\/p>\n<p>No n\u00edvel M\u00e9dio as oportunidades abrangem estudantes do Ensino M\u00e9dio, EJA, Curso Normal\/Magist\u00e9rio e T\u00e9cnico em N\u00edvel M\u00e9dio. Para acessar as informa\u00e7\u00f5es completas, bem como se candidatar \u00e0s vagas dispon\u00edveis, os estudantes devem acessar o\u00a0<a href=\"https:\/\/usilink.usinadenoticias.com.br\/cl\/PQwKx\/E8\/0ac3\/PSYureZlDL-\/BOe9\/Lv16HS1e2Kj\/1\/\">site<\/a>, realizar um cadastro gratuito e demonstrar interesse na vaga desejada.<\/p>\n<p><strong>Fundatec Est\u00e1gios<\/strong><\/p>\n<p>Sobre a Fundatec Est\u00e1gios\u00a0\u2013 A Fundatec integra institui\u00e7\u00f5es de ensino, estudantes e organiza\u00e7\u00f5es p\u00fablicas e privadas, por meio de um sistema operacional \u00e1gil e din\u00e2mico, onde disponibiliza um banco de curr\u00edculos atualizados, consulta de vagas e informa\u00e7\u00f5es sobre o funcionamento do processo de est\u00e1gios, de acordo com lei espec\u00edfica.<\/p>\n","protected":false},"excerpt":{"rendered":"<p>A Fundatec Est\u00e1gios est\u00e1 com 74 vagas abertas para estudantes que estejam cursando os n\u00edveis Superior, T\u00e9cnico e M\u00e9dio. As vagas s\u00e3o no formato presencial. No Rio Grande do Sul, est\u00e3o distribu\u00eddas nas cidades de Porto Alegre, Regi\u00e3o Metropolitana e Erechim. Al\u00e9m do RS, tamb\u00e9m est\u00e3o dispon\u00edveis vagas em Curitiba, Florian\u00f3polis, Foz do Igua\u00e7u e [&hellip;]<\/p>\n","protected":false},"author":2,"featured_media":13762,"comment_status":"open","ping_status":"open","sticky":false,"template":"","format":"standard","meta":{"amp_status":"","footnotes":""},"categories":[23],"tags":[64,82,351,1263,786,1622,121,214,213,404],"class_list":["post-26364","post","type-post","status-publish","format-standard","has-post-thumbnail","hentry","category-geral","tag-educacao","tag-emprego","tag-ensino","tag-estagios","tag-estudantes","tag-fundatec","tag-porto-alegre","tag-regiao-metropolitana","tag-rio-grande-do-sul","tag-vagas"],"yoast_head":"<!-- This site is optimized with the Yoast SEO plugin v20.5 - https:\/\/yoast.com\/wordpress\/plugins\/seo\/ -->\n<title>Fundatec Est\u00e1gios tem vagas em Porto Alegre e Regi\u00e3o Metropolitana com bolsa-aux\u00edlio de at\u00e9 R$ 1.500,00 - O Timoneiro Jornal Canoas RS<\/title>\n<meta name=\"description\" content=\"Fundatec Est\u00e1gios tem vagas em Porto Alegre e Regi\u00e3o Metropolitana com bolsa-aux\u00edlio de at\u00e9 R$ 1.500,00 Rio Grande do Sul RS\" \/>\n<meta name=\"robots\" content=\"index, follow, max-snippet:-1, max-image-preview:large, max-video-preview:-1\" \/>\n<link rel=\"canonical\" href=\"https:\/\/jornaltimoneiro.com.br\/index.php\/2023\/11\/14\/fundatec-estagios-tem-vagas-em-porto-alegre-e-regiao-metropolitana-com-bolsa-auxilio-de-ate-r-1-50000\/\" \/>\n<meta property=\"og:locale\" content=\"pt_BR\" \/>\n<meta property=\"og:type\" content=\"article\" \/>\n<meta property=\"og:title\" content=\"Fundatec Est\u00e1gios tem vagas em Porto Alegre e Regi\u00e3o Metropolitana com bolsa-aux\u00edlio de at\u00e9 R$ 1.500,00 - O Timoneiro Jornal Canoas RS\" \/>\n<meta property=\"og:description\" content=\"Fundatec Est\u00e1gios tem vagas em Porto Alegre e Regi\u00e3o Metropolitana com bolsa-aux\u00edlio de at\u00e9 R$ 1.500,00 Rio Grande do Sul RS\" \/>\n<meta property=\"og:url\" content=\"https:\/\/jornaltimoneiro.com.br\/index.php\/2023\/11\/14\/fundatec-estagios-tem-vagas-em-porto-alegre-e-regiao-metropolitana-com-bolsa-auxilio-de-ate-r-1-50000\/\" \/>\n<meta property=\"og:site_name\" content=\"O Timoneiro Jornal Canoas RS\" \/>\n<meta property=\"article:publisher\" content=\"https:\/\/www.facebook.com\/jornaltimoneiro\" \/>\n<meta property=\"article:published_time\" content=\"2023-11-14T20:05:08+00:00\" \/>\n<meta property=\"og:image\" content=\"https:\/\/jornaltimoneiro.com.br\/wp-content\/uploads\/2019\/06\/h\u00e1-vagas.jpg\" \/>\n\t<meta property=\"og:image:width\" content=\"1080\" \/>\n\t<meta property=\"og:image:height\" content=\"745\" \/>\n\t<meta property=\"og:image:type\" content=\"image\/jpeg\" \/>\n<meta name=\"author\" content=\"Reda\u00e7\u00e3o\" \/>\n<meta name=\"twitter:card\" content=\"summary_large_image\" \/>\n<meta name=\"twitter:creator\" content=\"@_OTimoneiro\" \/>\n<meta name=\"twitter:site\" content=\"@_OTimoneiro\" \/>\n<meta name=\"twitter:label1\" content=\"Escrito por\" \/>\n\t<meta name=\"twitter:data1\" content=\"Reda\u00e7\u00e3o\" \/>\n\t<meta name=\"twitter:label2\" content=\"Est. tempo de leitura\" \/>\n\t<meta name=\"twitter:data2\" content=\"2 minutos\" \/>\n<script type=\"application\/ld+json\" class=\"yoast-schema-graph\">{\"@context\":\"https:\/\/schema.org\",\"@graph\":[{\"@type\":\"Article\",\"@id\":\"https:\/\/jornaltimoneiro.com.br\/index.php\/2023\/11\/14\/fundatec-estagios-tem-vagas-em-porto-alegre-e-regiao-metropolitana-com-bolsa-auxilio-de-ate-r-1-50000\/#article\",\"isPartOf\":{\"@id\":\"https:\/\/jornaltimoneiro.com.br\/index.php\/2023\/11\/14\/fundatec-estagios-tem-vagas-em-porto-alegre-e-regiao-metropolitana-com-bolsa-auxilio-de-ate-r-1-50000\/\"},\"author\":{\"name\":\"Reda\u00e7\u00e3o\",\"@id\":\"https:\/\/jornaltimoneiro.com.br\/#\/schema\/person\/f63482f1a02b1a9592707865e509ab40\"},\"headline\":\"Fundatec Est\u00e1gios tem vagas em Porto Alegre e Regi\u00e3o Metropolitana com bolsa-aux\u00edlio de at\u00e9 R$ 1.500,00\",\"datePublished\":\"2023-11-14T20:05:08+00:00\",\"dateModified\":\"2023-11-14T20:05:08+00:00\",\"mainEntityOfPage\":{\"@id\":\"https:\/\/jornaltimoneiro.com.br\/index.php\/2023\/11\/14\/fundatec-estagios-tem-vagas-em-porto-alegre-e-regiao-metropolitana-com-bolsa-auxilio-de-ate-r-1-50000\/\"},\"wordCount\":406,\"commentCount\":0,\"publisher\":{\"@id\":\"https:\/\/jornaltimoneiro.com.br\/#organization\"},\"keywords\":[\"Educa\u00e7\u00e3o\",\"emprego\",\"ensino\",\"est\u00e1gios\",\"estudantes\",\"fundatec\",\"Porto Alegre\",\"regi\u00e3o metropolitana\",\"rio grande do sul\",\"vagas\"],\"articleSection\":[\"Geral\"],\"inLanguage\":\"pt-BR\",\"potentialAction\":[{\"@type\":\"CommentAction\",\"name\":\"Comment\",\"target\":[\"https:\/\/jornaltimoneiro.com.br\/index.php\/2023\/11\/14\/fundatec-estagios-tem-vagas-em-porto-alegre-e-regiao-metropolitana-com-bolsa-auxilio-de-ate-r-1-50000\/#respond\"]}]},{\"@type\":\"WebPage\",\"@id\":\"https:\/\/jornaltimoneiro.com.br\/index.php\/2023\/11\/14\/fundatec-estagios-tem-vagas-em-porto-alegre-e-regiao-metropolitana-com-bolsa-auxilio-de-ate-r-1-50000\/\",\"url\":\"https:\/\/jornaltimoneiro.com.br\/index.php\/2023\/11\/14\/fundatec-estagios-tem-vagas-em-porto-alegre-e-regiao-metropolitana-com-bolsa-auxilio-de-ate-r-1-50000\/\",\"name\":\"Fundatec Est\u00e1gios tem vagas em Porto Alegre e Regi\u00e3o Metropolitana com bolsa-aux\u00edlio de at\u00e9 R$ 1.500,00 - O Timoneiro Jornal Canoas RS\",\"isPartOf\":{\"@id\":\"https:\/\/jornaltimoneiro.com.br\/#website\"},\"datePublished\":\"2023-11-14T20:05:08+00:00\",\"dateModified\":\"2023-11-14T20:05:08+00:00\",\"description\":\"Fundatec Est\u00e1gios tem vagas em Porto Alegre e Regi\u00e3o Metropolitana com bolsa-aux\u00edlio de at\u00e9 R$ 1.500,00 Rio Grande do Sul RS\",\"breadcrumb\":{\"@id\":\"https:\/\/jornaltimoneiro.com.br\/index.php\/2023\/11\/14\/fundatec-estagios-tem-vagas-em-porto-alegre-e-regiao-metropolitana-com-bolsa-auxilio-de-ate-r-1-50000\/#breadcrumb\"},\"inLanguage\":\"pt-BR\",\"potentialAction\":[{\"@type\":\"ReadAction\",\"target\":[\"https:\/\/jornaltimoneiro.com.br\/index.php\/2023\/11\/14\/fundatec-estagios-tem-vagas-em-porto-alegre-e-regiao-metropolitana-com-bolsa-auxilio-de-ate-r-1-50000\/\"]}]},{\"@type\":\"BreadcrumbList\",\"@id\":\"https:\/\/jornaltimoneiro.com.br\/index.php\/2023\/11\/14\/fundatec-estagios-tem-vagas-em-porto-alegre-e-regiao-metropolitana-com-bolsa-auxilio-de-ate-r-1-50000\/#breadcrumb\",\"itemListElement\":[{\"@type\":\"ListItem\",\"position\":1,\"name\":\"In\u00edcio\",\"item\":\"https:\/\/jornaltimoneiro.com.br\/\"},{\"@type\":\"ListItem\",\"position\":2,\"name\":\"Fundatec Est\u00e1gios tem vagas em Porto Alegre e Regi\u00e3o Metropolitana com bolsa-aux\u00edlio de at\u00e9 R$ 1.500,00\"}]},{\"@type\":\"WebSite\",\"@id\":\"https:\/\/jornaltimoneiro.com.br\/#website\",\"url\":\"https:\/\/jornaltimoneiro.com.br\/\",\"name\":\"Jornal Timoneiro Canoas RS\",\"description\":\"Jornal O Timoneiro, o verdadeiro jornal de Canoas\",\"publisher\":{\"@id\":\"https:\/\/jornaltimoneiro.com.br\/#organization\"},\"potentialAction\":[{\"@type\":\"SearchAction\",\"target\":{\"@type\":\"EntryPoint\",\"urlTemplate\":\"https:\/\/jornaltimoneiro.com.br\/?s={search_term_string}\"},\"query-input\":\"required name=search_term_string\"}],\"inLanguage\":\"pt-BR\"},{\"@type\":\"Organization\",\"@id\":\"https:\/\/jornaltimoneiro.com.br\/#organization\",\"name\":\"Jornal Timoneiro Canoas RS\",\"url\":\"https:\/\/jornaltimoneiro.com.br\/\",\"logo\":{\"@type\":\"ImageObject\",\"inLanguage\":\"pt-BR\",\"@id\":\"https:\/\/jornaltimoneiro.com.br\/#\/schema\/logo\/image\/\",\"url\":\"https:\/\/jornaltimoneiro.com.br\/wp-content\/uploads\/2023\/03\/logonovo.png\",\"contentUrl\":\"https:\/\/jornaltimoneiro.com.br\/wp-content\/uploads\/2023\/03\/logonovo.png\",\"width\":\"469\",\"height\":\"171\",\"caption\":\"Jornal Timoneiro Canoas RS\"},\"image\":{\"@id\":\"https:\/\/jornaltimoneiro.com.br\/#\/schema\/logo\/image\/\"},\"sameAs\":[\"https:\/\/www.facebook.com\/jornaltimoneiro\",\"https:\/\/twitter.com\/_OTimoneiro\",\"https:\/\/www.instagram.com\/jornaltimoneirocanoas\/\",\"https:\/\/www.youtube.com\/@jornalotimoneiro7927\"]},{\"@type\":\"Person\",\"@id\":\"https:\/\/jornaltimoneiro.com.br\/#\/schema\/person\/f63482f1a02b1a9592707865e509ab40\",\"name\":\"Reda\u00e7\u00e3o\",\"image\":{\"@type\":\"ImageObject\",\"inLanguage\":\"pt-BR\",\"@id\":\"https:\/\/jornaltimoneiro.com.br\/#\/schema\/person\/image\/\",\"url\":\"https:\/\/jornaltimoneiro.com.br\/wp-content\/uploads\/2023\/03\/download.jpeg\",\"contentUrl\":\"https:\/\/jornaltimoneiro.com.br\/wp-content\/uploads\/2023\/03\/download.jpeg\",\"caption\":\"Reda\u00e7\u00e3o\"},\"url\":\"https:\/\/jornaltimoneiro.com.br\/index.php\/author\/simone-dutra\/\"}]}<\/script>\n<!-- \/ Yoast SEO plugin. -->","yoast_head_json":{"title":"Fundatec Est\u00e1gios tem vagas em Porto Alegre e Regi\u00e3o Metropolitana com bolsa-aux\u00edlio de at\u00e9 R$ 1.500,00 - O Timoneiro Jornal Canoas RS","description":"Fundatec Est\u00e1gios tem vagas em Porto Alegre e Regi\u00e3o Metropolitana com bolsa-aux\u00edlio de at\u00e9 R$ 1.500,00 Rio Grande do Sul RS","robots":{"index":"index","follow":"follow","max-snippet":"max-snippet:-1","max-image-preview":"max-image-preview:large","max-video-preview":"max-video-preview:-1"},"canonical":"https:\/\/jornaltimoneiro.com.br\/index.php\/2023\/11\/14\/fundatec-estagios-tem-vagas-em-porto-alegre-e-regiao-metropolitana-com-bolsa-auxilio-de-ate-r-1-50000\/","og_locale":"pt_BR","og_type":"article","og_title":"Fundatec Est\u00e1gios tem vagas em Porto Alegre e Regi\u00e3o Metropolitana com bolsa-aux\u00edlio de at\u00e9 R$ 1.500,00 - O Timoneiro Jornal Canoas RS","og_description":"Fundatec Est\u00e1gios tem vagas em Porto Alegre e Regi\u00e3o Metropolitana com bolsa-aux\u00edlio de at\u00e9 R$ 1.500,00 Rio Grande do Sul RS","og_url":"https:\/\/jornaltimoneiro.com.br\/index.php\/2023\/11\/14\/fundatec-estagios-tem-vagas-em-porto-alegre-e-regiao-metropolitana-com-bolsa-auxilio-de-ate-r-1-50000\/","og_site_name":"O Timoneiro Jornal Canoas RS","article_publisher":"https:\/\/www.facebook.com\/jornaltimoneiro","article_published_time":"2023-11-14T20:05:08+00:00","og_image":[{"width":1080,"height":745,"url":"https:\/\/jornaltimoneiro.com.br\/wp-content\/uploads\/2019\/06\/h\u00e1-vagas.jpg","type":"image\/jpeg"}],"author":"Reda\u00e7\u00e3o","twitter_card":"summary_large_image","twitter_creator":"@_OTimoneiro","twitter_site":"@_OTimoneiro","twitter_misc":{"Escrito por":"Reda\u00e7\u00e3o","Est. tempo de leitura":"2 minutos"},"schema":{"@context":"https:\/\/schema.org","@graph":[{"@type":"Article","@id":"https:\/\/jornaltimoneiro.com.br\/index.php\/2023\/11\/14\/fundatec-estagios-tem-vagas-em-porto-alegre-e-regiao-metropolitana-com-bolsa-auxilio-de-ate-r-1-50000\/#article","isPartOf":{"@id":"https:\/\/jornaltimoneiro.com.br\/index.php\/2023\/11\/14\/fundatec-estagios-tem-vagas-em-porto-alegre-e-regiao-metropolitana-com-bolsa-auxilio-de-ate-r-1-50000\/"},"author":{"name":"Reda\u00e7\u00e3o","@id":"https:\/\/jornaltimoneiro.com.br\/#\/schema\/person\/f63482f1a02b1a9592707865e509ab40"},"headline":"Fundatec Est\u00e1gios tem vagas em Porto Alegre e Regi\u00e3o Metropolitana com bolsa-aux\u00edlio de at\u00e9 R$ 1.500,00","datePublished":"2023-11-14T20:05:08+00:00","dateModified":"2023-11-14T20:05:08+00:00","mainEntityOfPage":{"@id":"https:\/\/jornaltimoneiro.com.br\/index.php\/2023\/11\/14\/fundatec-estagios-tem-vagas-em-porto-alegre-e-regiao-metropolitana-com-bolsa-auxilio-de-ate-r-1-50000\/"},"wordCount":406,"commentCount":0,"publisher":{"@id":"https:\/\/jornaltimoneiro.com.br\/#organization"},"keywords":["Educa\u00e7\u00e3o","emprego","ensino","est\u00e1gios","estudantes","fundatec","Porto Alegre","regi\u00e3o metropolitana","rio grande do sul","vagas"],"articleSection":["Geral"],"inLanguage":"pt-BR","potentialAction":[{"@type":"CommentAction","name":"Comment","target":["https:\/\/jornaltimoneiro.com.br\/index.php\/2023\/11\/14\/fundatec-estagios-tem-vagas-em-porto-alegre-e-regiao-metropolitana-com-bolsa-auxilio-de-ate-r-1-50000\/#respond"]}]},{"@type":"WebPage","@id":"https:\/\/jornaltimoneiro.com.br\/index.php\/2023\/11\/14\/fundatec-estagios-tem-vagas-em-porto-alegre-e-regiao-metropolitana-com-bolsa-auxilio-de-ate-r-1-50000\/","url":"https:\/\/jornaltimoneiro.com.br\/index.php\/2023\/11\/14\/fundatec-estagios-tem-vagas-em-porto-alegre-e-regiao-metropolitana-com-bolsa-auxilio-de-ate-r-1-50000\/","name":"Fundatec Est\u00e1gios tem vagas em Porto Alegre e Regi\u00e3o Metropolitana com bolsa-aux\u00edlio de at\u00e9 R$ 1.500,00 - O Timoneiro Jornal Canoas RS","isPartOf":{"@id":"https:\/\/jornaltimoneiro.com.br\/#website"},"datePublished":"2023-11-14T20:05:08+00:00","dateModified":"2023-11-14T20:05:08+00:00","description":"Fundatec Est\u00e1gios tem vagas em Porto Alegre e Regi\u00e3o Metropolitana com bolsa-aux\u00edlio de at\u00e9 R$ 1.500,00 Rio Grande do Sul RS","breadcrumb":{"@id":"https:\/\/jornaltimoneiro.com.br\/index.php\/2023\/11\/14\/fundatec-estagios-tem-vagas-em-porto-alegre-e-regiao-metropolitana-com-bolsa-auxilio-de-ate-r-1-50000\/#breadcrumb"},"inLanguage":"pt-BR","potentialAction":[{"@type":"ReadAction","target":["https:\/\/jornaltimoneiro.com.br\/index.php\/2023\/11\/14\/fundatec-estagios-tem-vagas-em-porto-alegre-e-regiao-metropolitana-com-bolsa-auxilio-de-ate-r-1-50000\/"]}]},{"@type":"BreadcrumbList","@id":"https:\/\/jornaltimoneiro.com.br\/index.php\/2023\/11\/14\/fundatec-estagios-tem-vagas-em-porto-alegre-e-regiao-metropolitana-com-bolsa-auxilio-de-ate-r-1-50000\/#breadcrumb","itemListElement":[{"@type":"ListItem","position":1,"name":"In\u00edcio","item":"https:\/\/jornaltimoneiro.com.br\/"},{"@type":"ListItem","position":2,"name":"Fundatec Est\u00e1gios tem vagas em Porto Alegre e Regi\u00e3o Metropolitana com bolsa-aux\u00edlio de at\u00e9 R$ 1.500,00"}]},{"@type":"WebSite","@id":"https:\/\/jornaltimoneiro.com.br\/#website","url":"https:\/\/jornaltimoneiro.com.br\/","name":"Jornal Timoneiro Canoas RS","description":"Jornal O Timoneiro, o verdadeiro jornal de Canoas","publisher":{"@id":"https:\/\/jornaltimoneiro.com.br\/#organization"},"potentialAction":[{"@type":"SearchAction","target":{"@type":"EntryPoint","urlTemplate":"https:\/\/jornaltimoneiro.com.br\/?s={search_term_string}"},"query-input":"required name=search_term_string"}],"inLanguage":"pt-BR"},{"@type":"Organization","@id":"https:\/\/jornaltimoneiro.com.br\/#organization","name":"Jornal Timoneiro Canoas RS","url":"https:\/\/jornaltimoneiro.com.br\/","logo":{"@type":"ImageObject","inLanguage":"pt-BR","@id":"https:\/\/jornaltimoneiro.com.br\/#\/schema\/logo\/image\/","url":"https:\/\/jornaltimoneiro.com.br\/wp-content\/uploads\/2023\/03\/logonovo.png","contentUrl":"https:\/\/jornaltimoneiro.com.br\/wp-content\/uploads\/2023\/03\/logonovo.png","width":"469","height":"171","caption":"Jornal Timoneiro Canoas RS"},"image":{"@id":"https:\/\/jornaltimoneiro.com.br\/#\/schema\/logo\/image\/"},"sameAs":["https:\/\/www.facebook.com\/jornaltimoneiro","https:\/\/twitter.com\/_OTimoneiro","https:\/\/www.instagram.com\/jornaltimoneirocanoas\/","https:\/\/www.youtube.com\/@jornalotimoneiro7927"]},{"@type":"Person","@id":"https:\/\/jornaltimoneiro.com.br\/#\/schema\/person\/f63482f1a02b1a9592707865e509ab40","name":"Reda\u00e7\u00e3o","image":{"@type":"ImageObject","inLanguage":"pt-BR","@id":"https:\/\/jornaltimoneiro.com.br\/#\/schema\/person\/image\/","url":"https:\/\/jornaltimoneiro.com.br\/wp-content\/uploads\/2023\/03\/download.jpeg","contentUrl":"https:\/\/jornaltimoneiro.com.br\/wp-content\/uploads\/2023\/03\/download.jpeg","caption":"Reda\u00e7\u00e3o"},"url":"https:\/\/jornaltimoneiro.com.br\/index.php\/author\/simone-dutra\/"}]}},"_links":{"self":[{"href":"https:\/\/jornaltimoneiro.com.br\/index.php\/wp-json\/wp\/v2\/posts\/26364"}],"collection":[{"href":"https:\/\/jornaltimoneiro.com.br\/index.php\/wp-json\/wp\/v2\/posts"}],"about":[{"href":"https:\/\/jornaltimoneiro.com.br\/index.php\/wp-json\/wp\/v2\/types\/post"}],"author":[{"embeddable":true,"href":"https:\/\/jornaltimoneiro.com.br\/index.php\/wp-json\/wp\/v2\/users\/2"}],"replies":[{"embeddable":true,"href":"https:\/\/jornaltimoneiro.com.br\/index.php\/wp-json\/wp\/v2\/comments?post=26364"}],"version-history":[{"count":1,"href":"https:\/\/jornaltimoneiro.com.br\/index.php\/wp-json\/wp\/v2\/posts\/26364\/revisions"}],"predecessor-version":[{"id":26365,"href":"https:\/\/jornaltimoneiro.com.br\/index.php\/wp-json\/wp\/v2\/posts\/26364\/revisions\/26365"}],"wp:featuredmedia":[{"embeddable":true,"href":"https:\/\/jornaltimoneiro.com.br\/index.php\/wp-json\/wp\/v2\/media\/13762"}],"wp:attachment":[{"href":"https:\/\/jornaltimoneiro.com.br\/index.php\/wp-json\/wp\/v2\/media?parent=26364"}],"wp:term":[{"taxonomy":"category","embeddable":true,"href":"https:\/\/jornaltimoneiro.com.br\/index.php\/wp-json\/wp\/v2\/categories?post=26364"},{"taxonomy":"post_tag","embeddable":true,"href":"https:\/\/jornaltimoneiro.com.br\/index.php\/wp-json\/wp\/v2\/tags?post=26364"}],"curies":[{"name":"wp","href":"https:\/\/api.w.org\/{rel}","templated":true}]}}