{"id":26342,"date":"2023-11-13T13:53:09","date_gmt":"2023-11-13T16:53:09","guid":{"rendered":"https:\/\/jornaltimoneiro.com.br\/?p=26342"},"modified":"2023-11-14T12:46:20","modified_gmt":"2023-11-14T15:46:20","slug":"temporal-causa-estragos-e-afeta-centenas-de-familias-em-nova-santa-rita","status":"publish","type":"post","link":"https:\/\/jornaltimoneiro.com.br\/index.php\/2023\/11\/13\/temporal-causa-estragos-e-afeta-centenas-de-familias-em-nova-santa-rita\/","title":{"rendered":"Temporal causa estragos e afeta centenas de fam\u00edlias em Nova Santa Rita"},"content":{"rendered":"<p>A forte chuva da madrugada de s\u00e1bado, que contou com ventania, atingiu a comunidade de Nova Santa Rita.<\/p>\n<p>De acordo com a Prefeitura Municipal, as secretarias que integram o Gabinete de Crise trabalham para ajudar as fam\u00edlias que tiveram suas casas atingidas pelo temporal.<\/p>\n<p>A manh\u00e3 do domingo, 12, foi de intenso trabalho no bairro Berto C\u00edrio.<\/p>\n<p>A Secretaria de Desenvolvimento Social atendeu mais de 120 fam\u00edlias, que realizaram cadastro para retirar lonas, em uma a\u00e7\u00e3o em parceria com a Defesa Civil.<\/p>\n<p>As aulas nas escolas Miguel Couto e EMEI V\u00f3 Enedina foram suspensas nesta segunda-feira, 13.<\/p>\n<h4><strong>Em caso de emerg\u00eancia, ligue:<\/strong><\/h4>\n<p>DEFESA CIVIL: 51 989228949<br \/>\nGABINETE DE CRISE: 51989458200<br \/>\nBRIGADA MILITAR: 190<\/p>\n","protected":false},"excerpt":{"rendered":"<p>A forte chuva da madrugada de s\u00e1bado, que contou com ventania, atingiu a comunidade de Nova Santa Rita. De acordo com a Prefeitura Municipal, as secretarias que integram o Gabinete de Crise trabalham para ajudar as fam\u00edlias que tiveram suas casas atingidas pelo temporal. A manh\u00e3 do domingo, 12, foi de intenso trabalho no bairro [&hellip;]<\/p>\n","protected":false},"author":2,"featured_media":26343,"comment_status":"open","ping_status":"open","sticky":false,"template":"","format":"standard","meta":{"amp_status":"","footnotes":""},"categories":[178],"tags":[391,704,190,262,214,213,392,1072],"class_list":["post-26342","post","type-post","status-publish","format-standard","has-post-thumbnail","hentry","category-nsr","tag-chuva","tag-comunidade","tag-featured","tag-nova-santa-rita","tag-regiao-metropolitana","tag-rio-grande-do-sul","tag-temporal","tag-vento"],"yoast_head":"<!-- This site is optimized with the Yoast SEO plugin v20.5 - https:\/\/yoast.com\/wordpress\/plugins\/seo\/ -->\n<title>Temporal causa estragos e afeta centenas de fam\u00edlias em Nova Santa Rita - O Timoneiro Jornal Canoas RS<\/title>\n<meta name=\"description\" content=\"Temporal causa estragos e afeta centenas de fam\u00edlias em Nova Santa Rita chuva vento defesa civil Regi\u00e3o Metropolitana Rio Grande do Sul RS\" \/>\n<meta name=\"robots\" content=\"index, follow, max-snippet:-1, max-image-preview:large, max-video-preview:-1\" \/>\n<link rel=\"canonical\" href=\"https:\/\/jornaltimoneiro.com.br\/index.php\/2023\/11\/13\/temporal-causa-estragos-e-afeta-centenas-de-familias-em-nova-santa-rita\/\" \/>\n<meta property=\"og:locale\" content=\"pt_BR\" \/>\n<meta property=\"og:type\" content=\"article\" \/>\n<meta property=\"og:title\" content=\"Temporal causa estragos e afeta centenas de fam\u00edlias em Nova Santa Rita - O Timoneiro Jornal Canoas RS\" \/>\n<meta property=\"og:description\" content=\"Temporal causa estragos e afeta centenas de fam\u00edlias em Nova Santa Rita chuva vento defesa civil Regi\u00e3o Metropolitana Rio Grande do Sul RS\" \/>\n<meta property=\"og:url\" content=\"https:\/\/jornaltimoneiro.com.br\/index.php\/2023\/11\/13\/temporal-causa-estragos-e-afeta-centenas-de-familias-em-nova-santa-rita\/\" \/>\n<meta property=\"og:site_name\" content=\"O Timoneiro Jornal Canoas RS\" \/>\n<meta property=\"article:publisher\" content=\"https:\/\/www.facebook.com\/jornaltimoneiro\" \/>\n<meta property=\"article:published_time\" content=\"2023-11-13T16:53:09+00:00\" \/>\n<meta property=\"article:modified_time\" content=\"2023-11-14T15:46:20+00:00\" \/>\n<meta property=\"og:image\" content=\"https:\/\/jornaltimoneiro.com.br\/wp-content\/uploads\/2023\/11\/WhatsApp-Image-2023-11-13-at-13.30.13-1.jpeg\" \/>\n\t<meta property=\"og:image:width\" content=\"720\" \/>\n\t<meta property=\"og:image:height\" content=\"405\" \/>\n\t<meta property=\"og:image:type\" content=\"image\/jpeg\" \/>\n<meta name=\"author\" content=\"Reda\u00e7\u00e3o\" \/>\n<meta name=\"twitter:card\" content=\"summary_large_image\" \/>\n<meta name=\"twitter:creator\" content=\"@_OTimoneiro\" \/>\n<meta name=\"twitter:site\" content=\"@_OTimoneiro\" \/>\n<meta name=\"twitter:label1\" content=\"Escrito por\" \/>\n\t<meta name=\"twitter:data1\" content=\"Reda\u00e7\u00e3o\" \/>\n\t<meta name=\"twitter:label2\" content=\"Est. tempo de leitura\" \/>\n\t<meta name=\"twitter:data2\" content=\"1 minuto\" \/>\n<script type=\"application\/ld+json\" class=\"yoast-schema-graph\">{\"@context\":\"https:\/\/schema.org\",\"@graph\":[{\"@type\":\"Article\",\"@id\":\"https:\/\/jornaltimoneiro.com.br\/index.php\/2023\/11\/13\/temporal-causa-estragos-e-afeta-centenas-de-familias-em-nova-santa-rita\/#article\",\"isPartOf\":{\"@id\":\"https:\/\/jornaltimoneiro.com.br\/index.php\/2023\/11\/13\/temporal-causa-estragos-e-afeta-centenas-de-familias-em-nova-santa-rita\/\"},\"author\":{\"name\":\"Reda\u00e7\u00e3o\",\"@id\":\"https:\/\/jornaltimoneiro.com.br\/#\/schema\/person\/f63482f1a02b1a9592707865e509ab40\"},\"headline\":\"Temporal causa estragos e afeta centenas de fam\u00edlias em Nova Santa Rita\",\"datePublished\":\"2023-11-13T16:53:09+00:00\",\"dateModified\":\"2023-11-14T15:46:20+00:00\",\"mainEntityOfPage\":{\"@id\":\"https:\/\/jornaltimoneiro.com.br\/index.php\/2023\/11\/13\/temporal-causa-estragos-e-afeta-centenas-de-familias-em-nova-santa-rita\/\"},\"wordCount\":125,\"commentCount\":0,\"publisher\":{\"@id\":\"https:\/\/jornaltimoneiro.com.br\/#organization\"},\"keywords\":[\"chuva\",\"comunidade\",\"featured\",\"nova santa rita\",\"regi\u00e3o metropolitana\",\"rio grande do sul\",\"temporal\",\"vento\"],\"articleSection\":[\"Nova Santa Rita\"],\"inLanguage\":\"pt-BR\",\"potentialAction\":[{\"@type\":\"CommentAction\",\"name\":\"Comment\",\"target\":[\"https:\/\/jornaltimoneiro.com.br\/index.php\/2023\/11\/13\/temporal-causa-estragos-e-afeta-centenas-de-familias-em-nova-santa-rita\/#respond\"]}]},{\"@type\":\"WebPage\",\"@id\":\"https:\/\/jornaltimoneiro.com.br\/index.php\/2023\/11\/13\/temporal-causa-estragos-e-afeta-centenas-de-familias-em-nova-santa-rita\/\",\"url\":\"https:\/\/jornaltimoneiro.com.br\/index.php\/2023\/11\/13\/temporal-causa-estragos-e-afeta-centenas-de-familias-em-nova-santa-rita\/\",\"name\":\"Temporal causa estragos e afeta centenas de fam\u00edlias em Nova Santa Rita - O Timoneiro Jornal Canoas RS\",\"isPartOf\":{\"@id\":\"https:\/\/jornaltimoneiro.com.br\/#website\"},\"datePublished\":\"2023-11-13T16:53:09+00:00\",\"dateModified\":\"2023-11-14T15:46:20+00:00\",\"description\":\"Temporal causa estragos e afeta centenas de fam\u00edlias em Nova Santa Rita chuva vento defesa civil Regi\u00e3o Metropolitana Rio Grande do Sul RS\",\"breadcrumb\":{\"@id\":\"https:\/\/jornaltimoneiro.com.br\/index.php\/2023\/11\/13\/temporal-causa-estragos-e-afeta-centenas-de-familias-em-nova-santa-rita\/#breadcrumb\"},\"inLanguage\":\"pt-BR\",\"potentialAction\":[{\"@type\":\"ReadAction\",\"target\":[\"https:\/\/jornaltimoneiro.com.br\/index.php\/2023\/11\/13\/temporal-causa-estragos-e-afeta-centenas-de-familias-em-nova-santa-rita\/\"]}]},{\"@type\":\"BreadcrumbList\",\"@id\":\"https:\/\/jornaltimoneiro.com.br\/index.php\/2023\/11\/13\/temporal-causa-estragos-e-afeta-centenas-de-familias-em-nova-santa-rita\/#breadcrumb\",\"itemListElement\":[{\"@type\":\"ListItem\",\"position\":1,\"name\":\"In\u00edcio\",\"item\":\"https:\/\/jornaltimoneiro.com.br\/\"},{\"@type\":\"ListItem\",\"position\":2,\"name\":\"Temporal causa estragos e afeta centenas de fam\u00edlias em Nova Santa Rita\"}]},{\"@type\":\"WebSite\",\"@id\":\"https:\/\/jornaltimoneiro.com.br\/#website\",\"url\":\"https:\/\/jornaltimoneiro.com.br\/\",\"name\":\"Jornal Timoneiro Canoas RS\",\"description\":\"Jornal O Timoneiro, o verdadeiro jornal de Canoas\",\"publisher\":{\"@id\":\"https:\/\/jornaltimoneiro.com.br\/#organization\"},\"potentialAction\":[{\"@type\":\"SearchAction\",\"target\":{\"@type\":\"EntryPoint\",\"urlTemplate\":\"https:\/\/jornaltimoneiro.com.br\/?s={search_term_string}\"},\"query-input\":\"required name=search_term_string\"}],\"inLanguage\":\"pt-BR\"},{\"@type\":\"Organization\",\"@id\":\"https:\/\/jornaltimoneiro.com.br\/#organization\",\"name\":\"Jornal Timoneiro Canoas RS\",\"url\":\"https:\/\/jornaltimoneiro.com.br\/\",\"logo\":{\"@type\":\"ImageObject\",\"inLanguage\":\"pt-BR\",\"@id\":\"https:\/\/jornaltimoneiro.com.br\/#\/schema\/logo\/image\/\",\"url\":\"https:\/\/jornaltimoneiro.com.br\/wp-content\/uploads\/2023\/03\/logonovo.png\",\"contentUrl\":\"https:\/\/jornaltimoneiro.com.br\/wp-content\/uploads\/2023\/03\/logonovo.png\",\"width\":\"469\",\"height\":\"171\",\"caption\":\"Jornal Timoneiro Canoas RS\"},\"image\":{\"@id\":\"https:\/\/jornaltimoneiro.com.br\/#\/schema\/logo\/image\/\"},\"sameAs\":[\"https:\/\/www.facebook.com\/jornaltimoneiro\",\"https:\/\/twitter.com\/_OTimoneiro\",\"https:\/\/www.instagram.com\/jornaltimoneirocanoas\/\",\"https:\/\/www.youtube.com\/@jornalotimoneiro7927\"]},{\"@type\":\"Person\",\"@id\":\"https:\/\/jornaltimoneiro.com.br\/#\/schema\/person\/f63482f1a02b1a9592707865e509ab40\",\"name\":\"Reda\u00e7\u00e3o\",\"image\":{\"@type\":\"ImageObject\",\"inLanguage\":\"pt-BR\",\"@id\":\"https:\/\/jornaltimoneiro.com.br\/#\/schema\/person\/image\/\",\"url\":\"https:\/\/jornaltimoneiro.com.br\/wp-content\/uploads\/2023\/03\/download.jpeg\",\"contentUrl\":\"https:\/\/jornaltimoneiro.com.br\/wp-content\/uploads\/2023\/03\/download.jpeg\",\"caption\":\"Reda\u00e7\u00e3o\"},\"url\":\"https:\/\/jornaltimoneiro.com.br\/index.php\/author\/simone-dutra\/\"}]}<\/script>\n<!-- \/ Yoast SEO plugin. -->","yoast_head_json":{"title":"Temporal causa estragos e afeta centenas de fam\u00edlias em Nova Santa Rita - O Timoneiro Jornal Canoas RS","description":"Temporal causa estragos e afeta centenas de fam\u00edlias em Nova Santa Rita chuva vento defesa civil Regi\u00e3o Metropolitana Rio Grande do Sul RS","robots":{"index":"index","follow":"follow","max-snippet":"max-snippet:-1","max-image-preview":"max-image-preview:large","max-video-preview":"max-video-preview:-1"},"canonical":"https:\/\/jornaltimoneiro.com.br\/index.php\/2023\/11\/13\/temporal-causa-estragos-e-afeta-centenas-de-familias-em-nova-santa-rita\/","og_locale":"pt_BR","og_type":"article","og_title":"Temporal causa estragos e afeta centenas de fam\u00edlias em Nova Santa Rita - O Timoneiro Jornal Canoas RS","og_description":"Temporal causa estragos e afeta centenas de fam\u00edlias em Nova Santa Rita chuva vento defesa civil Regi\u00e3o Metropolitana Rio Grande do Sul RS","og_url":"https:\/\/jornaltimoneiro.com.br\/index.php\/2023\/11\/13\/temporal-causa-estragos-e-afeta-centenas-de-familias-em-nova-santa-rita\/","og_site_name":"O Timoneiro Jornal Canoas RS","article_publisher":"https:\/\/www.facebook.com\/jornaltimoneiro","article_published_time":"2023-11-13T16:53:09+00:00","article_modified_time":"2023-11-14T15:46:20+00:00","og_image":[{"width":"720","height":"405","url":"https:\/\/jornaltimoneiro.com.br\/wp-content\/uploads\/2023\/11\/WhatsApp-Image-2023-11-13-at-13.30.13-1.jpeg","type":"image\/jpeg"}],"author":"Reda\u00e7\u00e3o","twitter_card":"summary_large_image","twitter_creator":"@_OTimoneiro","twitter_site":"@_OTimoneiro","twitter_misc":{"Escrito por":"Reda\u00e7\u00e3o","Est. tempo de leitura":"1 minuto"},"schema":{"@context":"https:\/\/schema.org","@graph":[{"@type":"Article","@id":"https:\/\/jornaltimoneiro.com.br\/index.php\/2023\/11\/13\/temporal-causa-estragos-e-afeta-centenas-de-familias-em-nova-santa-rita\/#article","isPartOf":{"@id":"https:\/\/jornaltimoneiro.com.br\/index.php\/2023\/11\/13\/temporal-causa-estragos-e-afeta-centenas-de-familias-em-nova-santa-rita\/"},"author":{"name":"Reda\u00e7\u00e3o","@id":"https:\/\/jornaltimoneiro.com.br\/#\/schema\/person\/f63482f1a02b1a9592707865e509ab40"},"headline":"Temporal causa estragos e afeta centenas de fam\u00edlias em Nova Santa Rita","datePublished":"2023-11-13T16:53:09+00:00","dateModified":"2023-11-14T15:46:20+00:00","mainEntityOfPage":{"@id":"https:\/\/jornaltimoneiro.com.br\/index.php\/2023\/11\/13\/temporal-causa-estragos-e-afeta-centenas-de-familias-em-nova-santa-rita\/"},"wordCount":125,"commentCount":0,"publisher":{"@id":"https:\/\/jornaltimoneiro.com.br\/#organization"},"keywords":["chuva","comunidade","featured","nova santa rita","regi\u00e3o metropolitana","rio grande do sul","temporal","vento"],"articleSection":["Nova Santa Rita"],"inLanguage":"pt-BR","potentialAction":[{"@type":"CommentAction","name":"Comment","target":["https:\/\/jornaltimoneiro.com.br\/index.php\/2023\/11\/13\/temporal-causa-estragos-e-afeta-centenas-de-familias-em-nova-santa-rita\/#respond"]}]},{"@type":"WebPage","@id":"https:\/\/jornaltimoneiro.com.br\/index.php\/2023\/11\/13\/temporal-causa-estragos-e-afeta-centenas-de-familias-em-nova-santa-rita\/","url":"https:\/\/jornaltimoneiro.com.br\/index.php\/2023\/11\/13\/temporal-causa-estragos-e-afeta-centenas-de-familias-em-nova-santa-rita\/","name":"Temporal causa estragos e afeta centenas de fam\u00edlias em Nova Santa Rita - O Timoneiro Jornal Canoas RS","isPartOf":{"@id":"https:\/\/jornaltimoneiro.com.br\/#website"},"datePublished":"2023-11-13T16:53:09+00:00","dateModified":"2023-11-14T15:46:20+00:00","description":"Temporal causa estragos e afeta centenas de fam\u00edlias em Nova Santa Rita chuva vento defesa civil Regi\u00e3o Metropolitana Rio Grande do Sul RS","breadcrumb":{"@id":"https:\/\/jornaltimoneiro.com.br\/index.php\/2023\/11\/13\/temporal-causa-estragos-e-afeta-centenas-de-familias-em-nova-santa-rita\/#breadcrumb"},"inLanguage":"pt-BR","potentialAction":[{"@type":"ReadAction","target":["https:\/\/jornaltimoneiro.com.br\/index.php\/2023\/11\/13\/temporal-causa-estragos-e-afeta-centenas-de-familias-em-nova-santa-rita\/"]}]},{"@type":"BreadcrumbList","@id":"https:\/\/jornaltimoneiro.com.br\/index.php\/2023\/11\/13\/temporal-causa-estragos-e-afeta-centenas-de-familias-em-nova-santa-rita\/#breadcrumb","itemListElement":[{"@type":"ListItem","position":1,"name":"In\u00edcio","item":"https:\/\/jornaltimoneiro.com.br\/"},{"@type":"ListItem","position":2,"name":"Temporal causa estragos e afeta centenas de fam\u00edlias em Nova Santa Rita"}]},{"@type":"WebSite","@id":"https:\/\/jornaltimoneiro.com.br\/#website","url":"https:\/\/jornaltimoneiro.com.br\/","name":"Jornal Timoneiro Canoas RS","description":"Jornal O Timoneiro, o verdadeiro jornal de Canoas","publisher":{"@id":"https:\/\/jornaltimoneiro.com.br\/#organization"},"potentialAction":[{"@type":"SearchAction","target":{"@type":"EntryPoint","urlTemplate":"https:\/\/jornaltimoneiro.com.br\/?s={search_term_string}"},"query-input":"required name=search_term_string"}],"inLanguage":"pt-BR"},{"@type":"Organization","@id":"https:\/\/jornaltimoneiro.com.br\/#organization","name":"Jornal Timoneiro Canoas RS","url":"https:\/\/jornaltimoneiro.com.br\/","logo":{"@type":"ImageObject","inLanguage":"pt-BR","@id":"https:\/\/jornaltimoneiro.com.br\/#\/schema\/logo\/image\/","url":"https:\/\/jornaltimoneiro.com.br\/wp-content\/uploads\/2023\/03\/logonovo.png","contentUrl":"https:\/\/jornaltimoneiro.com.br\/wp-content\/uploads\/2023\/03\/logonovo.png","width":"469","height":"171","caption":"Jornal Timoneiro Canoas RS"},"image":{"@id":"https:\/\/jornaltimoneiro.com.br\/#\/schema\/logo\/image\/"},"sameAs":["https:\/\/www.facebook.com\/jornaltimoneiro","https:\/\/twitter.com\/_OTimoneiro","https:\/\/www.instagram.com\/jornaltimoneirocanoas\/","https:\/\/www.youtube.com\/@jornalotimoneiro7927"]},{"@type":"Person","@id":"https:\/\/jornaltimoneiro.com.br\/#\/schema\/person\/f63482f1a02b1a9592707865e509ab40","name":"Reda\u00e7\u00e3o","image":{"@type":"ImageObject","inLanguage":"pt-BR","@id":"https:\/\/jornaltimoneiro.com.br\/#\/schema\/person\/image\/","url":"https:\/\/jornaltimoneiro.com.br\/wp-content\/uploads\/2023\/03\/download.jpeg","contentUrl":"https:\/\/jornaltimoneiro.com.br\/wp-content\/uploads\/2023\/03\/download.jpeg","caption":"Reda\u00e7\u00e3o"},"url":"https:\/\/jornaltimoneiro.com.br\/index.php\/author\/simone-dutra\/"}]}},"_links":{"self":[{"href":"https:\/\/jornaltimoneiro.com.br\/index.php\/wp-json\/wp\/v2\/posts\/26342"}],"collection":[{"href":"https:\/\/jornaltimoneiro.com.br\/index.php\/wp-json\/wp\/v2\/posts"}],"about":[{"href":"https:\/\/jornaltimoneiro.com.br\/index.php\/wp-json\/wp\/v2\/types\/post"}],"author":[{"embeddable":true,"href":"https:\/\/jornaltimoneiro.com.br\/index.php\/wp-json\/wp\/v2\/users\/2"}],"replies":[{"embeddable":true,"href":"https:\/\/jornaltimoneiro.com.br\/index.php\/wp-json\/wp\/v2\/comments?post=26342"}],"version-history":[{"count":1,"href":"https:\/\/jornaltimoneiro.com.br\/index.php\/wp-json\/wp\/v2\/posts\/26342\/revisions"}],"predecessor-version":[{"id":26344,"href":"https:\/\/jornaltimoneiro.com.br\/index.php\/wp-json\/wp\/v2\/posts\/26342\/revisions\/26344"}],"wp:featuredmedia":[{"embeddable":true,"href":"https:\/\/jornaltimoneiro.com.br\/index.php\/wp-json\/wp\/v2\/media\/26343"}],"wp:attachment":[{"href":"https:\/\/jornaltimoneiro.com.br\/index.php\/wp-json\/wp\/v2\/media?parent=26342"}],"wp:term":[{"taxonomy":"category","embeddable":true,"href":"https:\/\/jornaltimoneiro.com.br\/index.php\/wp-json\/wp\/v2\/categories?post=26342"},{"taxonomy":"post_tag","embeddable":true,"href":"https:\/\/jornaltimoneiro.com.br\/index.php\/wp-json\/wp\/v2\/tags?post=26342"}],"curies":[{"name":"wp","href":"https:\/\/api.w.org\/{rel}","templated":true}]}}