{"id":26237,"date":"2023-10-31T19:09:44","date_gmt":"2023-10-31T22:09:44","guid":{"rendered":"https:\/\/jornaltimoneiro.com.br\/?p=26237"},"modified":"2023-10-31T19:09:44","modified_gmt":"2023-10-31T22:09:44","slug":"pipoquinha-cast-ep31-nostalgia-anos-90-e-sessao-da-tarde","status":"publish","type":"post","link":"https:\/\/jornaltimoneiro.com.br\/index.php\/2023\/10\/31\/pipoquinha-cast-ep31-nostalgia-anos-90-e-sessao-da-tarde\/","title":{"rendered":"PIPOQUINHA CAST EP31 &#8211; NOSTALGIA, ANOS 90 E SESS\u00c3O DA TARDE"},"content":{"rendered":"<p>Em uma colabora\u00e7\u00e3o entre o est\u00fadio otPlay, do jornal O timoneiro, de Canoas e o Pipoquinha na Manteiga chegamos com a estreia da terceira temporada do Pipoquinha Cast.<\/p>\n<p>No programa de hoje recebemos Roger, do @falandodearte_ e lembraremos de v\u00e1rios filmes da sess\u00e3o da tarde e anos 90.<\/p>\n<p>Ent\u00e3o se voc\u00ea \u00e9 nost\u00e1lgico tamb\u00e9m, cola com a gente!<\/p>\n<h4>&#8211; Quer colar a sua marca com a gente?<\/h4>\n<p>Venha ser nosso patrocinador: Contato: @pipoquinhanamanteiga no Instagram<\/p>\n<h4>&#8211; Quer ter teu pr\u00f3prio podcast?<\/h4>\n<p>Entre em contato com est\u00fadio OtPlay: @jornaltimoneirocanoas<\/p>\n<p>ME SIGA NAS REDES SOCIAIS: Instagram: @pipoquinhanamanteiga<\/p>\n<p><iframe title=\"PIPOQUINHA CAST EP31 - NOSTALGIA, ANOS 90 E SESS\u00c3O DA TARDE\" width=\"740\" height=\"416\" src=\"https:\/\/www.youtube.com\/embed\/Af0gmfvJqvw?feature=oembed\" frameborder=\"0\" allow=\"accelerometer; autoplay; clipboard-write; encrypted-media; gyroscope; picture-in-picture; web-share\" allowfullscreen><\/iframe><\/p>\n","protected":false},"excerpt":{"rendered":"<p>Em uma colabora\u00e7\u00e3o entre o est\u00fadio otPlay, do jornal O timoneiro, de Canoas e o Pipoquinha na Manteiga chegamos com a estreia da terceira temporada do Pipoquinha Cast. No programa de hoje recebemos Roger, do @falandodearte_ e lembraremos de v\u00e1rios filmes da sess\u00e3o da tarde e anos 90. Ent\u00e3o se voc\u00ea \u00e9 nost\u00e1lgico tamb\u00e9m, cola [&hellip;]<\/p>\n","protected":false},"author":2,"featured_media":26240,"comment_status":"open","ping_status":"open","sticky":false,"template":"","format":"video","meta":{"amp_status":"","footnotes":""},"categories":[193],"tags":[340,913,1564,1561,1563,222],"class_list":["post-26237","post","type-post","status-publish","format-video","has-post-thumbnail","hentry","category-canoas-podcast","tag-arte","tag-cinema","tag-dion-consetin","tag-ot-play-tv","tag-pipoquinha-cast","tag-podcast","post_format-post-format-video"],"yoast_head":"<!-- This site is optimized with the Yoast SEO plugin v20.5 - https:\/\/yoast.com\/wordpress\/plugins\/seo\/ -->\n<title>PIPOQUINHA CAST EP31 - NOSTALGIA, ANOS 90 E SESS\u00c3O DA TARDE - O Timoneiro Jornal Canoas RS<\/title>\n<meta name=\"description\" content=\"Pipoquinha Cast Ep31 Nostalgia, anos 90 e sess\u00e3o da tarde Dion Consetin Pipoquinha na Manteiga Canoas cinema\" \/>\n<meta name=\"robots\" content=\"index, follow, max-snippet:-1, max-image-preview:large, max-video-preview:-1\" \/>\n<link rel=\"canonical\" href=\"https:\/\/jornaltimoneiro.com.br\/index.php\/2023\/10\/31\/pipoquinha-cast-ep31-nostalgia-anos-90-e-sessao-da-tarde\/\" \/>\n<meta property=\"og:locale\" content=\"pt_BR\" \/>\n<meta property=\"og:type\" content=\"article\" \/>\n<meta property=\"og:title\" content=\"PIPOQUINHA CAST EP31 - NOSTALGIA, ANOS 90 E SESS\u00c3O DA TARDE - O Timoneiro Jornal Canoas RS\" \/>\n<meta property=\"og:description\" content=\"Pipoquinha Cast Ep31 Nostalgia, anos 90 e sess\u00e3o da tarde Dion Consetin Pipoquinha na Manteiga Canoas cinema\" \/>\n<meta property=\"og:url\" content=\"https:\/\/jornaltimoneiro.com.br\/index.php\/2023\/10\/31\/pipoquinha-cast-ep31-nostalgia-anos-90-e-sessao-da-tarde\/\" \/>\n<meta property=\"og:site_name\" content=\"O Timoneiro Jornal Canoas RS\" \/>\n<meta property=\"article:publisher\" content=\"https:\/\/www.facebook.com\/jornaltimoneiro\" \/>\n<meta property=\"article:published_time\" content=\"2023-10-31T22:09:44+00:00\" \/>\n<meta property=\"og:image\" content=\"https:\/\/jornaltimoneiro.com.br\/wp-content\/uploads\/2023\/10\/maxresdefault-5.jpg\" \/>\n\t<meta property=\"og:image:width\" content=\"1080\" \/>\n\t<meta property=\"og:image:height\" content=\"607\" \/>\n\t<meta property=\"og:image:type\" content=\"image\/jpeg\" \/>\n<meta name=\"author\" content=\"Reda\u00e7\u00e3o\" \/>\n<meta name=\"twitter:card\" content=\"summary_large_image\" \/>\n<meta name=\"twitter:creator\" content=\"@_OTimoneiro\" \/>\n<meta name=\"twitter:site\" content=\"@_OTimoneiro\" \/>\n<meta name=\"twitter:label1\" content=\"Escrito por\" \/>\n\t<meta name=\"twitter:data1\" content=\"Reda\u00e7\u00e3o\" \/>\n\t<meta name=\"twitter:label2\" content=\"Est. tempo de leitura\" \/>\n\t<meta name=\"twitter:data2\" content=\"1 minuto\" \/>\n<script type=\"application\/ld+json\" class=\"yoast-schema-graph\">{\"@context\":\"https:\/\/schema.org\",\"@graph\":[{\"@type\":\"Article\",\"@id\":\"https:\/\/jornaltimoneiro.com.br\/index.php\/2023\/10\/31\/pipoquinha-cast-ep31-nostalgia-anos-90-e-sessao-da-tarde\/#article\",\"isPartOf\":{\"@id\":\"https:\/\/jornaltimoneiro.com.br\/index.php\/2023\/10\/31\/pipoquinha-cast-ep31-nostalgia-anos-90-e-sessao-da-tarde\/\"},\"author\":{\"name\":\"Reda\u00e7\u00e3o\",\"@id\":\"https:\/\/jornaltimoneiro.com.br\/#\/schema\/person\/f63482f1a02b1a9592707865e509ab40\"},\"headline\":\"PIPOQUINHA CAST EP31 &#8211; NOSTALGIA, ANOS 90 E SESS\u00c3O DA TARDE\",\"datePublished\":\"2023-10-31T22:09:44+00:00\",\"dateModified\":\"2023-10-31T22:09:44+00:00\",\"mainEntityOfPage\":{\"@id\":\"https:\/\/jornaltimoneiro.com.br\/index.php\/2023\/10\/31\/pipoquinha-cast-ep31-nostalgia-anos-90-e-sessao-da-tarde\/\"},\"wordCount\":121,\"commentCount\":0,\"publisher\":{\"@id\":\"https:\/\/jornaltimoneiro.com.br\/#organization\"},\"keywords\":[\"arte\",\"cinema\",\"Dion Consetin\",\"ot play tv\",\"Pipoquinha Cast\",\"podcast\"],\"articleSection\":[\"Canal OtPlay\"],\"inLanguage\":\"pt-BR\",\"potentialAction\":[{\"@type\":\"CommentAction\",\"name\":\"Comment\",\"target\":[\"https:\/\/jornaltimoneiro.com.br\/index.php\/2023\/10\/31\/pipoquinha-cast-ep31-nostalgia-anos-90-e-sessao-da-tarde\/#respond\"]}]},{\"@type\":\"WebPage\",\"@id\":\"https:\/\/jornaltimoneiro.com.br\/index.php\/2023\/10\/31\/pipoquinha-cast-ep31-nostalgia-anos-90-e-sessao-da-tarde\/\",\"url\":\"https:\/\/jornaltimoneiro.com.br\/index.php\/2023\/10\/31\/pipoquinha-cast-ep31-nostalgia-anos-90-e-sessao-da-tarde\/\",\"name\":\"PIPOQUINHA CAST EP31 - NOSTALGIA, ANOS 90 E SESS\u00c3O DA TARDE - O Timoneiro Jornal Canoas RS\",\"isPartOf\":{\"@id\":\"https:\/\/jornaltimoneiro.com.br\/#website\"},\"datePublished\":\"2023-10-31T22:09:44+00:00\",\"dateModified\":\"2023-10-31T22:09:44+00:00\",\"description\":\"Pipoquinha Cast Ep31 Nostalgia, anos 90 e sess\u00e3o da tarde Dion Consetin Pipoquinha na Manteiga Canoas cinema\",\"breadcrumb\":{\"@id\":\"https:\/\/jornaltimoneiro.com.br\/index.php\/2023\/10\/31\/pipoquinha-cast-ep31-nostalgia-anos-90-e-sessao-da-tarde\/#breadcrumb\"},\"inLanguage\":\"pt-BR\",\"potentialAction\":[{\"@type\":\"ReadAction\",\"target\":[\"https:\/\/jornaltimoneiro.com.br\/index.php\/2023\/10\/31\/pipoquinha-cast-ep31-nostalgia-anos-90-e-sessao-da-tarde\/\"]}]},{\"@type\":\"BreadcrumbList\",\"@id\":\"https:\/\/jornaltimoneiro.com.br\/index.php\/2023\/10\/31\/pipoquinha-cast-ep31-nostalgia-anos-90-e-sessao-da-tarde\/#breadcrumb\",\"itemListElement\":[{\"@type\":\"ListItem\",\"position\":1,\"name\":\"In\u00edcio\",\"item\":\"https:\/\/jornaltimoneiro.com.br\/\"},{\"@type\":\"ListItem\",\"position\":2,\"name\":\"PIPOQUINHA CAST EP31 &#8211; NOSTALGIA, ANOS 90 E SESS\u00c3O DA TARDE\"}]},{\"@type\":\"WebSite\",\"@id\":\"https:\/\/jornaltimoneiro.com.br\/#website\",\"url\":\"https:\/\/jornaltimoneiro.com.br\/\",\"name\":\"Jornal Timoneiro Canoas RS\",\"description\":\"Jornal O Timoneiro, o verdadeiro jornal de Canoas\",\"publisher\":{\"@id\":\"https:\/\/jornaltimoneiro.com.br\/#organization\"},\"potentialAction\":[{\"@type\":\"SearchAction\",\"target\":{\"@type\":\"EntryPoint\",\"urlTemplate\":\"https:\/\/jornaltimoneiro.com.br\/?s={search_term_string}\"},\"query-input\":\"required name=search_term_string\"}],\"inLanguage\":\"pt-BR\"},{\"@type\":\"Organization\",\"@id\":\"https:\/\/jornaltimoneiro.com.br\/#organization\",\"name\":\"Jornal Timoneiro Canoas RS\",\"url\":\"https:\/\/jornaltimoneiro.com.br\/\",\"logo\":{\"@type\":\"ImageObject\",\"inLanguage\":\"pt-BR\",\"@id\":\"https:\/\/jornaltimoneiro.com.br\/#\/schema\/logo\/image\/\",\"url\":\"https:\/\/jornaltimoneiro.com.br\/wp-content\/uploads\/2023\/03\/logonovo.png\",\"contentUrl\":\"https:\/\/jornaltimoneiro.com.br\/wp-content\/uploads\/2023\/03\/logonovo.png\",\"width\":\"469\",\"height\":\"171\",\"caption\":\"Jornal Timoneiro Canoas RS\"},\"image\":{\"@id\":\"https:\/\/jornaltimoneiro.com.br\/#\/schema\/logo\/image\/\"},\"sameAs\":[\"https:\/\/www.facebook.com\/jornaltimoneiro\",\"https:\/\/twitter.com\/_OTimoneiro\",\"https:\/\/www.instagram.com\/jornaltimoneirocanoas\/\",\"https:\/\/www.youtube.com\/@jornalotimoneiro7927\"]},{\"@type\":\"Person\",\"@id\":\"https:\/\/jornaltimoneiro.com.br\/#\/schema\/person\/f63482f1a02b1a9592707865e509ab40\",\"name\":\"Reda\u00e7\u00e3o\",\"image\":{\"@type\":\"ImageObject\",\"inLanguage\":\"pt-BR\",\"@id\":\"https:\/\/jornaltimoneiro.com.br\/#\/schema\/person\/image\/\",\"url\":\"https:\/\/jornaltimoneiro.com.br\/wp-content\/uploads\/2023\/03\/download.jpeg\",\"contentUrl\":\"https:\/\/jornaltimoneiro.com.br\/wp-content\/uploads\/2023\/03\/download.jpeg\",\"caption\":\"Reda\u00e7\u00e3o\"},\"url\":\"https:\/\/jornaltimoneiro.com.br\/index.php\/author\/simone-dutra\/\"}]}<\/script>\n<!-- \/ Yoast SEO plugin. -->","yoast_head_json":{"title":"PIPOQUINHA CAST EP31 - NOSTALGIA, ANOS 90 E SESS\u00c3O DA TARDE - O Timoneiro Jornal Canoas RS","description":"Pipoquinha Cast Ep31 Nostalgia, anos 90 e sess\u00e3o da tarde Dion Consetin Pipoquinha na Manteiga Canoas cinema","robots":{"index":"index","follow":"follow","max-snippet":"max-snippet:-1","max-image-preview":"max-image-preview:large","max-video-preview":"max-video-preview:-1"},"canonical":"https:\/\/jornaltimoneiro.com.br\/index.php\/2023\/10\/31\/pipoquinha-cast-ep31-nostalgia-anos-90-e-sessao-da-tarde\/","og_locale":"pt_BR","og_type":"article","og_title":"PIPOQUINHA CAST EP31 - NOSTALGIA, ANOS 90 E SESS\u00c3O DA TARDE - O Timoneiro Jornal Canoas RS","og_description":"Pipoquinha Cast Ep31 Nostalgia, anos 90 e sess\u00e3o da tarde Dion Consetin Pipoquinha na Manteiga Canoas cinema","og_url":"https:\/\/jornaltimoneiro.com.br\/index.php\/2023\/10\/31\/pipoquinha-cast-ep31-nostalgia-anos-90-e-sessao-da-tarde\/","og_site_name":"O Timoneiro Jornal Canoas RS","article_publisher":"https:\/\/www.facebook.com\/jornaltimoneiro","article_published_time":"2023-10-31T22:09:44+00:00","og_image":[{"width":"1080","height":"607","url":"https:\/\/jornaltimoneiro.com.br\/wp-content\/uploads\/2023\/10\/maxresdefault-5.jpg","type":"image\/jpeg"}],"author":"Reda\u00e7\u00e3o","twitter_card":"summary_large_image","twitter_creator":"@_OTimoneiro","twitter_site":"@_OTimoneiro","twitter_misc":{"Escrito por":"Reda\u00e7\u00e3o","Est. tempo de leitura":"1 minuto"},"schema":{"@context":"https:\/\/schema.org","@graph":[{"@type":"Article","@id":"https:\/\/jornaltimoneiro.com.br\/index.php\/2023\/10\/31\/pipoquinha-cast-ep31-nostalgia-anos-90-e-sessao-da-tarde\/#article","isPartOf":{"@id":"https:\/\/jornaltimoneiro.com.br\/index.php\/2023\/10\/31\/pipoquinha-cast-ep31-nostalgia-anos-90-e-sessao-da-tarde\/"},"author":{"name":"Reda\u00e7\u00e3o","@id":"https:\/\/jornaltimoneiro.com.br\/#\/schema\/person\/f63482f1a02b1a9592707865e509ab40"},"headline":"PIPOQUINHA CAST EP31 &#8211; NOSTALGIA, ANOS 90 E SESS\u00c3O DA TARDE","datePublished":"2023-10-31T22:09:44+00:00","dateModified":"2023-10-31T22:09:44+00:00","mainEntityOfPage":{"@id":"https:\/\/jornaltimoneiro.com.br\/index.php\/2023\/10\/31\/pipoquinha-cast-ep31-nostalgia-anos-90-e-sessao-da-tarde\/"},"wordCount":121,"commentCount":0,"publisher":{"@id":"https:\/\/jornaltimoneiro.com.br\/#organization"},"keywords":["arte","cinema","Dion Consetin","ot play tv","Pipoquinha Cast","podcast"],"articleSection":["Canal OtPlay"],"inLanguage":"pt-BR","potentialAction":[{"@type":"CommentAction","name":"Comment","target":["https:\/\/jornaltimoneiro.com.br\/index.php\/2023\/10\/31\/pipoquinha-cast-ep31-nostalgia-anos-90-e-sessao-da-tarde\/#respond"]}]},{"@type":"WebPage","@id":"https:\/\/jornaltimoneiro.com.br\/index.php\/2023\/10\/31\/pipoquinha-cast-ep31-nostalgia-anos-90-e-sessao-da-tarde\/","url":"https:\/\/jornaltimoneiro.com.br\/index.php\/2023\/10\/31\/pipoquinha-cast-ep31-nostalgia-anos-90-e-sessao-da-tarde\/","name":"PIPOQUINHA CAST EP31 - NOSTALGIA, ANOS 90 E SESS\u00c3O DA TARDE - O Timoneiro Jornal Canoas RS","isPartOf":{"@id":"https:\/\/jornaltimoneiro.com.br\/#website"},"datePublished":"2023-10-31T22:09:44+00:00","dateModified":"2023-10-31T22:09:44+00:00","description":"Pipoquinha Cast Ep31 Nostalgia, anos 90 e sess\u00e3o da tarde Dion Consetin Pipoquinha na Manteiga Canoas cinema","breadcrumb":{"@id":"https:\/\/jornaltimoneiro.com.br\/index.php\/2023\/10\/31\/pipoquinha-cast-ep31-nostalgia-anos-90-e-sessao-da-tarde\/#breadcrumb"},"inLanguage":"pt-BR","potentialAction":[{"@type":"ReadAction","target":["https:\/\/jornaltimoneiro.com.br\/index.php\/2023\/10\/31\/pipoquinha-cast-ep31-nostalgia-anos-90-e-sessao-da-tarde\/"]}]},{"@type":"BreadcrumbList","@id":"https:\/\/jornaltimoneiro.com.br\/index.php\/2023\/10\/31\/pipoquinha-cast-ep31-nostalgia-anos-90-e-sessao-da-tarde\/#breadcrumb","itemListElement":[{"@type":"ListItem","position":1,"name":"In\u00edcio","item":"https:\/\/jornaltimoneiro.com.br\/"},{"@type":"ListItem","position":2,"name":"PIPOQUINHA CAST EP31 &#8211; NOSTALGIA, ANOS 90 E SESS\u00c3O DA TARDE"}]},{"@type":"WebSite","@id":"https:\/\/jornaltimoneiro.com.br\/#website","url":"https:\/\/jornaltimoneiro.com.br\/","name":"Jornal Timoneiro Canoas RS","description":"Jornal O Timoneiro, o verdadeiro jornal de Canoas","publisher":{"@id":"https:\/\/jornaltimoneiro.com.br\/#organization"},"potentialAction":[{"@type":"SearchAction","target":{"@type":"EntryPoint","urlTemplate":"https:\/\/jornaltimoneiro.com.br\/?s={search_term_string}"},"query-input":"required name=search_term_string"}],"inLanguage":"pt-BR"},{"@type":"Organization","@id":"https:\/\/jornaltimoneiro.com.br\/#organization","name":"Jornal Timoneiro Canoas RS","url":"https:\/\/jornaltimoneiro.com.br\/","logo":{"@type":"ImageObject","inLanguage":"pt-BR","@id":"https:\/\/jornaltimoneiro.com.br\/#\/schema\/logo\/image\/","url":"https:\/\/jornaltimoneiro.com.br\/wp-content\/uploads\/2023\/03\/logonovo.png","contentUrl":"https:\/\/jornaltimoneiro.com.br\/wp-content\/uploads\/2023\/03\/logonovo.png","width":"469","height":"171","caption":"Jornal Timoneiro Canoas RS"},"image":{"@id":"https:\/\/jornaltimoneiro.com.br\/#\/schema\/logo\/image\/"},"sameAs":["https:\/\/www.facebook.com\/jornaltimoneiro","https:\/\/twitter.com\/_OTimoneiro","https:\/\/www.instagram.com\/jornaltimoneirocanoas\/","https:\/\/www.youtube.com\/@jornalotimoneiro7927"]},{"@type":"Person","@id":"https:\/\/jornaltimoneiro.com.br\/#\/schema\/person\/f63482f1a02b1a9592707865e509ab40","name":"Reda\u00e7\u00e3o","image":{"@type":"ImageObject","inLanguage":"pt-BR","@id":"https:\/\/jornaltimoneiro.com.br\/#\/schema\/person\/image\/","url":"https:\/\/jornaltimoneiro.com.br\/wp-content\/uploads\/2023\/03\/download.jpeg","contentUrl":"https:\/\/jornaltimoneiro.com.br\/wp-content\/uploads\/2023\/03\/download.jpeg","caption":"Reda\u00e7\u00e3o"},"url":"https:\/\/jornaltimoneiro.com.br\/index.php\/author\/simone-dutra\/"}]}},"_links":{"self":[{"href":"https:\/\/jornaltimoneiro.com.br\/index.php\/wp-json\/wp\/v2\/posts\/26237"}],"collection":[{"href":"https:\/\/jornaltimoneiro.com.br\/index.php\/wp-json\/wp\/v2\/posts"}],"about":[{"href":"https:\/\/jornaltimoneiro.com.br\/index.php\/wp-json\/wp\/v2\/types\/post"}],"author":[{"embeddable":true,"href":"https:\/\/jornaltimoneiro.com.br\/index.php\/wp-json\/wp\/v2\/users\/2"}],"replies":[{"embeddable":true,"href":"https:\/\/jornaltimoneiro.com.br\/index.php\/wp-json\/wp\/v2\/comments?post=26237"}],"version-history":[{"count":1,"href":"https:\/\/jornaltimoneiro.com.br\/index.php\/wp-json\/wp\/v2\/posts\/26237\/revisions"}],"predecessor-version":[{"id":26241,"href":"https:\/\/jornaltimoneiro.com.br\/index.php\/wp-json\/wp\/v2\/posts\/26237\/revisions\/26241"}],"wp:featuredmedia":[{"embeddable":true,"href":"https:\/\/jornaltimoneiro.com.br\/index.php\/wp-json\/wp\/v2\/media\/26240"}],"wp:attachment":[{"href":"https:\/\/jornaltimoneiro.com.br\/index.php\/wp-json\/wp\/v2\/media?parent=26237"}],"wp:term":[{"taxonomy":"category","embeddable":true,"href":"https:\/\/jornaltimoneiro.com.br\/index.php\/wp-json\/wp\/v2\/categories?post=26237"},{"taxonomy":"post_tag","embeddable":true,"href":"https:\/\/jornaltimoneiro.com.br\/index.php\/wp-json\/wp\/v2\/tags?post=26237"}],"curies":[{"name":"wp","href":"https:\/\/api.w.org\/{rel}","templated":true}]}}