{"id":26161,"date":"2023-10-24T15:17:03","date_gmt":"2023-10-24T18:17:03","guid":{"rendered":"https:\/\/jornaltimoneiro.com.br\/?p=26161"},"modified":"2023-10-24T15:17:03","modified_gmt":"2023-10-24T18:17:03","slug":"eleitos-delegados-que-irao-representar-canoas-na-6a-conferencia-estadual-de-cultura","status":"publish","type":"post","link":"https:\/\/jornaltimoneiro.com.br\/index.php\/2023\/10\/24\/eleitos-delegados-que-irao-representar-canoas-na-6a-conferencia-estadual-de-cultura\/","title":{"rendered":"Eleitos delegados que ir\u00e3o representar Canoas na 6\u00aa Confer\u00eancia Estadual de Cultura"},"content":{"rendered":"<p>A 5\u00aa Confer\u00eancia Municipal de Cultura de Canoas aconteceu no domingo, 22, no Col\u00e9gio Estadual Marechal Rondon.<\/p>\n<p>Na ocasi\u00e3o, foram apresentados \u00e0 comunidade os delegados eleitos para representarem a cidade na 6\u00aa Confer\u00eancia Estadual de Cultura.<\/p>\n<p>O evento ainda n\u00e3o tem data definida.<\/p>\n<p>Segundo a secret\u00e1ria municipal de Cultura, Tina Colares, a confer\u00eancia reuniu mais de 170 fazedores de cultura do munic\u00edpio.<\/p>\n<p>\u201cO evento nos possibilitou discutir e definir, juntamente com a comunidade, diretrizes do plano de cultura do munic\u00edpio\u201d, destacou.<\/p>\n<h4><strong>Delegados eleitos<\/strong><\/h4>\n<p><strong>Sociedade Civil:<\/strong><br \/>\n&#8211; Capoeira \u2013 Leandro Miranda<br \/>\n&#8211; Afro-ind\u00edgena \u2013 Val\u00e9ria Ben\u00edtez<br \/>\n&#8211; Livro, Leitura e Literatura \u2013 Walter Kuhne<br \/>\n&#8211; Dan\u00e7a \u2013 Norelle Pereira<br \/>\n&#8211; M\u00fasica \u2013 Tony Capel\u00e3o<br \/>\n&#8211; Teatro \u2013 Denisson Bereta<br \/>\n&#8211; Audiovisual \u2013 Leila Silveira<\/p>\n<p><strong>Governo municipal:<\/strong><br \/>\n&#8211; Tina Colares<br \/>\n&#8211; \u00c1gata Mostardeiro<\/p>\n","protected":false},"excerpt":{"rendered":"<p>A 5\u00aa Confer\u00eancia Municipal de Cultura de Canoas aconteceu no domingo, 22, no Col\u00e9gio Estadual Marechal Rondon. Na ocasi\u00e3o, foram apresentados \u00e0 comunidade os delegados eleitos para representarem a cidade na 6\u00aa Confer\u00eancia Estadual de Cultura. O evento ainda n\u00e3o tem data definida. Segundo a secret\u00e1ria municipal de Cultura, Tina Colares, a confer\u00eancia reuniu mais [&hellip;]<\/p>\n","protected":false},"author":2,"featured_media":26162,"comment_status":"open","ping_status":"open","sticky":false,"template":"","format":"standard","meta":{"amp_status":"","footnotes":""},"categories":[76],"tags":[1540,31,116,190,214,213,80,1541],"class_list":["post-26161","post","type-post","status-publish","format-standard","has-post-thumbnail","hentry","category-cultura","tag-5a-conferencia-municipal-de-cultura","tag-canoas","tag-cultura","tag-featured","tag-regiao-metropolitana","tag-rio-grande-do-sul","tag-rs","tag-tina-colares"],"yoast_head":"<!-- This site is optimized with the Yoast SEO plugin v20.5 - https:\/\/yoast.com\/wordpress\/plugins\/seo\/ -->\n<title>Eleitos delegados que ir\u00e3o representar Canoas na 6\u00aa Confer\u00eancia Estadual de Cultura - O Timoneiro Jornal Canoas RS<\/title>\n<meta name=\"description\" content=\"Eleitos delegados que ir\u00e3o representar Canoas na 6\u00aa Confer\u00eancia Estadual de Cultura Regi\u00e3o Metropolitana Rio Grande do Sul RS\" \/>\n<meta name=\"robots\" content=\"index, follow, max-snippet:-1, max-image-preview:large, max-video-preview:-1\" \/>\n<link rel=\"canonical\" href=\"https:\/\/jornaltimoneiro.com.br\/index.php\/2023\/10\/24\/eleitos-delegados-que-irao-representar-canoas-na-6a-conferencia-estadual-de-cultura\/\" \/>\n<meta property=\"og:locale\" content=\"pt_BR\" \/>\n<meta property=\"og:type\" content=\"article\" \/>\n<meta property=\"og:title\" content=\"Eleitos delegados que ir\u00e3o representar Canoas na 6\u00aa Confer\u00eancia Estadual de Cultura - O Timoneiro Jornal Canoas RS\" \/>\n<meta property=\"og:description\" content=\"Eleitos delegados que ir\u00e3o representar Canoas na 6\u00aa Confer\u00eancia Estadual de Cultura Regi\u00e3o Metropolitana Rio Grande do Sul RS\" \/>\n<meta property=\"og:url\" content=\"https:\/\/jornaltimoneiro.com.br\/index.php\/2023\/10\/24\/eleitos-delegados-que-irao-representar-canoas-na-6a-conferencia-estadual-de-cultura\/\" \/>\n<meta property=\"og:site_name\" content=\"O Timoneiro Jornal Canoas RS\" \/>\n<meta property=\"article:publisher\" content=\"https:\/\/www.facebook.com\/jornaltimoneiro\" \/>\n<meta property=\"article:published_time\" content=\"2023-10-24T18:17:03+00:00\" \/>\n<meta property=\"og:image\" content=\"https:\/\/jornaltimoneiro.com.br\/wp-content\/uploads\/2023\/10\/WhatsApp-Image-2023-10-24-at-14.40.37.jpeg\" \/>\n\t<meta property=\"og:image:width\" content=\"1080\" \/>\n\t<meta property=\"og:image:height\" content=\"683\" \/>\n\t<meta property=\"og:image:type\" content=\"image\/jpeg\" \/>\n<meta name=\"author\" content=\"Reda\u00e7\u00e3o\" \/>\n<meta name=\"twitter:card\" content=\"summary_large_image\" \/>\n<meta name=\"twitter:creator\" content=\"@_OTimoneiro\" \/>\n<meta name=\"twitter:site\" content=\"@_OTimoneiro\" \/>\n<meta name=\"twitter:label1\" content=\"Escrito por\" \/>\n\t<meta name=\"twitter:data1\" content=\"Reda\u00e7\u00e3o\" \/>\n\t<meta name=\"twitter:label2\" content=\"Est. tempo de leitura\" \/>\n\t<meta name=\"twitter:data2\" content=\"1 minuto\" \/>\n<script type=\"application\/ld+json\" class=\"yoast-schema-graph\">{\"@context\":\"https:\/\/schema.org\",\"@graph\":[{\"@type\":\"Article\",\"@id\":\"https:\/\/jornaltimoneiro.com.br\/index.php\/2023\/10\/24\/eleitos-delegados-que-irao-representar-canoas-na-6a-conferencia-estadual-de-cultura\/#article\",\"isPartOf\":{\"@id\":\"https:\/\/jornaltimoneiro.com.br\/index.php\/2023\/10\/24\/eleitos-delegados-que-irao-representar-canoas-na-6a-conferencia-estadual-de-cultura\/\"},\"author\":{\"name\":\"Reda\u00e7\u00e3o\",\"@id\":\"https:\/\/jornaltimoneiro.com.br\/#\/schema\/person\/f63482f1a02b1a9592707865e509ab40\"},\"headline\":\"Eleitos delegados que ir\u00e3o representar Canoas na 6\u00aa Confer\u00eancia Estadual de Cultura\",\"datePublished\":\"2023-10-24T18:17:03+00:00\",\"dateModified\":\"2023-10-24T18:17:03+00:00\",\"mainEntityOfPage\":{\"@id\":\"https:\/\/jornaltimoneiro.com.br\/index.php\/2023\/10\/24\/eleitos-delegados-que-irao-representar-canoas-na-6a-conferencia-estadual-de-cultura\/\"},\"wordCount\":147,\"commentCount\":0,\"publisher\":{\"@id\":\"https:\/\/jornaltimoneiro.com.br\/#organization\"},\"keywords\":[\"5\u00aa Confer\u00eancia Municipal de Cultura\",\"canoas\",\"cultura\",\"featured\",\"regi\u00e3o metropolitana\",\"rio grande do sul\",\"RS\",\"Tina Colares\"],\"articleSection\":[\"Cultura\"],\"inLanguage\":\"pt-BR\",\"potentialAction\":[{\"@type\":\"CommentAction\",\"name\":\"Comment\",\"target\":[\"https:\/\/jornaltimoneiro.com.br\/index.php\/2023\/10\/24\/eleitos-delegados-que-irao-representar-canoas-na-6a-conferencia-estadual-de-cultura\/#respond\"]}]},{\"@type\":\"WebPage\",\"@id\":\"https:\/\/jornaltimoneiro.com.br\/index.php\/2023\/10\/24\/eleitos-delegados-que-irao-representar-canoas-na-6a-conferencia-estadual-de-cultura\/\",\"url\":\"https:\/\/jornaltimoneiro.com.br\/index.php\/2023\/10\/24\/eleitos-delegados-que-irao-representar-canoas-na-6a-conferencia-estadual-de-cultura\/\",\"name\":\"Eleitos delegados que ir\u00e3o representar Canoas na 6\u00aa Confer\u00eancia Estadual de Cultura - O Timoneiro Jornal Canoas RS\",\"isPartOf\":{\"@id\":\"https:\/\/jornaltimoneiro.com.br\/#website\"},\"datePublished\":\"2023-10-24T18:17:03+00:00\",\"dateModified\":\"2023-10-24T18:17:03+00:00\",\"description\":\"Eleitos delegados que ir\u00e3o representar Canoas na 6\u00aa Confer\u00eancia Estadual de Cultura Regi\u00e3o Metropolitana Rio Grande do Sul RS\",\"breadcrumb\":{\"@id\":\"https:\/\/jornaltimoneiro.com.br\/index.php\/2023\/10\/24\/eleitos-delegados-que-irao-representar-canoas-na-6a-conferencia-estadual-de-cultura\/#breadcrumb\"},\"inLanguage\":\"pt-BR\",\"potentialAction\":[{\"@type\":\"ReadAction\",\"target\":[\"https:\/\/jornaltimoneiro.com.br\/index.php\/2023\/10\/24\/eleitos-delegados-que-irao-representar-canoas-na-6a-conferencia-estadual-de-cultura\/\"]}]},{\"@type\":\"BreadcrumbList\",\"@id\":\"https:\/\/jornaltimoneiro.com.br\/index.php\/2023\/10\/24\/eleitos-delegados-que-irao-representar-canoas-na-6a-conferencia-estadual-de-cultura\/#breadcrumb\",\"itemListElement\":[{\"@type\":\"ListItem\",\"position\":1,\"name\":\"In\u00edcio\",\"item\":\"https:\/\/jornaltimoneiro.com.br\/\"},{\"@type\":\"ListItem\",\"position\":2,\"name\":\"Eleitos delegados que ir\u00e3o representar Canoas na 6\u00aa Confer\u00eancia Estadual de Cultura\"}]},{\"@type\":\"WebSite\",\"@id\":\"https:\/\/jornaltimoneiro.com.br\/#website\",\"url\":\"https:\/\/jornaltimoneiro.com.br\/\",\"name\":\"Jornal Timoneiro Canoas RS\",\"description\":\"Jornal O Timoneiro, o verdadeiro jornal de Canoas\",\"publisher\":{\"@id\":\"https:\/\/jornaltimoneiro.com.br\/#organization\"},\"potentialAction\":[{\"@type\":\"SearchAction\",\"target\":{\"@type\":\"EntryPoint\",\"urlTemplate\":\"https:\/\/jornaltimoneiro.com.br\/?s={search_term_string}\"},\"query-input\":\"required name=search_term_string\"}],\"inLanguage\":\"pt-BR\"},{\"@type\":\"Organization\",\"@id\":\"https:\/\/jornaltimoneiro.com.br\/#organization\",\"name\":\"Jornal Timoneiro Canoas RS\",\"url\":\"https:\/\/jornaltimoneiro.com.br\/\",\"logo\":{\"@type\":\"ImageObject\",\"inLanguage\":\"pt-BR\",\"@id\":\"https:\/\/jornaltimoneiro.com.br\/#\/schema\/logo\/image\/\",\"url\":\"https:\/\/jornaltimoneiro.com.br\/wp-content\/uploads\/2023\/03\/logonovo.png\",\"contentUrl\":\"https:\/\/jornaltimoneiro.com.br\/wp-content\/uploads\/2023\/03\/logonovo.png\",\"width\":\"469\",\"height\":\"171\",\"caption\":\"Jornal Timoneiro Canoas RS\"},\"image\":{\"@id\":\"https:\/\/jornaltimoneiro.com.br\/#\/schema\/logo\/image\/\"},\"sameAs\":[\"https:\/\/www.facebook.com\/jornaltimoneiro\",\"https:\/\/twitter.com\/_OTimoneiro\",\"https:\/\/www.instagram.com\/jornaltimoneirocanoas\/\",\"https:\/\/www.youtube.com\/@jornalotimoneiro7927\"]},{\"@type\":\"Person\",\"@id\":\"https:\/\/jornaltimoneiro.com.br\/#\/schema\/person\/f63482f1a02b1a9592707865e509ab40\",\"name\":\"Reda\u00e7\u00e3o\",\"image\":{\"@type\":\"ImageObject\",\"inLanguage\":\"pt-BR\",\"@id\":\"https:\/\/jornaltimoneiro.com.br\/#\/schema\/person\/image\/\",\"url\":\"https:\/\/jornaltimoneiro.com.br\/wp-content\/uploads\/2023\/03\/download.jpeg\",\"contentUrl\":\"https:\/\/jornaltimoneiro.com.br\/wp-content\/uploads\/2023\/03\/download.jpeg\",\"caption\":\"Reda\u00e7\u00e3o\"},\"url\":\"https:\/\/jornaltimoneiro.com.br\/index.php\/author\/simone-dutra\/\"}]}<\/script>\n<!-- \/ Yoast SEO plugin. -->","yoast_head_json":{"title":"Eleitos delegados que ir\u00e3o representar Canoas na 6\u00aa Confer\u00eancia Estadual de Cultura - O Timoneiro Jornal Canoas RS","description":"Eleitos delegados que ir\u00e3o representar Canoas na 6\u00aa Confer\u00eancia Estadual de Cultura Regi\u00e3o Metropolitana Rio Grande do Sul RS","robots":{"index":"index","follow":"follow","max-snippet":"max-snippet:-1","max-image-preview":"max-image-preview:large","max-video-preview":"max-video-preview:-1"},"canonical":"https:\/\/jornaltimoneiro.com.br\/index.php\/2023\/10\/24\/eleitos-delegados-que-irao-representar-canoas-na-6a-conferencia-estadual-de-cultura\/","og_locale":"pt_BR","og_type":"article","og_title":"Eleitos delegados que ir\u00e3o representar Canoas na 6\u00aa Confer\u00eancia Estadual de Cultura - O Timoneiro Jornal Canoas RS","og_description":"Eleitos delegados que ir\u00e3o representar Canoas na 6\u00aa Confer\u00eancia Estadual de Cultura Regi\u00e3o Metropolitana Rio Grande do Sul RS","og_url":"https:\/\/jornaltimoneiro.com.br\/index.php\/2023\/10\/24\/eleitos-delegados-que-irao-representar-canoas-na-6a-conferencia-estadual-de-cultura\/","og_site_name":"O Timoneiro Jornal Canoas RS","article_publisher":"https:\/\/www.facebook.com\/jornaltimoneiro","article_published_time":"2023-10-24T18:17:03+00:00","og_image":[{"width":"1080","height":"683","url":"https:\/\/jornaltimoneiro.com.br\/wp-content\/uploads\/2023\/10\/WhatsApp-Image-2023-10-24-at-14.40.37.jpeg","type":"image\/jpeg"}],"author":"Reda\u00e7\u00e3o","twitter_card":"summary_large_image","twitter_creator":"@_OTimoneiro","twitter_site":"@_OTimoneiro","twitter_misc":{"Escrito por":"Reda\u00e7\u00e3o","Est. tempo de leitura":"1 minuto"},"schema":{"@context":"https:\/\/schema.org","@graph":[{"@type":"Article","@id":"https:\/\/jornaltimoneiro.com.br\/index.php\/2023\/10\/24\/eleitos-delegados-que-irao-representar-canoas-na-6a-conferencia-estadual-de-cultura\/#article","isPartOf":{"@id":"https:\/\/jornaltimoneiro.com.br\/index.php\/2023\/10\/24\/eleitos-delegados-que-irao-representar-canoas-na-6a-conferencia-estadual-de-cultura\/"},"author":{"name":"Reda\u00e7\u00e3o","@id":"https:\/\/jornaltimoneiro.com.br\/#\/schema\/person\/f63482f1a02b1a9592707865e509ab40"},"headline":"Eleitos delegados que ir\u00e3o representar Canoas na 6\u00aa Confer\u00eancia Estadual de Cultura","datePublished":"2023-10-24T18:17:03+00:00","dateModified":"2023-10-24T18:17:03+00:00","mainEntityOfPage":{"@id":"https:\/\/jornaltimoneiro.com.br\/index.php\/2023\/10\/24\/eleitos-delegados-que-irao-representar-canoas-na-6a-conferencia-estadual-de-cultura\/"},"wordCount":147,"commentCount":0,"publisher":{"@id":"https:\/\/jornaltimoneiro.com.br\/#organization"},"keywords":["5\u00aa Confer\u00eancia Municipal de Cultura","canoas","cultura","featured","regi\u00e3o metropolitana","rio grande do sul","RS","Tina Colares"],"articleSection":["Cultura"],"inLanguage":"pt-BR","potentialAction":[{"@type":"CommentAction","name":"Comment","target":["https:\/\/jornaltimoneiro.com.br\/index.php\/2023\/10\/24\/eleitos-delegados-que-irao-representar-canoas-na-6a-conferencia-estadual-de-cultura\/#respond"]}]},{"@type":"WebPage","@id":"https:\/\/jornaltimoneiro.com.br\/index.php\/2023\/10\/24\/eleitos-delegados-que-irao-representar-canoas-na-6a-conferencia-estadual-de-cultura\/","url":"https:\/\/jornaltimoneiro.com.br\/index.php\/2023\/10\/24\/eleitos-delegados-que-irao-representar-canoas-na-6a-conferencia-estadual-de-cultura\/","name":"Eleitos delegados que ir\u00e3o representar Canoas na 6\u00aa Confer\u00eancia Estadual de Cultura - O Timoneiro Jornal Canoas RS","isPartOf":{"@id":"https:\/\/jornaltimoneiro.com.br\/#website"},"datePublished":"2023-10-24T18:17:03+00:00","dateModified":"2023-10-24T18:17:03+00:00","description":"Eleitos delegados que ir\u00e3o representar Canoas na 6\u00aa Confer\u00eancia Estadual de Cultura Regi\u00e3o Metropolitana Rio Grande do Sul RS","breadcrumb":{"@id":"https:\/\/jornaltimoneiro.com.br\/index.php\/2023\/10\/24\/eleitos-delegados-que-irao-representar-canoas-na-6a-conferencia-estadual-de-cultura\/#breadcrumb"},"inLanguage":"pt-BR","potentialAction":[{"@type":"ReadAction","target":["https:\/\/jornaltimoneiro.com.br\/index.php\/2023\/10\/24\/eleitos-delegados-que-irao-representar-canoas-na-6a-conferencia-estadual-de-cultura\/"]}]},{"@type":"BreadcrumbList","@id":"https:\/\/jornaltimoneiro.com.br\/index.php\/2023\/10\/24\/eleitos-delegados-que-irao-representar-canoas-na-6a-conferencia-estadual-de-cultura\/#breadcrumb","itemListElement":[{"@type":"ListItem","position":1,"name":"In\u00edcio","item":"https:\/\/jornaltimoneiro.com.br\/"},{"@type":"ListItem","position":2,"name":"Eleitos delegados que ir\u00e3o representar Canoas na 6\u00aa Confer\u00eancia Estadual de Cultura"}]},{"@type":"WebSite","@id":"https:\/\/jornaltimoneiro.com.br\/#website","url":"https:\/\/jornaltimoneiro.com.br\/","name":"Jornal Timoneiro Canoas RS","description":"Jornal O Timoneiro, o verdadeiro jornal de Canoas","publisher":{"@id":"https:\/\/jornaltimoneiro.com.br\/#organization"},"potentialAction":[{"@type":"SearchAction","target":{"@type":"EntryPoint","urlTemplate":"https:\/\/jornaltimoneiro.com.br\/?s={search_term_string}"},"query-input":"required name=search_term_string"}],"inLanguage":"pt-BR"},{"@type":"Organization","@id":"https:\/\/jornaltimoneiro.com.br\/#organization","name":"Jornal Timoneiro Canoas RS","url":"https:\/\/jornaltimoneiro.com.br\/","logo":{"@type":"ImageObject","inLanguage":"pt-BR","@id":"https:\/\/jornaltimoneiro.com.br\/#\/schema\/logo\/image\/","url":"https:\/\/jornaltimoneiro.com.br\/wp-content\/uploads\/2023\/03\/logonovo.png","contentUrl":"https:\/\/jornaltimoneiro.com.br\/wp-content\/uploads\/2023\/03\/logonovo.png","width":"469","height":"171","caption":"Jornal Timoneiro Canoas RS"},"image":{"@id":"https:\/\/jornaltimoneiro.com.br\/#\/schema\/logo\/image\/"},"sameAs":["https:\/\/www.facebook.com\/jornaltimoneiro","https:\/\/twitter.com\/_OTimoneiro","https:\/\/www.instagram.com\/jornaltimoneirocanoas\/","https:\/\/www.youtube.com\/@jornalotimoneiro7927"]},{"@type":"Person","@id":"https:\/\/jornaltimoneiro.com.br\/#\/schema\/person\/f63482f1a02b1a9592707865e509ab40","name":"Reda\u00e7\u00e3o","image":{"@type":"ImageObject","inLanguage":"pt-BR","@id":"https:\/\/jornaltimoneiro.com.br\/#\/schema\/person\/image\/","url":"https:\/\/jornaltimoneiro.com.br\/wp-content\/uploads\/2023\/03\/download.jpeg","contentUrl":"https:\/\/jornaltimoneiro.com.br\/wp-content\/uploads\/2023\/03\/download.jpeg","caption":"Reda\u00e7\u00e3o"},"url":"https:\/\/jornaltimoneiro.com.br\/index.php\/author\/simone-dutra\/"}]}},"_links":{"self":[{"href":"https:\/\/jornaltimoneiro.com.br\/index.php\/wp-json\/wp\/v2\/posts\/26161"}],"collection":[{"href":"https:\/\/jornaltimoneiro.com.br\/index.php\/wp-json\/wp\/v2\/posts"}],"about":[{"href":"https:\/\/jornaltimoneiro.com.br\/index.php\/wp-json\/wp\/v2\/types\/post"}],"author":[{"embeddable":true,"href":"https:\/\/jornaltimoneiro.com.br\/index.php\/wp-json\/wp\/v2\/users\/2"}],"replies":[{"embeddable":true,"href":"https:\/\/jornaltimoneiro.com.br\/index.php\/wp-json\/wp\/v2\/comments?post=26161"}],"version-history":[{"count":1,"href":"https:\/\/jornaltimoneiro.com.br\/index.php\/wp-json\/wp\/v2\/posts\/26161\/revisions"}],"predecessor-version":[{"id":26163,"href":"https:\/\/jornaltimoneiro.com.br\/index.php\/wp-json\/wp\/v2\/posts\/26161\/revisions\/26163"}],"wp:featuredmedia":[{"embeddable":true,"href":"https:\/\/jornaltimoneiro.com.br\/index.php\/wp-json\/wp\/v2\/media\/26162"}],"wp:attachment":[{"href":"https:\/\/jornaltimoneiro.com.br\/index.php\/wp-json\/wp\/v2\/media?parent=26161"}],"wp:term":[{"taxonomy":"category","embeddable":true,"href":"https:\/\/jornaltimoneiro.com.br\/index.php\/wp-json\/wp\/v2\/categories?post=26161"},{"taxonomy":"post_tag","embeddable":true,"href":"https:\/\/jornaltimoneiro.com.br\/index.php\/wp-json\/wp\/v2\/tags?post=26161"}],"curies":[{"name":"wp","href":"https:\/\/api.w.org\/{rel}","templated":true}]}}