{"id":26113,"date":"2023-10-19T17:31:52","date_gmt":"2023-10-19T20:31:52","guid":{"rendered":"https:\/\/jornaltimoneiro.com.br\/?p=26113"},"modified":"2023-11-06T14:15:36","modified_gmt":"2023-11-06T17:15:36","slug":"jovem-expositor-daniel-comecou-a-escrever-apos-descobrir-doenca-do-irmao","status":"publish","type":"post","link":"https:\/\/jornaltimoneiro.com.br\/index.php\/2023\/10\/19\/jovem-expositor-daniel-comecou-a-escrever-apos-descobrir-doenca-do-irmao\/","title":{"rendered":"Jovem expositor, Daniel come\u00e7ou a escrever ap\u00f3s descobrir doen\u00e7a do irm\u00e3o"},"content":{"rendered":"<p><img decoding=\"async\" class=\"alignnone size-full wp-image-26289\" src=\"https:\/\/jornaltimoneiro.com.br\/wp-content\/uploads\/2023\/10\/WhatsApp-Image-2023-11-06-at-14.06.43.jpeg\" alt=\"\" width=\"1344\" height=\"215\" srcset=\"https:\/\/jornaltimoneiro.com.br\/wp-content\/uploads\/2023\/10\/WhatsApp-Image-2023-11-06-at-14.06.43.jpeg 1344w, https:\/\/jornaltimoneiro.com.br\/wp-content\/uploads\/2023\/10\/WhatsApp-Image-2023-11-06-at-14.06.43-300x48.jpeg 300w, https:\/\/jornaltimoneiro.com.br\/wp-content\/uploads\/2023\/10\/WhatsApp-Image-2023-11-06-at-14.06.43-1024x164.jpeg 1024w, https:\/\/jornaltimoneiro.com.br\/wp-content\/uploads\/2023\/10\/WhatsApp-Image-2023-11-06-at-14.06.43-768x123.jpeg 768w\" sizes=\"(max-width: 1344px) 100vw, 1344px\" \/><\/p>\n<p>Tendo a vida e o cotidiano como inspira\u00e7\u00e3o, Daniel Maier, expositor da Feira do Livro, presenteou os canoenses com um conto sobre o que vivenciou na pra\u00e7a Emancipa\u00e7\u00e3o.<\/p>\n<p>Daniel come\u00e7ou a escrever em 2020, tendo como gatilho a neurofibromatose tipo 1, doen\u00e7a que seu irm\u00e3o mais novo foi diagnosticado, ainda em 2016.<\/p>\n<p>A ideia era informar as pessoas sobre a doen\u00e7a, para que passem por ela com mais leveza. E foi assim, que esse jovem rapaz, descobriu o seu talento para escrever.<\/p>\n<p>&#8230;&#8230;&#8230;&#8230;&#8230;.<\/p>\n<h4><strong>Chove chuva em Canoas: <\/strong><\/h4>\n<p>Daniel Maier*<\/p>\n<p>Mais do que saber responder perguntas, ou desenvolver teses e trabalhos, o pesquisador \u00e9 aquele que tamb\u00e9m sabe aproveitar a aventura que \u00e9 chegar nas respostas.<\/p>\n<p>Pelo menos sempre foi essa a percep\u00e7\u00e3o que tive, e agora iniciando minha vida de universit\u00e1rio, eu precisava navegar mais nesse mar que \u00e9 a vida. Quando por indica\u00e7\u00e3o, come\u00e7o a trabalhar na feira do livro, s\u00f3 que agora a de Canoas.<\/p>\n<p>Assim como disse Jorge Ben: &#8220;chove chuva, chove sem parar&#8221;. Nessa terra a mesma situa\u00e7\u00e3o, mas n\u00e3o seria isso que iria atrapalhar a grandiosa feira do livro. Desde o primeiro dia, algo que me chamou aten\u00e7\u00e3o foi ela.<\/p>\n<p>Uma senhora de muito conhecimento, chap\u00e9u preto, sobretudo preto, e um sapato bico fino, representando Santos Dumont, a ic\u00f4nica arauta, que todas as manh\u00e3s toca seu sino e nos d\u00e1 um bom dia repleto de entusiasmo e energia.<\/p>\n<p>Ap\u00f3s isso, surge um ambiente onde crian\u00e7as brincam, dan\u00e7am, sorriem e d\u00e3o risadas, me pego imaginando como \u00e9 cada um, cada qual com sua subjetividade, e nesse jogo de palavras, lembro da minha adolesc\u00eancia, lembro do tempo que escrever poemas era algo para expressar.<\/p>\n<p>A tarde, \u00e9 um rito uma pausa no Caf\u00e9 Liter\u00e1rio, onde surgem diversas conversas, ideias, e onde sinceramente h\u00e1 o melhor salgado e caf\u00e9 da regi\u00e3o de Canoas, a feira como um todo \u00e9 sublime, majestosa, e acolhedora.<\/p>\n<p>Como irm\u00e3o de um raro, algu\u00e9m que defende a bandeira da inclus\u00e3o, eu vejo tantas crian\u00e7as inclu\u00eddas, os sorrisos, a alegria e a graciosidade.<\/p>\n<p>E com estes mesmos olhos de mocidade, eu encontro o Batman na feira, apesar do Batman n\u00e3o ter mais de um metro e dez de altura, e tamb\u00e9m n\u00e3o usar a m\u00e1scara, ele est\u00e1 sempre sorrindo, e sua alegria \u00e9 inspiradora, al\u00e9m de cuidar da sua vov\u00f3 com muito zelo.<\/p>\n<p>Tem sido esse o tema das conversas com meu amigo Kim, a leveza das crian\u00e7as, e a paix\u00e3o pela vida. Sentados no restaurante pr\u00f3ximo da esquina, duas alaminutas, e conversas jogadas ao cheiro da fritura no ambiente.<\/p>\n<p>Pego meu celular que estava vibrando, e ap\u00f3s correr os olhos pela tela, me lembro que n\u00e3o s\u00e3o apenas crian\u00e7as que sentem paix\u00e3o&#8230; Pela vida.<\/p>\n<p>*Escritor<\/p>\n","protected":false},"excerpt":{"rendered":"<p>Tendo a vida e o cotidiano como inspira\u00e7\u00e3o, Daniel Maier, expositor da Feira do Livro, presenteou os canoenses com um conto sobre o que vivenciou na pra\u00e7a Emancipa\u00e7\u00e3o. Daniel come\u00e7ou a escrever em 2020, tendo como gatilho a neurofibromatose tipo 1, doen\u00e7a que seu irm\u00e3o mais novo foi diagnosticado, ainda em 2016. A ideia era [&hellip;]<\/p>\n","protected":false},"author":2,"featured_media":26114,"comment_status":"open","ping_status":"open","sticky":false,"template":"","format":"standard","meta":{"amp_status":"","footnotes":""},"categories":[1479],"tags":[1397,31,1521,1520,339,1522,213,1398],"class_list":["post-26113","post","type-post","status-publish","format-standard","has-post-thumbnail","hentry","category-feira-livro-2023","tag-38a-feira-do-livro-de-canoas","tag-canoas","tag-daniel-meier","tag-escritor","tag-literatura","tag-praca-da-emancipacao","tag-rio-grande-do-sul","tag-santos-dumont"],"yoast_head":"<!-- This site is optimized with the Yoast SEO plugin v20.5 - https:\/\/yoast.com\/wordpress\/plugins\/seo\/ -->\n<title>Jovem expositor, Daniel come\u00e7ou a escrever ap\u00f3s descobrir doen\u00e7a do irm\u00e3o - O Timoneiro Jornal Canoas RS<\/title>\n<meta name=\"description\" content=\"Jovem expositor da Feira do Livro, Daniel come\u00e7ou a escrever ap\u00f3s descobrir doen\u00e7a do irm\u00e3o cultura regi\u00e3o metropolitana rio grande do sul RS\" \/>\n<meta name=\"robots\" content=\"index, follow, max-snippet:-1, max-image-preview:large, max-video-preview:-1\" \/>\n<link rel=\"canonical\" href=\"https:\/\/jornaltimoneiro.com.br\/index.php\/2023\/10\/19\/jovem-expositor-daniel-comecou-a-escrever-apos-descobrir-doenca-do-irmao\/\" \/>\n<meta property=\"og:locale\" content=\"pt_BR\" \/>\n<meta property=\"og:type\" content=\"article\" \/>\n<meta property=\"og:title\" content=\"Jovem expositor, Daniel come\u00e7ou a escrever ap\u00f3s descobrir doen\u00e7a do irm\u00e3o - O Timoneiro Jornal Canoas RS\" \/>\n<meta property=\"og:description\" content=\"Jovem expositor da Feira do Livro, Daniel come\u00e7ou a escrever ap\u00f3s descobrir doen\u00e7a do irm\u00e3o cultura regi\u00e3o metropolitana rio grande do sul RS\" \/>\n<meta property=\"og:url\" content=\"https:\/\/jornaltimoneiro.com.br\/index.php\/2023\/10\/19\/jovem-expositor-daniel-comecou-a-escrever-apos-descobrir-doenca-do-irmao\/\" \/>\n<meta property=\"og:site_name\" content=\"O Timoneiro Jornal Canoas RS\" \/>\n<meta property=\"article:publisher\" content=\"https:\/\/www.facebook.com\/jornaltimoneiro\" \/>\n<meta property=\"article:published_time\" content=\"2023-10-19T20:31:52+00:00\" \/>\n<meta property=\"article:modified_time\" content=\"2023-11-06T17:15:36+00:00\" \/>\n<meta property=\"og:image\" content=\"https:\/\/jornaltimoneiro.com.br\/wp-content\/uploads\/2023\/10\/WhatsApp-Image-2023-10-19-at-14.53.36.jpeg\" \/>\n\t<meta property=\"og:image:width\" content=\"960\" \/>\n\t<meta property=\"og:image:height\" content=\"668\" \/>\n\t<meta property=\"og:image:type\" content=\"image\/jpeg\" \/>\n<meta name=\"author\" content=\"Reda\u00e7\u00e3o\" \/>\n<meta name=\"twitter:card\" content=\"summary_large_image\" \/>\n<meta name=\"twitter:creator\" content=\"@_OTimoneiro\" \/>\n<meta name=\"twitter:site\" content=\"@_OTimoneiro\" \/>\n<meta name=\"twitter:label1\" content=\"Escrito por\" \/>\n\t<meta name=\"twitter:data1\" content=\"Reda\u00e7\u00e3o\" \/>\n\t<meta name=\"twitter:label2\" content=\"Est. tempo de leitura\" \/>\n\t<meta name=\"twitter:data2\" content=\"3 minutos\" \/>\n<script type=\"application\/ld+json\" class=\"yoast-schema-graph\">{\"@context\":\"https:\/\/schema.org\",\"@graph\":[{\"@type\":\"Article\",\"@id\":\"https:\/\/jornaltimoneiro.com.br\/index.php\/2023\/10\/19\/jovem-expositor-daniel-comecou-a-escrever-apos-descobrir-doenca-do-irmao\/#article\",\"isPartOf\":{\"@id\":\"https:\/\/jornaltimoneiro.com.br\/index.php\/2023\/10\/19\/jovem-expositor-daniel-comecou-a-escrever-apos-descobrir-doenca-do-irmao\/\"},\"author\":{\"name\":\"Reda\u00e7\u00e3o\",\"@id\":\"https:\/\/jornaltimoneiro.com.br\/#\/schema\/person\/f63482f1a02b1a9592707865e509ab40\"},\"headline\":\"Jovem expositor, Daniel come\u00e7ou a escrever ap\u00f3s descobrir doen\u00e7a do irm\u00e3o\",\"datePublished\":\"2023-10-19T20:31:52+00:00\",\"dateModified\":\"2023-11-06T17:15:36+00:00\",\"mainEntityOfPage\":{\"@id\":\"https:\/\/jornaltimoneiro.com.br\/index.php\/2023\/10\/19\/jovem-expositor-daniel-comecou-a-escrever-apos-descobrir-doenca-do-irmao\/\"},\"wordCount\":499,\"commentCount\":0,\"publisher\":{\"@id\":\"https:\/\/jornaltimoneiro.com.br\/#organization\"},\"keywords\":[\"38\u00aa Feira do Livro de Canoas\",\"canoas\",\"Daniel Meier\",\"escritor\",\"literatura\",\"Pra\u00e7a da Emancipa\u00e7\u00e3o\",\"rio grande do sul\",\"Santos Dumont\"],\"articleSection\":[\"Feira do Livro 2023\"],\"inLanguage\":\"pt-BR\",\"potentialAction\":[{\"@type\":\"CommentAction\",\"name\":\"Comment\",\"target\":[\"https:\/\/jornaltimoneiro.com.br\/index.php\/2023\/10\/19\/jovem-expositor-daniel-comecou-a-escrever-apos-descobrir-doenca-do-irmao\/#respond\"]}]},{\"@type\":\"WebPage\",\"@id\":\"https:\/\/jornaltimoneiro.com.br\/index.php\/2023\/10\/19\/jovem-expositor-daniel-comecou-a-escrever-apos-descobrir-doenca-do-irmao\/\",\"url\":\"https:\/\/jornaltimoneiro.com.br\/index.php\/2023\/10\/19\/jovem-expositor-daniel-comecou-a-escrever-apos-descobrir-doenca-do-irmao\/\",\"name\":\"Jovem expositor, Daniel come\u00e7ou a escrever ap\u00f3s descobrir doen\u00e7a do irm\u00e3o - O Timoneiro Jornal Canoas RS\",\"isPartOf\":{\"@id\":\"https:\/\/jornaltimoneiro.com.br\/#website\"},\"datePublished\":\"2023-10-19T20:31:52+00:00\",\"dateModified\":\"2023-11-06T17:15:36+00:00\",\"description\":\"Jovem expositor da Feira do Livro, Daniel come\u00e7ou a escrever ap\u00f3s descobrir doen\u00e7a do irm\u00e3o cultura regi\u00e3o metropolitana rio grande do sul RS\",\"breadcrumb\":{\"@id\":\"https:\/\/jornaltimoneiro.com.br\/index.php\/2023\/10\/19\/jovem-expositor-daniel-comecou-a-escrever-apos-descobrir-doenca-do-irmao\/#breadcrumb\"},\"inLanguage\":\"pt-BR\",\"potentialAction\":[{\"@type\":\"ReadAction\",\"target\":[\"https:\/\/jornaltimoneiro.com.br\/index.php\/2023\/10\/19\/jovem-expositor-daniel-comecou-a-escrever-apos-descobrir-doenca-do-irmao\/\"]}]},{\"@type\":\"BreadcrumbList\",\"@id\":\"https:\/\/jornaltimoneiro.com.br\/index.php\/2023\/10\/19\/jovem-expositor-daniel-comecou-a-escrever-apos-descobrir-doenca-do-irmao\/#breadcrumb\",\"itemListElement\":[{\"@type\":\"ListItem\",\"position\":1,\"name\":\"In\u00edcio\",\"item\":\"https:\/\/jornaltimoneiro.com.br\/\"},{\"@type\":\"ListItem\",\"position\":2,\"name\":\"Jovem expositor, Daniel come\u00e7ou a escrever ap\u00f3s descobrir doen\u00e7a do irm\u00e3o\"}]},{\"@type\":\"WebSite\",\"@id\":\"https:\/\/jornaltimoneiro.com.br\/#website\",\"url\":\"https:\/\/jornaltimoneiro.com.br\/\",\"name\":\"Jornal Timoneiro Canoas RS\",\"description\":\"Jornal O Timoneiro, o verdadeiro jornal de Canoas\",\"publisher\":{\"@id\":\"https:\/\/jornaltimoneiro.com.br\/#organization\"},\"potentialAction\":[{\"@type\":\"SearchAction\",\"target\":{\"@type\":\"EntryPoint\",\"urlTemplate\":\"https:\/\/jornaltimoneiro.com.br\/?s={search_term_string}\"},\"query-input\":\"required name=search_term_string\"}],\"inLanguage\":\"pt-BR\"},{\"@type\":\"Organization\",\"@id\":\"https:\/\/jornaltimoneiro.com.br\/#organization\",\"name\":\"Jornal Timoneiro Canoas RS\",\"url\":\"https:\/\/jornaltimoneiro.com.br\/\",\"logo\":{\"@type\":\"ImageObject\",\"inLanguage\":\"pt-BR\",\"@id\":\"https:\/\/jornaltimoneiro.com.br\/#\/schema\/logo\/image\/\",\"url\":\"https:\/\/jornaltimoneiro.com.br\/wp-content\/uploads\/2023\/03\/logonovo.png\",\"contentUrl\":\"https:\/\/jornaltimoneiro.com.br\/wp-content\/uploads\/2023\/03\/logonovo.png\",\"width\":\"469\",\"height\":\"171\",\"caption\":\"Jornal Timoneiro Canoas RS\"},\"image\":{\"@id\":\"https:\/\/jornaltimoneiro.com.br\/#\/schema\/logo\/image\/\"},\"sameAs\":[\"https:\/\/www.facebook.com\/jornaltimoneiro\",\"https:\/\/twitter.com\/_OTimoneiro\",\"https:\/\/www.instagram.com\/jornaltimoneirocanoas\/\",\"https:\/\/www.youtube.com\/@jornalotimoneiro7927\"]},{\"@type\":\"Person\",\"@id\":\"https:\/\/jornaltimoneiro.com.br\/#\/schema\/person\/f63482f1a02b1a9592707865e509ab40\",\"name\":\"Reda\u00e7\u00e3o\",\"image\":{\"@type\":\"ImageObject\",\"inLanguage\":\"pt-BR\",\"@id\":\"https:\/\/jornaltimoneiro.com.br\/#\/schema\/person\/image\/\",\"url\":\"https:\/\/jornaltimoneiro.com.br\/wp-content\/uploads\/2023\/03\/download.jpeg\",\"contentUrl\":\"https:\/\/jornaltimoneiro.com.br\/wp-content\/uploads\/2023\/03\/download.jpeg\",\"caption\":\"Reda\u00e7\u00e3o\"},\"url\":\"https:\/\/jornaltimoneiro.com.br\/index.php\/author\/simone-dutra\/\"}]}<\/script>\n<!-- \/ Yoast SEO plugin. -->","yoast_head_json":{"title":"Jovem expositor, Daniel come\u00e7ou a escrever ap\u00f3s descobrir doen\u00e7a do irm\u00e3o - O Timoneiro Jornal Canoas RS","description":"Jovem expositor da Feira do Livro, Daniel come\u00e7ou a escrever ap\u00f3s descobrir doen\u00e7a do irm\u00e3o cultura regi\u00e3o metropolitana rio grande do sul RS","robots":{"index":"index","follow":"follow","max-snippet":"max-snippet:-1","max-image-preview":"max-image-preview:large","max-video-preview":"max-video-preview:-1"},"canonical":"https:\/\/jornaltimoneiro.com.br\/index.php\/2023\/10\/19\/jovem-expositor-daniel-comecou-a-escrever-apos-descobrir-doenca-do-irmao\/","og_locale":"pt_BR","og_type":"article","og_title":"Jovem expositor, Daniel come\u00e7ou a escrever ap\u00f3s descobrir doen\u00e7a do irm\u00e3o - O Timoneiro Jornal Canoas RS","og_description":"Jovem expositor da Feira do Livro, Daniel come\u00e7ou a escrever ap\u00f3s descobrir doen\u00e7a do irm\u00e3o cultura regi\u00e3o metropolitana rio grande do sul RS","og_url":"https:\/\/jornaltimoneiro.com.br\/index.php\/2023\/10\/19\/jovem-expositor-daniel-comecou-a-escrever-apos-descobrir-doenca-do-irmao\/","og_site_name":"O Timoneiro Jornal Canoas RS","article_publisher":"https:\/\/www.facebook.com\/jornaltimoneiro","article_published_time":"2023-10-19T20:31:52+00:00","article_modified_time":"2023-11-06T17:15:36+00:00","og_image":[{"width":960,"height":668,"url":"https:\/\/jornaltimoneiro.com.br\/wp-content\/uploads\/2023\/10\/WhatsApp-Image-2023-10-19-at-14.53.36.jpeg","type":"image\/jpeg"}],"author":"Reda\u00e7\u00e3o","twitter_card":"summary_large_image","twitter_creator":"@_OTimoneiro","twitter_site":"@_OTimoneiro","twitter_misc":{"Escrito por":"Reda\u00e7\u00e3o","Est. tempo de leitura":"3 minutos"},"schema":{"@context":"https:\/\/schema.org","@graph":[{"@type":"Article","@id":"https:\/\/jornaltimoneiro.com.br\/index.php\/2023\/10\/19\/jovem-expositor-daniel-comecou-a-escrever-apos-descobrir-doenca-do-irmao\/#article","isPartOf":{"@id":"https:\/\/jornaltimoneiro.com.br\/index.php\/2023\/10\/19\/jovem-expositor-daniel-comecou-a-escrever-apos-descobrir-doenca-do-irmao\/"},"author":{"name":"Reda\u00e7\u00e3o","@id":"https:\/\/jornaltimoneiro.com.br\/#\/schema\/person\/f63482f1a02b1a9592707865e509ab40"},"headline":"Jovem expositor, Daniel come\u00e7ou a escrever ap\u00f3s descobrir doen\u00e7a do irm\u00e3o","datePublished":"2023-10-19T20:31:52+00:00","dateModified":"2023-11-06T17:15:36+00:00","mainEntityOfPage":{"@id":"https:\/\/jornaltimoneiro.com.br\/index.php\/2023\/10\/19\/jovem-expositor-daniel-comecou-a-escrever-apos-descobrir-doenca-do-irmao\/"},"wordCount":499,"commentCount":0,"publisher":{"@id":"https:\/\/jornaltimoneiro.com.br\/#organization"},"keywords":["38\u00aa Feira do Livro de Canoas","canoas","Daniel Meier","escritor","literatura","Pra\u00e7a da Emancipa\u00e7\u00e3o","rio grande do sul","Santos Dumont"],"articleSection":["Feira do Livro 2023"],"inLanguage":"pt-BR","potentialAction":[{"@type":"CommentAction","name":"Comment","target":["https:\/\/jornaltimoneiro.com.br\/index.php\/2023\/10\/19\/jovem-expositor-daniel-comecou-a-escrever-apos-descobrir-doenca-do-irmao\/#respond"]}]},{"@type":"WebPage","@id":"https:\/\/jornaltimoneiro.com.br\/index.php\/2023\/10\/19\/jovem-expositor-daniel-comecou-a-escrever-apos-descobrir-doenca-do-irmao\/","url":"https:\/\/jornaltimoneiro.com.br\/index.php\/2023\/10\/19\/jovem-expositor-daniel-comecou-a-escrever-apos-descobrir-doenca-do-irmao\/","name":"Jovem expositor, Daniel come\u00e7ou a escrever ap\u00f3s descobrir doen\u00e7a do irm\u00e3o - O Timoneiro Jornal Canoas RS","isPartOf":{"@id":"https:\/\/jornaltimoneiro.com.br\/#website"},"datePublished":"2023-10-19T20:31:52+00:00","dateModified":"2023-11-06T17:15:36+00:00","description":"Jovem expositor da Feira do Livro, Daniel come\u00e7ou a escrever ap\u00f3s descobrir doen\u00e7a do irm\u00e3o cultura regi\u00e3o metropolitana rio grande do sul RS","breadcrumb":{"@id":"https:\/\/jornaltimoneiro.com.br\/index.php\/2023\/10\/19\/jovem-expositor-daniel-comecou-a-escrever-apos-descobrir-doenca-do-irmao\/#breadcrumb"},"inLanguage":"pt-BR","potentialAction":[{"@type":"ReadAction","target":["https:\/\/jornaltimoneiro.com.br\/index.php\/2023\/10\/19\/jovem-expositor-daniel-comecou-a-escrever-apos-descobrir-doenca-do-irmao\/"]}]},{"@type":"BreadcrumbList","@id":"https:\/\/jornaltimoneiro.com.br\/index.php\/2023\/10\/19\/jovem-expositor-daniel-comecou-a-escrever-apos-descobrir-doenca-do-irmao\/#breadcrumb","itemListElement":[{"@type":"ListItem","position":1,"name":"In\u00edcio","item":"https:\/\/jornaltimoneiro.com.br\/"},{"@type":"ListItem","position":2,"name":"Jovem expositor, Daniel come\u00e7ou a escrever ap\u00f3s descobrir doen\u00e7a do irm\u00e3o"}]},{"@type":"WebSite","@id":"https:\/\/jornaltimoneiro.com.br\/#website","url":"https:\/\/jornaltimoneiro.com.br\/","name":"Jornal Timoneiro Canoas RS","description":"Jornal O Timoneiro, o verdadeiro jornal de Canoas","publisher":{"@id":"https:\/\/jornaltimoneiro.com.br\/#organization"},"potentialAction":[{"@type":"SearchAction","target":{"@type":"EntryPoint","urlTemplate":"https:\/\/jornaltimoneiro.com.br\/?s={search_term_string}"},"query-input":"required name=search_term_string"}],"inLanguage":"pt-BR"},{"@type":"Organization","@id":"https:\/\/jornaltimoneiro.com.br\/#organization","name":"Jornal Timoneiro Canoas RS","url":"https:\/\/jornaltimoneiro.com.br\/","logo":{"@type":"ImageObject","inLanguage":"pt-BR","@id":"https:\/\/jornaltimoneiro.com.br\/#\/schema\/logo\/image\/","url":"https:\/\/jornaltimoneiro.com.br\/wp-content\/uploads\/2023\/03\/logonovo.png","contentUrl":"https:\/\/jornaltimoneiro.com.br\/wp-content\/uploads\/2023\/03\/logonovo.png","width":"469","height":"171","caption":"Jornal Timoneiro Canoas RS"},"image":{"@id":"https:\/\/jornaltimoneiro.com.br\/#\/schema\/logo\/image\/"},"sameAs":["https:\/\/www.facebook.com\/jornaltimoneiro","https:\/\/twitter.com\/_OTimoneiro","https:\/\/www.instagram.com\/jornaltimoneirocanoas\/","https:\/\/www.youtube.com\/@jornalotimoneiro7927"]},{"@type":"Person","@id":"https:\/\/jornaltimoneiro.com.br\/#\/schema\/person\/f63482f1a02b1a9592707865e509ab40","name":"Reda\u00e7\u00e3o","image":{"@type":"ImageObject","inLanguage":"pt-BR","@id":"https:\/\/jornaltimoneiro.com.br\/#\/schema\/person\/image\/","url":"https:\/\/jornaltimoneiro.com.br\/wp-content\/uploads\/2023\/03\/download.jpeg","contentUrl":"https:\/\/jornaltimoneiro.com.br\/wp-content\/uploads\/2023\/03\/download.jpeg","caption":"Reda\u00e7\u00e3o"},"url":"https:\/\/jornaltimoneiro.com.br\/index.php\/author\/simone-dutra\/"}]}},"_links":{"self":[{"href":"https:\/\/jornaltimoneiro.com.br\/index.php\/wp-json\/wp\/v2\/posts\/26113"}],"collection":[{"href":"https:\/\/jornaltimoneiro.com.br\/index.php\/wp-json\/wp\/v2\/posts"}],"about":[{"href":"https:\/\/jornaltimoneiro.com.br\/index.php\/wp-json\/wp\/v2\/types\/post"}],"author":[{"embeddable":true,"href":"https:\/\/jornaltimoneiro.com.br\/index.php\/wp-json\/wp\/v2\/users\/2"}],"replies":[{"embeddable":true,"href":"https:\/\/jornaltimoneiro.com.br\/index.php\/wp-json\/wp\/v2\/comments?post=26113"}],"version-history":[{"count":3,"href":"https:\/\/jornaltimoneiro.com.br\/index.php\/wp-json\/wp\/v2\/posts\/26113\/revisions"}],"predecessor-version":[{"id":26298,"href":"https:\/\/jornaltimoneiro.com.br\/index.php\/wp-json\/wp\/v2\/posts\/26113\/revisions\/26298"}],"wp:featuredmedia":[{"embeddable":true,"href":"https:\/\/jornaltimoneiro.com.br\/index.php\/wp-json\/wp\/v2\/media\/26114"}],"wp:attachment":[{"href":"https:\/\/jornaltimoneiro.com.br\/index.php\/wp-json\/wp\/v2\/media?parent=26113"}],"wp:term":[{"taxonomy":"category","embeddable":true,"href":"https:\/\/jornaltimoneiro.com.br\/index.php\/wp-json\/wp\/v2\/categories?post=26113"},{"taxonomy":"post_tag","embeddable":true,"href":"https:\/\/jornaltimoneiro.com.br\/index.php\/wp-json\/wp\/v2\/tags?post=26113"}],"curies":[{"name":"wp","href":"https:\/\/api.w.org\/{rel}","templated":true}]}}