{"id":26085,"date":"2023-10-17T13:37:54","date_gmt":"2023-10-17T16:37:54","guid":{"rendered":"https:\/\/jornaltimoneiro.com.br\/?p=26085"},"modified":"2023-11-06T14:18:32","modified_gmt":"2023-11-06T17:18:32","slug":"secretario-de-cultura-de-canoas-eliezer-pacheco-autografa-sociedade-e-politica-hoje-no-cafe-literario","status":"publish","type":"post","link":"https:\/\/jornaltimoneiro.com.br\/index.php\/2023\/10\/17\/secretario-de-cultura-de-canoas-eliezer-pacheco-autografa-sociedade-e-politica-hoje-no-cafe-literario\/","title":{"rendered":"Secret\u00e1rio de Cultura de Canoas, Eliezer Pacheco autografa \u201cSociedade e Pol\u00edtica\u201d hoje no Caf\u00e9 Liter\u00e1rio"},"content":{"rendered":"<p><img decoding=\"async\" class=\"alignnone size-full wp-image-26289\" src=\"https:\/\/jornaltimoneiro.com.br\/wp-content\/uploads\/2023\/10\/WhatsApp-Image-2023-11-06-at-14.06.43.jpeg\" alt=\"\" width=\"1344\" height=\"215\" srcset=\"https:\/\/jornaltimoneiro.com.br\/wp-content\/uploads\/2023\/10\/WhatsApp-Image-2023-11-06-at-14.06.43.jpeg 1344w, https:\/\/jornaltimoneiro.com.br\/wp-content\/uploads\/2023\/10\/WhatsApp-Image-2023-11-06-at-14.06.43-300x48.jpeg 300w, https:\/\/jornaltimoneiro.com.br\/wp-content\/uploads\/2023\/10\/WhatsApp-Image-2023-11-06-at-14.06.43-1024x164.jpeg 1024w, https:\/\/jornaltimoneiro.com.br\/wp-content\/uploads\/2023\/10\/WhatsApp-Image-2023-11-06-at-14.06.43-768x123.jpeg 768w\" sizes=\"(max-width: 1344px) 100vw, 1344px\" \/><\/p>\n<p>O Caf\u00e9 Liter\u00e1rio da Feira do Livro de Canoas desta ter\u00e7a-feira, 17, ser\u00e1 com o secret\u00e1rio municipal de Cultura, Eliezer Pacheco.<\/p>\n<p>Na ocasi\u00e3o, o secret\u00e1rio vai apresentar para a comunidade canoense o oitavo livro de sua autoria \u201cSociedade e Pol\u00edtica\u201d. Com in\u00edcio \u00e0s 16h, o encontro contar\u00e1 com sess\u00e3o de aut\u00f3grafos, na Pra\u00e7a da Emancipa\u00e7\u00e3o, no Centro.<\/p>\n<h4><strong>Ferramenta de reflex\u00e3o<\/strong><\/h4>\n<p>Segundo Pacheco, \u201cSociedade e Pol\u00edtica\u201d \u00e9 recomendado para os jovens e adultos, principalmente estudantes e professores, como uma ferramenta de reflex\u00e3o.<\/p>\n<blockquote><p>\u201cEscrevi com a tentativa de propor instrumentos para interpreta\u00e7\u00e3o da realidade em que vivemos. Estamos perplexos com os acontecimentos de conflitos no mundo. Procuro fazer uma an\u00e1lise do capitalismo atual de forma democr\u00e1tica\u201d, explica.<\/p><\/blockquote>\n<p>&nbsp;<\/p>\n","protected":false},"excerpt":{"rendered":"<p>O Caf\u00e9 Liter\u00e1rio da Feira do Livro de Canoas desta ter\u00e7a-feira, 17, ser\u00e1 com o secret\u00e1rio municipal de Cultura, Eliezer Pacheco. Na ocasi\u00e3o, o secret\u00e1rio vai apresentar para a comunidade canoense o oitavo livro de sua autoria \u201cSociedade e Pol\u00edtica\u201d. Com in\u00edcio \u00e0s 16h, o encontro contar\u00e1 com sess\u00e3o de aut\u00f3grafos, na Pra\u00e7a da Emancipa\u00e7\u00e3o, [&hellip;]<\/p>\n","protected":false},"author":2,"featured_media":26086,"comment_status":"open","ping_status":"open","sticky":false,"template":"","format":"standard","meta":{"amp_status":"","footnotes":""},"categories":[1479],"tags":[1397,1512,31,116,1389,190,339,214,213,80,1510,1511],"class_list":["post-26085","post","type-post","status-publish","format-standard","has-post-thumbnail","hentry","category-feira-livro-2023","tag-38a-feira-do-livro-de-canoas","tag-cafe-literario","tag-canoas","tag-cultura","tag-eliezer-pacheco","tag-featured","tag-literatura","tag-regiao-metropolitana","tag-rio-grande-do-sul","tag-rs","tag-secretario-municipal-de-cultura-de-canoas","tag-sociedade-e-politica"],"yoast_head":"<!-- This site is optimized with the Yoast SEO plugin v20.5 - https:\/\/yoast.com\/wordpress\/plugins\/seo\/ -->\n<title>Secret\u00e1rio de Cultura de Canoas, Eliezer Pacheco autografa \u201cSociedade e Pol\u00edtica\u201d hoje no Caf\u00e9 Liter\u00e1rio - O Timoneiro Jornal Canoas RS<\/title>\n<meta name=\"description\" content=\"Secret\u00e1rio de Cultura de Canoas, Eliezer Pacheco autografa \u201cSociedade e Pol\u00edtica\u201d Caf\u00e9 Liter\u00e1rio Feira do Livro Regi\u00e3o Metropolitana RS\" \/>\n<meta name=\"robots\" content=\"index, follow, max-snippet:-1, max-image-preview:large, max-video-preview:-1\" \/>\n<link rel=\"canonical\" href=\"https:\/\/jornaltimoneiro.com.br\/index.php\/2023\/10\/17\/secretario-de-cultura-de-canoas-eliezer-pacheco-autografa-sociedade-e-politica-hoje-no-cafe-literario\/\" \/>\n<meta property=\"og:locale\" content=\"pt_BR\" \/>\n<meta property=\"og:type\" content=\"article\" \/>\n<meta property=\"og:title\" content=\"Secret\u00e1rio de Cultura de Canoas, Eliezer Pacheco autografa \u201cSociedade e Pol\u00edtica\u201d hoje no Caf\u00e9 Liter\u00e1rio - O Timoneiro Jornal Canoas RS\" \/>\n<meta property=\"og:description\" content=\"Secret\u00e1rio de Cultura de Canoas, Eliezer Pacheco autografa \u201cSociedade e Pol\u00edtica\u201d Caf\u00e9 Liter\u00e1rio Feira do Livro Regi\u00e3o Metropolitana RS\" \/>\n<meta property=\"og:url\" content=\"https:\/\/jornaltimoneiro.com.br\/index.php\/2023\/10\/17\/secretario-de-cultura-de-canoas-eliezer-pacheco-autografa-sociedade-e-politica-hoje-no-cafe-literario\/\" \/>\n<meta property=\"og:site_name\" content=\"O Timoneiro Jornal Canoas RS\" \/>\n<meta property=\"article:publisher\" content=\"https:\/\/www.facebook.com\/jornaltimoneiro\" \/>\n<meta property=\"article:published_time\" content=\"2023-10-17T16:37:54+00:00\" \/>\n<meta property=\"article:modified_time\" content=\"2023-11-06T17:18:32+00:00\" \/>\n<meta property=\"og:image\" content=\"https:\/\/jornaltimoneiro.com.br\/wp-content\/uploads\/2023\/10\/CULTURA-ELIEZER-PACHECO.jpg\" \/>\n\t<meta property=\"og:image:width\" content=\"1080\" \/>\n\t<meta property=\"og:image:height\" content=\"768\" \/>\n\t<meta property=\"og:image:type\" content=\"image\/jpeg\" \/>\n<meta name=\"author\" content=\"Reda\u00e7\u00e3o\" \/>\n<meta name=\"twitter:card\" content=\"summary_large_image\" \/>\n<meta name=\"twitter:creator\" content=\"@_OTimoneiro\" \/>\n<meta name=\"twitter:site\" content=\"@_OTimoneiro\" \/>\n<meta name=\"twitter:label1\" content=\"Escrito por\" \/>\n\t<meta name=\"twitter:data1\" content=\"Reda\u00e7\u00e3o\" \/>\n\t<meta name=\"twitter:label2\" content=\"Est. tempo de leitura\" \/>\n\t<meta name=\"twitter:data2\" content=\"1 minuto\" \/>\n<script type=\"application\/ld+json\" class=\"yoast-schema-graph\">{\"@context\":\"https:\/\/schema.org\",\"@graph\":[{\"@type\":\"Article\",\"@id\":\"https:\/\/jornaltimoneiro.com.br\/index.php\/2023\/10\/17\/secretario-de-cultura-de-canoas-eliezer-pacheco-autografa-sociedade-e-politica-hoje-no-cafe-literario\/#article\",\"isPartOf\":{\"@id\":\"https:\/\/jornaltimoneiro.com.br\/index.php\/2023\/10\/17\/secretario-de-cultura-de-canoas-eliezer-pacheco-autografa-sociedade-e-politica-hoje-no-cafe-literario\/\"},\"author\":{\"name\":\"Reda\u00e7\u00e3o\",\"@id\":\"https:\/\/jornaltimoneiro.com.br\/#\/schema\/person\/f63482f1a02b1a9592707865e509ab40\"},\"headline\":\"Secret\u00e1rio de Cultura de Canoas, Eliezer Pacheco autografa \u201cSociedade e Pol\u00edtica\u201d hoje no Caf\u00e9 Liter\u00e1rio\",\"datePublished\":\"2023-10-17T16:37:54+00:00\",\"dateModified\":\"2023-11-06T17:18:32+00:00\",\"mainEntityOfPage\":{\"@id\":\"https:\/\/jornaltimoneiro.com.br\/index.php\/2023\/10\/17\/secretario-de-cultura-de-canoas-eliezer-pacheco-autografa-sociedade-e-politica-hoje-no-cafe-literario\/\"},\"wordCount\":149,\"commentCount\":0,\"publisher\":{\"@id\":\"https:\/\/jornaltimoneiro.com.br\/#organization\"},\"keywords\":[\"38\u00aa Feira do Livro de Canoas\",\"caf\u00e9 liter\u00e1rio\",\"canoas\",\"cultura\",\"Eliezer Pacheco\",\"featured\",\"literatura\",\"regi\u00e3o metropolitana\",\"rio grande do sul\",\"RS\",\"secret\u00e1rio municipal de cultura de canoas\",\"Sociedade e Pol\u00edtica\"],\"articleSection\":[\"Feira do Livro 2023\"],\"inLanguage\":\"pt-BR\",\"potentialAction\":[{\"@type\":\"CommentAction\",\"name\":\"Comment\",\"target\":[\"https:\/\/jornaltimoneiro.com.br\/index.php\/2023\/10\/17\/secretario-de-cultura-de-canoas-eliezer-pacheco-autografa-sociedade-e-politica-hoje-no-cafe-literario\/#respond\"]}]},{\"@type\":\"WebPage\",\"@id\":\"https:\/\/jornaltimoneiro.com.br\/index.php\/2023\/10\/17\/secretario-de-cultura-de-canoas-eliezer-pacheco-autografa-sociedade-e-politica-hoje-no-cafe-literario\/\",\"url\":\"https:\/\/jornaltimoneiro.com.br\/index.php\/2023\/10\/17\/secretario-de-cultura-de-canoas-eliezer-pacheco-autografa-sociedade-e-politica-hoje-no-cafe-literario\/\",\"name\":\"Secret\u00e1rio de Cultura de Canoas, Eliezer Pacheco autografa \u201cSociedade e Pol\u00edtica\u201d hoje no Caf\u00e9 Liter\u00e1rio - O Timoneiro Jornal Canoas RS\",\"isPartOf\":{\"@id\":\"https:\/\/jornaltimoneiro.com.br\/#website\"},\"datePublished\":\"2023-10-17T16:37:54+00:00\",\"dateModified\":\"2023-11-06T17:18:32+00:00\",\"description\":\"Secret\u00e1rio de Cultura de Canoas, Eliezer Pacheco autografa \u201cSociedade e Pol\u00edtica\u201d Caf\u00e9 Liter\u00e1rio Feira do Livro Regi\u00e3o Metropolitana RS\",\"breadcrumb\":{\"@id\":\"https:\/\/jornaltimoneiro.com.br\/index.php\/2023\/10\/17\/secretario-de-cultura-de-canoas-eliezer-pacheco-autografa-sociedade-e-politica-hoje-no-cafe-literario\/#breadcrumb\"},\"inLanguage\":\"pt-BR\",\"potentialAction\":[{\"@type\":\"ReadAction\",\"target\":[\"https:\/\/jornaltimoneiro.com.br\/index.php\/2023\/10\/17\/secretario-de-cultura-de-canoas-eliezer-pacheco-autografa-sociedade-e-politica-hoje-no-cafe-literario\/\"]}]},{\"@type\":\"BreadcrumbList\",\"@id\":\"https:\/\/jornaltimoneiro.com.br\/index.php\/2023\/10\/17\/secretario-de-cultura-de-canoas-eliezer-pacheco-autografa-sociedade-e-politica-hoje-no-cafe-literario\/#breadcrumb\",\"itemListElement\":[{\"@type\":\"ListItem\",\"position\":1,\"name\":\"In\u00edcio\",\"item\":\"https:\/\/jornaltimoneiro.com.br\/\"},{\"@type\":\"ListItem\",\"position\":2,\"name\":\"Secret\u00e1rio de Cultura de Canoas, Eliezer Pacheco autografa \u201cSociedade e Pol\u00edtica\u201d hoje no Caf\u00e9 Liter\u00e1rio\"}]},{\"@type\":\"WebSite\",\"@id\":\"https:\/\/jornaltimoneiro.com.br\/#website\",\"url\":\"https:\/\/jornaltimoneiro.com.br\/\",\"name\":\"Jornal Timoneiro Canoas RS\",\"description\":\"Jornal O Timoneiro, o verdadeiro jornal de Canoas\",\"publisher\":{\"@id\":\"https:\/\/jornaltimoneiro.com.br\/#organization\"},\"potentialAction\":[{\"@type\":\"SearchAction\",\"target\":{\"@type\":\"EntryPoint\",\"urlTemplate\":\"https:\/\/jornaltimoneiro.com.br\/?s={search_term_string}\"},\"query-input\":\"required name=search_term_string\"}],\"inLanguage\":\"pt-BR\"},{\"@type\":\"Organization\",\"@id\":\"https:\/\/jornaltimoneiro.com.br\/#organization\",\"name\":\"Jornal Timoneiro Canoas RS\",\"url\":\"https:\/\/jornaltimoneiro.com.br\/\",\"logo\":{\"@type\":\"ImageObject\",\"inLanguage\":\"pt-BR\",\"@id\":\"https:\/\/jornaltimoneiro.com.br\/#\/schema\/logo\/image\/\",\"url\":\"https:\/\/jornaltimoneiro.com.br\/wp-content\/uploads\/2023\/03\/logonovo.png\",\"contentUrl\":\"https:\/\/jornaltimoneiro.com.br\/wp-content\/uploads\/2023\/03\/logonovo.png\",\"width\":\"469\",\"height\":\"171\",\"caption\":\"Jornal Timoneiro Canoas RS\"},\"image\":{\"@id\":\"https:\/\/jornaltimoneiro.com.br\/#\/schema\/logo\/image\/\"},\"sameAs\":[\"https:\/\/www.facebook.com\/jornaltimoneiro\",\"https:\/\/twitter.com\/_OTimoneiro\",\"https:\/\/www.instagram.com\/jornaltimoneirocanoas\/\",\"https:\/\/www.youtube.com\/@jornalotimoneiro7927\"]},{\"@type\":\"Person\",\"@id\":\"https:\/\/jornaltimoneiro.com.br\/#\/schema\/person\/f63482f1a02b1a9592707865e509ab40\",\"name\":\"Reda\u00e7\u00e3o\",\"image\":{\"@type\":\"ImageObject\",\"inLanguage\":\"pt-BR\",\"@id\":\"https:\/\/jornaltimoneiro.com.br\/#\/schema\/person\/image\/\",\"url\":\"https:\/\/jornaltimoneiro.com.br\/wp-content\/uploads\/2023\/03\/download.jpeg\",\"contentUrl\":\"https:\/\/jornaltimoneiro.com.br\/wp-content\/uploads\/2023\/03\/download.jpeg\",\"caption\":\"Reda\u00e7\u00e3o\"},\"url\":\"https:\/\/jornaltimoneiro.com.br\/index.php\/author\/simone-dutra\/\"}]}<\/script>\n<!-- \/ Yoast SEO plugin. -->","yoast_head_json":{"title":"Secret\u00e1rio de Cultura de Canoas, Eliezer Pacheco autografa \u201cSociedade e Pol\u00edtica\u201d hoje no Caf\u00e9 Liter\u00e1rio - O Timoneiro Jornal Canoas RS","description":"Secret\u00e1rio de Cultura de Canoas, Eliezer Pacheco autografa \u201cSociedade e Pol\u00edtica\u201d Caf\u00e9 Liter\u00e1rio Feira do Livro Regi\u00e3o Metropolitana RS","robots":{"index":"index","follow":"follow","max-snippet":"max-snippet:-1","max-image-preview":"max-image-preview:large","max-video-preview":"max-video-preview:-1"},"canonical":"https:\/\/jornaltimoneiro.com.br\/index.php\/2023\/10\/17\/secretario-de-cultura-de-canoas-eliezer-pacheco-autografa-sociedade-e-politica-hoje-no-cafe-literario\/","og_locale":"pt_BR","og_type":"article","og_title":"Secret\u00e1rio de Cultura de Canoas, Eliezer Pacheco autografa \u201cSociedade e Pol\u00edtica\u201d hoje no Caf\u00e9 Liter\u00e1rio - O Timoneiro Jornal Canoas RS","og_description":"Secret\u00e1rio de Cultura de Canoas, Eliezer Pacheco autografa \u201cSociedade e Pol\u00edtica\u201d Caf\u00e9 Liter\u00e1rio Feira do Livro Regi\u00e3o Metropolitana RS","og_url":"https:\/\/jornaltimoneiro.com.br\/index.php\/2023\/10\/17\/secretario-de-cultura-de-canoas-eliezer-pacheco-autografa-sociedade-e-politica-hoje-no-cafe-literario\/","og_site_name":"O Timoneiro Jornal Canoas RS","article_publisher":"https:\/\/www.facebook.com\/jornaltimoneiro","article_published_time":"2023-10-17T16:37:54+00:00","article_modified_time":"2023-11-06T17:18:32+00:00","og_image":[{"width":"1080","height":"768","url":"https:\/\/jornaltimoneiro.com.br\/wp-content\/uploads\/2023\/10\/CULTURA-ELIEZER-PACHECO.jpg","type":"image\/jpeg"}],"author":"Reda\u00e7\u00e3o","twitter_card":"summary_large_image","twitter_creator":"@_OTimoneiro","twitter_site":"@_OTimoneiro","twitter_misc":{"Escrito por":"Reda\u00e7\u00e3o","Est. tempo de leitura":"1 minuto"},"schema":{"@context":"https:\/\/schema.org","@graph":[{"@type":"Article","@id":"https:\/\/jornaltimoneiro.com.br\/index.php\/2023\/10\/17\/secretario-de-cultura-de-canoas-eliezer-pacheco-autografa-sociedade-e-politica-hoje-no-cafe-literario\/#article","isPartOf":{"@id":"https:\/\/jornaltimoneiro.com.br\/index.php\/2023\/10\/17\/secretario-de-cultura-de-canoas-eliezer-pacheco-autografa-sociedade-e-politica-hoje-no-cafe-literario\/"},"author":{"name":"Reda\u00e7\u00e3o","@id":"https:\/\/jornaltimoneiro.com.br\/#\/schema\/person\/f63482f1a02b1a9592707865e509ab40"},"headline":"Secret\u00e1rio de Cultura de Canoas, Eliezer Pacheco autografa \u201cSociedade e Pol\u00edtica\u201d hoje no Caf\u00e9 Liter\u00e1rio","datePublished":"2023-10-17T16:37:54+00:00","dateModified":"2023-11-06T17:18:32+00:00","mainEntityOfPage":{"@id":"https:\/\/jornaltimoneiro.com.br\/index.php\/2023\/10\/17\/secretario-de-cultura-de-canoas-eliezer-pacheco-autografa-sociedade-e-politica-hoje-no-cafe-literario\/"},"wordCount":149,"commentCount":0,"publisher":{"@id":"https:\/\/jornaltimoneiro.com.br\/#organization"},"keywords":["38\u00aa Feira do Livro de Canoas","caf\u00e9 liter\u00e1rio","canoas","cultura","Eliezer Pacheco","featured","literatura","regi\u00e3o metropolitana","rio grande do sul","RS","secret\u00e1rio municipal de cultura de canoas","Sociedade e Pol\u00edtica"],"articleSection":["Feira do Livro 2023"],"inLanguage":"pt-BR","potentialAction":[{"@type":"CommentAction","name":"Comment","target":["https:\/\/jornaltimoneiro.com.br\/index.php\/2023\/10\/17\/secretario-de-cultura-de-canoas-eliezer-pacheco-autografa-sociedade-e-politica-hoje-no-cafe-literario\/#respond"]}]},{"@type":"WebPage","@id":"https:\/\/jornaltimoneiro.com.br\/index.php\/2023\/10\/17\/secretario-de-cultura-de-canoas-eliezer-pacheco-autografa-sociedade-e-politica-hoje-no-cafe-literario\/","url":"https:\/\/jornaltimoneiro.com.br\/index.php\/2023\/10\/17\/secretario-de-cultura-de-canoas-eliezer-pacheco-autografa-sociedade-e-politica-hoje-no-cafe-literario\/","name":"Secret\u00e1rio de Cultura de Canoas, Eliezer Pacheco autografa \u201cSociedade e Pol\u00edtica\u201d hoje no Caf\u00e9 Liter\u00e1rio - O Timoneiro Jornal Canoas RS","isPartOf":{"@id":"https:\/\/jornaltimoneiro.com.br\/#website"},"datePublished":"2023-10-17T16:37:54+00:00","dateModified":"2023-11-06T17:18:32+00:00","description":"Secret\u00e1rio de Cultura de Canoas, Eliezer Pacheco autografa \u201cSociedade e Pol\u00edtica\u201d Caf\u00e9 Liter\u00e1rio Feira do Livro Regi\u00e3o Metropolitana RS","breadcrumb":{"@id":"https:\/\/jornaltimoneiro.com.br\/index.php\/2023\/10\/17\/secretario-de-cultura-de-canoas-eliezer-pacheco-autografa-sociedade-e-politica-hoje-no-cafe-literario\/#breadcrumb"},"inLanguage":"pt-BR","potentialAction":[{"@type":"ReadAction","target":["https:\/\/jornaltimoneiro.com.br\/index.php\/2023\/10\/17\/secretario-de-cultura-de-canoas-eliezer-pacheco-autografa-sociedade-e-politica-hoje-no-cafe-literario\/"]}]},{"@type":"BreadcrumbList","@id":"https:\/\/jornaltimoneiro.com.br\/index.php\/2023\/10\/17\/secretario-de-cultura-de-canoas-eliezer-pacheco-autografa-sociedade-e-politica-hoje-no-cafe-literario\/#breadcrumb","itemListElement":[{"@type":"ListItem","position":1,"name":"In\u00edcio","item":"https:\/\/jornaltimoneiro.com.br\/"},{"@type":"ListItem","position":2,"name":"Secret\u00e1rio de Cultura de Canoas, Eliezer Pacheco autografa \u201cSociedade e Pol\u00edtica\u201d hoje no Caf\u00e9 Liter\u00e1rio"}]},{"@type":"WebSite","@id":"https:\/\/jornaltimoneiro.com.br\/#website","url":"https:\/\/jornaltimoneiro.com.br\/","name":"Jornal Timoneiro Canoas RS","description":"Jornal O Timoneiro, o verdadeiro jornal de Canoas","publisher":{"@id":"https:\/\/jornaltimoneiro.com.br\/#organization"},"potentialAction":[{"@type":"SearchAction","target":{"@type":"EntryPoint","urlTemplate":"https:\/\/jornaltimoneiro.com.br\/?s={search_term_string}"},"query-input":"required name=search_term_string"}],"inLanguage":"pt-BR"},{"@type":"Organization","@id":"https:\/\/jornaltimoneiro.com.br\/#organization","name":"Jornal Timoneiro Canoas RS","url":"https:\/\/jornaltimoneiro.com.br\/","logo":{"@type":"ImageObject","inLanguage":"pt-BR","@id":"https:\/\/jornaltimoneiro.com.br\/#\/schema\/logo\/image\/","url":"https:\/\/jornaltimoneiro.com.br\/wp-content\/uploads\/2023\/03\/logonovo.png","contentUrl":"https:\/\/jornaltimoneiro.com.br\/wp-content\/uploads\/2023\/03\/logonovo.png","width":"469","height":"171","caption":"Jornal Timoneiro Canoas RS"},"image":{"@id":"https:\/\/jornaltimoneiro.com.br\/#\/schema\/logo\/image\/"},"sameAs":["https:\/\/www.facebook.com\/jornaltimoneiro","https:\/\/twitter.com\/_OTimoneiro","https:\/\/www.instagram.com\/jornaltimoneirocanoas\/","https:\/\/www.youtube.com\/@jornalotimoneiro7927"]},{"@type":"Person","@id":"https:\/\/jornaltimoneiro.com.br\/#\/schema\/person\/f63482f1a02b1a9592707865e509ab40","name":"Reda\u00e7\u00e3o","image":{"@type":"ImageObject","inLanguage":"pt-BR","@id":"https:\/\/jornaltimoneiro.com.br\/#\/schema\/person\/image\/","url":"https:\/\/jornaltimoneiro.com.br\/wp-content\/uploads\/2023\/03\/download.jpeg","contentUrl":"https:\/\/jornaltimoneiro.com.br\/wp-content\/uploads\/2023\/03\/download.jpeg","caption":"Reda\u00e7\u00e3o"},"url":"https:\/\/jornaltimoneiro.com.br\/index.php\/author\/simone-dutra\/"}]}},"_links":{"self":[{"href":"https:\/\/jornaltimoneiro.com.br\/index.php\/wp-json\/wp\/v2\/posts\/26085"}],"collection":[{"href":"https:\/\/jornaltimoneiro.com.br\/index.php\/wp-json\/wp\/v2\/posts"}],"about":[{"href":"https:\/\/jornaltimoneiro.com.br\/index.php\/wp-json\/wp\/v2\/types\/post"}],"author":[{"embeddable":true,"href":"https:\/\/jornaltimoneiro.com.br\/index.php\/wp-json\/wp\/v2\/users\/2"}],"replies":[{"embeddable":true,"href":"https:\/\/jornaltimoneiro.com.br\/index.php\/wp-json\/wp\/v2\/comments?post=26085"}],"version-history":[{"count":3,"href":"https:\/\/jornaltimoneiro.com.br\/index.php\/wp-json\/wp\/v2\/posts\/26085\/revisions"}],"predecessor-version":[{"id":26301,"href":"https:\/\/jornaltimoneiro.com.br\/index.php\/wp-json\/wp\/v2\/posts\/26085\/revisions\/26301"}],"wp:featuredmedia":[{"embeddable":true,"href":"https:\/\/jornaltimoneiro.com.br\/index.php\/wp-json\/wp\/v2\/media\/26086"}],"wp:attachment":[{"href":"https:\/\/jornaltimoneiro.com.br\/index.php\/wp-json\/wp\/v2\/media?parent=26085"}],"wp:term":[{"taxonomy":"category","embeddable":true,"href":"https:\/\/jornaltimoneiro.com.br\/index.php\/wp-json\/wp\/v2\/categories?post=26085"},{"taxonomy":"post_tag","embeddable":true,"href":"https:\/\/jornaltimoneiro.com.br\/index.php\/wp-json\/wp\/v2\/tags?post=26085"}],"curies":[{"name":"wp","href":"https:\/\/api.w.org\/{rel}","templated":true}]}}