{"id":26079,"date":"2023-10-16T16:59:45","date_gmt":"2023-10-16T19:59:45","guid":{"rendered":"https:\/\/jornaltimoneiro.com.br\/?p=26079"},"modified":"2023-11-06T14:14:48","modified_gmt":"2023-11-06T17:14:48","slug":"escritora-canoense-helena-da-rosa-conta-um-pouco-da-sua-historia","status":"publish","type":"post","link":"https:\/\/jornaltimoneiro.com.br\/index.php\/2023\/10\/16\/escritora-canoense-helena-da-rosa-conta-um-pouco-da-sua-historia\/","title":{"rendered":"Escritora canoense Helena da Rosa conta um pouco da sua hist\u00f3ria"},"content":{"rendered":"<p><img decoding=\"async\" class=\"alignnone size-full wp-image-26289\" src=\"https:\/\/jornaltimoneiro.com.br\/wp-content\/uploads\/2023\/10\/WhatsApp-Image-2023-11-06-at-14.06.43.jpeg\" alt=\"\" width=\"1344\" height=\"215\" srcset=\"https:\/\/jornaltimoneiro.com.br\/wp-content\/uploads\/2023\/10\/WhatsApp-Image-2023-11-06-at-14.06.43.jpeg 1344w, https:\/\/jornaltimoneiro.com.br\/wp-content\/uploads\/2023\/10\/WhatsApp-Image-2023-11-06-at-14.06.43-300x48.jpeg 300w, https:\/\/jornaltimoneiro.com.br\/wp-content\/uploads\/2023\/10\/WhatsApp-Image-2023-11-06-at-14.06.43-1024x164.jpeg 1024w, https:\/\/jornaltimoneiro.com.br\/wp-content\/uploads\/2023\/10\/WhatsApp-Image-2023-11-06-at-14.06.43-768x123.jpeg 768w\" sizes=\"(max-width: 1344px) 100vw, 1344px\" \/><\/p>\n<p><em>Por Laira Souza<\/em><\/p>\n<p>Entre uma atividade e outra na Feira do Livro de Canoas, a escritora, poetiza, ativista cultural e cantora, Helena da Rosa, passou no est\u00fadio OTPlay, para nos contar um pouco de sua hist\u00f3ria no mundo das letras.<\/p>\n<p>Helena conta que em 2009 come\u00e7ou a escrever de maneira descompromissada. Mas que foi em 2011, ap\u00f3s ser convidada para um congresso de literatura do Mercosul, na Argentina, foi que se deu conta do comprometimento de escritores com as suas l\u00ednguas e literatura.<\/p>\n<blockquote><p>\u201cQuando voltei, senti que toda aquela movimenta\u00e7\u00e3o liter\u00e1ria havia me tocado e passei a escrever com um comprometimento com a literatura, que at\u00e9 ent\u00e3o eu n\u00e3o tinha.\u201d<\/p><\/blockquote>\n<p>Usando uma frase de Mario Quintana, que diz que n\u00e3o \u00e9 o poeta que vai atr\u00e1s da poesia e sim, a poesia que vai ao encontro do autor, Helena refor\u00e7a que foi naquele momento que percebeu que a poesia veio ao seu encontro. \u201cE eu n\u00e3o fugi\u201d, brinca.<\/p>\n<p>De l\u00e1 para c\u00e1, a escritora come\u00e7ou a escrever, se associou \u00e0 Casa do Poeta de Canoas e n\u00e3o parou mais. Sua primeira obra, Giz de Cera, foi lan\u00e7ada em 2021.<\/p>\n<p>O livro traz poemas com mensagens de otimismo e esperan\u00e7a frente \u00e0s adversidades do mundo. Nele a autora busca, atrav\u00e9s da palavra, estender um gesto de afeto e empatia sobre seu leitor. O livro, publicado pela editora Entreverbo, pode ser adquirido na Feira do Livro, ou em plataformas digitais.<\/p>\n<h4>Confira o epis\u00f3dio completo<\/h4>\n<p><iframe title=\"Zeca conversa com escritora Helena Da Rosa | 38\u00aa Feira do Livro de Canoas\" width=\"740\" height=\"416\" src=\"https:\/\/www.youtube.com\/embed\/N4HhFT0R5NY?start=312&#038;feature=oembed\" frameborder=\"0\" allow=\"accelerometer; autoplay; clipboard-write; encrypted-media; gyroscope; picture-in-picture; web-share\" allowfullscreen><\/iframe><\/p>\n<p>Confira outros epis\u00f3dios da cobertura exclusiva do Grupo O Timoneiro na Feira do Livro de Canoas no canal OT Play TV, no youtube.<\/p>\n","protected":false},"excerpt":{"rendered":"<p>Por Laira Souza Entre uma atividade e outra na Feira do Livro de Canoas, a escritora, poetiza, ativista cultural e cantora, Helena da Rosa, passou no est\u00fadio OTPlay, para nos contar um pouco de sua hist\u00f3ria no mundo das letras. Helena conta que em 2009 come\u00e7ou a escrever de maneira descompromissada. Mas que foi em [&hellip;]<\/p>\n","protected":false},"author":2,"featured_media":26080,"comment_status":"open","ping_status":"open","sticky":false,"template":"","format":"video","meta":{"amp_status":"","footnotes":""},"categories":[1479],"tags":[1397,31,116,1509,337,190,1086,1505,1507,1508,339,1506,44,214,213],"class_list":["post-26079","post","type-post","status-publish","format-video","has-post-thumbnail","hentry","category-feira-livro-2023","tag-38a-feira-do-livro-de-canoas","tag-canoas","tag-cultura","tag-entreverbo","tag-escritora","tag-featured","tag-grupo-ot","tag-helena-da-rosa","tag-jose-carlos-rodriguez","tag-laira-souza","tag-literatura","tag-otplay","tag-prefeitura-de-canoas","tag-regiao-metropolitana","tag-rio-grande-do-sul","post_format-post-format-video"],"yoast_head":"<!-- This site is optimized with the Yoast SEO plugin v20.5 - https:\/\/yoast.com\/wordpress\/plugins\/seo\/ -->\n<title>Escritora canoense Helena da Rosa conta um pouco da sua hist\u00f3ria - O Timoneiro Jornal Canoas RS<\/title>\n<meta name=\"description\" content=\"Escritora Canoense Helena da Rosa conta um hist\u00f3ria feira do livro de canoas cultura literatura Regi\u00e3o Metropolitana Rio Grande do Sul\" \/>\n<meta name=\"robots\" content=\"index, follow, max-snippet:-1, max-image-preview:large, max-video-preview:-1\" \/>\n<link rel=\"canonical\" href=\"https:\/\/jornaltimoneiro.com.br\/index.php\/2023\/10\/16\/escritora-canoense-helena-da-rosa-conta-um-pouco-da-sua-historia\/\" \/>\n<meta property=\"og:locale\" content=\"pt_BR\" \/>\n<meta property=\"og:type\" content=\"article\" \/>\n<meta property=\"og:title\" content=\"Escritora canoense Helena da Rosa conta um pouco da sua hist\u00f3ria - O Timoneiro Jornal Canoas RS\" \/>\n<meta property=\"og:description\" content=\"Escritora Canoense Helena da Rosa conta um hist\u00f3ria feira do livro de canoas cultura literatura Regi\u00e3o Metropolitana Rio Grande do Sul\" \/>\n<meta property=\"og:url\" content=\"https:\/\/jornaltimoneiro.com.br\/index.php\/2023\/10\/16\/escritora-canoense-helena-da-rosa-conta-um-pouco-da-sua-historia\/\" \/>\n<meta property=\"og:site_name\" content=\"O Timoneiro Jornal Canoas RS\" \/>\n<meta property=\"article:publisher\" content=\"https:\/\/www.facebook.com\/jornaltimoneiro\" \/>\n<meta property=\"article:published_time\" content=\"2023-10-16T19:59:45+00:00\" \/>\n<meta property=\"article:modified_time\" content=\"2023-11-06T17:14:48+00:00\" \/>\n<meta property=\"og:image\" content=\"https:\/\/jornaltimoneiro.com.br\/wp-content\/uploads\/2023\/10\/WhatsApp-Image-2023-10-15-at-17.38.01.jpeg\" \/>\n\t<meta property=\"og:image:width\" content=\"1080\" \/>\n\t<meta property=\"og:image:height\" content=\"607\" \/>\n\t<meta property=\"og:image:type\" content=\"image\/jpeg\" \/>\n<meta name=\"author\" content=\"Reda\u00e7\u00e3o\" \/>\n<meta name=\"twitter:card\" content=\"summary_large_image\" \/>\n<meta name=\"twitter:creator\" content=\"@_OTimoneiro\" \/>\n<meta name=\"twitter:site\" content=\"@_OTimoneiro\" \/>\n<meta name=\"twitter:label1\" content=\"Escrito por\" \/>\n\t<meta name=\"twitter:data1\" content=\"Reda\u00e7\u00e3o\" \/>\n\t<meta name=\"twitter:label2\" content=\"Est. tempo de leitura\" \/>\n\t<meta name=\"twitter:data2\" content=\"2 minutos\" \/>\n<script type=\"application\/ld+json\" class=\"yoast-schema-graph\">{\"@context\":\"https:\/\/schema.org\",\"@graph\":[{\"@type\":\"Article\",\"@id\":\"https:\/\/jornaltimoneiro.com.br\/index.php\/2023\/10\/16\/escritora-canoense-helena-da-rosa-conta-um-pouco-da-sua-historia\/#article\",\"isPartOf\":{\"@id\":\"https:\/\/jornaltimoneiro.com.br\/index.php\/2023\/10\/16\/escritora-canoense-helena-da-rosa-conta-um-pouco-da-sua-historia\/\"},\"author\":{\"name\":\"Reda\u00e7\u00e3o\",\"@id\":\"https:\/\/jornaltimoneiro.com.br\/#\/schema\/person\/f63482f1a02b1a9592707865e509ab40\"},\"headline\":\"Escritora canoense Helena da Rosa conta um pouco da sua hist\u00f3ria\",\"datePublished\":\"2023-10-16T19:59:45+00:00\",\"dateModified\":\"2023-11-06T17:14:48+00:00\",\"mainEntityOfPage\":{\"@id\":\"https:\/\/jornaltimoneiro.com.br\/index.php\/2023\/10\/16\/escritora-canoense-helena-da-rosa-conta-um-pouco-da-sua-historia\/\"},\"wordCount\":305,\"commentCount\":0,\"publisher\":{\"@id\":\"https:\/\/jornaltimoneiro.com.br\/#organization\"},\"keywords\":[\"38\u00aa Feira do Livro de Canoas\",\"canoas\",\"cultura\",\"Entreverbo\",\"escritora\",\"featured\",\"grupo ot\",\"Helena da Rosa\",\"Jos\u00e9 Carlos Rodriguez\",\"Laira Souza\",\"literatura\",\"OtPlay\",\"Prefeitura de Canoas\",\"regi\u00e3o metropolitana\",\"rio grande do sul\"],\"articleSection\":[\"Feira do Livro 2023\"],\"inLanguage\":\"pt-BR\",\"potentialAction\":[{\"@type\":\"CommentAction\",\"name\":\"Comment\",\"target\":[\"https:\/\/jornaltimoneiro.com.br\/index.php\/2023\/10\/16\/escritora-canoense-helena-da-rosa-conta-um-pouco-da-sua-historia\/#respond\"]}]},{\"@type\":\"WebPage\",\"@id\":\"https:\/\/jornaltimoneiro.com.br\/index.php\/2023\/10\/16\/escritora-canoense-helena-da-rosa-conta-um-pouco-da-sua-historia\/\",\"url\":\"https:\/\/jornaltimoneiro.com.br\/index.php\/2023\/10\/16\/escritora-canoense-helena-da-rosa-conta-um-pouco-da-sua-historia\/\",\"name\":\"Escritora canoense Helena da Rosa conta um pouco da sua hist\u00f3ria - O Timoneiro Jornal Canoas RS\",\"isPartOf\":{\"@id\":\"https:\/\/jornaltimoneiro.com.br\/#website\"},\"datePublished\":\"2023-10-16T19:59:45+00:00\",\"dateModified\":\"2023-11-06T17:14:48+00:00\",\"description\":\"Escritora Canoense Helena da Rosa conta um hist\u00f3ria feira do livro de canoas cultura literatura Regi\u00e3o Metropolitana Rio Grande do Sul\",\"breadcrumb\":{\"@id\":\"https:\/\/jornaltimoneiro.com.br\/index.php\/2023\/10\/16\/escritora-canoense-helena-da-rosa-conta-um-pouco-da-sua-historia\/#breadcrumb\"},\"inLanguage\":\"pt-BR\",\"potentialAction\":[{\"@type\":\"ReadAction\",\"target\":[\"https:\/\/jornaltimoneiro.com.br\/index.php\/2023\/10\/16\/escritora-canoense-helena-da-rosa-conta-um-pouco-da-sua-historia\/\"]}]},{\"@type\":\"BreadcrumbList\",\"@id\":\"https:\/\/jornaltimoneiro.com.br\/index.php\/2023\/10\/16\/escritora-canoense-helena-da-rosa-conta-um-pouco-da-sua-historia\/#breadcrumb\",\"itemListElement\":[{\"@type\":\"ListItem\",\"position\":1,\"name\":\"In\u00edcio\",\"item\":\"https:\/\/jornaltimoneiro.com.br\/\"},{\"@type\":\"ListItem\",\"position\":2,\"name\":\"Escritora canoense Helena da Rosa conta um pouco da sua hist\u00f3ria\"}]},{\"@type\":\"WebSite\",\"@id\":\"https:\/\/jornaltimoneiro.com.br\/#website\",\"url\":\"https:\/\/jornaltimoneiro.com.br\/\",\"name\":\"Jornal Timoneiro Canoas RS\",\"description\":\"Jornal O Timoneiro, o verdadeiro jornal de Canoas\",\"publisher\":{\"@id\":\"https:\/\/jornaltimoneiro.com.br\/#organization\"},\"potentialAction\":[{\"@type\":\"SearchAction\",\"target\":{\"@type\":\"EntryPoint\",\"urlTemplate\":\"https:\/\/jornaltimoneiro.com.br\/?s={search_term_string}\"},\"query-input\":\"required name=search_term_string\"}],\"inLanguage\":\"pt-BR\"},{\"@type\":\"Organization\",\"@id\":\"https:\/\/jornaltimoneiro.com.br\/#organization\",\"name\":\"Jornal Timoneiro Canoas RS\",\"url\":\"https:\/\/jornaltimoneiro.com.br\/\",\"logo\":{\"@type\":\"ImageObject\",\"inLanguage\":\"pt-BR\",\"@id\":\"https:\/\/jornaltimoneiro.com.br\/#\/schema\/logo\/image\/\",\"url\":\"https:\/\/jornaltimoneiro.com.br\/wp-content\/uploads\/2023\/03\/logonovo.png\",\"contentUrl\":\"https:\/\/jornaltimoneiro.com.br\/wp-content\/uploads\/2023\/03\/logonovo.png\",\"width\":\"469\",\"height\":\"171\",\"caption\":\"Jornal Timoneiro Canoas RS\"},\"image\":{\"@id\":\"https:\/\/jornaltimoneiro.com.br\/#\/schema\/logo\/image\/\"},\"sameAs\":[\"https:\/\/www.facebook.com\/jornaltimoneiro\",\"https:\/\/twitter.com\/_OTimoneiro\",\"https:\/\/www.instagram.com\/jornaltimoneirocanoas\/\",\"https:\/\/www.youtube.com\/@jornalotimoneiro7927\"]},{\"@type\":\"Person\",\"@id\":\"https:\/\/jornaltimoneiro.com.br\/#\/schema\/person\/f63482f1a02b1a9592707865e509ab40\",\"name\":\"Reda\u00e7\u00e3o\",\"image\":{\"@type\":\"ImageObject\",\"inLanguage\":\"pt-BR\",\"@id\":\"https:\/\/jornaltimoneiro.com.br\/#\/schema\/person\/image\/\",\"url\":\"https:\/\/jornaltimoneiro.com.br\/wp-content\/uploads\/2023\/03\/download.jpeg\",\"contentUrl\":\"https:\/\/jornaltimoneiro.com.br\/wp-content\/uploads\/2023\/03\/download.jpeg\",\"caption\":\"Reda\u00e7\u00e3o\"},\"url\":\"https:\/\/jornaltimoneiro.com.br\/index.php\/author\/simone-dutra\/\"}]}<\/script>\n<!-- \/ Yoast SEO plugin. -->","yoast_head_json":{"title":"Escritora canoense Helena da Rosa conta um pouco da sua hist\u00f3ria - O Timoneiro Jornal Canoas RS","description":"Escritora Canoense Helena da Rosa conta um hist\u00f3ria feira do livro de canoas cultura literatura Regi\u00e3o Metropolitana Rio Grande do Sul","robots":{"index":"index","follow":"follow","max-snippet":"max-snippet:-1","max-image-preview":"max-image-preview:large","max-video-preview":"max-video-preview:-1"},"canonical":"https:\/\/jornaltimoneiro.com.br\/index.php\/2023\/10\/16\/escritora-canoense-helena-da-rosa-conta-um-pouco-da-sua-historia\/","og_locale":"pt_BR","og_type":"article","og_title":"Escritora canoense Helena da Rosa conta um pouco da sua hist\u00f3ria - O Timoneiro Jornal Canoas RS","og_description":"Escritora Canoense Helena da Rosa conta um hist\u00f3ria feira do livro de canoas cultura literatura Regi\u00e3o Metropolitana Rio Grande do Sul","og_url":"https:\/\/jornaltimoneiro.com.br\/index.php\/2023\/10\/16\/escritora-canoense-helena-da-rosa-conta-um-pouco-da-sua-historia\/","og_site_name":"O Timoneiro Jornal Canoas RS","article_publisher":"https:\/\/www.facebook.com\/jornaltimoneiro","article_published_time":"2023-10-16T19:59:45+00:00","article_modified_time":"2023-11-06T17:14:48+00:00","og_image":[{"width":"1080","height":"607","url":"https:\/\/jornaltimoneiro.com.br\/wp-content\/uploads\/2023\/10\/WhatsApp-Image-2023-10-15-at-17.38.01.jpeg","type":"image\/jpeg"}],"author":"Reda\u00e7\u00e3o","twitter_card":"summary_large_image","twitter_creator":"@_OTimoneiro","twitter_site":"@_OTimoneiro","twitter_misc":{"Escrito por":"Reda\u00e7\u00e3o","Est. tempo de leitura":"2 minutos"},"schema":{"@context":"https:\/\/schema.org","@graph":[{"@type":"Article","@id":"https:\/\/jornaltimoneiro.com.br\/index.php\/2023\/10\/16\/escritora-canoense-helena-da-rosa-conta-um-pouco-da-sua-historia\/#article","isPartOf":{"@id":"https:\/\/jornaltimoneiro.com.br\/index.php\/2023\/10\/16\/escritora-canoense-helena-da-rosa-conta-um-pouco-da-sua-historia\/"},"author":{"name":"Reda\u00e7\u00e3o","@id":"https:\/\/jornaltimoneiro.com.br\/#\/schema\/person\/f63482f1a02b1a9592707865e509ab40"},"headline":"Escritora canoense Helena da Rosa conta um pouco da sua hist\u00f3ria","datePublished":"2023-10-16T19:59:45+00:00","dateModified":"2023-11-06T17:14:48+00:00","mainEntityOfPage":{"@id":"https:\/\/jornaltimoneiro.com.br\/index.php\/2023\/10\/16\/escritora-canoense-helena-da-rosa-conta-um-pouco-da-sua-historia\/"},"wordCount":305,"commentCount":0,"publisher":{"@id":"https:\/\/jornaltimoneiro.com.br\/#organization"},"keywords":["38\u00aa Feira do Livro de Canoas","canoas","cultura","Entreverbo","escritora","featured","grupo ot","Helena da Rosa","Jos\u00e9 Carlos Rodriguez","Laira Souza","literatura","OtPlay","Prefeitura de Canoas","regi\u00e3o metropolitana","rio grande do sul"],"articleSection":["Feira do Livro 2023"],"inLanguage":"pt-BR","potentialAction":[{"@type":"CommentAction","name":"Comment","target":["https:\/\/jornaltimoneiro.com.br\/index.php\/2023\/10\/16\/escritora-canoense-helena-da-rosa-conta-um-pouco-da-sua-historia\/#respond"]}]},{"@type":"WebPage","@id":"https:\/\/jornaltimoneiro.com.br\/index.php\/2023\/10\/16\/escritora-canoense-helena-da-rosa-conta-um-pouco-da-sua-historia\/","url":"https:\/\/jornaltimoneiro.com.br\/index.php\/2023\/10\/16\/escritora-canoense-helena-da-rosa-conta-um-pouco-da-sua-historia\/","name":"Escritora canoense Helena da Rosa conta um pouco da sua hist\u00f3ria - O Timoneiro Jornal Canoas RS","isPartOf":{"@id":"https:\/\/jornaltimoneiro.com.br\/#website"},"datePublished":"2023-10-16T19:59:45+00:00","dateModified":"2023-11-06T17:14:48+00:00","description":"Escritora Canoense Helena da Rosa conta um hist\u00f3ria feira do livro de canoas cultura literatura Regi\u00e3o Metropolitana Rio Grande do Sul","breadcrumb":{"@id":"https:\/\/jornaltimoneiro.com.br\/index.php\/2023\/10\/16\/escritora-canoense-helena-da-rosa-conta-um-pouco-da-sua-historia\/#breadcrumb"},"inLanguage":"pt-BR","potentialAction":[{"@type":"ReadAction","target":["https:\/\/jornaltimoneiro.com.br\/index.php\/2023\/10\/16\/escritora-canoense-helena-da-rosa-conta-um-pouco-da-sua-historia\/"]}]},{"@type":"BreadcrumbList","@id":"https:\/\/jornaltimoneiro.com.br\/index.php\/2023\/10\/16\/escritora-canoense-helena-da-rosa-conta-um-pouco-da-sua-historia\/#breadcrumb","itemListElement":[{"@type":"ListItem","position":1,"name":"In\u00edcio","item":"https:\/\/jornaltimoneiro.com.br\/"},{"@type":"ListItem","position":2,"name":"Escritora canoense Helena da Rosa conta um pouco da sua hist\u00f3ria"}]},{"@type":"WebSite","@id":"https:\/\/jornaltimoneiro.com.br\/#website","url":"https:\/\/jornaltimoneiro.com.br\/","name":"Jornal Timoneiro Canoas RS","description":"Jornal O Timoneiro, o verdadeiro jornal de Canoas","publisher":{"@id":"https:\/\/jornaltimoneiro.com.br\/#organization"},"potentialAction":[{"@type":"SearchAction","target":{"@type":"EntryPoint","urlTemplate":"https:\/\/jornaltimoneiro.com.br\/?s={search_term_string}"},"query-input":"required name=search_term_string"}],"inLanguage":"pt-BR"},{"@type":"Organization","@id":"https:\/\/jornaltimoneiro.com.br\/#organization","name":"Jornal Timoneiro Canoas RS","url":"https:\/\/jornaltimoneiro.com.br\/","logo":{"@type":"ImageObject","inLanguage":"pt-BR","@id":"https:\/\/jornaltimoneiro.com.br\/#\/schema\/logo\/image\/","url":"https:\/\/jornaltimoneiro.com.br\/wp-content\/uploads\/2023\/03\/logonovo.png","contentUrl":"https:\/\/jornaltimoneiro.com.br\/wp-content\/uploads\/2023\/03\/logonovo.png","width":"469","height":"171","caption":"Jornal Timoneiro Canoas RS"},"image":{"@id":"https:\/\/jornaltimoneiro.com.br\/#\/schema\/logo\/image\/"},"sameAs":["https:\/\/www.facebook.com\/jornaltimoneiro","https:\/\/twitter.com\/_OTimoneiro","https:\/\/www.instagram.com\/jornaltimoneirocanoas\/","https:\/\/www.youtube.com\/@jornalotimoneiro7927"]},{"@type":"Person","@id":"https:\/\/jornaltimoneiro.com.br\/#\/schema\/person\/f63482f1a02b1a9592707865e509ab40","name":"Reda\u00e7\u00e3o","image":{"@type":"ImageObject","inLanguage":"pt-BR","@id":"https:\/\/jornaltimoneiro.com.br\/#\/schema\/person\/image\/","url":"https:\/\/jornaltimoneiro.com.br\/wp-content\/uploads\/2023\/03\/download.jpeg","contentUrl":"https:\/\/jornaltimoneiro.com.br\/wp-content\/uploads\/2023\/03\/download.jpeg","caption":"Reda\u00e7\u00e3o"},"url":"https:\/\/jornaltimoneiro.com.br\/index.php\/author\/simone-dutra\/"}]}},"_links":{"self":[{"href":"https:\/\/jornaltimoneiro.com.br\/index.php\/wp-json\/wp\/v2\/posts\/26079"}],"collection":[{"href":"https:\/\/jornaltimoneiro.com.br\/index.php\/wp-json\/wp\/v2\/posts"}],"about":[{"href":"https:\/\/jornaltimoneiro.com.br\/index.php\/wp-json\/wp\/v2\/types\/post"}],"author":[{"embeddable":true,"href":"https:\/\/jornaltimoneiro.com.br\/index.php\/wp-json\/wp\/v2\/users\/2"}],"replies":[{"embeddable":true,"href":"https:\/\/jornaltimoneiro.com.br\/index.php\/wp-json\/wp\/v2\/comments?post=26079"}],"version-history":[{"count":4,"href":"https:\/\/jornaltimoneiro.com.br\/index.php\/wp-json\/wp\/v2\/posts\/26079\/revisions"}],"predecessor-version":[{"id":26297,"href":"https:\/\/jornaltimoneiro.com.br\/index.php\/wp-json\/wp\/v2\/posts\/26079\/revisions\/26297"}],"wp:featuredmedia":[{"embeddable":true,"href":"https:\/\/jornaltimoneiro.com.br\/index.php\/wp-json\/wp\/v2\/media\/26080"}],"wp:attachment":[{"href":"https:\/\/jornaltimoneiro.com.br\/index.php\/wp-json\/wp\/v2\/media?parent=26079"}],"wp:term":[{"taxonomy":"category","embeddable":true,"href":"https:\/\/jornaltimoneiro.com.br\/index.php\/wp-json\/wp\/v2\/categories?post=26079"},{"taxonomy":"post_tag","embeddable":true,"href":"https:\/\/jornaltimoneiro.com.br\/index.php\/wp-json\/wp\/v2\/tags?post=26079"}],"curies":[{"name":"wp","href":"https:\/\/api.w.org\/{rel}","templated":true}]}}