{"id":25981,"date":"2023-10-05T14:43:45","date_gmt":"2023-10-05T17:43:45","guid":{"rendered":"https:\/\/jornaltimoneiro.com.br\/?p=25981"},"modified":"2023-10-05T14:43:45","modified_gmt":"2023-10-05T17:43:45","slug":"pre-conferencia-de-cultura-acontece-nesta-quinta-feira-no-sesc-canoas","status":"publish","type":"post","link":"https:\/\/jornaltimoneiro.com.br\/index.php\/2023\/10\/05\/pre-conferencia-de-cultura-acontece-nesta-quinta-feira-no-sesc-canoas\/","title":{"rendered":"Pr\u00e9-Confer\u00eancia de Cultura acontece nesta quinta-feira, no Sesc Canoas"},"content":{"rendered":"<p>A Secretaria Municipal de Cultura de Canoas e o Conselho Municipal de Pol\u00edticas Culturais de Canoas, convidam para a Pr\u00e9-Confer\u00eancia de Cultura , nesta quinta-feira, 5 de outubro, quinta-feira, \u00e0s 14h no SESC Canoas.<\/p>\n<p>Inst\u00e2ncia de discuss\u00e3o e reflex\u00e3o sobre Cultura mediante a aproxima\u00e7\u00e3o do poder p\u00fablico e sociedade civil, a Pr\u00e9 Confer\u00eancia de Cultura, retorna para promover reuni\u00f5es com os fazedores da Cultura e as setoriais da Cultura de Canoas, bem como, para realizar contatos com lideran\u00e7as das setoriais e preparar material de orienta\u00e7\u00e3o para organiza\u00e7\u00e3o da 5\u00aa Confer\u00eancia Municipal de Cultura.<\/p>\n","protected":false},"excerpt":{"rendered":"<p>A Secretaria Municipal de Cultura de Canoas e o Conselho Municipal de Pol\u00edticas Culturais de Canoas, convidam para a Pr\u00e9-Confer\u00eancia de Cultura , nesta quinta-feira, 5 de outubro, quinta-feira, \u00e0s 14h no SESC Canoas. Inst\u00e2ncia de discuss\u00e3o e reflex\u00e3o sobre Cultura mediante a aproxima\u00e7\u00e3o do poder p\u00fablico e sociedade civil, a Pr\u00e9 Confer\u00eancia de Cultura, [&hellip;]<\/p>\n","protected":false},"author":2,"featured_media":25982,"comment_status":"open","ping_status":"open","sticky":false,"template":"","format":"standard","meta":{"amp_status":"","footnotes":""},"categories":[76],"tags":[116,1470,214,213,80,206],"class_list":["post-25981","post","type-post","status-publish","format-standard","has-post-thumbnail","hentry","category-cultura","tag-cultura","tag-pre-conferencia-de-cultura","tag-regiao-metropolitana","tag-rio-grande-do-sul","tag-rs","tag-sesc-canoas"],"yoast_head":"<!-- This site is optimized with the Yoast SEO plugin v20.5 - https:\/\/yoast.com\/wordpress\/plugins\/seo\/ -->\n<title>Pr\u00e9-Confer\u00eancia de Cultura acontece nesta quinta-feira, no Sesc Canoas - O Timoneiro Jornal Canoas RS<\/title>\n<meta name=\"description\" content=\"Pr\u00e9-Confer\u00eancia de Cultura acontece nesta quinta-feira, no Sesc Canoas cultura Regi\u00e3o Metropolitana Rio Grande do Sul RS\" \/>\n<meta name=\"robots\" content=\"index, follow, max-snippet:-1, max-image-preview:large, max-video-preview:-1\" \/>\n<link rel=\"canonical\" href=\"https:\/\/jornaltimoneiro.com.br\/index.php\/2023\/10\/05\/pre-conferencia-de-cultura-acontece-nesta-quinta-feira-no-sesc-canoas\/\" \/>\n<meta property=\"og:locale\" content=\"pt_BR\" \/>\n<meta property=\"og:type\" content=\"article\" \/>\n<meta property=\"og:title\" content=\"Pr\u00e9-Confer\u00eancia de Cultura acontece nesta quinta-feira, no Sesc Canoas - O Timoneiro Jornal Canoas RS\" \/>\n<meta property=\"og:description\" content=\"Pr\u00e9-Confer\u00eancia de Cultura acontece nesta quinta-feira, no Sesc Canoas cultura Regi\u00e3o Metropolitana Rio Grande do Sul RS\" \/>\n<meta property=\"og:url\" content=\"https:\/\/jornaltimoneiro.com.br\/index.php\/2023\/10\/05\/pre-conferencia-de-cultura-acontece-nesta-quinta-feira-no-sesc-canoas\/\" \/>\n<meta property=\"og:site_name\" content=\"O Timoneiro Jornal Canoas RS\" \/>\n<meta property=\"article:publisher\" content=\"https:\/\/www.facebook.com\/jornaltimoneiro\" \/>\n<meta property=\"article:published_time\" content=\"2023-10-05T17:43:45+00:00\" \/>\n<meta property=\"og:image\" content=\"https:\/\/jornaltimoneiro.com.br\/wp-content\/uploads\/2023\/10\/WhatsApp-Image-2023-10-05-at-14.22.23.jpeg\" \/>\n\t<meta property=\"og:image:width\" content=\"1080\" \/>\n\t<meta property=\"og:image:height\" content=\"638\" \/>\n\t<meta property=\"og:image:type\" content=\"image\/jpeg\" \/>\n<meta name=\"author\" content=\"Reda\u00e7\u00e3o\" \/>\n<meta name=\"twitter:card\" content=\"summary_large_image\" \/>\n<meta name=\"twitter:creator\" content=\"@_OTimoneiro\" \/>\n<meta name=\"twitter:site\" content=\"@_OTimoneiro\" \/>\n<meta name=\"twitter:label1\" content=\"Escrito por\" \/>\n\t<meta name=\"twitter:data1\" content=\"Reda\u00e7\u00e3o\" \/>\n\t<meta name=\"twitter:label2\" content=\"Est. tempo de leitura\" \/>\n\t<meta name=\"twitter:data2\" content=\"1 minuto\" \/>\n<script type=\"application\/ld+json\" class=\"yoast-schema-graph\">{\"@context\":\"https:\/\/schema.org\",\"@graph\":[{\"@type\":\"Article\",\"@id\":\"https:\/\/jornaltimoneiro.com.br\/index.php\/2023\/10\/05\/pre-conferencia-de-cultura-acontece-nesta-quinta-feira-no-sesc-canoas\/#article\",\"isPartOf\":{\"@id\":\"https:\/\/jornaltimoneiro.com.br\/index.php\/2023\/10\/05\/pre-conferencia-de-cultura-acontece-nesta-quinta-feira-no-sesc-canoas\/\"},\"author\":{\"name\":\"Reda\u00e7\u00e3o\",\"@id\":\"https:\/\/jornaltimoneiro.com.br\/#\/schema\/person\/f63482f1a02b1a9592707865e509ab40\"},\"headline\":\"Pr\u00e9-Confer\u00eancia de Cultura acontece nesta quinta-feira, no Sesc Canoas\",\"datePublished\":\"2023-10-05T17:43:45+00:00\",\"dateModified\":\"2023-10-05T17:43:45+00:00\",\"mainEntityOfPage\":{\"@id\":\"https:\/\/jornaltimoneiro.com.br\/index.php\/2023\/10\/05\/pre-conferencia-de-cultura-acontece-nesta-quinta-feira-no-sesc-canoas\/\"},\"wordCount\":115,\"commentCount\":0,\"publisher\":{\"@id\":\"https:\/\/jornaltimoneiro.com.br\/#organization\"},\"keywords\":[\"cultura\",\"pr\u00e9-confer\u00eancia de cultura\",\"regi\u00e3o metropolitana\",\"rio grande do sul\",\"RS\",\"sesc canoas\"],\"articleSection\":[\"Cultura\"],\"inLanguage\":\"pt-BR\",\"potentialAction\":[{\"@type\":\"CommentAction\",\"name\":\"Comment\",\"target\":[\"https:\/\/jornaltimoneiro.com.br\/index.php\/2023\/10\/05\/pre-conferencia-de-cultura-acontece-nesta-quinta-feira-no-sesc-canoas\/#respond\"]}]},{\"@type\":\"WebPage\",\"@id\":\"https:\/\/jornaltimoneiro.com.br\/index.php\/2023\/10\/05\/pre-conferencia-de-cultura-acontece-nesta-quinta-feira-no-sesc-canoas\/\",\"url\":\"https:\/\/jornaltimoneiro.com.br\/index.php\/2023\/10\/05\/pre-conferencia-de-cultura-acontece-nesta-quinta-feira-no-sesc-canoas\/\",\"name\":\"Pr\u00e9-Confer\u00eancia de Cultura acontece nesta quinta-feira, no Sesc Canoas - O Timoneiro Jornal Canoas RS\",\"isPartOf\":{\"@id\":\"https:\/\/jornaltimoneiro.com.br\/#website\"},\"datePublished\":\"2023-10-05T17:43:45+00:00\",\"dateModified\":\"2023-10-05T17:43:45+00:00\",\"description\":\"Pr\u00e9-Confer\u00eancia de Cultura acontece nesta quinta-feira, no Sesc Canoas cultura Regi\u00e3o Metropolitana Rio Grande do Sul RS\",\"breadcrumb\":{\"@id\":\"https:\/\/jornaltimoneiro.com.br\/index.php\/2023\/10\/05\/pre-conferencia-de-cultura-acontece-nesta-quinta-feira-no-sesc-canoas\/#breadcrumb\"},\"inLanguage\":\"pt-BR\",\"potentialAction\":[{\"@type\":\"ReadAction\",\"target\":[\"https:\/\/jornaltimoneiro.com.br\/index.php\/2023\/10\/05\/pre-conferencia-de-cultura-acontece-nesta-quinta-feira-no-sesc-canoas\/\"]}]},{\"@type\":\"BreadcrumbList\",\"@id\":\"https:\/\/jornaltimoneiro.com.br\/index.php\/2023\/10\/05\/pre-conferencia-de-cultura-acontece-nesta-quinta-feira-no-sesc-canoas\/#breadcrumb\",\"itemListElement\":[{\"@type\":\"ListItem\",\"position\":1,\"name\":\"In\u00edcio\",\"item\":\"https:\/\/jornaltimoneiro.com.br\/\"},{\"@type\":\"ListItem\",\"position\":2,\"name\":\"Pr\u00e9-Confer\u00eancia de Cultura acontece nesta quinta-feira, no Sesc Canoas\"}]},{\"@type\":\"WebSite\",\"@id\":\"https:\/\/jornaltimoneiro.com.br\/#website\",\"url\":\"https:\/\/jornaltimoneiro.com.br\/\",\"name\":\"Jornal Timoneiro Canoas RS\",\"description\":\"Jornal O Timoneiro, o verdadeiro jornal de Canoas\",\"publisher\":{\"@id\":\"https:\/\/jornaltimoneiro.com.br\/#organization\"},\"potentialAction\":[{\"@type\":\"SearchAction\",\"target\":{\"@type\":\"EntryPoint\",\"urlTemplate\":\"https:\/\/jornaltimoneiro.com.br\/?s={search_term_string}\"},\"query-input\":\"required name=search_term_string\"}],\"inLanguage\":\"pt-BR\"},{\"@type\":\"Organization\",\"@id\":\"https:\/\/jornaltimoneiro.com.br\/#organization\",\"name\":\"Jornal Timoneiro Canoas RS\",\"url\":\"https:\/\/jornaltimoneiro.com.br\/\",\"logo\":{\"@type\":\"ImageObject\",\"inLanguage\":\"pt-BR\",\"@id\":\"https:\/\/jornaltimoneiro.com.br\/#\/schema\/logo\/image\/\",\"url\":\"https:\/\/jornaltimoneiro.com.br\/wp-content\/uploads\/2023\/03\/logonovo.png\",\"contentUrl\":\"https:\/\/jornaltimoneiro.com.br\/wp-content\/uploads\/2023\/03\/logonovo.png\",\"width\":\"469\",\"height\":\"171\",\"caption\":\"Jornal Timoneiro Canoas RS\"},\"image\":{\"@id\":\"https:\/\/jornaltimoneiro.com.br\/#\/schema\/logo\/image\/\"},\"sameAs\":[\"https:\/\/www.facebook.com\/jornaltimoneiro\",\"https:\/\/twitter.com\/_OTimoneiro\",\"https:\/\/www.instagram.com\/jornaltimoneirocanoas\/\",\"https:\/\/www.youtube.com\/@jornalotimoneiro7927\"]},{\"@type\":\"Person\",\"@id\":\"https:\/\/jornaltimoneiro.com.br\/#\/schema\/person\/f63482f1a02b1a9592707865e509ab40\",\"name\":\"Reda\u00e7\u00e3o\",\"image\":{\"@type\":\"ImageObject\",\"inLanguage\":\"pt-BR\",\"@id\":\"https:\/\/jornaltimoneiro.com.br\/#\/schema\/person\/image\/\",\"url\":\"https:\/\/jornaltimoneiro.com.br\/wp-content\/uploads\/2023\/03\/download.jpeg\",\"contentUrl\":\"https:\/\/jornaltimoneiro.com.br\/wp-content\/uploads\/2023\/03\/download.jpeg\",\"caption\":\"Reda\u00e7\u00e3o\"},\"url\":\"https:\/\/jornaltimoneiro.com.br\/index.php\/author\/simone-dutra\/\"}]}<\/script>\n<!-- \/ Yoast SEO plugin. -->","yoast_head_json":{"title":"Pr\u00e9-Confer\u00eancia de Cultura acontece nesta quinta-feira, no Sesc Canoas - O Timoneiro Jornal Canoas RS","description":"Pr\u00e9-Confer\u00eancia de Cultura acontece nesta quinta-feira, no Sesc Canoas cultura Regi\u00e3o Metropolitana Rio Grande do Sul RS","robots":{"index":"index","follow":"follow","max-snippet":"max-snippet:-1","max-image-preview":"max-image-preview:large","max-video-preview":"max-video-preview:-1"},"canonical":"https:\/\/jornaltimoneiro.com.br\/index.php\/2023\/10\/05\/pre-conferencia-de-cultura-acontece-nesta-quinta-feira-no-sesc-canoas\/","og_locale":"pt_BR","og_type":"article","og_title":"Pr\u00e9-Confer\u00eancia de Cultura acontece nesta quinta-feira, no Sesc Canoas - O Timoneiro Jornal Canoas RS","og_description":"Pr\u00e9-Confer\u00eancia de Cultura acontece nesta quinta-feira, no Sesc Canoas cultura Regi\u00e3o Metropolitana Rio Grande do Sul RS","og_url":"https:\/\/jornaltimoneiro.com.br\/index.php\/2023\/10\/05\/pre-conferencia-de-cultura-acontece-nesta-quinta-feira-no-sesc-canoas\/","og_site_name":"O Timoneiro Jornal Canoas RS","article_publisher":"https:\/\/www.facebook.com\/jornaltimoneiro","article_published_time":"2023-10-05T17:43:45+00:00","og_image":[{"width":"1080","height":"638","url":"https:\/\/jornaltimoneiro.com.br\/wp-content\/uploads\/2023\/10\/WhatsApp-Image-2023-10-05-at-14.22.23.jpeg","type":"image\/jpeg"}],"author":"Reda\u00e7\u00e3o","twitter_card":"summary_large_image","twitter_creator":"@_OTimoneiro","twitter_site":"@_OTimoneiro","twitter_misc":{"Escrito por":"Reda\u00e7\u00e3o","Est. tempo de leitura":"1 minuto"},"schema":{"@context":"https:\/\/schema.org","@graph":[{"@type":"Article","@id":"https:\/\/jornaltimoneiro.com.br\/index.php\/2023\/10\/05\/pre-conferencia-de-cultura-acontece-nesta-quinta-feira-no-sesc-canoas\/#article","isPartOf":{"@id":"https:\/\/jornaltimoneiro.com.br\/index.php\/2023\/10\/05\/pre-conferencia-de-cultura-acontece-nesta-quinta-feira-no-sesc-canoas\/"},"author":{"name":"Reda\u00e7\u00e3o","@id":"https:\/\/jornaltimoneiro.com.br\/#\/schema\/person\/f63482f1a02b1a9592707865e509ab40"},"headline":"Pr\u00e9-Confer\u00eancia de Cultura acontece nesta quinta-feira, no Sesc Canoas","datePublished":"2023-10-05T17:43:45+00:00","dateModified":"2023-10-05T17:43:45+00:00","mainEntityOfPage":{"@id":"https:\/\/jornaltimoneiro.com.br\/index.php\/2023\/10\/05\/pre-conferencia-de-cultura-acontece-nesta-quinta-feira-no-sesc-canoas\/"},"wordCount":115,"commentCount":0,"publisher":{"@id":"https:\/\/jornaltimoneiro.com.br\/#organization"},"keywords":["cultura","pr\u00e9-confer\u00eancia de cultura","regi\u00e3o metropolitana","rio grande do sul","RS","sesc canoas"],"articleSection":["Cultura"],"inLanguage":"pt-BR","potentialAction":[{"@type":"CommentAction","name":"Comment","target":["https:\/\/jornaltimoneiro.com.br\/index.php\/2023\/10\/05\/pre-conferencia-de-cultura-acontece-nesta-quinta-feira-no-sesc-canoas\/#respond"]}]},{"@type":"WebPage","@id":"https:\/\/jornaltimoneiro.com.br\/index.php\/2023\/10\/05\/pre-conferencia-de-cultura-acontece-nesta-quinta-feira-no-sesc-canoas\/","url":"https:\/\/jornaltimoneiro.com.br\/index.php\/2023\/10\/05\/pre-conferencia-de-cultura-acontece-nesta-quinta-feira-no-sesc-canoas\/","name":"Pr\u00e9-Confer\u00eancia de Cultura acontece nesta quinta-feira, no Sesc Canoas - O Timoneiro Jornal Canoas RS","isPartOf":{"@id":"https:\/\/jornaltimoneiro.com.br\/#website"},"datePublished":"2023-10-05T17:43:45+00:00","dateModified":"2023-10-05T17:43:45+00:00","description":"Pr\u00e9-Confer\u00eancia de Cultura acontece nesta quinta-feira, no Sesc Canoas cultura Regi\u00e3o Metropolitana Rio Grande do Sul RS","breadcrumb":{"@id":"https:\/\/jornaltimoneiro.com.br\/index.php\/2023\/10\/05\/pre-conferencia-de-cultura-acontece-nesta-quinta-feira-no-sesc-canoas\/#breadcrumb"},"inLanguage":"pt-BR","potentialAction":[{"@type":"ReadAction","target":["https:\/\/jornaltimoneiro.com.br\/index.php\/2023\/10\/05\/pre-conferencia-de-cultura-acontece-nesta-quinta-feira-no-sesc-canoas\/"]}]},{"@type":"BreadcrumbList","@id":"https:\/\/jornaltimoneiro.com.br\/index.php\/2023\/10\/05\/pre-conferencia-de-cultura-acontece-nesta-quinta-feira-no-sesc-canoas\/#breadcrumb","itemListElement":[{"@type":"ListItem","position":1,"name":"In\u00edcio","item":"https:\/\/jornaltimoneiro.com.br\/"},{"@type":"ListItem","position":2,"name":"Pr\u00e9-Confer\u00eancia de Cultura acontece nesta quinta-feira, no Sesc Canoas"}]},{"@type":"WebSite","@id":"https:\/\/jornaltimoneiro.com.br\/#website","url":"https:\/\/jornaltimoneiro.com.br\/","name":"Jornal Timoneiro Canoas RS","description":"Jornal O Timoneiro, o verdadeiro jornal de Canoas","publisher":{"@id":"https:\/\/jornaltimoneiro.com.br\/#organization"},"potentialAction":[{"@type":"SearchAction","target":{"@type":"EntryPoint","urlTemplate":"https:\/\/jornaltimoneiro.com.br\/?s={search_term_string}"},"query-input":"required name=search_term_string"}],"inLanguage":"pt-BR"},{"@type":"Organization","@id":"https:\/\/jornaltimoneiro.com.br\/#organization","name":"Jornal Timoneiro Canoas RS","url":"https:\/\/jornaltimoneiro.com.br\/","logo":{"@type":"ImageObject","inLanguage":"pt-BR","@id":"https:\/\/jornaltimoneiro.com.br\/#\/schema\/logo\/image\/","url":"https:\/\/jornaltimoneiro.com.br\/wp-content\/uploads\/2023\/03\/logonovo.png","contentUrl":"https:\/\/jornaltimoneiro.com.br\/wp-content\/uploads\/2023\/03\/logonovo.png","width":"469","height":"171","caption":"Jornal Timoneiro Canoas RS"},"image":{"@id":"https:\/\/jornaltimoneiro.com.br\/#\/schema\/logo\/image\/"},"sameAs":["https:\/\/www.facebook.com\/jornaltimoneiro","https:\/\/twitter.com\/_OTimoneiro","https:\/\/www.instagram.com\/jornaltimoneirocanoas\/","https:\/\/www.youtube.com\/@jornalotimoneiro7927"]},{"@type":"Person","@id":"https:\/\/jornaltimoneiro.com.br\/#\/schema\/person\/f63482f1a02b1a9592707865e509ab40","name":"Reda\u00e7\u00e3o","image":{"@type":"ImageObject","inLanguage":"pt-BR","@id":"https:\/\/jornaltimoneiro.com.br\/#\/schema\/person\/image\/","url":"https:\/\/jornaltimoneiro.com.br\/wp-content\/uploads\/2023\/03\/download.jpeg","contentUrl":"https:\/\/jornaltimoneiro.com.br\/wp-content\/uploads\/2023\/03\/download.jpeg","caption":"Reda\u00e7\u00e3o"},"url":"https:\/\/jornaltimoneiro.com.br\/index.php\/author\/simone-dutra\/"}]}},"_links":{"self":[{"href":"https:\/\/jornaltimoneiro.com.br\/index.php\/wp-json\/wp\/v2\/posts\/25981"}],"collection":[{"href":"https:\/\/jornaltimoneiro.com.br\/index.php\/wp-json\/wp\/v2\/posts"}],"about":[{"href":"https:\/\/jornaltimoneiro.com.br\/index.php\/wp-json\/wp\/v2\/types\/post"}],"author":[{"embeddable":true,"href":"https:\/\/jornaltimoneiro.com.br\/index.php\/wp-json\/wp\/v2\/users\/2"}],"replies":[{"embeddable":true,"href":"https:\/\/jornaltimoneiro.com.br\/index.php\/wp-json\/wp\/v2\/comments?post=25981"}],"version-history":[{"count":1,"href":"https:\/\/jornaltimoneiro.com.br\/index.php\/wp-json\/wp\/v2\/posts\/25981\/revisions"}],"predecessor-version":[{"id":25983,"href":"https:\/\/jornaltimoneiro.com.br\/index.php\/wp-json\/wp\/v2\/posts\/25981\/revisions\/25983"}],"wp:featuredmedia":[{"embeddable":true,"href":"https:\/\/jornaltimoneiro.com.br\/index.php\/wp-json\/wp\/v2\/media\/25982"}],"wp:attachment":[{"href":"https:\/\/jornaltimoneiro.com.br\/index.php\/wp-json\/wp\/v2\/media?parent=25981"}],"wp:term":[{"taxonomy":"category","embeddable":true,"href":"https:\/\/jornaltimoneiro.com.br\/index.php\/wp-json\/wp\/v2\/categories?post=25981"},{"taxonomy":"post_tag","embeddable":true,"href":"https:\/\/jornaltimoneiro.com.br\/index.php\/wp-json\/wp\/v2\/tags?post=25981"}],"curies":[{"name":"wp","href":"https:\/\/api.w.org\/{rel}","templated":true}]}}