{"id":259,"date":"2015-06-01T14:26:04","date_gmt":"2015-06-01T17:26:04","guid":{"rendered":"http:\/\/otimoneiro.com.br\/?p=259"},"modified":"2015-06-01T14:26:04","modified_gmt":"2015-06-01T17:26:04","slug":"primeira-greve-dos-municiparios-de-nova-santa-rita-pede-834-de-reajuste","status":"publish","type":"post","link":"https:\/\/jornaltimoneiro.com.br\/index.php\/2015\/06\/01\/primeira-greve-dos-municiparios-de-nova-santa-rita-pede-834-de-reajuste\/","title":{"rendered":"Primeira Greve dos Municip\u00e1rios de Nova Santa Rita pede 8,34% de reajuste"},"content":{"rendered":"<p style=\"text-align: justify;\"><a href=\"http:\/\/otimoneiro.com.br\/wp-content\/uploads\/2015\/06\/DSC0946.jpg\"><img decoding=\"async\" class=\" size-medium wp-image-260 alignright\" src=\"http:\/\/otimoneiro.com.br\/wp-content\/uploads\/2015\/06\/DSC0946-300x200.jpg\" alt=\"_DSC0946\" width=\"300\" height=\"200\" \/><\/a>O sindicato dos servidores municipais de Nova Santa Rita (SSENASAR) faz uma manifesta\u00e7\u00e3o em frente \u00e0 Prefeitura desde as 8 horas da manh\u00e3 de hoje. Os Municip\u00e1rios, cerca de 600 funcion\u00e1rios concursados em todo munic\u00edpio, reivindicam um reajuste salarial de 8,34%, negado pelo governo municipal. Uma contraproposta de 3,54% foi apresentada na C\u00e2mara dos Vereadores, mas com a rejei\u00e7\u00e3o do sindicato n\u00e3o foi adiante, recebendo este a proposta de 0% dias ap\u00f3s a negativa.<\/p>\n<p style=\"text-align: justify;\">Valni Ribeiro, 21 anos de Prefeitura, servidora da parte administrativa v\u00ea a atitude da prefeita com tristeza. Segundo ela, a maioria dos servidores votou nela. Acreditavam no partido dos trabalhadores. \u201cCom certeza ningu\u00e9m gostaria de estar aqui. Somos todos comprometidos tanto com a comunidade quanto com a administra\u00e7\u00e3o. Gostar\u00edamos de estar trabalhando no nosso setor e ajudando o munic\u00edpio a crescer\u201d.<\/p>\n<p style=\"text-align: justify;\"><a href=\"http:\/\/otimoneiro.com.br\/wp-content\/uploads\/2015\/06\/DSC0964.jpg\"><img decoding=\"async\" class=\"  wp-image-264 alignleft\" src=\"http:\/\/otimoneiro.com.br\/wp-content\/uploads\/2015\/06\/DSC0964-200x300.jpg\" alt=\"_DSC0964\" width=\"162\" height=\"243\" \/><\/a><\/p>\n<p style=\"text-align: justify;\">Na sexta-feira, 26, o sindicato lotou a casa legislativa do munic\u00edpio e, fazendo uso da tribuna, a presidente Ana Claudia Pedreira Fraga informou que os servidores municipais est\u00e3o em estado de greve e que n\u00e3o aceitar\u00e3o a revis\u00e3o proposta pelo Executivo Municipal. No legislativo apenas quatro vereadores apoiam a a\u00e7\u00e3o do\u00a0Executivo.<\/p>\n<p style=\"text-align: justify;\">Virginia Proen\u00e7a, 36 anos, servidora da secretaria de sa\u00fade de Nova Santa Rita h\u00e1 11 anos, afirmou que os servidores est\u00e3o em um processo de desgasta h\u00e1 anos. \u201cChegou num ponto que ningu\u00e9m mais tolera mais nada. Essa negativa do aumento, na verdade, foi o fim, foi o estopim, a gota d\u2019\u00e1gua para o funcion\u00e1rios que est\u00e1 descontente e n\u00e3o \u00e9 de hoje, mas h\u00e1 muito tempo\u201d.<\/p>\n<p style=\"text-align: justify;\"><strong>Sindicato quer respeito e valoriza\u00e7\u00e3o<\/strong><\/p>\n<div id=\"attachment_262\" style=\"width: 270px\" class=\"wp-caption alignright\"><a href=\"http:\/\/otimoneiro.com.br\/wp-content\/uploads\/2015\/06\/DSC0919.jpg\"><img decoding=\"async\" aria-describedby=\"caption-attachment-262\" class=\" wp-image-262\" src=\"http:\/\/otimoneiro.com.br\/wp-content\/uploads\/2015\/06\/DSC0919-300x200.jpg\" alt=\"Presidente do Sindicato dos Municip\u00e1rios de Nova Santa Rita\" width=\"260\" height=\"173\" \/><\/a><p id=\"caption-attachment-262\" class=\"wp-caption-text\">Presidente do Sindicato dos Municip\u00e1rios de Nova Santa Rita<\/p><\/div>\n<p style=\"text-align: justify;\">Ana Claudia Pedreira Fraga, 45 anos, professora do munic\u00edpio h\u00e1 25 anos, presidente do sindicato dos servidores, informou que a paralisa\u00e7\u00e3o serve para chamar a aten\u00e7\u00e3o da Prefeita. \u201cEsta paralisa\u00e7\u00e3o serve para chamar a aten\u00e7\u00e3o da Prefeita, porque ela est\u00e1 retalhando o servidor p\u00fablico n\u00e3o dando o reajuste. N\u00f3s estamos reivindicando nosso reajuste que \u00e9 o \u00edndice da infla\u00e7\u00e3o. Ela mandou um projeto para C\u00e2mara de 3,54%, retirou porque fizemos um protesto na C\u00e2mara e sexta nos ofereceu 0%. O servidor est\u00e1 indignado em busca de respeito, de valoriza\u00e7\u00e3o e o descaso que foi deixar passar nossa database. Nossa database \u00e9 maio, hoje j\u00e1 \u00e9 primeiro de junho&#8221; explica.<br \/>\n&#8220;A ades\u00e3o \u00e9 80%. Est\u00e1 aqui hoje um n\u00famero de 30%. Pessoal est\u00e1 no seu setor de trabalho, mas indignado e parceiro. Eu nunca imaginava que isto fosse acontecer em uma administra\u00e7\u00e3o do PT. Partido dos Trabalhadores. \u00c9 um caso perdido. Eles est\u00e3o perdidos. Mas a gente tem a esperan\u00e7a que eles se encontrem, achem a solu\u00e7\u00e3o e venham trazer para n\u00f3s a nossa resposta. A maioria dos vereadores est\u00e1 apoiando o reajuste. S\u00f3 quatro vereadores n\u00e3o est\u00e3o apoiando, que s\u00e3o da bancada do PT e do Pros (Partido Republicano da Ordem Social)&#8221;, conclui.<\/p>\n<div id=\"attachment_261\" style=\"width: 296px\" class=\"wp-caption alignleft\"><a href=\"http:\/\/otimoneiro.com.br\/wp-content\/uploads\/2015\/06\/DSC0961.jpg\"><img decoding=\"async\" aria-describedby=\"caption-attachment-261\" class=\" wp-image-261\" src=\"http:\/\/otimoneiro.com.br\/wp-content\/uploads\/2015\/06\/DSC0961-300x200.jpg\" alt=\"Professora Nova Santa Rita\" width=\"286\" height=\"190\" \/><\/a><p id=\"caption-attachment-261\" class=\"wp-caption-text\">Professora Nova Santa Rita<\/p><\/div>\n<p style=\"text-align: justify;\">A professora Viviane Brand\u00e3o, 32 anos, servidora h\u00e1 pouco mais de um ano na cidade, classifica como complicada a situa\u00e7\u00e3o. \u201cComo educadora, como professora, a gente espera no m\u00ednimo que ela se coloque no nosso lugar e que entenda a nossa posi\u00e7\u00e3o como servidor municipal, pois ela sabe da import\u00e2ncia que o servidor tem\u201d, conclui informando que ainda n\u00e3o abriu concurso p\u00fablico para a classe.<\/p>\n<p style=\"text-align: justify;\"><strong>O que diz o Governo Municipal<\/strong><br \/>\nO procurador geral do munic\u00edpio, Rene de Oliveira Gomes, informou que a manifesta\u00e7\u00e3o foi informada e consentida pela Prefeitura, em exemplo do di\u00e1logo da mesma para com o sindicato, inclusive com oportunidade de assinatura do ponto.<br \/>\nEm entrevista \u00e0 equipe presente na manifesta\u00e7\u00e3o a prefeita do munic\u00edpio, Margarete Ferretti (PT), afirmou que a maioria dos servidores n\u00e3o aderiram a greve. \u201cA educa\u00e7\u00e3o est\u00e1 sendo atendida, Agricultura n\u00e3o parou ningu\u00e9m, a Fazenda parou seis pessoas, na sa\u00fade estamos atendendo nos postos de sa\u00fade. O levantamento que eu tenho at\u00e9 agora, levantado pelos secret\u00e1rios, \u00e9 de que 85% da categoria est\u00e1 trabalhando. Todos est\u00e3o sendo atendidos\u201d, confirma.<br \/>\nSegundo ela, o munic\u00edpio gasta mais da metade do faturamento com os servidores. \u201cN\u00f3s estamos gastando, com servidores p\u00fablicos, em torno de 52,17% da folha. Investimos mais de 25% em educa\u00e7\u00e3o. Em torno de 19% na sa\u00fade. N\u00f3s pagamos duas licen\u00e7as pr\u00eamio desde que assumimos. No ano passado n\u00f3s demos aumento pelo GPM, em torno de 8%, em torno de 3% acima da infla\u00e7\u00e3o. No ano passado t\u00ednhamos melhorado muito a nossa receita em virtude de cobran\u00e7a tribut\u00e1ria dos que estavam devedores para o munic\u00edpio.<br \/>\nSobre o pedido dos manifestantes, 8,34%, afirmou que a margem \u00e9 imposs\u00edvel. \u201cEssa margem, neste momento, n\u00e3o \u00e9 poss\u00edvel n\u00f3s chegarmos a tanto. N\u00f3s estamos gastando 52,17% com a folha de pagamento e n\u00f3s temos que respeitar a lei de responsabilidade fiscal e o limite prudencial \u00e9 51%\u201d, confirma informando que o valor pago aos mun\u00edcipes excede o que determina a Lei.<\/p>\n<div id=\"attachment_263\" style=\"width: 489px\" class=\"wp-caption aligncenter\"><a href=\"http:\/\/otimoneiro.com.br\/wp-content\/uploads\/2015\/06\/DSC0953.jpg\"><img decoding=\"async\" aria-describedby=\"caption-attachment-263\" class=\" wp-image-263\" src=\"http:\/\/otimoneiro.com.br\/wp-content\/uploads\/2015\/06\/DSC0953-300x200.jpg\" alt=\"Panela\u00e7o na Prefeitura de Nova Santa Rita \" width=\"479\" height=\"319\" \/><\/a><p id=\"caption-attachment-263\" class=\"wp-caption-text\">Panela\u00e7o na Prefeitura de Nova Santa Rita<\/p><\/div>\n","protected":false},"excerpt":{"rendered":"<p>Prefeita afirmou j\u00e1 gastar 52% da folha com os servidores e que n\u00e3o \u00e9 poss\u00edvel chegar a margem desejada<\/p>\n","protected":false},"author":1,"featured_media":265,"comment_status":"open","ping_status":"open","sticky":false,"template":"","format":"standard","meta":{"amp_status":"","footnotes":""},"categories":[25,19,22,20],"tags":[],"class_list":["post-259","post","type-post","status-publish","format-standard","has-post-thumbnail","hentry","category-comunidade","category-destaques","category-noticias","category-politica-noticias"],"yoast_head":"<!-- This site is optimized with the Yoast SEO plugin v20.5 - https:\/\/yoast.com\/wordpress\/plugins\/seo\/ -->\n<title>Primeira Greve dos Municip\u00e1rios de Nova Santa Rita pede 8,34% de reajuste - O Timoneiro Jornal Canoas RS<\/title>\n<meta name=\"robots\" content=\"index, follow, max-snippet:-1, max-image-preview:large, max-video-preview:-1\" \/>\n<link rel=\"canonical\" href=\"https:\/\/jornaltimoneiro.com.br\/index.php\/2015\/06\/01\/primeira-greve-dos-municiparios-de-nova-santa-rita-pede-834-de-reajuste\/\" \/>\n<meta property=\"og:locale\" content=\"pt_BR\" \/>\n<meta property=\"og:type\" content=\"article\" \/>\n<meta property=\"og:title\" content=\"Primeira Greve dos Municip\u00e1rios de Nova Santa Rita pede 8,34% de reajuste - O Timoneiro Jornal Canoas RS\" \/>\n<meta property=\"og:description\" content=\"Prefeita afirmou j\u00e1 gastar 52% da folha com os servidores e que n\u00e3o \u00e9 poss\u00edvel chegar a margem desejada\" \/>\n<meta property=\"og:url\" content=\"https:\/\/jornaltimoneiro.com.br\/index.php\/2015\/06\/01\/primeira-greve-dos-municiparios-de-nova-santa-rita-pede-834-de-reajuste\/\" \/>\n<meta property=\"og:site_name\" content=\"O Timoneiro Jornal Canoas RS\" \/>\n<meta property=\"article:publisher\" content=\"https:\/\/www.facebook.com\/jornaltimoneiro\" \/>\n<meta property=\"article:published_time\" content=\"2015-06-01T17:26:04+00:00\" \/>\n<meta name=\"author\" content=\"Reda\u00e7\u00e3o\" \/>\n<meta name=\"twitter:card\" content=\"summary_large_image\" \/>\n<meta name=\"twitter:creator\" content=\"@_OTimoneiro\" \/>\n<meta name=\"twitter:site\" content=\"@_OTimoneiro\" \/>\n<meta name=\"twitter:label1\" content=\"Escrito por\" \/>\n\t<meta name=\"twitter:data1\" content=\"Reda\u00e7\u00e3o\" \/>\n\t<meta name=\"twitter:label2\" content=\"Est. tempo de leitura\" \/>\n\t<meta name=\"twitter:data2\" content=\"4 minutos\" \/>\n<script type=\"application\/ld+json\" class=\"yoast-schema-graph\">{\"@context\":\"https:\/\/schema.org\",\"@graph\":[{\"@type\":\"Article\",\"@id\":\"https:\/\/jornaltimoneiro.com.br\/index.php\/2015\/06\/01\/primeira-greve-dos-municiparios-de-nova-santa-rita-pede-834-de-reajuste\/#article\",\"isPartOf\":{\"@id\":\"https:\/\/jornaltimoneiro.com.br\/index.php\/2015\/06\/01\/primeira-greve-dos-municiparios-de-nova-santa-rita-pede-834-de-reajuste\/\"},\"author\":{\"name\":\"Reda\u00e7\u00e3o\",\"@id\":\"https:\/\/jornaltimoneiro.com.br\/#\/schema\/person\/620efd1d8244466117482be494360b08\"},\"headline\":\"Primeira Greve dos Municip\u00e1rios de Nova Santa Rita pede 8,34% de reajuste\",\"datePublished\":\"2015-06-01T17:26:04+00:00\",\"dateModified\":\"2015-06-01T17:26:04+00:00\",\"mainEntityOfPage\":{\"@id\":\"https:\/\/jornaltimoneiro.com.br\/index.php\/2015\/06\/01\/primeira-greve-dos-municiparios-de-nova-santa-rita-pede-834-de-reajuste\/\"},\"wordCount\":892,\"commentCount\":0,\"publisher\":{\"@id\":\"https:\/\/jornaltimoneiro.com.br\/#organization\"},\"articleSection\":[\"Comunidade\",\"Destaques\",\"Not\u00edcias\",\"Pol\u00edtica\"],\"inLanguage\":\"pt-BR\",\"potentialAction\":[{\"@type\":\"CommentAction\",\"name\":\"Comment\",\"target\":[\"https:\/\/jornaltimoneiro.com.br\/index.php\/2015\/06\/01\/primeira-greve-dos-municiparios-de-nova-santa-rita-pede-834-de-reajuste\/#respond\"]}]},{\"@type\":\"WebPage\",\"@id\":\"https:\/\/jornaltimoneiro.com.br\/index.php\/2015\/06\/01\/primeira-greve-dos-municiparios-de-nova-santa-rita-pede-834-de-reajuste\/\",\"url\":\"https:\/\/jornaltimoneiro.com.br\/index.php\/2015\/06\/01\/primeira-greve-dos-municiparios-de-nova-santa-rita-pede-834-de-reajuste\/\",\"name\":\"Primeira Greve dos Municip\u00e1rios de Nova Santa Rita pede 8,34% de reajuste - O Timoneiro Jornal Canoas RS\",\"isPartOf\":{\"@id\":\"https:\/\/jornaltimoneiro.com.br\/#website\"},\"datePublished\":\"2015-06-01T17:26:04+00:00\",\"dateModified\":\"2015-06-01T17:26:04+00:00\",\"breadcrumb\":{\"@id\":\"https:\/\/jornaltimoneiro.com.br\/index.php\/2015\/06\/01\/primeira-greve-dos-municiparios-de-nova-santa-rita-pede-834-de-reajuste\/#breadcrumb\"},\"inLanguage\":\"pt-BR\",\"potentialAction\":[{\"@type\":\"ReadAction\",\"target\":[\"https:\/\/jornaltimoneiro.com.br\/index.php\/2015\/06\/01\/primeira-greve-dos-municiparios-de-nova-santa-rita-pede-834-de-reajuste\/\"]}]},{\"@type\":\"BreadcrumbList\",\"@id\":\"https:\/\/jornaltimoneiro.com.br\/index.php\/2015\/06\/01\/primeira-greve-dos-municiparios-de-nova-santa-rita-pede-834-de-reajuste\/#breadcrumb\",\"itemListElement\":[{\"@type\":\"ListItem\",\"position\":1,\"name\":\"In\u00edcio\",\"item\":\"https:\/\/jornaltimoneiro.com.br\/\"},{\"@type\":\"ListItem\",\"position\":2,\"name\":\"Primeira Greve dos Municip\u00e1rios de Nova Santa Rita pede 8,34% de reajuste\"}]},{\"@type\":\"WebSite\",\"@id\":\"https:\/\/jornaltimoneiro.com.br\/#website\",\"url\":\"https:\/\/jornaltimoneiro.com.br\/\",\"name\":\"Jornal Timoneiro Canoas RS\",\"description\":\"Jornal O Timoneiro, o verdadeiro jornal de Canoas\",\"publisher\":{\"@id\":\"https:\/\/jornaltimoneiro.com.br\/#organization\"},\"potentialAction\":[{\"@type\":\"SearchAction\",\"target\":{\"@type\":\"EntryPoint\",\"urlTemplate\":\"https:\/\/jornaltimoneiro.com.br\/?s={search_term_string}\"},\"query-input\":\"required name=search_term_string\"}],\"inLanguage\":\"pt-BR\"},{\"@type\":\"Organization\",\"@id\":\"https:\/\/jornaltimoneiro.com.br\/#organization\",\"name\":\"Jornal Timoneiro Canoas RS\",\"url\":\"https:\/\/jornaltimoneiro.com.br\/\",\"logo\":{\"@type\":\"ImageObject\",\"inLanguage\":\"pt-BR\",\"@id\":\"https:\/\/jornaltimoneiro.com.br\/#\/schema\/logo\/image\/\",\"url\":\"https:\/\/jornaltimoneiro.com.br\/wp-content\/uploads\/2023\/03\/logonovo.png\",\"contentUrl\":\"https:\/\/jornaltimoneiro.com.br\/wp-content\/uploads\/2023\/03\/logonovo.png\",\"width\":\"469\",\"height\":\"171\",\"caption\":\"Jornal Timoneiro Canoas RS\"},\"image\":{\"@id\":\"https:\/\/jornaltimoneiro.com.br\/#\/schema\/logo\/image\/\"},\"sameAs\":[\"https:\/\/www.facebook.com\/jornaltimoneiro\",\"https:\/\/twitter.com\/_OTimoneiro\",\"https:\/\/www.instagram.com\/jornaltimoneirocanoas\/\",\"https:\/\/www.youtube.com\/@jornalotimoneiro7927\"]},{\"@type\":\"Person\",\"@id\":\"https:\/\/jornaltimoneiro.com.br\/#\/schema\/person\/620efd1d8244466117482be494360b08\",\"name\":\"Reda\u00e7\u00e3o\",\"image\":{\"@type\":\"ImageObject\",\"inLanguage\":\"pt-BR\",\"@id\":\"https:\/\/jornaltimoneiro.com.br\/#\/schema\/person\/image\/\",\"url\":\"https:\/\/secure.gravatar.com\/avatar\/2f04e1b304682a8d9db336c7acd77f08?s=96&d=mm&r=g\",\"contentUrl\":\"https:\/\/secure.gravatar.com\/avatar\/2f04e1b304682a8d9db336c7acd77f08?s=96&d=mm&r=g\",\"caption\":\"Reda\u00e7\u00e3o\"},\"url\":\"https:\/\/jornaltimoneiro.com.br\/index.php\/author\/timoneirocanoas\/\"}]}<\/script>\n<!-- \/ Yoast SEO plugin. -->","yoast_head_json":{"title":"Primeira Greve dos Municip\u00e1rios de Nova Santa Rita pede 8,34% de reajuste - O Timoneiro Jornal Canoas RS","robots":{"index":"index","follow":"follow","max-snippet":"max-snippet:-1","max-image-preview":"max-image-preview:large","max-video-preview":"max-video-preview:-1"},"canonical":"https:\/\/jornaltimoneiro.com.br\/index.php\/2015\/06\/01\/primeira-greve-dos-municiparios-de-nova-santa-rita-pede-834-de-reajuste\/","og_locale":"pt_BR","og_type":"article","og_title":"Primeira Greve dos Municip\u00e1rios de Nova Santa Rita pede 8,34% de reajuste - O Timoneiro Jornal Canoas RS","og_description":"Prefeita afirmou j\u00e1 gastar 52% da folha com os servidores e que n\u00e3o \u00e9 poss\u00edvel chegar a margem desejada","og_url":"https:\/\/jornaltimoneiro.com.br\/index.php\/2015\/06\/01\/primeira-greve-dos-municiparios-de-nova-santa-rita-pede-834-de-reajuste\/","og_site_name":"O Timoneiro Jornal Canoas RS","article_publisher":"https:\/\/www.facebook.com\/jornaltimoneiro","article_published_time":"2015-06-01T17:26:04+00:00","author":"Reda\u00e7\u00e3o","twitter_card":"summary_large_image","twitter_creator":"@_OTimoneiro","twitter_site":"@_OTimoneiro","twitter_misc":{"Escrito por":"Reda\u00e7\u00e3o","Est. tempo de leitura":"4 minutos"},"schema":{"@context":"https:\/\/schema.org","@graph":[{"@type":"Article","@id":"https:\/\/jornaltimoneiro.com.br\/index.php\/2015\/06\/01\/primeira-greve-dos-municiparios-de-nova-santa-rita-pede-834-de-reajuste\/#article","isPartOf":{"@id":"https:\/\/jornaltimoneiro.com.br\/index.php\/2015\/06\/01\/primeira-greve-dos-municiparios-de-nova-santa-rita-pede-834-de-reajuste\/"},"author":{"name":"Reda\u00e7\u00e3o","@id":"https:\/\/jornaltimoneiro.com.br\/#\/schema\/person\/620efd1d8244466117482be494360b08"},"headline":"Primeira Greve dos Municip\u00e1rios de Nova Santa Rita pede 8,34% de reajuste","datePublished":"2015-06-01T17:26:04+00:00","dateModified":"2015-06-01T17:26:04+00:00","mainEntityOfPage":{"@id":"https:\/\/jornaltimoneiro.com.br\/index.php\/2015\/06\/01\/primeira-greve-dos-municiparios-de-nova-santa-rita-pede-834-de-reajuste\/"},"wordCount":892,"commentCount":0,"publisher":{"@id":"https:\/\/jornaltimoneiro.com.br\/#organization"},"articleSection":["Comunidade","Destaques","Not\u00edcias","Pol\u00edtica"],"inLanguage":"pt-BR","potentialAction":[{"@type":"CommentAction","name":"Comment","target":["https:\/\/jornaltimoneiro.com.br\/index.php\/2015\/06\/01\/primeira-greve-dos-municiparios-de-nova-santa-rita-pede-834-de-reajuste\/#respond"]}]},{"@type":"WebPage","@id":"https:\/\/jornaltimoneiro.com.br\/index.php\/2015\/06\/01\/primeira-greve-dos-municiparios-de-nova-santa-rita-pede-834-de-reajuste\/","url":"https:\/\/jornaltimoneiro.com.br\/index.php\/2015\/06\/01\/primeira-greve-dos-municiparios-de-nova-santa-rita-pede-834-de-reajuste\/","name":"Primeira Greve dos Municip\u00e1rios de Nova Santa Rita pede 8,34% de reajuste - O Timoneiro Jornal Canoas RS","isPartOf":{"@id":"https:\/\/jornaltimoneiro.com.br\/#website"},"datePublished":"2015-06-01T17:26:04+00:00","dateModified":"2015-06-01T17:26:04+00:00","breadcrumb":{"@id":"https:\/\/jornaltimoneiro.com.br\/index.php\/2015\/06\/01\/primeira-greve-dos-municiparios-de-nova-santa-rita-pede-834-de-reajuste\/#breadcrumb"},"inLanguage":"pt-BR","potentialAction":[{"@type":"ReadAction","target":["https:\/\/jornaltimoneiro.com.br\/index.php\/2015\/06\/01\/primeira-greve-dos-municiparios-de-nova-santa-rita-pede-834-de-reajuste\/"]}]},{"@type":"BreadcrumbList","@id":"https:\/\/jornaltimoneiro.com.br\/index.php\/2015\/06\/01\/primeira-greve-dos-municiparios-de-nova-santa-rita-pede-834-de-reajuste\/#breadcrumb","itemListElement":[{"@type":"ListItem","position":1,"name":"In\u00edcio","item":"https:\/\/jornaltimoneiro.com.br\/"},{"@type":"ListItem","position":2,"name":"Primeira Greve dos Municip\u00e1rios de Nova Santa Rita pede 8,34% de reajuste"}]},{"@type":"WebSite","@id":"https:\/\/jornaltimoneiro.com.br\/#website","url":"https:\/\/jornaltimoneiro.com.br\/","name":"Jornal Timoneiro Canoas RS","description":"Jornal O Timoneiro, o verdadeiro jornal de Canoas","publisher":{"@id":"https:\/\/jornaltimoneiro.com.br\/#organization"},"potentialAction":[{"@type":"SearchAction","target":{"@type":"EntryPoint","urlTemplate":"https:\/\/jornaltimoneiro.com.br\/?s={search_term_string}"},"query-input":"required name=search_term_string"}],"inLanguage":"pt-BR"},{"@type":"Organization","@id":"https:\/\/jornaltimoneiro.com.br\/#organization","name":"Jornal Timoneiro Canoas RS","url":"https:\/\/jornaltimoneiro.com.br\/","logo":{"@type":"ImageObject","inLanguage":"pt-BR","@id":"https:\/\/jornaltimoneiro.com.br\/#\/schema\/logo\/image\/","url":"https:\/\/jornaltimoneiro.com.br\/wp-content\/uploads\/2023\/03\/logonovo.png","contentUrl":"https:\/\/jornaltimoneiro.com.br\/wp-content\/uploads\/2023\/03\/logonovo.png","width":"469","height":"171","caption":"Jornal Timoneiro Canoas RS"},"image":{"@id":"https:\/\/jornaltimoneiro.com.br\/#\/schema\/logo\/image\/"},"sameAs":["https:\/\/www.facebook.com\/jornaltimoneiro","https:\/\/twitter.com\/_OTimoneiro","https:\/\/www.instagram.com\/jornaltimoneirocanoas\/","https:\/\/www.youtube.com\/@jornalotimoneiro7927"]},{"@type":"Person","@id":"https:\/\/jornaltimoneiro.com.br\/#\/schema\/person\/620efd1d8244466117482be494360b08","name":"Reda\u00e7\u00e3o","image":{"@type":"ImageObject","inLanguage":"pt-BR","@id":"https:\/\/jornaltimoneiro.com.br\/#\/schema\/person\/image\/","url":"https:\/\/secure.gravatar.com\/avatar\/2f04e1b304682a8d9db336c7acd77f08?s=96&d=mm&r=g","contentUrl":"https:\/\/secure.gravatar.com\/avatar\/2f04e1b304682a8d9db336c7acd77f08?s=96&d=mm&r=g","caption":"Reda\u00e7\u00e3o"},"url":"https:\/\/jornaltimoneiro.com.br\/index.php\/author\/timoneirocanoas\/"}]}},"_links":{"self":[{"href":"https:\/\/jornaltimoneiro.com.br\/index.php\/wp-json\/wp\/v2\/posts\/259"}],"collection":[{"href":"https:\/\/jornaltimoneiro.com.br\/index.php\/wp-json\/wp\/v2\/posts"}],"about":[{"href":"https:\/\/jornaltimoneiro.com.br\/index.php\/wp-json\/wp\/v2\/types\/post"}],"author":[{"embeddable":true,"href":"https:\/\/jornaltimoneiro.com.br\/index.php\/wp-json\/wp\/v2\/users\/1"}],"replies":[{"embeddable":true,"href":"https:\/\/jornaltimoneiro.com.br\/index.php\/wp-json\/wp\/v2\/comments?post=259"}],"version-history":[{"count":0,"href":"https:\/\/jornaltimoneiro.com.br\/index.php\/wp-json\/wp\/v2\/posts\/259\/revisions"}],"wp:featuredmedia":[{"embeddable":true,"href":"https:\/\/jornaltimoneiro.com.br\/index.php\/wp-json\/"}],"wp:attachment":[{"href":"https:\/\/jornaltimoneiro.com.br\/index.php\/wp-json\/wp\/v2\/media?parent=259"}],"wp:term":[{"taxonomy":"category","embeddable":true,"href":"https:\/\/jornaltimoneiro.com.br\/index.php\/wp-json\/wp\/v2\/categories?post=259"},{"taxonomy":"post_tag","embeddable":true,"href":"https:\/\/jornaltimoneiro.com.br\/index.php\/wp-json\/wp\/v2\/tags?post=259"}],"curies":[{"name":"wp","href":"https:\/\/api.w.org\/{rel}","templated":true}]}}