{"id":25859,"date":"2023-09-26T18:35:36","date_gmt":"2023-09-26T21:35:36","guid":{"rendered":"https:\/\/jornaltimoneiro.com.br\/?p=25859"},"modified":"2023-09-26T18:56:52","modified_gmt":"2023-09-26T21:56:52","slug":"decretada-situacao-de-emergencia-em-canoas","status":"publish","type":"post","link":"https:\/\/jornaltimoneiro.com.br\/index.php\/2023\/09\/26\/decretada-situacao-de-emergencia-em-canoas\/","title":{"rendered":"Prefeitura de Canoas decreta situa\u00e7\u00e3o de emerg\u00eancia"},"content":{"rendered":"<p>Ap\u00f3s os danos causados pela tempestade com fortes ventos e granizo que atingiu a cidade na manh\u00e3 desta ter\u00e7a-feira, 26, o prefeito Jairo Jorge assinou o decreto que declara situa\u00e7\u00e3o de emerg\u00eancia no munic\u00edpio.<\/p>\n<p>O documento contou com parecer do Escrit\u00f3rio de Resili\u00eancia Clim\u00e1tica (Eclima). O Decreto 394\/2023 tem validade por at\u00e9 180 dias.<\/p>\n<blockquote><p>\u201c\u00c9 um processo fundamental para permitir que a Prefeitura possa atuar de forma mais \u00e1gil. Diante de uma cat\u00e1strofe dessas, devem ser tomadas medidas imediatas, n\u00e3o podemos deixar as pessoas esperando\u201d, destaca o prefeito Jairo Jorge.<\/p><\/blockquote>\n<p>Somente no m\u00eas de setembro, o munic\u00edpio j\u00e1 registrou um acumulado de chuva superior a 500mm, dado que resultou em transtornos e preju\u00edzos \u00e0 popula\u00e7\u00e3o.<\/p>\n<p>Segundo o Instituto Nacional de Meteorologia (INMET), Porto Alegre e Regi\u00e3o Metropolitana vivem o setembro mais chuvoso em 100 anos.<\/p>\n<p><strong>Confira abaixo o decreto completo<\/strong><\/p>\n<p><a href=\"https:\/\/www.canoas.rs.gov.br\/wp-content\/uploads\/2023\/09\/Decreto-394-Emerge%CC%82ncia-assinado.pdf\">Decreto 394 Emerge\u0302ncia<\/a><\/p>\n","protected":false},"excerpt":{"rendered":"<p>Ap\u00f3s os danos causados pela tempestade com fortes ventos e granizo que atingiu a cidade na manh\u00e3 desta ter\u00e7a-feira, 26, o prefeito Jairo Jorge assinou o decreto que declara situa\u00e7\u00e3o de emerg\u00eancia no munic\u00edpio. O documento contou com parecer do Escrit\u00f3rio de Resili\u00eancia Clim\u00e1tica (Eclima). O Decreto 394\/2023 tem validade por at\u00e9 180 dias. \u201c\u00c9 [&hellip;]<\/p>\n","protected":false},"author":2,"featured_media":25860,"comment_status":"open","ping_status":"open","sticky":false,"template":"","format":"standard","meta":{"amp_status":"","footnotes":""},"categories":[19],"tags":[31,391,190,44,214,213,80,1413],"class_list":["post-25859","post","type-post","status-publish","format-standard","has-post-thumbnail","hentry","category-destaques","tag-canoas","tag-chuva","tag-featured","tag-prefeitura-de-canoas","tag-regiao-metropolitana","tag-rio-grande-do-sul","tag-rs","tag-situacao-de-emergencia"],"yoast_head":"<!-- This site is optimized with the Yoast SEO plugin v20.5 - https:\/\/yoast.com\/wordpress\/plugins\/seo\/ -->\n<title>Prefeitura de Canoas decreta situa\u00e7\u00e3o de emerg\u00eancia - O Timoneiro Jornal Canoas RS<\/title>\n<meta name=\"description\" content=\"Decretada situa\u00e7\u00e3o de emerg\u00eancia em Canoas prefeitura chuvas jairo jorge enchente regi\u00e3o metropolitana rio grande do sul RS\" \/>\n<meta name=\"robots\" content=\"index, follow, max-snippet:-1, max-image-preview:large, max-video-preview:-1\" \/>\n<link rel=\"canonical\" href=\"https:\/\/jornaltimoneiro.com.br\/index.php\/2023\/09\/26\/decretada-situacao-de-emergencia-em-canoas\/\" \/>\n<meta property=\"og:locale\" content=\"pt_BR\" \/>\n<meta property=\"og:type\" content=\"article\" \/>\n<meta property=\"og:title\" content=\"Prefeitura de Canoas decreta situa\u00e7\u00e3o de emerg\u00eancia - O Timoneiro Jornal Canoas RS\" \/>\n<meta property=\"og:description\" content=\"Decretada situa\u00e7\u00e3o de emerg\u00eancia em Canoas prefeitura chuvas jairo jorge enchente regi\u00e3o metropolitana rio grande do sul RS\" \/>\n<meta property=\"og:url\" content=\"https:\/\/jornaltimoneiro.com.br\/index.php\/2023\/09\/26\/decretada-situacao-de-emergencia-em-canoas\/\" \/>\n<meta property=\"og:site_name\" content=\"O Timoneiro Jornal Canoas RS\" \/>\n<meta property=\"article:publisher\" content=\"https:\/\/www.facebook.com\/jornaltimoneiro\" \/>\n<meta property=\"article:published_time\" content=\"2023-09-26T21:35:36+00:00\" \/>\n<meta property=\"article:modified_time\" content=\"2023-09-26T21:56:52+00:00\" \/>\n<meta property=\"og:image\" content=\"https:\/\/jornaltimoneiro.com.br\/wp-content\/uploads\/2023\/09\/25_09_2023-ACAO-NO-PAQUETA-PAMELLA_MENDES-8.jpg\" \/>\n\t<meta property=\"og:image:width\" content=\"1080\" \/>\n\t<meta property=\"og:image:height\" content=\"720\" \/>\n\t<meta property=\"og:image:type\" content=\"image\/jpeg\" \/>\n<meta name=\"author\" content=\"Reda\u00e7\u00e3o\" \/>\n<meta name=\"twitter:card\" content=\"summary_large_image\" \/>\n<meta name=\"twitter:creator\" content=\"@_OTimoneiro\" \/>\n<meta name=\"twitter:site\" content=\"@_OTimoneiro\" \/>\n<meta name=\"twitter:label1\" content=\"Escrito por\" \/>\n\t<meta name=\"twitter:data1\" content=\"Reda\u00e7\u00e3o\" \/>\n\t<meta name=\"twitter:label2\" content=\"Est. tempo de leitura\" \/>\n\t<meta name=\"twitter:data2\" content=\"1 minuto\" \/>\n<script type=\"application\/ld+json\" class=\"yoast-schema-graph\">{\"@context\":\"https:\/\/schema.org\",\"@graph\":[{\"@type\":\"Article\",\"@id\":\"https:\/\/jornaltimoneiro.com.br\/index.php\/2023\/09\/26\/decretada-situacao-de-emergencia-em-canoas\/#article\",\"isPartOf\":{\"@id\":\"https:\/\/jornaltimoneiro.com.br\/index.php\/2023\/09\/26\/decretada-situacao-de-emergencia-em-canoas\/\"},\"author\":{\"name\":\"Reda\u00e7\u00e3o\",\"@id\":\"https:\/\/jornaltimoneiro.com.br\/#\/schema\/person\/f63482f1a02b1a9592707865e509ab40\"},\"headline\":\"Prefeitura de Canoas decreta situa\u00e7\u00e3o de emerg\u00eancia\",\"datePublished\":\"2023-09-26T21:35:36+00:00\",\"dateModified\":\"2023-09-26T21:56:52+00:00\",\"mainEntityOfPage\":{\"@id\":\"https:\/\/jornaltimoneiro.com.br\/index.php\/2023\/09\/26\/decretada-situacao-de-emergencia-em-canoas\/\"},\"wordCount\":161,\"commentCount\":0,\"publisher\":{\"@id\":\"https:\/\/jornaltimoneiro.com.br\/#organization\"},\"keywords\":[\"canoas\",\"chuva\",\"featured\",\"Prefeitura de Canoas\",\"regi\u00e3o metropolitana\",\"rio grande do sul\",\"RS\",\"situa\u00e7\u00e3o de emerg\u00eancia\"],\"articleSection\":[\"Destaques\"],\"inLanguage\":\"pt-BR\",\"potentialAction\":[{\"@type\":\"CommentAction\",\"name\":\"Comment\",\"target\":[\"https:\/\/jornaltimoneiro.com.br\/index.php\/2023\/09\/26\/decretada-situacao-de-emergencia-em-canoas\/#respond\"]}]},{\"@type\":\"WebPage\",\"@id\":\"https:\/\/jornaltimoneiro.com.br\/index.php\/2023\/09\/26\/decretada-situacao-de-emergencia-em-canoas\/\",\"url\":\"https:\/\/jornaltimoneiro.com.br\/index.php\/2023\/09\/26\/decretada-situacao-de-emergencia-em-canoas\/\",\"name\":\"Prefeitura de Canoas decreta situa\u00e7\u00e3o de emerg\u00eancia - O Timoneiro Jornal Canoas RS\",\"isPartOf\":{\"@id\":\"https:\/\/jornaltimoneiro.com.br\/#website\"},\"datePublished\":\"2023-09-26T21:35:36+00:00\",\"dateModified\":\"2023-09-26T21:56:52+00:00\",\"description\":\"Decretada situa\u00e7\u00e3o de emerg\u00eancia em Canoas prefeitura chuvas jairo jorge enchente regi\u00e3o metropolitana rio grande do sul RS\",\"breadcrumb\":{\"@id\":\"https:\/\/jornaltimoneiro.com.br\/index.php\/2023\/09\/26\/decretada-situacao-de-emergencia-em-canoas\/#breadcrumb\"},\"inLanguage\":\"pt-BR\",\"potentialAction\":[{\"@type\":\"ReadAction\",\"target\":[\"https:\/\/jornaltimoneiro.com.br\/index.php\/2023\/09\/26\/decretada-situacao-de-emergencia-em-canoas\/\"]}]},{\"@type\":\"BreadcrumbList\",\"@id\":\"https:\/\/jornaltimoneiro.com.br\/index.php\/2023\/09\/26\/decretada-situacao-de-emergencia-em-canoas\/#breadcrumb\",\"itemListElement\":[{\"@type\":\"ListItem\",\"position\":1,\"name\":\"In\u00edcio\",\"item\":\"https:\/\/jornaltimoneiro.com.br\/\"},{\"@type\":\"ListItem\",\"position\":2,\"name\":\"Prefeitura de Canoas decreta situa\u00e7\u00e3o de emerg\u00eancia\"}]},{\"@type\":\"WebSite\",\"@id\":\"https:\/\/jornaltimoneiro.com.br\/#website\",\"url\":\"https:\/\/jornaltimoneiro.com.br\/\",\"name\":\"Jornal Timoneiro Canoas RS\",\"description\":\"Jornal O Timoneiro, o verdadeiro jornal de Canoas\",\"publisher\":{\"@id\":\"https:\/\/jornaltimoneiro.com.br\/#organization\"},\"potentialAction\":[{\"@type\":\"SearchAction\",\"target\":{\"@type\":\"EntryPoint\",\"urlTemplate\":\"https:\/\/jornaltimoneiro.com.br\/?s={search_term_string}\"},\"query-input\":\"required name=search_term_string\"}],\"inLanguage\":\"pt-BR\"},{\"@type\":\"Organization\",\"@id\":\"https:\/\/jornaltimoneiro.com.br\/#organization\",\"name\":\"Jornal Timoneiro Canoas RS\",\"url\":\"https:\/\/jornaltimoneiro.com.br\/\",\"logo\":{\"@type\":\"ImageObject\",\"inLanguage\":\"pt-BR\",\"@id\":\"https:\/\/jornaltimoneiro.com.br\/#\/schema\/logo\/image\/\",\"url\":\"https:\/\/jornaltimoneiro.com.br\/wp-content\/uploads\/2023\/03\/logonovo.png\",\"contentUrl\":\"https:\/\/jornaltimoneiro.com.br\/wp-content\/uploads\/2023\/03\/logonovo.png\",\"width\":\"469\",\"height\":\"171\",\"caption\":\"Jornal Timoneiro Canoas RS\"},\"image\":{\"@id\":\"https:\/\/jornaltimoneiro.com.br\/#\/schema\/logo\/image\/\"},\"sameAs\":[\"https:\/\/www.facebook.com\/jornaltimoneiro\",\"https:\/\/twitter.com\/_OTimoneiro\",\"https:\/\/www.instagram.com\/jornaltimoneirocanoas\/\",\"https:\/\/www.youtube.com\/@jornalotimoneiro7927\"]},{\"@type\":\"Person\",\"@id\":\"https:\/\/jornaltimoneiro.com.br\/#\/schema\/person\/f63482f1a02b1a9592707865e509ab40\",\"name\":\"Reda\u00e7\u00e3o\",\"image\":{\"@type\":\"ImageObject\",\"inLanguage\":\"pt-BR\",\"@id\":\"https:\/\/jornaltimoneiro.com.br\/#\/schema\/person\/image\/\",\"url\":\"https:\/\/jornaltimoneiro.com.br\/wp-content\/uploads\/2023\/03\/download.jpeg\",\"contentUrl\":\"https:\/\/jornaltimoneiro.com.br\/wp-content\/uploads\/2023\/03\/download.jpeg\",\"caption\":\"Reda\u00e7\u00e3o\"},\"url\":\"https:\/\/jornaltimoneiro.com.br\/index.php\/author\/simone-dutra\/\"}]}<\/script>\n<!-- \/ Yoast SEO plugin. -->","yoast_head_json":{"title":"Prefeitura de Canoas decreta situa\u00e7\u00e3o de emerg\u00eancia - O Timoneiro Jornal Canoas RS","description":"Decretada situa\u00e7\u00e3o de emerg\u00eancia em Canoas prefeitura chuvas jairo jorge enchente regi\u00e3o metropolitana rio grande do sul RS","robots":{"index":"index","follow":"follow","max-snippet":"max-snippet:-1","max-image-preview":"max-image-preview:large","max-video-preview":"max-video-preview:-1"},"canonical":"https:\/\/jornaltimoneiro.com.br\/index.php\/2023\/09\/26\/decretada-situacao-de-emergencia-em-canoas\/","og_locale":"pt_BR","og_type":"article","og_title":"Prefeitura de Canoas decreta situa\u00e7\u00e3o de emerg\u00eancia - O Timoneiro Jornal Canoas RS","og_description":"Decretada situa\u00e7\u00e3o de emerg\u00eancia em Canoas prefeitura chuvas jairo jorge enchente regi\u00e3o metropolitana rio grande do sul RS","og_url":"https:\/\/jornaltimoneiro.com.br\/index.php\/2023\/09\/26\/decretada-situacao-de-emergencia-em-canoas\/","og_site_name":"O Timoneiro Jornal Canoas RS","article_publisher":"https:\/\/www.facebook.com\/jornaltimoneiro","article_published_time":"2023-09-26T21:35:36+00:00","article_modified_time":"2023-09-26T21:56:52+00:00","og_image":[{"width":"1080","height":"720","url":"https:\/\/jornaltimoneiro.com.br\/wp-content\/uploads\/2023\/09\/25_09_2023-ACAO-NO-PAQUETA-PAMELLA_MENDES-8.jpg","type":"image\/jpeg"}],"author":"Reda\u00e7\u00e3o","twitter_card":"summary_large_image","twitter_creator":"@_OTimoneiro","twitter_site":"@_OTimoneiro","twitter_misc":{"Escrito por":"Reda\u00e7\u00e3o","Est. tempo de leitura":"1 minuto"},"schema":{"@context":"https:\/\/schema.org","@graph":[{"@type":"Article","@id":"https:\/\/jornaltimoneiro.com.br\/index.php\/2023\/09\/26\/decretada-situacao-de-emergencia-em-canoas\/#article","isPartOf":{"@id":"https:\/\/jornaltimoneiro.com.br\/index.php\/2023\/09\/26\/decretada-situacao-de-emergencia-em-canoas\/"},"author":{"name":"Reda\u00e7\u00e3o","@id":"https:\/\/jornaltimoneiro.com.br\/#\/schema\/person\/f63482f1a02b1a9592707865e509ab40"},"headline":"Prefeitura de Canoas decreta situa\u00e7\u00e3o de emerg\u00eancia","datePublished":"2023-09-26T21:35:36+00:00","dateModified":"2023-09-26T21:56:52+00:00","mainEntityOfPage":{"@id":"https:\/\/jornaltimoneiro.com.br\/index.php\/2023\/09\/26\/decretada-situacao-de-emergencia-em-canoas\/"},"wordCount":161,"commentCount":0,"publisher":{"@id":"https:\/\/jornaltimoneiro.com.br\/#organization"},"keywords":["canoas","chuva","featured","Prefeitura de Canoas","regi\u00e3o metropolitana","rio grande do sul","RS","situa\u00e7\u00e3o de emerg\u00eancia"],"articleSection":["Destaques"],"inLanguage":"pt-BR","potentialAction":[{"@type":"CommentAction","name":"Comment","target":["https:\/\/jornaltimoneiro.com.br\/index.php\/2023\/09\/26\/decretada-situacao-de-emergencia-em-canoas\/#respond"]}]},{"@type":"WebPage","@id":"https:\/\/jornaltimoneiro.com.br\/index.php\/2023\/09\/26\/decretada-situacao-de-emergencia-em-canoas\/","url":"https:\/\/jornaltimoneiro.com.br\/index.php\/2023\/09\/26\/decretada-situacao-de-emergencia-em-canoas\/","name":"Prefeitura de Canoas decreta situa\u00e7\u00e3o de emerg\u00eancia - O Timoneiro Jornal Canoas RS","isPartOf":{"@id":"https:\/\/jornaltimoneiro.com.br\/#website"},"datePublished":"2023-09-26T21:35:36+00:00","dateModified":"2023-09-26T21:56:52+00:00","description":"Decretada situa\u00e7\u00e3o de emerg\u00eancia em Canoas prefeitura chuvas jairo jorge enchente regi\u00e3o metropolitana rio grande do sul RS","breadcrumb":{"@id":"https:\/\/jornaltimoneiro.com.br\/index.php\/2023\/09\/26\/decretada-situacao-de-emergencia-em-canoas\/#breadcrumb"},"inLanguage":"pt-BR","potentialAction":[{"@type":"ReadAction","target":["https:\/\/jornaltimoneiro.com.br\/index.php\/2023\/09\/26\/decretada-situacao-de-emergencia-em-canoas\/"]}]},{"@type":"BreadcrumbList","@id":"https:\/\/jornaltimoneiro.com.br\/index.php\/2023\/09\/26\/decretada-situacao-de-emergencia-em-canoas\/#breadcrumb","itemListElement":[{"@type":"ListItem","position":1,"name":"In\u00edcio","item":"https:\/\/jornaltimoneiro.com.br\/"},{"@type":"ListItem","position":2,"name":"Prefeitura de Canoas decreta situa\u00e7\u00e3o de emerg\u00eancia"}]},{"@type":"WebSite","@id":"https:\/\/jornaltimoneiro.com.br\/#website","url":"https:\/\/jornaltimoneiro.com.br\/","name":"Jornal Timoneiro Canoas RS","description":"Jornal O Timoneiro, o verdadeiro jornal de Canoas","publisher":{"@id":"https:\/\/jornaltimoneiro.com.br\/#organization"},"potentialAction":[{"@type":"SearchAction","target":{"@type":"EntryPoint","urlTemplate":"https:\/\/jornaltimoneiro.com.br\/?s={search_term_string}"},"query-input":"required name=search_term_string"}],"inLanguage":"pt-BR"},{"@type":"Organization","@id":"https:\/\/jornaltimoneiro.com.br\/#organization","name":"Jornal Timoneiro Canoas RS","url":"https:\/\/jornaltimoneiro.com.br\/","logo":{"@type":"ImageObject","inLanguage":"pt-BR","@id":"https:\/\/jornaltimoneiro.com.br\/#\/schema\/logo\/image\/","url":"https:\/\/jornaltimoneiro.com.br\/wp-content\/uploads\/2023\/03\/logonovo.png","contentUrl":"https:\/\/jornaltimoneiro.com.br\/wp-content\/uploads\/2023\/03\/logonovo.png","width":"469","height":"171","caption":"Jornal Timoneiro Canoas RS"},"image":{"@id":"https:\/\/jornaltimoneiro.com.br\/#\/schema\/logo\/image\/"},"sameAs":["https:\/\/www.facebook.com\/jornaltimoneiro","https:\/\/twitter.com\/_OTimoneiro","https:\/\/www.instagram.com\/jornaltimoneirocanoas\/","https:\/\/www.youtube.com\/@jornalotimoneiro7927"]},{"@type":"Person","@id":"https:\/\/jornaltimoneiro.com.br\/#\/schema\/person\/f63482f1a02b1a9592707865e509ab40","name":"Reda\u00e7\u00e3o","image":{"@type":"ImageObject","inLanguage":"pt-BR","@id":"https:\/\/jornaltimoneiro.com.br\/#\/schema\/person\/image\/","url":"https:\/\/jornaltimoneiro.com.br\/wp-content\/uploads\/2023\/03\/download.jpeg","contentUrl":"https:\/\/jornaltimoneiro.com.br\/wp-content\/uploads\/2023\/03\/download.jpeg","caption":"Reda\u00e7\u00e3o"},"url":"https:\/\/jornaltimoneiro.com.br\/index.php\/author\/simone-dutra\/"}]}},"_links":{"self":[{"href":"https:\/\/jornaltimoneiro.com.br\/index.php\/wp-json\/wp\/v2\/posts\/25859"}],"collection":[{"href":"https:\/\/jornaltimoneiro.com.br\/index.php\/wp-json\/wp\/v2\/posts"}],"about":[{"href":"https:\/\/jornaltimoneiro.com.br\/index.php\/wp-json\/wp\/v2\/types\/post"}],"author":[{"embeddable":true,"href":"https:\/\/jornaltimoneiro.com.br\/index.php\/wp-json\/wp\/v2\/users\/2"}],"replies":[{"embeddable":true,"href":"https:\/\/jornaltimoneiro.com.br\/index.php\/wp-json\/wp\/v2\/comments?post=25859"}],"version-history":[{"count":2,"href":"https:\/\/jornaltimoneiro.com.br\/index.php\/wp-json\/wp\/v2\/posts\/25859\/revisions"}],"predecessor-version":[{"id":25862,"href":"https:\/\/jornaltimoneiro.com.br\/index.php\/wp-json\/wp\/v2\/posts\/25859\/revisions\/25862"}],"wp:featuredmedia":[{"embeddable":true,"href":"https:\/\/jornaltimoneiro.com.br\/index.php\/wp-json\/wp\/v2\/media\/25860"}],"wp:attachment":[{"href":"https:\/\/jornaltimoneiro.com.br\/index.php\/wp-json\/wp\/v2\/media?parent=25859"}],"wp:term":[{"taxonomy":"category","embeddable":true,"href":"https:\/\/jornaltimoneiro.com.br\/index.php\/wp-json\/wp\/v2\/categories?post=25859"},{"taxonomy":"post_tag","embeddable":true,"href":"https:\/\/jornaltimoneiro.com.br\/index.php\/wp-json\/wp\/v2\/tags?post=25859"}],"curies":[{"name":"wp","href":"https:\/\/api.w.org\/{rel}","templated":true}]}}