{"id":25755,"date":"2023-09-19T13:57:03","date_gmt":"2023-09-19T16:57:03","guid":{"rendered":"https:\/\/jornaltimoneiro.com.br\/?p=25755"},"modified":"2023-10-27T14:09:21","modified_gmt":"2023-10-27T17:09:21","slug":"ot-faz-cobertura-exclusiva-e-inedita-das-festividades-no-parque-do-gaucho","status":"publish","type":"post","link":"https:\/\/jornaltimoneiro.com.br\/index.php\/2023\/09\/19\/ot-faz-cobertura-exclusiva-e-inedita-das-festividades-no-parque-do-gaucho\/","title":{"rendered":"OT faz cobertura exclusiva e in\u00e9dita das festividades no Parque do Ga\u00facho"},"content":{"rendered":"<p><img decoding=\"async\" class=\"alignnone size-full wp-image-26202\" src=\"https:\/\/jornaltimoneiro.com.br\/wp-content\/uploads\/2023\/09\/Semana-Farroupilha-1.png\" alt=\"\" width=\"3243\" height=\"437\" srcset=\"https:\/\/jornaltimoneiro.com.br\/wp-content\/uploads\/2023\/09\/Semana-Farroupilha-1.png 3243w, https:\/\/jornaltimoneiro.com.br\/wp-content\/uploads\/2023\/09\/Semana-Farroupilha-1-300x40.png 300w, https:\/\/jornaltimoneiro.com.br\/wp-content\/uploads\/2023\/09\/Semana-Farroupilha-1-1024x138.png 1024w, https:\/\/jornaltimoneiro.com.br\/wp-content\/uploads\/2023\/09\/Semana-Farroupilha-1-768x103.png 768w, https:\/\/jornaltimoneiro.com.br\/wp-content\/uploads\/2023\/09\/Semana-Farroupilha-1-1536x207.png 1536w, https:\/\/jornaltimoneiro.com.br\/wp-content\/uploads\/2023\/09\/Semana-Farroupilha-1-2048x276.png 2048w\" sizes=\"(max-width: 3243px) 100vw, 3243px\" \/><\/p>\n<p>A 29\u00aa Semana Farroupilha de Canoas marca os 100 anos da Revolu\u00e7\u00e3o de 1923, e est\u00e1 sendo comemorada em ampla estrutura no Parque do Ga\u00facho, no Eduardo Gomes, com mais de 70 piquetes, parque de divers\u00f5es, cancha para rodeio, pra\u00e7a de alimenta\u00e7\u00e3o e lojas de artesanato, al\u00e9m do Multipalco com diversos shows.<\/p>\n<div id=\"attachment_25758\" style=\"width: 1090px\" class=\"wp-caption alignnone\"><img decoding=\"async\" aria-describedby=\"caption-attachment-25758\" class=\"size-full wp-image-25758\" src=\"https:\/\/jornaltimoneiro.com.br\/wp-content\/uploads\/2023\/09\/IMG_9208.jpg\" alt=\"Parque do Ga\u00facho - Foto: Dion Cosetin\/OT\" width=\"1080\" height=\"678\" srcset=\"https:\/\/jornaltimoneiro.com.br\/wp-content\/uploads\/2023\/09\/IMG_9208.jpg 1080w, https:\/\/jornaltimoneiro.com.br\/wp-content\/uploads\/2023\/09\/IMG_9208-300x188.jpg 300w, https:\/\/jornaltimoneiro.com.br\/wp-content\/uploads\/2023\/09\/IMG_9208-1024x643.jpg 1024w, https:\/\/jornaltimoneiro.com.br\/wp-content\/uploads\/2023\/09\/IMG_9208-768x482.jpg 768w\" sizes=\"(max-width: 1080px) 100vw, 1080px\" \/><p id=\"caption-attachment-25758\" class=\"wp-caption-text\">Parque do Ga\u00facho &#8211; Foto: Dion Cosetin\/OT<\/p><\/div>\n<p>Desde a quarta-feira da semana passada, foram in\u00fameras as atividades nos piquetes, que atenderam crian\u00e7as da rede municipal canoense para falar sobre a cultura ga\u00facha e relembrar a hist\u00f3ria dos povos que originaram o Rio Grande do Sul.<\/p>\n<p>J\u00e1 rolaram dezenas de apresenta\u00e7\u00f5es de cantores e bandas consagradas no tradicionalismo ga\u00facho, al\u00e9m de esportes campeiros, rodeio, tiro de la\u00e7o, atividades como a sess\u00e3o da C\u00e2mara de Vereadores de Canoas, no Piquete da C\u00e2mara; atra\u00e7\u00f5es art\u00edsticas, como o Sarau da Casa do Poeta; dentre outros.<\/p>\n<h4><strong>Transmiss\u00f5es ao vivo da festa<\/strong><\/h4>\n<p>Tudo isso sob as lentes da equipe do Canal OtPlay, do Grupo O Timoneiro de Comunica\u00e7\u00e3o, que est\u00e1 com est\u00fadio m\u00f3vel instalado ao lado da AETC \u2013 Associa\u00e7\u00e3o de Entidades Tradicionalistas de Canoas -, trazendo entrevistas ao vivo, comandadas por um time de comunicadores que contam os bastidores de tudo que rola na festa, com a presen\u00e7a de convidados ligados ao tradicionalismo, conectando o p\u00fablico de casa ou do trabalho diretamente ao Parque do Ga\u00facho.<\/p>\n<div id=\"attachment_25756\" style=\"width: 1090px\" class=\"wp-caption alignnone\"><img decoding=\"async\" aria-describedby=\"caption-attachment-25756\" class=\"size-full wp-image-25756\" src=\"https:\/\/jornaltimoneiro.com.br\/wp-content\/uploads\/2023\/09\/IMG_9321.jpg\" alt=\"Daniel Duzac e Mauri Grando - Foto: Dion Cosetin\/OT\" width=\"1080\" height=\"720\" srcset=\"https:\/\/jornaltimoneiro.com.br\/wp-content\/uploads\/2023\/09\/IMG_9321.jpg 1080w, https:\/\/jornaltimoneiro.com.br\/wp-content\/uploads\/2023\/09\/IMG_9321-300x200.jpg 300w, https:\/\/jornaltimoneiro.com.br\/wp-content\/uploads\/2023\/09\/IMG_9321-1024x683.jpg 1024w, https:\/\/jornaltimoneiro.com.br\/wp-content\/uploads\/2023\/09\/IMG_9321-768x512.jpg 768w\" sizes=\"(max-width: 1080px) 100vw, 1080px\" \/><p id=\"caption-attachment-25756\" class=\"wp-caption-text\">Daniel Duzac e Mauri Grando &#8211; Foto: Dion Cosetin\/OT<\/p><\/div>\n<h4>Comunicadores OT<\/h4>\n<p>O time do O Timoneiro conta com a participa\u00e7\u00e3o de Vanderlei Dutra Filho, Jos\u00e9 Carlos Rodriguez, Simone Dutra, Soraia Hutten, Mauri Grando e Cau\u00ea Nascimento.<\/p>\n<div id=\"attachment_25757\" style=\"width: 1090px\" class=\"wp-caption alignnone\"><img decoding=\"async\" aria-describedby=\"caption-attachment-25757\" class=\"size-full wp-image-25757\" src=\"https:\/\/jornaltimoneiro.com.br\/wp-content\/uploads\/2023\/09\/IMG_9213.jpg\" alt=\"Simone Dutra e Vanderlei Dutra Filho - Foto: Dion Cosetin\/OT\" width=\"1080\" height=\"720\" srcset=\"https:\/\/jornaltimoneiro.com.br\/wp-content\/uploads\/2023\/09\/IMG_9213.jpg 1080w, https:\/\/jornaltimoneiro.com.br\/wp-content\/uploads\/2023\/09\/IMG_9213-300x200.jpg 300w, https:\/\/jornaltimoneiro.com.br\/wp-content\/uploads\/2023\/09\/IMG_9213-1024x683.jpg 1024w, https:\/\/jornaltimoneiro.com.br\/wp-content\/uploads\/2023\/09\/IMG_9213-768x512.jpg 768w\" sizes=\"(max-width: 1080px) 100vw, 1080px\" \/><p id=\"caption-attachment-25757\" class=\"wp-caption-text\">Simone Dutra e Vanderlei Dutra Filho &#8211; Foto: Dion Cosetin\/OT<\/p><\/div>\n<p>Al\u00e9m das transmiss\u00f5es ao vivo, O Timoneiro est\u00e1 realizando uma s\u00e9rie de entrevistas com os grandes protagonistas do evento, que s\u00e3o os frequentadores do Acampamento Farroupilha durante todo o ano. Estas reportagens em breve estar\u00e3o dispon\u00edveis no nosso site e canal no Youtube.<\/p>\n<div id=\"attachment_25759\" style=\"width: 1034px\" class=\"wp-caption alignnone\"><img decoding=\"async\" aria-describedby=\"caption-attachment-25759\" class=\"size-full wp-image-25759\" src=\"https:\/\/jornaltimoneiro.com.br\/wp-content\/uploads\/2023\/09\/WhatsApp-Image-2023-09-19-at-13.50.29.jpeg\" alt=\"Parque do Ga\u00facho - Foto: Dion Cosetin\/OT\" width=\"1024\" height=\"738\" srcset=\"https:\/\/jornaltimoneiro.com.br\/wp-content\/uploads\/2023\/09\/WhatsApp-Image-2023-09-19-at-13.50.29.jpeg 1024w, https:\/\/jornaltimoneiro.com.br\/wp-content\/uploads\/2023\/09\/WhatsApp-Image-2023-09-19-at-13.50.29-300x216.jpeg 300w, https:\/\/jornaltimoneiro.com.br\/wp-content\/uploads\/2023\/09\/WhatsApp-Image-2023-09-19-at-13.50.29-768x554.jpeg 768w\" sizes=\"(max-width: 1024px) 100vw, 1024px\" \/><p id=\"caption-attachment-25759\" class=\"wp-caption-text\">Parque do Ga\u00facho &#8211; Foto: Dion Cosetin\/OT<\/p><\/div>\n<h4>Patroc\u00ednio e apoios<\/h4>\n<p>Esta cobertura exclusiva como ve\u00edculo de imprensa oficial da 29\u00aa Semana Farroupilha de Canoas tem o patroc\u00ednio da Prefeitura Municipal de Canoas, e apoio da Associa\u00e7\u00e3o de Entidades Tradicionalistas de Canoas (AETC), Rabello Guindastes, Cia do Caco, Garimpos &#8211; Joalheria e \u00d3tica, Itati &#8211; \u00c1gua Mineral, Flex Corp e Posto Boqueir\u00e3o.<\/p>\n<p><iframe title=\"A cultura ga\u00facha desde cedo com Lorena Wincler, Cleidia Klein, Lisandra Uequed e prendado de Canoas\" width=\"740\" height=\"416\" src=\"https:\/\/www.youtube.com\/embed\/qQEmxcq2WVE?feature=oembed\" frameborder=\"0\" allow=\"accelerometer; autoplay; clipboard-write; encrypted-media; gyroscope; picture-in-picture; web-share\" allowfullscreen><\/iframe><\/p>\n<p>&nbsp;<\/p>\n","protected":false},"excerpt":{"rendered":"<p>A 29\u00aa Semana Farroupilha de Canoas marca os 100 anos da Revolu\u00e7\u00e3o de 1923, e est\u00e1 sendo comemorada em ampla estrutura no Parque do Ga\u00facho, no Eduardo Gomes, com mais de 70 piquetes, parque de divers\u00f5es, cancha para rodeio, pra\u00e7a de alimenta\u00e7\u00e3o e lojas de artesanato, al\u00e9m do Multipalco com diversos shows. Desde a quarta-feira [&hellip;]<\/p>\n","protected":false},"author":2,"featured_media":25760,"comment_status":"open","ping_status":"open","sticky":false,"template":"","format":"standard","meta":{"amp_status":"","footnotes":""},"categories":[1360],"tags":[1361,1245,31,190,1258,648,44,214,213,80],"class_list":["post-25755","post","type-post","status-publish","format-standard","has-post-thumbnail","hentry","category-semana-farroupilha-2023","tag-29a-semana-farroupilha-de-canoas","tag-canal-otplay","tag-canoas","tag-featured","tag-imprensa","tag-parque-do-gaucho","tag-prefeitura-de-canoas","tag-regiao-metropolitana","tag-rio-grande-do-sul","tag-rs"],"yoast_head":"<!-- This site is optimized with the Yoast SEO plugin v20.5 - https:\/\/yoast.com\/wordpress\/plugins\/seo\/ -->\n<title>OT faz cobertura exclusiva e in\u00e9dita das festividades no Parque do Ga\u00facho - O Timoneiro Jornal Canoas RS<\/title>\n<meta name=\"description\" content=\"Atividades e atra\u00e7\u00f5es musicais dos \u00faltimos dias de festividades no Parque do Ga\u00facho 29\u00aa Semana Farroupilha de Canoas Regi\u00e3o Metropolitana RS\" \/>\n<meta name=\"robots\" content=\"index, follow, max-snippet:-1, max-image-preview:large, max-video-preview:-1\" \/>\n<link rel=\"canonical\" href=\"https:\/\/jornaltimoneiro.com.br\/index.php\/2023\/09\/19\/ot-faz-cobertura-exclusiva-e-inedita-das-festividades-no-parque-do-gaucho\/\" \/>\n<meta property=\"og:locale\" content=\"pt_BR\" \/>\n<meta property=\"og:type\" content=\"article\" \/>\n<meta property=\"og:title\" content=\"OT faz cobertura exclusiva e in\u00e9dita das festividades no Parque do Ga\u00facho - O Timoneiro Jornal Canoas RS\" \/>\n<meta property=\"og:description\" content=\"Atividades e atra\u00e7\u00f5es musicais dos \u00faltimos dias de festividades no Parque do Ga\u00facho 29\u00aa Semana Farroupilha de Canoas Regi\u00e3o Metropolitana RS\" \/>\n<meta property=\"og:url\" content=\"https:\/\/jornaltimoneiro.com.br\/index.php\/2023\/09\/19\/ot-faz-cobertura-exclusiva-e-inedita-das-festividades-no-parque-do-gaucho\/\" \/>\n<meta property=\"og:site_name\" content=\"O Timoneiro Jornal Canoas RS\" \/>\n<meta property=\"article:publisher\" content=\"https:\/\/www.facebook.com\/jornaltimoneiro\" \/>\n<meta property=\"article:published_time\" content=\"2023-09-19T16:57:03+00:00\" \/>\n<meta property=\"article:modified_time\" content=\"2023-10-27T17:09:21+00:00\" \/>\n<meta property=\"og:image\" content=\"https:\/\/jornaltimoneiro.com.br\/wp-content\/uploads\/2023\/09\/IMG_9290.jpg\" \/>\n\t<meta property=\"og:image:width\" content=\"1080\" \/>\n\t<meta property=\"og:image:height\" content=\"720\" \/>\n\t<meta property=\"og:image:type\" content=\"image\/jpeg\" \/>\n<meta name=\"author\" content=\"Reda\u00e7\u00e3o\" \/>\n<meta name=\"twitter:card\" content=\"summary_large_image\" \/>\n<meta name=\"twitter:creator\" content=\"@_OTimoneiro\" \/>\n<meta name=\"twitter:site\" content=\"@_OTimoneiro\" \/>\n<meta name=\"twitter:label1\" content=\"Escrito por\" \/>\n\t<meta name=\"twitter:data1\" content=\"Reda\u00e7\u00e3o\" \/>\n\t<meta name=\"twitter:label2\" content=\"Est. tempo de leitura\" \/>\n\t<meta name=\"twitter:data2\" content=\"4 minutos\" \/>\n<script type=\"application\/ld+json\" class=\"yoast-schema-graph\">{\"@context\":\"https:\/\/schema.org\",\"@graph\":[{\"@type\":\"Article\",\"@id\":\"https:\/\/jornaltimoneiro.com.br\/index.php\/2023\/09\/19\/ot-faz-cobertura-exclusiva-e-inedita-das-festividades-no-parque-do-gaucho\/#article\",\"isPartOf\":{\"@id\":\"https:\/\/jornaltimoneiro.com.br\/index.php\/2023\/09\/19\/ot-faz-cobertura-exclusiva-e-inedita-das-festividades-no-parque-do-gaucho\/\"},\"author\":{\"name\":\"Reda\u00e7\u00e3o\",\"@id\":\"https:\/\/jornaltimoneiro.com.br\/#\/schema\/person\/f63482f1a02b1a9592707865e509ab40\"},\"headline\":\"OT faz cobertura exclusiva e in\u00e9dita das festividades no Parque do Ga\u00facho\",\"datePublished\":\"2023-09-19T16:57:03+00:00\",\"dateModified\":\"2023-10-27T17:09:21+00:00\",\"mainEntityOfPage\":{\"@id\":\"https:\/\/jornaltimoneiro.com.br\/index.php\/2023\/09\/19\/ot-faz-cobertura-exclusiva-e-inedita-das-festividades-no-parque-do-gaucho\/\"},\"wordCount\":463,\"commentCount\":0,\"publisher\":{\"@id\":\"https:\/\/jornaltimoneiro.com.br\/#organization\"},\"keywords\":[\"29\u00aa Semana Farroupilha de Canoas\",\"canal otplay\",\"canoas\",\"featured\",\"imprensa\",\"parque do ga\u00facho\",\"Prefeitura de Canoas\",\"regi\u00e3o metropolitana\",\"rio grande do sul\",\"RS\"],\"articleSection\":[\"Semana Farroupilha 2023\"],\"inLanguage\":\"pt-BR\",\"potentialAction\":[{\"@type\":\"CommentAction\",\"name\":\"Comment\",\"target\":[\"https:\/\/jornaltimoneiro.com.br\/index.php\/2023\/09\/19\/ot-faz-cobertura-exclusiva-e-inedita-das-festividades-no-parque-do-gaucho\/#respond\"]}]},{\"@type\":\"WebPage\",\"@id\":\"https:\/\/jornaltimoneiro.com.br\/index.php\/2023\/09\/19\/ot-faz-cobertura-exclusiva-e-inedita-das-festividades-no-parque-do-gaucho\/\",\"url\":\"https:\/\/jornaltimoneiro.com.br\/index.php\/2023\/09\/19\/ot-faz-cobertura-exclusiva-e-inedita-das-festividades-no-parque-do-gaucho\/\",\"name\":\"OT faz cobertura exclusiva e in\u00e9dita das festividades no Parque do Ga\u00facho - O Timoneiro Jornal Canoas RS\",\"isPartOf\":{\"@id\":\"https:\/\/jornaltimoneiro.com.br\/#website\"},\"datePublished\":\"2023-09-19T16:57:03+00:00\",\"dateModified\":\"2023-10-27T17:09:21+00:00\",\"description\":\"Atividades e atra\u00e7\u00f5es musicais dos \u00faltimos dias de festividades no Parque do Ga\u00facho 29\u00aa Semana Farroupilha de Canoas Regi\u00e3o Metropolitana RS\",\"breadcrumb\":{\"@id\":\"https:\/\/jornaltimoneiro.com.br\/index.php\/2023\/09\/19\/ot-faz-cobertura-exclusiva-e-inedita-das-festividades-no-parque-do-gaucho\/#breadcrumb\"},\"inLanguage\":\"pt-BR\",\"potentialAction\":[{\"@type\":\"ReadAction\",\"target\":[\"https:\/\/jornaltimoneiro.com.br\/index.php\/2023\/09\/19\/ot-faz-cobertura-exclusiva-e-inedita-das-festividades-no-parque-do-gaucho\/\"]}]},{\"@type\":\"BreadcrumbList\",\"@id\":\"https:\/\/jornaltimoneiro.com.br\/index.php\/2023\/09\/19\/ot-faz-cobertura-exclusiva-e-inedita-das-festividades-no-parque-do-gaucho\/#breadcrumb\",\"itemListElement\":[{\"@type\":\"ListItem\",\"position\":1,\"name\":\"In\u00edcio\",\"item\":\"https:\/\/jornaltimoneiro.com.br\/\"},{\"@type\":\"ListItem\",\"position\":2,\"name\":\"OT faz cobertura exclusiva e in\u00e9dita das festividades no Parque do Ga\u00facho\"}]},{\"@type\":\"WebSite\",\"@id\":\"https:\/\/jornaltimoneiro.com.br\/#website\",\"url\":\"https:\/\/jornaltimoneiro.com.br\/\",\"name\":\"Jornal Timoneiro Canoas RS\",\"description\":\"Jornal O Timoneiro, o verdadeiro jornal de Canoas\",\"publisher\":{\"@id\":\"https:\/\/jornaltimoneiro.com.br\/#organization\"},\"potentialAction\":[{\"@type\":\"SearchAction\",\"target\":{\"@type\":\"EntryPoint\",\"urlTemplate\":\"https:\/\/jornaltimoneiro.com.br\/?s={search_term_string}\"},\"query-input\":\"required name=search_term_string\"}],\"inLanguage\":\"pt-BR\"},{\"@type\":\"Organization\",\"@id\":\"https:\/\/jornaltimoneiro.com.br\/#organization\",\"name\":\"Jornal Timoneiro Canoas RS\",\"url\":\"https:\/\/jornaltimoneiro.com.br\/\",\"logo\":{\"@type\":\"ImageObject\",\"inLanguage\":\"pt-BR\",\"@id\":\"https:\/\/jornaltimoneiro.com.br\/#\/schema\/logo\/image\/\",\"url\":\"https:\/\/jornaltimoneiro.com.br\/wp-content\/uploads\/2023\/03\/logonovo.png\",\"contentUrl\":\"https:\/\/jornaltimoneiro.com.br\/wp-content\/uploads\/2023\/03\/logonovo.png\",\"width\":\"469\",\"height\":\"171\",\"caption\":\"Jornal Timoneiro Canoas RS\"},\"image\":{\"@id\":\"https:\/\/jornaltimoneiro.com.br\/#\/schema\/logo\/image\/\"},\"sameAs\":[\"https:\/\/www.facebook.com\/jornaltimoneiro\",\"https:\/\/twitter.com\/_OTimoneiro\",\"https:\/\/www.instagram.com\/jornaltimoneirocanoas\/\",\"https:\/\/www.youtube.com\/@jornalotimoneiro7927\"]},{\"@type\":\"Person\",\"@id\":\"https:\/\/jornaltimoneiro.com.br\/#\/schema\/person\/f63482f1a02b1a9592707865e509ab40\",\"name\":\"Reda\u00e7\u00e3o\",\"image\":{\"@type\":\"ImageObject\",\"inLanguage\":\"pt-BR\",\"@id\":\"https:\/\/jornaltimoneiro.com.br\/#\/schema\/person\/image\/\",\"url\":\"https:\/\/jornaltimoneiro.com.br\/wp-content\/uploads\/2023\/03\/download.jpeg\",\"contentUrl\":\"https:\/\/jornaltimoneiro.com.br\/wp-content\/uploads\/2023\/03\/download.jpeg\",\"caption\":\"Reda\u00e7\u00e3o\"},\"url\":\"https:\/\/jornaltimoneiro.com.br\/index.php\/author\/simone-dutra\/\"}]}<\/script>\n<!-- \/ Yoast SEO plugin. -->","yoast_head_json":{"title":"OT faz cobertura exclusiva e in\u00e9dita das festividades no Parque do Ga\u00facho - O Timoneiro Jornal Canoas RS","description":"Atividades e atra\u00e7\u00f5es musicais dos \u00faltimos dias de festividades no Parque do Ga\u00facho 29\u00aa Semana Farroupilha de Canoas Regi\u00e3o Metropolitana RS","robots":{"index":"index","follow":"follow","max-snippet":"max-snippet:-1","max-image-preview":"max-image-preview:large","max-video-preview":"max-video-preview:-1"},"canonical":"https:\/\/jornaltimoneiro.com.br\/index.php\/2023\/09\/19\/ot-faz-cobertura-exclusiva-e-inedita-das-festividades-no-parque-do-gaucho\/","og_locale":"pt_BR","og_type":"article","og_title":"OT faz cobertura exclusiva e in\u00e9dita das festividades no Parque do Ga\u00facho - O Timoneiro Jornal Canoas RS","og_description":"Atividades e atra\u00e7\u00f5es musicais dos \u00faltimos dias de festividades no Parque do Ga\u00facho 29\u00aa Semana Farroupilha de Canoas Regi\u00e3o Metropolitana RS","og_url":"https:\/\/jornaltimoneiro.com.br\/index.php\/2023\/09\/19\/ot-faz-cobertura-exclusiva-e-inedita-das-festividades-no-parque-do-gaucho\/","og_site_name":"O Timoneiro Jornal Canoas RS","article_publisher":"https:\/\/www.facebook.com\/jornaltimoneiro","article_published_time":"2023-09-19T16:57:03+00:00","article_modified_time":"2023-10-27T17:09:21+00:00","og_image":[{"width":1080,"height":720,"url":"https:\/\/jornaltimoneiro.com.br\/wp-content\/uploads\/2023\/09\/IMG_9290.jpg","type":"image\/jpeg"}],"author":"Reda\u00e7\u00e3o","twitter_card":"summary_large_image","twitter_creator":"@_OTimoneiro","twitter_site":"@_OTimoneiro","twitter_misc":{"Escrito por":"Reda\u00e7\u00e3o","Est. tempo de leitura":"4 minutos"},"schema":{"@context":"https:\/\/schema.org","@graph":[{"@type":"Article","@id":"https:\/\/jornaltimoneiro.com.br\/index.php\/2023\/09\/19\/ot-faz-cobertura-exclusiva-e-inedita-das-festividades-no-parque-do-gaucho\/#article","isPartOf":{"@id":"https:\/\/jornaltimoneiro.com.br\/index.php\/2023\/09\/19\/ot-faz-cobertura-exclusiva-e-inedita-das-festividades-no-parque-do-gaucho\/"},"author":{"name":"Reda\u00e7\u00e3o","@id":"https:\/\/jornaltimoneiro.com.br\/#\/schema\/person\/f63482f1a02b1a9592707865e509ab40"},"headline":"OT faz cobertura exclusiva e in\u00e9dita das festividades no Parque do Ga\u00facho","datePublished":"2023-09-19T16:57:03+00:00","dateModified":"2023-10-27T17:09:21+00:00","mainEntityOfPage":{"@id":"https:\/\/jornaltimoneiro.com.br\/index.php\/2023\/09\/19\/ot-faz-cobertura-exclusiva-e-inedita-das-festividades-no-parque-do-gaucho\/"},"wordCount":463,"commentCount":0,"publisher":{"@id":"https:\/\/jornaltimoneiro.com.br\/#organization"},"keywords":["29\u00aa Semana Farroupilha de Canoas","canal otplay","canoas","featured","imprensa","parque do ga\u00facho","Prefeitura de Canoas","regi\u00e3o metropolitana","rio grande do sul","RS"],"articleSection":["Semana Farroupilha 2023"],"inLanguage":"pt-BR","potentialAction":[{"@type":"CommentAction","name":"Comment","target":["https:\/\/jornaltimoneiro.com.br\/index.php\/2023\/09\/19\/ot-faz-cobertura-exclusiva-e-inedita-das-festividades-no-parque-do-gaucho\/#respond"]}]},{"@type":"WebPage","@id":"https:\/\/jornaltimoneiro.com.br\/index.php\/2023\/09\/19\/ot-faz-cobertura-exclusiva-e-inedita-das-festividades-no-parque-do-gaucho\/","url":"https:\/\/jornaltimoneiro.com.br\/index.php\/2023\/09\/19\/ot-faz-cobertura-exclusiva-e-inedita-das-festividades-no-parque-do-gaucho\/","name":"OT faz cobertura exclusiva e in\u00e9dita das festividades no Parque do Ga\u00facho - O Timoneiro Jornal Canoas RS","isPartOf":{"@id":"https:\/\/jornaltimoneiro.com.br\/#website"},"datePublished":"2023-09-19T16:57:03+00:00","dateModified":"2023-10-27T17:09:21+00:00","description":"Atividades e atra\u00e7\u00f5es musicais dos \u00faltimos dias de festividades no Parque do Ga\u00facho 29\u00aa Semana Farroupilha de Canoas Regi\u00e3o Metropolitana RS","breadcrumb":{"@id":"https:\/\/jornaltimoneiro.com.br\/index.php\/2023\/09\/19\/ot-faz-cobertura-exclusiva-e-inedita-das-festividades-no-parque-do-gaucho\/#breadcrumb"},"inLanguage":"pt-BR","potentialAction":[{"@type":"ReadAction","target":["https:\/\/jornaltimoneiro.com.br\/index.php\/2023\/09\/19\/ot-faz-cobertura-exclusiva-e-inedita-das-festividades-no-parque-do-gaucho\/"]}]},{"@type":"BreadcrumbList","@id":"https:\/\/jornaltimoneiro.com.br\/index.php\/2023\/09\/19\/ot-faz-cobertura-exclusiva-e-inedita-das-festividades-no-parque-do-gaucho\/#breadcrumb","itemListElement":[{"@type":"ListItem","position":1,"name":"In\u00edcio","item":"https:\/\/jornaltimoneiro.com.br\/"},{"@type":"ListItem","position":2,"name":"OT faz cobertura exclusiva e in\u00e9dita das festividades no Parque do Ga\u00facho"}]},{"@type":"WebSite","@id":"https:\/\/jornaltimoneiro.com.br\/#website","url":"https:\/\/jornaltimoneiro.com.br\/","name":"Jornal Timoneiro Canoas RS","description":"Jornal O Timoneiro, o verdadeiro jornal de Canoas","publisher":{"@id":"https:\/\/jornaltimoneiro.com.br\/#organization"},"potentialAction":[{"@type":"SearchAction","target":{"@type":"EntryPoint","urlTemplate":"https:\/\/jornaltimoneiro.com.br\/?s={search_term_string}"},"query-input":"required name=search_term_string"}],"inLanguage":"pt-BR"},{"@type":"Organization","@id":"https:\/\/jornaltimoneiro.com.br\/#organization","name":"Jornal Timoneiro Canoas RS","url":"https:\/\/jornaltimoneiro.com.br\/","logo":{"@type":"ImageObject","inLanguage":"pt-BR","@id":"https:\/\/jornaltimoneiro.com.br\/#\/schema\/logo\/image\/","url":"https:\/\/jornaltimoneiro.com.br\/wp-content\/uploads\/2023\/03\/logonovo.png","contentUrl":"https:\/\/jornaltimoneiro.com.br\/wp-content\/uploads\/2023\/03\/logonovo.png","width":"469","height":"171","caption":"Jornal Timoneiro Canoas RS"},"image":{"@id":"https:\/\/jornaltimoneiro.com.br\/#\/schema\/logo\/image\/"},"sameAs":["https:\/\/www.facebook.com\/jornaltimoneiro","https:\/\/twitter.com\/_OTimoneiro","https:\/\/www.instagram.com\/jornaltimoneirocanoas\/","https:\/\/www.youtube.com\/@jornalotimoneiro7927"]},{"@type":"Person","@id":"https:\/\/jornaltimoneiro.com.br\/#\/schema\/person\/f63482f1a02b1a9592707865e509ab40","name":"Reda\u00e7\u00e3o","image":{"@type":"ImageObject","inLanguage":"pt-BR","@id":"https:\/\/jornaltimoneiro.com.br\/#\/schema\/person\/image\/","url":"https:\/\/jornaltimoneiro.com.br\/wp-content\/uploads\/2023\/03\/download.jpeg","contentUrl":"https:\/\/jornaltimoneiro.com.br\/wp-content\/uploads\/2023\/03\/download.jpeg","caption":"Reda\u00e7\u00e3o"},"url":"https:\/\/jornaltimoneiro.com.br\/index.php\/author\/simone-dutra\/"}]}},"_links":{"self":[{"href":"https:\/\/jornaltimoneiro.com.br\/index.php\/wp-json\/wp\/v2\/posts\/25755"}],"collection":[{"href":"https:\/\/jornaltimoneiro.com.br\/index.php\/wp-json\/wp\/v2\/posts"}],"about":[{"href":"https:\/\/jornaltimoneiro.com.br\/index.php\/wp-json\/wp\/v2\/types\/post"}],"author":[{"embeddable":true,"href":"https:\/\/jornaltimoneiro.com.br\/index.php\/wp-json\/wp\/v2\/users\/2"}],"replies":[{"embeddable":true,"href":"https:\/\/jornaltimoneiro.com.br\/index.php\/wp-json\/wp\/v2\/comments?post=25755"}],"version-history":[{"count":13,"href":"https:\/\/jornaltimoneiro.com.br\/index.php\/wp-json\/wp\/v2\/posts\/25755\/revisions"}],"predecessor-version":[{"id":26204,"href":"https:\/\/jornaltimoneiro.com.br\/index.php\/wp-json\/wp\/v2\/posts\/25755\/revisions\/26204"}],"wp:featuredmedia":[{"embeddable":true,"href":"https:\/\/jornaltimoneiro.com.br\/index.php\/wp-json\/wp\/v2\/media\/25760"}],"wp:attachment":[{"href":"https:\/\/jornaltimoneiro.com.br\/index.php\/wp-json\/wp\/v2\/media?parent=25755"}],"wp:term":[{"taxonomy":"category","embeddable":true,"href":"https:\/\/jornaltimoneiro.com.br\/index.php\/wp-json\/wp\/v2\/categories?post=25755"},{"taxonomy":"post_tag","embeddable":true,"href":"https:\/\/jornaltimoneiro.com.br\/index.php\/wp-json\/wp\/v2\/tags?post=25755"}],"curies":[{"name":"wp","href":"https:\/\/api.w.org\/{rel}","templated":true}]}}