{"id":25555,"date":"2023-08-24T18:34:06","date_gmt":"2023-08-24T21:34:06","guid":{"rendered":"https:\/\/jornaltimoneiro.com.br\/?p=25555"},"modified":"2023-08-24T18:34:06","modified_gmt":"2023-08-24T21:34:06","slug":"justica-determina-que-laercio-fernandes-retorne-ao-cargo-na-camara-de-vereadores-de-canoas","status":"publish","type":"post","link":"https:\/\/jornaltimoneiro.com.br\/index.php\/2023\/08\/24\/justica-determina-que-laercio-fernandes-retorne-ao-cargo-na-camara-de-vereadores-de-canoas\/","title":{"rendered":"Justi\u00e7a determina que La\u00e9rcio Fernandes retorne ao cargo na C\u00e2mara de Vereadores de Canoas"},"content":{"rendered":"<p>Na quinta-feira, 24, o Ministro Relator do Tribunal Superior Eleitoral (TSE), Raul Ara\u00fajo, deferiu a liminar que pedia recondu\u00e7\u00e3o ao cargo de vereador em Canoas de L\u00e1ercio Fernandes at\u00e9 o julgamento do m\u00e9rito do recurso, citando \u201cA\u00e7\u00e3o declarat\u00f3ria de justa causa para desfilia\u00e7\u00e3o partid\u00e1ria improcedente\u201d.<\/p>\n<p>A decis\u00e3o foi comunicada imediatamente ao Tribunal Regional Eleitoral do Rio Grande do Sul, exigindo que as medidas cab\u00edveis fossem tomadas, a fim de impedir que o afastamento do pol\u00edtico do cargo ao qual foi eleito possa relevar em \u201cdano irrepar\u00e1vel ao exerc\u00edcio do mandato eletivo\u201d.<\/p>\n<h4>Relembre o caso<\/h4>\n<p>No dia 28 de junho de 2023, a Justi\u00e7a Eleitoral julgou parcialmente procedente o pedido do Partido Trabalhista Brasileiro de Canoas e decretou a perda do mandato eletivo do vereador Dr. La\u00e9rcio, que trocou o PTB pelo Podemos.<\/p>\n<p>Pela decis\u00e3o, a vaga passou a ser ocupada pelo primeiro suplente do PTB, Jurandir Maciel.<\/p>\n","protected":false},"excerpt":{"rendered":"<p>Na quinta-feira, 24, o Ministro Relator do Tribunal Superior Eleitoral (TSE), Raul Ara\u00fajo, deferiu a liminar que pedia recondu\u00e7\u00e3o ao cargo de vereador em Canoas de L\u00e1ercio Fernandes at\u00e9 o julgamento do m\u00e9rito do recurso, citando \u201cA\u00e7\u00e3o declarat\u00f3ria de justa causa para desfilia\u00e7\u00e3o partid\u00e1ria improcedente\u201d. A decis\u00e3o foi comunicada imediatamente ao Tribunal Regional Eleitoral do [&hellip;]<\/p>\n","protected":false},"author":2,"featured_media":25556,"comment_status":"open","ping_status":"open","sticky":false,"template":"","format":"standard","meta":{"amp_status":"","footnotes":""},"categories":[20],"tags":[86,31,1303,190,1009,731,126,1026],"class_list":["post-25555","post","type-post","status-publish","format-standard","has-post-thumbnail","hentry","category-politica-noticias","tag-camara-de-vereadores-de-canoas","tag-canoas","tag-dr-laercio-fernandes","tag-featured","tag-jurandir-maciel","tag-justica","tag-politica","tag-tse"],"yoast_head":"<!-- This site is optimized with the Yoast SEO plugin v20.5 - https:\/\/yoast.com\/wordpress\/plugins\/seo\/ -->\n<title>Justi\u00e7a determina que La\u00e9rcio Fernandes retorne ao cargo na C\u00e2mara de Vereadores de Canoas - O Timoneiro Jornal Canoas RS<\/title>\n<meta name=\"description\" content=\"Justi\u00e7a determina que La\u00e9rcio Fernandes retorne ao cargo na C\u00e2mara de Vereadores de Canoas pol\u00edtica regi\u00e3o metropolitana rio grande do sul\" \/>\n<meta name=\"robots\" content=\"index, follow, max-snippet:-1, max-image-preview:large, max-video-preview:-1\" \/>\n<link rel=\"canonical\" href=\"https:\/\/jornaltimoneiro.com.br\/index.php\/2023\/08\/24\/justica-determina-que-laercio-fernandes-retorne-ao-cargo-na-camara-de-vereadores-de-canoas\/\" \/>\n<meta property=\"og:locale\" content=\"pt_BR\" \/>\n<meta property=\"og:type\" content=\"article\" \/>\n<meta property=\"og:title\" content=\"Justi\u00e7a determina que La\u00e9rcio Fernandes retorne ao cargo na C\u00e2mara de Vereadores de Canoas - O Timoneiro Jornal Canoas RS\" \/>\n<meta property=\"og:description\" content=\"Justi\u00e7a determina que La\u00e9rcio Fernandes retorne ao cargo na C\u00e2mara de Vereadores de Canoas pol\u00edtica regi\u00e3o metropolitana rio grande do sul\" \/>\n<meta property=\"og:url\" content=\"https:\/\/jornaltimoneiro.com.br\/index.php\/2023\/08\/24\/justica-determina-que-laercio-fernandes-retorne-ao-cargo-na-camara-de-vereadores-de-canoas\/\" \/>\n<meta property=\"og:site_name\" content=\"O Timoneiro Jornal Canoas RS\" \/>\n<meta property=\"article:publisher\" content=\"https:\/\/www.facebook.com\/jornaltimoneiro\" \/>\n<meta property=\"article:published_time\" content=\"2023-08-24T21:34:06+00:00\" \/>\n<meta property=\"og:image\" content=\"https:\/\/jornaltimoneiro.com.br\/wp-content\/uploads\/2023\/08\/WhatsApp-Image-2023-08-24-at-18.28.14.jpeg\" \/>\n\t<meta property=\"og:image:width\" content=\"696\" \/>\n\t<meta property=\"og:image:height\" content=\"523\" \/>\n\t<meta property=\"og:image:type\" content=\"image\/jpeg\" \/>\n<meta name=\"author\" content=\"Reda\u00e7\u00e3o\" \/>\n<meta name=\"twitter:card\" content=\"summary_large_image\" \/>\n<meta name=\"twitter:creator\" content=\"@_OTimoneiro\" \/>\n<meta name=\"twitter:site\" content=\"@_OTimoneiro\" \/>\n<meta name=\"twitter:label1\" content=\"Escrito por\" \/>\n\t<meta name=\"twitter:data1\" content=\"Reda\u00e7\u00e3o\" \/>\n\t<meta name=\"twitter:label2\" content=\"Est. tempo de leitura\" \/>\n\t<meta name=\"twitter:data2\" content=\"1 minuto\" \/>\n<script type=\"application\/ld+json\" class=\"yoast-schema-graph\">{\"@context\":\"https:\/\/schema.org\",\"@graph\":[{\"@type\":\"Article\",\"@id\":\"https:\/\/jornaltimoneiro.com.br\/index.php\/2023\/08\/24\/justica-determina-que-laercio-fernandes-retorne-ao-cargo-na-camara-de-vereadores-de-canoas\/#article\",\"isPartOf\":{\"@id\":\"https:\/\/jornaltimoneiro.com.br\/index.php\/2023\/08\/24\/justica-determina-que-laercio-fernandes-retorne-ao-cargo-na-camara-de-vereadores-de-canoas\/\"},\"author\":{\"name\":\"Reda\u00e7\u00e3o\",\"@id\":\"https:\/\/jornaltimoneiro.com.br\/#\/schema\/person\/f63482f1a02b1a9592707865e509ab40\"},\"headline\":\"Justi\u00e7a determina que La\u00e9rcio Fernandes retorne ao cargo na C\u00e2mara de Vereadores de Canoas\",\"datePublished\":\"2023-08-24T21:34:06+00:00\",\"dateModified\":\"2023-08-24T21:34:06+00:00\",\"mainEntityOfPage\":{\"@id\":\"https:\/\/jornaltimoneiro.com.br\/index.php\/2023\/08\/24\/justica-determina-que-laercio-fernandes-retorne-ao-cargo-na-camara-de-vereadores-de-canoas\/\"},\"wordCount\":177,\"commentCount\":0,\"publisher\":{\"@id\":\"https:\/\/jornaltimoneiro.com.br\/#organization\"},\"keywords\":[\"C\u00e2mara de Vereadores de Canoas\",\"canoas\",\"dr. la\u00e9rcio fernandes\",\"featured\",\"jurandir maciel\",\"justi\u00e7a\",\"Pol\u00edtica\",\"TSE\"],\"articleSection\":[\"Pol\u00edtica\"],\"inLanguage\":\"pt-BR\",\"potentialAction\":[{\"@type\":\"CommentAction\",\"name\":\"Comment\",\"target\":[\"https:\/\/jornaltimoneiro.com.br\/index.php\/2023\/08\/24\/justica-determina-que-laercio-fernandes-retorne-ao-cargo-na-camara-de-vereadores-de-canoas\/#respond\"]}]},{\"@type\":\"WebPage\",\"@id\":\"https:\/\/jornaltimoneiro.com.br\/index.php\/2023\/08\/24\/justica-determina-que-laercio-fernandes-retorne-ao-cargo-na-camara-de-vereadores-de-canoas\/\",\"url\":\"https:\/\/jornaltimoneiro.com.br\/index.php\/2023\/08\/24\/justica-determina-que-laercio-fernandes-retorne-ao-cargo-na-camara-de-vereadores-de-canoas\/\",\"name\":\"Justi\u00e7a determina que La\u00e9rcio Fernandes retorne ao cargo na C\u00e2mara de Vereadores de Canoas - O Timoneiro Jornal Canoas RS\",\"isPartOf\":{\"@id\":\"https:\/\/jornaltimoneiro.com.br\/#website\"},\"datePublished\":\"2023-08-24T21:34:06+00:00\",\"dateModified\":\"2023-08-24T21:34:06+00:00\",\"description\":\"Justi\u00e7a determina que La\u00e9rcio Fernandes retorne ao cargo na C\u00e2mara de Vereadores de Canoas pol\u00edtica regi\u00e3o metropolitana rio grande do sul\",\"breadcrumb\":{\"@id\":\"https:\/\/jornaltimoneiro.com.br\/index.php\/2023\/08\/24\/justica-determina-que-laercio-fernandes-retorne-ao-cargo-na-camara-de-vereadores-de-canoas\/#breadcrumb\"},\"inLanguage\":\"pt-BR\",\"potentialAction\":[{\"@type\":\"ReadAction\",\"target\":[\"https:\/\/jornaltimoneiro.com.br\/index.php\/2023\/08\/24\/justica-determina-que-laercio-fernandes-retorne-ao-cargo-na-camara-de-vereadores-de-canoas\/\"]}]},{\"@type\":\"BreadcrumbList\",\"@id\":\"https:\/\/jornaltimoneiro.com.br\/index.php\/2023\/08\/24\/justica-determina-que-laercio-fernandes-retorne-ao-cargo-na-camara-de-vereadores-de-canoas\/#breadcrumb\",\"itemListElement\":[{\"@type\":\"ListItem\",\"position\":1,\"name\":\"In\u00edcio\",\"item\":\"https:\/\/jornaltimoneiro.com.br\/\"},{\"@type\":\"ListItem\",\"position\":2,\"name\":\"Justi\u00e7a determina que La\u00e9rcio Fernandes retorne ao cargo na C\u00e2mara de Vereadores de Canoas\"}]},{\"@type\":\"WebSite\",\"@id\":\"https:\/\/jornaltimoneiro.com.br\/#website\",\"url\":\"https:\/\/jornaltimoneiro.com.br\/\",\"name\":\"Jornal Timoneiro Canoas RS\",\"description\":\"Jornal O Timoneiro, o verdadeiro jornal de Canoas\",\"publisher\":{\"@id\":\"https:\/\/jornaltimoneiro.com.br\/#organization\"},\"potentialAction\":[{\"@type\":\"SearchAction\",\"target\":{\"@type\":\"EntryPoint\",\"urlTemplate\":\"https:\/\/jornaltimoneiro.com.br\/?s={search_term_string}\"},\"query-input\":\"required name=search_term_string\"}],\"inLanguage\":\"pt-BR\"},{\"@type\":\"Organization\",\"@id\":\"https:\/\/jornaltimoneiro.com.br\/#organization\",\"name\":\"Jornal Timoneiro Canoas RS\",\"url\":\"https:\/\/jornaltimoneiro.com.br\/\",\"logo\":{\"@type\":\"ImageObject\",\"inLanguage\":\"pt-BR\",\"@id\":\"https:\/\/jornaltimoneiro.com.br\/#\/schema\/logo\/image\/\",\"url\":\"https:\/\/jornaltimoneiro.com.br\/wp-content\/uploads\/2023\/03\/logonovo.png\",\"contentUrl\":\"https:\/\/jornaltimoneiro.com.br\/wp-content\/uploads\/2023\/03\/logonovo.png\",\"width\":\"469\",\"height\":\"171\",\"caption\":\"Jornal Timoneiro Canoas RS\"},\"image\":{\"@id\":\"https:\/\/jornaltimoneiro.com.br\/#\/schema\/logo\/image\/\"},\"sameAs\":[\"https:\/\/www.facebook.com\/jornaltimoneiro\",\"https:\/\/twitter.com\/_OTimoneiro\",\"https:\/\/www.instagram.com\/jornaltimoneirocanoas\/\",\"https:\/\/www.youtube.com\/@jornalotimoneiro7927\"]},{\"@type\":\"Person\",\"@id\":\"https:\/\/jornaltimoneiro.com.br\/#\/schema\/person\/f63482f1a02b1a9592707865e509ab40\",\"name\":\"Reda\u00e7\u00e3o\",\"image\":{\"@type\":\"ImageObject\",\"inLanguage\":\"pt-BR\",\"@id\":\"https:\/\/jornaltimoneiro.com.br\/#\/schema\/person\/image\/\",\"url\":\"https:\/\/jornaltimoneiro.com.br\/wp-content\/uploads\/2023\/03\/download.jpeg\",\"contentUrl\":\"https:\/\/jornaltimoneiro.com.br\/wp-content\/uploads\/2023\/03\/download.jpeg\",\"caption\":\"Reda\u00e7\u00e3o\"},\"url\":\"https:\/\/jornaltimoneiro.com.br\/index.php\/author\/simone-dutra\/\"}]}<\/script>\n<!-- \/ Yoast SEO plugin. -->","yoast_head_json":{"title":"Justi\u00e7a determina que La\u00e9rcio Fernandes retorne ao cargo na C\u00e2mara de Vereadores de Canoas - O Timoneiro Jornal Canoas RS","description":"Justi\u00e7a determina que La\u00e9rcio Fernandes retorne ao cargo na C\u00e2mara de Vereadores de Canoas pol\u00edtica regi\u00e3o metropolitana rio grande do sul","robots":{"index":"index","follow":"follow","max-snippet":"max-snippet:-1","max-image-preview":"max-image-preview:large","max-video-preview":"max-video-preview:-1"},"canonical":"https:\/\/jornaltimoneiro.com.br\/index.php\/2023\/08\/24\/justica-determina-que-laercio-fernandes-retorne-ao-cargo-na-camara-de-vereadores-de-canoas\/","og_locale":"pt_BR","og_type":"article","og_title":"Justi\u00e7a determina que La\u00e9rcio Fernandes retorne ao cargo na C\u00e2mara de Vereadores de Canoas - O Timoneiro Jornal Canoas RS","og_description":"Justi\u00e7a determina que La\u00e9rcio Fernandes retorne ao cargo na C\u00e2mara de Vereadores de Canoas pol\u00edtica regi\u00e3o metropolitana rio grande do sul","og_url":"https:\/\/jornaltimoneiro.com.br\/index.php\/2023\/08\/24\/justica-determina-que-laercio-fernandes-retorne-ao-cargo-na-camara-de-vereadores-de-canoas\/","og_site_name":"O Timoneiro Jornal Canoas RS","article_publisher":"https:\/\/www.facebook.com\/jornaltimoneiro","article_published_time":"2023-08-24T21:34:06+00:00","og_image":[{"width":"696","height":"523","url":"https:\/\/jornaltimoneiro.com.br\/wp-content\/uploads\/2023\/08\/WhatsApp-Image-2023-08-24-at-18.28.14.jpeg","type":"image\/jpeg"}],"author":"Reda\u00e7\u00e3o","twitter_card":"summary_large_image","twitter_creator":"@_OTimoneiro","twitter_site":"@_OTimoneiro","twitter_misc":{"Escrito por":"Reda\u00e7\u00e3o","Est. tempo de leitura":"1 minuto"},"schema":{"@context":"https:\/\/schema.org","@graph":[{"@type":"Article","@id":"https:\/\/jornaltimoneiro.com.br\/index.php\/2023\/08\/24\/justica-determina-que-laercio-fernandes-retorne-ao-cargo-na-camara-de-vereadores-de-canoas\/#article","isPartOf":{"@id":"https:\/\/jornaltimoneiro.com.br\/index.php\/2023\/08\/24\/justica-determina-que-laercio-fernandes-retorne-ao-cargo-na-camara-de-vereadores-de-canoas\/"},"author":{"name":"Reda\u00e7\u00e3o","@id":"https:\/\/jornaltimoneiro.com.br\/#\/schema\/person\/f63482f1a02b1a9592707865e509ab40"},"headline":"Justi\u00e7a determina que La\u00e9rcio Fernandes retorne ao cargo na C\u00e2mara de Vereadores de Canoas","datePublished":"2023-08-24T21:34:06+00:00","dateModified":"2023-08-24T21:34:06+00:00","mainEntityOfPage":{"@id":"https:\/\/jornaltimoneiro.com.br\/index.php\/2023\/08\/24\/justica-determina-que-laercio-fernandes-retorne-ao-cargo-na-camara-de-vereadores-de-canoas\/"},"wordCount":177,"commentCount":0,"publisher":{"@id":"https:\/\/jornaltimoneiro.com.br\/#organization"},"keywords":["C\u00e2mara de Vereadores de Canoas","canoas","dr. la\u00e9rcio fernandes","featured","jurandir maciel","justi\u00e7a","Pol\u00edtica","TSE"],"articleSection":["Pol\u00edtica"],"inLanguage":"pt-BR","potentialAction":[{"@type":"CommentAction","name":"Comment","target":["https:\/\/jornaltimoneiro.com.br\/index.php\/2023\/08\/24\/justica-determina-que-laercio-fernandes-retorne-ao-cargo-na-camara-de-vereadores-de-canoas\/#respond"]}]},{"@type":"WebPage","@id":"https:\/\/jornaltimoneiro.com.br\/index.php\/2023\/08\/24\/justica-determina-que-laercio-fernandes-retorne-ao-cargo-na-camara-de-vereadores-de-canoas\/","url":"https:\/\/jornaltimoneiro.com.br\/index.php\/2023\/08\/24\/justica-determina-que-laercio-fernandes-retorne-ao-cargo-na-camara-de-vereadores-de-canoas\/","name":"Justi\u00e7a determina que La\u00e9rcio Fernandes retorne ao cargo na C\u00e2mara de Vereadores de Canoas - O Timoneiro Jornal Canoas RS","isPartOf":{"@id":"https:\/\/jornaltimoneiro.com.br\/#website"},"datePublished":"2023-08-24T21:34:06+00:00","dateModified":"2023-08-24T21:34:06+00:00","description":"Justi\u00e7a determina que La\u00e9rcio Fernandes retorne ao cargo na C\u00e2mara de Vereadores de Canoas pol\u00edtica regi\u00e3o metropolitana rio grande do sul","breadcrumb":{"@id":"https:\/\/jornaltimoneiro.com.br\/index.php\/2023\/08\/24\/justica-determina-que-laercio-fernandes-retorne-ao-cargo-na-camara-de-vereadores-de-canoas\/#breadcrumb"},"inLanguage":"pt-BR","potentialAction":[{"@type":"ReadAction","target":["https:\/\/jornaltimoneiro.com.br\/index.php\/2023\/08\/24\/justica-determina-que-laercio-fernandes-retorne-ao-cargo-na-camara-de-vereadores-de-canoas\/"]}]},{"@type":"BreadcrumbList","@id":"https:\/\/jornaltimoneiro.com.br\/index.php\/2023\/08\/24\/justica-determina-que-laercio-fernandes-retorne-ao-cargo-na-camara-de-vereadores-de-canoas\/#breadcrumb","itemListElement":[{"@type":"ListItem","position":1,"name":"In\u00edcio","item":"https:\/\/jornaltimoneiro.com.br\/"},{"@type":"ListItem","position":2,"name":"Justi\u00e7a determina que La\u00e9rcio Fernandes retorne ao cargo na C\u00e2mara de Vereadores de Canoas"}]},{"@type":"WebSite","@id":"https:\/\/jornaltimoneiro.com.br\/#website","url":"https:\/\/jornaltimoneiro.com.br\/","name":"Jornal Timoneiro Canoas RS","description":"Jornal O Timoneiro, o verdadeiro jornal de Canoas","publisher":{"@id":"https:\/\/jornaltimoneiro.com.br\/#organization"},"potentialAction":[{"@type":"SearchAction","target":{"@type":"EntryPoint","urlTemplate":"https:\/\/jornaltimoneiro.com.br\/?s={search_term_string}"},"query-input":"required name=search_term_string"}],"inLanguage":"pt-BR"},{"@type":"Organization","@id":"https:\/\/jornaltimoneiro.com.br\/#organization","name":"Jornal Timoneiro Canoas RS","url":"https:\/\/jornaltimoneiro.com.br\/","logo":{"@type":"ImageObject","inLanguage":"pt-BR","@id":"https:\/\/jornaltimoneiro.com.br\/#\/schema\/logo\/image\/","url":"https:\/\/jornaltimoneiro.com.br\/wp-content\/uploads\/2023\/03\/logonovo.png","contentUrl":"https:\/\/jornaltimoneiro.com.br\/wp-content\/uploads\/2023\/03\/logonovo.png","width":"469","height":"171","caption":"Jornal Timoneiro Canoas RS"},"image":{"@id":"https:\/\/jornaltimoneiro.com.br\/#\/schema\/logo\/image\/"},"sameAs":["https:\/\/www.facebook.com\/jornaltimoneiro","https:\/\/twitter.com\/_OTimoneiro","https:\/\/www.instagram.com\/jornaltimoneirocanoas\/","https:\/\/www.youtube.com\/@jornalotimoneiro7927"]},{"@type":"Person","@id":"https:\/\/jornaltimoneiro.com.br\/#\/schema\/person\/f63482f1a02b1a9592707865e509ab40","name":"Reda\u00e7\u00e3o","image":{"@type":"ImageObject","inLanguage":"pt-BR","@id":"https:\/\/jornaltimoneiro.com.br\/#\/schema\/person\/image\/","url":"https:\/\/jornaltimoneiro.com.br\/wp-content\/uploads\/2023\/03\/download.jpeg","contentUrl":"https:\/\/jornaltimoneiro.com.br\/wp-content\/uploads\/2023\/03\/download.jpeg","caption":"Reda\u00e7\u00e3o"},"url":"https:\/\/jornaltimoneiro.com.br\/index.php\/author\/simone-dutra\/"}]}},"_links":{"self":[{"href":"https:\/\/jornaltimoneiro.com.br\/index.php\/wp-json\/wp\/v2\/posts\/25555"}],"collection":[{"href":"https:\/\/jornaltimoneiro.com.br\/index.php\/wp-json\/wp\/v2\/posts"}],"about":[{"href":"https:\/\/jornaltimoneiro.com.br\/index.php\/wp-json\/wp\/v2\/types\/post"}],"author":[{"embeddable":true,"href":"https:\/\/jornaltimoneiro.com.br\/index.php\/wp-json\/wp\/v2\/users\/2"}],"replies":[{"embeddable":true,"href":"https:\/\/jornaltimoneiro.com.br\/index.php\/wp-json\/wp\/v2\/comments?post=25555"}],"version-history":[{"count":1,"href":"https:\/\/jornaltimoneiro.com.br\/index.php\/wp-json\/wp\/v2\/posts\/25555\/revisions"}],"predecessor-version":[{"id":25557,"href":"https:\/\/jornaltimoneiro.com.br\/index.php\/wp-json\/wp\/v2\/posts\/25555\/revisions\/25557"}],"wp:featuredmedia":[{"embeddable":true,"href":"https:\/\/jornaltimoneiro.com.br\/index.php\/wp-json\/wp\/v2\/media\/25556"}],"wp:attachment":[{"href":"https:\/\/jornaltimoneiro.com.br\/index.php\/wp-json\/wp\/v2\/media?parent=25555"}],"wp:term":[{"taxonomy":"category","embeddable":true,"href":"https:\/\/jornaltimoneiro.com.br\/index.php\/wp-json\/wp\/v2\/categories?post=25555"},{"taxonomy":"post_tag","embeddable":true,"href":"https:\/\/jornaltimoneiro.com.br\/index.php\/wp-json\/wp\/v2\/tags?post=25555"}],"curies":[{"name":"wp","href":"https:\/\/api.w.org\/{rel}","templated":true}]}}