{"id":25535,"date":"2023-08-23T15:11:24","date_gmt":"2023-08-23T18:11:24","guid":{"rendered":"https:\/\/jornaltimoneiro.com.br\/?p=25535"},"modified":"2023-08-23T15:11:24","modified_gmt":"2023-08-23T18:11:24","slug":"skatista-maria-lucia-e-homenageada-na-camara-de-vereadores-de-canoas","status":"publish","type":"post","link":"https:\/\/jornaltimoneiro.com.br\/index.php\/2023\/08\/23\/skatista-maria-lucia-e-homenageada-na-camara-de-vereadores-de-canoas\/","title":{"rendered":"Skatista Maria L\u00facia \u00e9 homenageada ao lado do pai na C\u00e2mara de Vereadores de Canoas"},"content":{"rendered":"<p>O Vereador Emilio Neto (PT) conduziu um Grande Expediente dedicado a homenagear duas personalidades que t\u00eam deixado uma marca indel\u00e9vel na cena esportiva da cidade e do pa\u00eds: Maria L\u00facia Rocha de Campos, jovem e promissora skatista, e Nilson Jesus de Campos, renomado skatista e multicampe\u00e3o, que \u00e9 seu pai e treinador.<\/p>\n<p>A atleta que se destacou em diversas competi\u00e7\u00f5es brasileiras expressou o desejo de seguir uma carreira no esporte. Seu nome come\u00e7ou a ecoar com vit\u00f3rias memor\u00e1veis no Campeonato Sul-Brasileiro de Skate Amador de 2021, um t\u00edtulo que marcou apenas o in\u00edcio de uma carreira promissora.<\/p>\n<h4><strong>Sele\u00e7\u00e3o Brasileira <\/strong><\/h4>\n<p>Neste ano, Maria L\u00facia chamou a aten\u00e7\u00e3o da Confedera\u00e7\u00e3o Brasileira de Skate, que a convidou para integrar a Sele\u00e7\u00e3o Brasileira, um passo que apenas refor\u00e7a sua crescente relev\u00e2ncia no cen\u00e1rio do skate, tanto nacional quanto internacional.<\/p>\n<h4><strong>\u201cOrgulho para Canoas\u201d<\/strong><\/h4>\n<p>Emilio Neto reconheceu a import\u00e2ncia desse talento local: &#8220;Canoas se orgulha desses exemplos de determina\u00e7\u00e3o e esfor\u00e7o. Essa homenagem n\u00e3o se destina apenas a reconhecer o talento deles, mas tamb\u00e9m a inspirar outros jovens da cidade a perseguirem seus sonhos e acreditarem em seu potencial&#8221;, enfatizou o vereador.<\/p>\n<div id=\"attachment_25536\" style=\"width: 1090px\" class=\"wp-caption alignnone\"><img decoding=\"async\" aria-describedby=\"caption-attachment-25536\" class=\"size-full wp-image-25536\" src=\"https:\/\/jornaltimoneiro.com.br\/wp-content\/uploads\/2023\/08\/WhatsApp-Image-2023-08-22-at-19.17.42-1.jpeg\" alt=\"Foto: Bruna Ourique\" width=\"1080\" height=\"719\" srcset=\"https:\/\/jornaltimoneiro.com.br\/wp-content\/uploads\/2023\/08\/WhatsApp-Image-2023-08-22-at-19.17.42-1.jpeg 1080w, https:\/\/jornaltimoneiro.com.br\/wp-content\/uploads\/2023\/08\/WhatsApp-Image-2023-08-22-at-19.17.42-1-300x200.jpeg 300w, https:\/\/jornaltimoneiro.com.br\/wp-content\/uploads\/2023\/08\/WhatsApp-Image-2023-08-22-at-19.17.42-1-1024x682.jpeg 1024w, https:\/\/jornaltimoneiro.com.br\/wp-content\/uploads\/2023\/08\/WhatsApp-Image-2023-08-22-at-19.17.42-1-768x511.jpeg 768w\" sizes=\"(max-width: 1080px) 100vw, 1080px\" \/><p id=\"caption-attachment-25536\" class=\"wp-caption-text\">Skatista Maria L\u00facia \u00e9 homenageada na C\u00e2mara de Vereadores de Canoas\/Foto: Bruna Ourique<\/p><\/div>\n<p>A sess\u00e3o foi prestigiada por figuras proeminentes da comunidade educacional e esportiva. \u00c9rida do Amaral, Secret\u00e1ria Municipal Adjunta da Educa\u00e7\u00e3o, destacou a import\u00e2ncia do apoio da administra\u00e7\u00e3o municipal para jovens talentos como Maria L\u00facia.<\/p>\n<h4><strong>\u201cBraba de Canoas\u201d<\/strong><\/h4>\n<p>Fernando Lazzaretti, Diretor da Escola Rio Grande do Sul, onde Maria L\u00facia \u00e9 aluna, compartilhou uma vis\u00e3o da atleta na escola, enfatizando sua dualidade: conhecida como a &#8220;braba de Canoas&#8221; nas pistas e uma pessoa de simpatia, timidez e do\u00e7ura em sua vida cotidiana.<\/p>\n<p>O pai Nilson e a m\u00e3e S\u00f4nia Mara da Rocha agradeceram emocionados a homenagem e destacaram momentos dif\u00edceis para custear as viagens da filha no esporte.<\/p>\n","protected":false},"excerpt":{"rendered":"<p>O Vereador Emilio Neto (PT) conduziu um Grande Expediente dedicado a homenagear duas personalidades que t\u00eam deixado uma marca indel\u00e9vel na cena esportiva da cidade e do pa\u00eds: Maria L\u00facia Rocha de Campos, jovem e promissora skatista, e Nilson Jesus de Campos, renomado skatista e multicampe\u00e3o, que \u00e9 seu pai e treinador. A atleta que [&hellip;]<\/p>\n","protected":false},"author":2,"featured_media":25537,"comment_status":"open","ping_status":"open","sticky":false,"template":"","format":"standard","meta":{"amp_status":"","footnotes":""},"categories":[24],"tags":[86,31,234,1294,214,213,80,1295,300,301,1296],"class_list":["post-25535","post","type-post","status-publish","format-standard","has-post-thumbnail","hentry","category-esporte","tag-camara-de-vereadores-de-canoas","tag-canoas","tag-esporte","tag-maria-lucia-da-rocha","tag-regiao-metropolitana","tag-rio-grande-do-sul","tag-rs","tag-selecao-brasileira-de-skate","tag-skate","tag-skatista","tag-vereador-emilio-neto"],"yoast_head":"<!-- This site is optimized with the Yoast SEO plugin v20.5 - https:\/\/yoast.com\/wordpress\/plugins\/seo\/ -->\n<title>Skatista Maria L\u00facia \u00e9 homenageada ao lado do pai na C\u00e2mara de Vereadores de Canoas - O Timoneiro Jornal Canoas RS<\/title>\n<meta name=\"description\" content=\"Skatista Maria L\u00facia \u00e9 homenageada na C\u00e2mara de Vereadores de Canoas esporte reconhecimento regi\u00e3o metropolitana rio grande do sul rs skate\" \/>\n<meta name=\"robots\" content=\"index, follow, max-snippet:-1, max-image-preview:large, max-video-preview:-1\" \/>\n<link rel=\"canonical\" href=\"https:\/\/jornaltimoneiro.com.br\/index.php\/2023\/08\/23\/skatista-maria-lucia-e-homenageada-na-camara-de-vereadores-de-canoas\/\" \/>\n<meta property=\"og:locale\" content=\"pt_BR\" \/>\n<meta property=\"og:type\" content=\"article\" \/>\n<meta property=\"og:title\" content=\"Skatista Maria L\u00facia \u00e9 homenageada ao lado do pai na C\u00e2mara de Vereadores de Canoas - O Timoneiro Jornal Canoas RS\" \/>\n<meta property=\"og:description\" content=\"Skatista Maria L\u00facia \u00e9 homenageada na C\u00e2mara de Vereadores de Canoas esporte reconhecimento regi\u00e3o metropolitana rio grande do sul rs skate\" \/>\n<meta property=\"og:url\" content=\"https:\/\/jornaltimoneiro.com.br\/index.php\/2023\/08\/23\/skatista-maria-lucia-e-homenageada-na-camara-de-vereadores-de-canoas\/\" \/>\n<meta property=\"og:site_name\" content=\"O Timoneiro Jornal Canoas RS\" \/>\n<meta property=\"article:publisher\" content=\"https:\/\/www.facebook.com\/jornaltimoneiro\" \/>\n<meta property=\"article:published_time\" content=\"2023-08-23T18:11:24+00:00\" \/>\n<meta property=\"og:image\" content=\"https:\/\/jornaltimoneiro.com.br\/wp-content\/uploads\/2023\/08\/WhatsApp-Image-2023-08-22-at-19.17.42.jpeg\" \/>\n\t<meta property=\"og:image:width\" content=\"1080\" \/>\n\t<meta property=\"og:image:height\" content=\"719\" \/>\n\t<meta property=\"og:image:type\" content=\"image\/jpeg\" \/>\n<meta name=\"author\" content=\"Reda\u00e7\u00e3o\" \/>\n<meta name=\"twitter:card\" content=\"summary_large_image\" \/>\n<meta name=\"twitter:creator\" content=\"@_OTimoneiro\" \/>\n<meta name=\"twitter:site\" content=\"@_OTimoneiro\" \/>\n<meta name=\"twitter:label1\" content=\"Escrito por\" \/>\n\t<meta name=\"twitter:data1\" content=\"Reda\u00e7\u00e3o\" \/>\n\t<meta name=\"twitter:label2\" content=\"Est. tempo de leitura\" \/>\n\t<meta name=\"twitter:data2\" content=\"2 minutos\" \/>\n<script type=\"application\/ld+json\" class=\"yoast-schema-graph\">{\"@context\":\"https:\/\/schema.org\",\"@graph\":[{\"@type\":\"Article\",\"@id\":\"https:\/\/jornaltimoneiro.com.br\/index.php\/2023\/08\/23\/skatista-maria-lucia-e-homenageada-na-camara-de-vereadores-de-canoas\/#article\",\"isPartOf\":{\"@id\":\"https:\/\/jornaltimoneiro.com.br\/index.php\/2023\/08\/23\/skatista-maria-lucia-e-homenageada-na-camara-de-vereadores-de-canoas\/\"},\"author\":{\"name\":\"Reda\u00e7\u00e3o\",\"@id\":\"https:\/\/jornaltimoneiro.com.br\/#\/schema\/person\/f63482f1a02b1a9592707865e509ab40\"},\"headline\":\"Skatista Maria L\u00facia \u00e9 homenageada ao lado do pai na C\u00e2mara de Vereadores de Canoas\",\"datePublished\":\"2023-08-23T18:11:24+00:00\",\"dateModified\":\"2023-08-23T18:11:24+00:00\",\"mainEntityOfPage\":{\"@id\":\"https:\/\/jornaltimoneiro.com.br\/index.php\/2023\/08\/23\/skatista-maria-lucia-e-homenageada-na-camara-de-vereadores-de-canoas\/\"},\"wordCount\":364,\"commentCount\":0,\"publisher\":{\"@id\":\"https:\/\/jornaltimoneiro.com.br\/#organization\"},\"keywords\":[\"C\u00e2mara de Vereadores de Canoas\",\"canoas\",\"esporte\",\"Maria L\u00facia da Rocha\",\"regi\u00e3o metropolitana\",\"rio grande do sul\",\"RS\",\"Sele\u00e7\u00e3o Brasileira de Skate\",\"skate\",\"skatista\",\"vereador em\u00edlio neto\"],\"articleSection\":[\"Esporte\"],\"inLanguage\":\"pt-BR\",\"potentialAction\":[{\"@type\":\"CommentAction\",\"name\":\"Comment\",\"target\":[\"https:\/\/jornaltimoneiro.com.br\/index.php\/2023\/08\/23\/skatista-maria-lucia-e-homenageada-na-camara-de-vereadores-de-canoas\/#respond\"]}]},{\"@type\":\"WebPage\",\"@id\":\"https:\/\/jornaltimoneiro.com.br\/index.php\/2023\/08\/23\/skatista-maria-lucia-e-homenageada-na-camara-de-vereadores-de-canoas\/\",\"url\":\"https:\/\/jornaltimoneiro.com.br\/index.php\/2023\/08\/23\/skatista-maria-lucia-e-homenageada-na-camara-de-vereadores-de-canoas\/\",\"name\":\"Skatista Maria L\u00facia \u00e9 homenageada ao lado do pai na C\u00e2mara de Vereadores de Canoas - O Timoneiro Jornal Canoas RS\",\"isPartOf\":{\"@id\":\"https:\/\/jornaltimoneiro.com.br\/#website\"},\"datePublished\":\"2023-08-23T18:11:24+00:00\",\"dateModified\":\"2023-08-23T18:11:24+00:00\",\"description\":\"Skatista Maria L\u00facia \u00e9 homenageada na C\u00e2mara de Vereadores de Canoas esporte reconhecimento regi\u00e3o metropolitana rio grande do sul rs skate\",\"breadcrumb\":{\"@id\":\"https:\/\/jornaltimoneiro.com.br\/index.php\/2023\/08\/23\/skatista-maria-lucia-e-homenageada-na-camara-de-vereadores-de-canoas\/#breadcrumb\"},\"inLanguage\":\"pt-BR\",\"potentialAction\":[{\"@type\":\"ReadAction\",\"target\":[\"https:\/\/jornaltimoneiro.com.br\/index.php\/2023\/08\/23\/skatista-maria-lucia-e-homenageada-na-camara-de-vereadores-de-canoas\/\"]}]},{\"@type\":\"BreadcrumbList\",\"@id\":\"https:\/\/jornaltimoneiro.com.br\/index.php\/2023\/08\/23\/skatista-maria-lucia-e-homenageada-na-camara-de-vereadores-de-canoas\/#breadcrumb\",\"itemListElement\":[{\"@type\":\"ListItem\",\"position\":1,\"name\":\"In\u00edcio\",\"item\":\"https:\/\/jornaltimoneiro.com.br\/\"},{\"@type\":\"ListItem\",\"position\":2,\"name\":\"Skatista Maria L\u00facia \u00e9 homenageada ao lado do pai na C\u00e2mara de Vereadores de Canoas\"}]},{\"@type\":\"WebSite\",\"@id\":\"https:\/\/jornaltimoneiro.com.br\/#website\",\"url\":\"https:\/\/jornaltimoneiro.com.br\/\",\"name\":\"Jornal Timoneiro Canoas RS\",\"description\":\"Jornal O Timoneiro, o verdadeiro jornal de Canoas\",\"publisher\":{\"@id\":\"https:\/\/jornaltimoneiro.com.br\/#organization\"},\"potentialAction\":[{\"@type\":\"SearchAction\",\"target\":{\"@type\":\"EntryPoint\",\"urlTemplate\":\"https:\/\/jornaltimoneiro.com.br\/?s={search_term_string}\"},\"query-input\":\"required name=search_term_string\"}],\"inLanguage\":\"pt-BR\"},{\"@type\":\"Organization\",\"@id\":\"https:\/\/jornaltimoneiro.com.br\/#organization\",\"name\":\"Jornal Timoneiro Canoas RS\",\"url\":\"https:\/\/jornaltimoneiro.com.br\/\",\"logo\":{\"@type\":\"ImageObject\",\"inLanguage\":\"pt-BR\",\"@id\":\"https:\/\/jornaltimoneiro.com.br\/#\/schema\/logo\/image\/\",\"url\":\"https:\/\/jornaltimoneiro.com.br\/wp-content\/uploads\/2023\/03\/logonovo.png\",\"contentUrl\":\"https:\/\/jornaltimoneiro.com.br\/wp-content\/uploads\/2023\/03\/logonovo.png\",\"width\":\"469\",\"height\":\"171\",\"caption\":\"Jornal Timoneiro Canoas RS\"},\"image\":{\"@id\":\"https:\/\/jornaltimoneiro.com.br\/#\/schema\/logo\/image\/\"},\"sameAs\":[\"https:\/\/www.facebook.com\/jornaltimoneiro\",\"https:\/\/twitter.com\/_OTimoneiro\",\"https:\/\/www.instagram.com\/jornaltimoneirocanoas\/\",\"https:\/\/www.youtube.com\/@jornalotimoneiro7927\"]},{\"@type\":\"Person\",\"@id\":\"https:\/\/jornaltimoneiro.com.br\/#\/schema\/person\/f63482f1a02b1a9592707865e509ab40\",\"name\":\"Reda\u00e7\u00e3o\",\"image\":{\"@type\":\"ImageObject\",\"inLanguage\":\"pt-BR\",\"@id\":\"https:\/\/jornaltimoneiro.com.br\/#\/schema\/person\/image\/\",\"url\":\"https:\/\/jornaltimoneiro.com.br\/wp-content\/uploads\/2023\/03\/download.jpeg\",\"contentUrl\":\"https:\/\/jornaltimoneiro.com.br\/wp-content\/uploads\/2023\/03\/download.jpeg\",\"caption\":\"Reda\u00e7\u00e3o\"},\"url\":\"https:\/\/jornaltimoneiro.com.br\/index.php\/author\/simone-dutra\/\"}]}<\/script>\n<!-- \/ Yoast SEO plugin. -->","yoast_head_json":{"title":"Skatista Maria L\u00facia \u00e9 homenageada ao lado do pai na C\u00e2mara de Vereadores de Canoas - O Timoneiro Jornal Canoas RS","description":"Skatista Maria L\u00facia \u00e9 homenageada na C\u00e2mara de Vereadores de Canoas esporte reconhecimento regi\u00e3o metropolitana rio grande do sul rs skate","robots":{"index":"index","follow":"follow","max-snippet":"max-snippet:-1","max-image-preview":"max-image-preview:large","max-video-preview":"max-video-preview:-1"},"canonical":"https:\/\/jornaltimoneiro.com.br\/index.php\/2023\/08\/23\/skatista-maria-lucia-e-homenageada-na-camara-de-vereadores-de-canoas\/","og_locale":"pt_BR","og_type":"article","og_title":"Skatista Maria L\u00facia \u00e9 homenageada ao lado do pai na C\u00e2mara de Vereadores de Canoas - O Timoneiro Jornal Canoas RS","og_description":"Skatista Maria L\u00facia \u00e9 homenageada na C\u00e2mara de Vereadores de Canoas esporte reconhecimento regi\u00e3o metropolitana rio grande do sul rs skate","og_url":"https:\/\/jornaltimoneiro.com.br\/index.php\/2023\/08\/23\/skatista-maria-lucia-e-homenageada-na-camara-de-vereadores-de-canoas\/","og_site_name":"O Timoneiro Jornal Canoas RS","article_publisher":"https:\/\/www.facebook.com\/jornaltimoneiro","article_published_time":"2023-08-23T18:11:24+00:00","og_image":[{"width":"1080","height":"719","url":"https:\/\/jornaltimoneiro.com.br\/wp-content\/uploads\/2023\/08\/WhatsApp-Image-2023-08-22-at-19.17.42.jpeg","type":"image\/jpeg"}],"author":"Reda\u00e7\u00e3o","twitter_card":"summary_large_image","twitter_creator":"@_OTimoneiro","twitter_site":"@_OTimoneiro","twitter_misc":{"Escrito por":"Reda\u00e7\u00e3o","Est. tempo de leitura":"2 minutos"},"schema":{"@context":"https:\/\/schema.org","@graph":[{"@type":"Article","@id":"https:\/\/jornaltimoneiro.com.br\/index.php\/2023\/08\/23\/skatista-maria-lucia-e-homenageada-na-camara-de-vereadores-de-canoas\/#article","isPartOf":{"@id":"https:\/\/jornaltimoneiro.com.br\/index.php\/2023\/08\/23\/skatista-maria-lucia-e-homenageada-na-camara-de-vereadores-de-canoas\/"},"author":{"name":"Reda\u00e7\u00e3o","@id":"https:\/\/jornaltimoneiro.com.br\/#\/schema\/person\/f63482f1a02b1a9592707865e509ab40"},"headline":"Skatista Maria L\u00facia \u00e9 homenageada ao lado do pai na C\u00e2mara de Vereadores de Canoas","datePublished":"2023-08-23T18:11:24+00:00","dateModified":"2023-08-23T18:11:24+00:00","mainEntityOfPage":{"@id":"https:\/\/jornaltimoneiro.com.br\/index.php\/2023\/08\/23\/skatista-maria-lucia-e-homenageada-na-camara-de-vereadores-de-canoas\/"},"wordCount":364,"commentCount":0,"publisher":{"@id":"https:\/\/jornaltimoneiro.com.br\/#organization"},"keywords":["C\u00e2mara de Vereadores de Canoas","canoas","esporte","Maria L\u00facia da Rocha","regi\u00e3o metropolitana","rio grande do sul","RS","Sele\u00e7\u00e3o Brasileira de Skate","skate","skatista","vereador em\u00edlio neto"],"articleSection":["Esporte"],"inLanguage":"pt-BR","potentialAction":[{"@type":"CommentAction","name":"Comment","target":["https:\/\/jornaltimoneiro.com.br\/index.php\/2023\/08\/23\/skatista-maria-lucia-e-homenageada-na-camara-de-vereadores-de-canoas\/#respond"]}]},{"@type":"WebPage","@id":"https:\/\/jornaltimoneiro.com.br\/index.php\/2023\/08\/23\/skatista-maria-lucia-e-homenageada-na-camara-de-vereadores-de-canoas\/","url":"https:\/\/jornaltimoneiro.com.br\/index.php\/2023\/08\/23\/skatista-maria-lucia-e-homenageada-na-camara-de-vereadores-de-canoas\/","name":"Skatista Maria L\u00facia \u00e9 homenageada ao lado do pai na C\u00e2mara de Vereadores de Canoas - O Timoneiro Jornal Canoas RS","isPartOf":{"@id":"https:\/\/jornaltimoneiro.com.br\/#website"},"datePublished":"2023-08-23T18:11:24+00:00","dateModified":"2023-08-23T18:11:24+00:00","description":"Skatista Maria L\u00facia \u00e9 homenageada na C\u00e2mara de Vereadores de Canoas esporte reconhecimento regi\u00e3o metropolitana rio grande do sul rs skate","breadcrumb":{"@id":"https:\/\/jornaltimoneiro.com.br\/index.php\/2023\/08\/23\/skatista-maria-lucia-e-homenageada-na-camara-de-vereadores-de-canoas\/#breadcrumb"},"inLanguage":"pt-BR","potentialAction":[{"@type":"ReadAction","target":["https:\/\/jornaltimoneiro.com.br\/index.php\/2023\/08\/23\/skatista-maria-lucia-e-homenageada-na-camara-de-vereadores-de-canoas\/"]}]},{"@type":"BreadcrumbList","@id":"https:\/\/jornaltimoneiro.com.br\/index.php\/2023\/08\/23\/skatista-maria-lucia-e-homenageada-na-camara-de-vereadores-de-canoas\/#breadcrumb","itemListElement":[{"@type":"ListItem","position":1,"name":"In\u00edcio","item":"https:\/\/jornaltimoneiro.com.br\/"},{"@type":"ListItem","position":2,"name":"Skatista Maria L\u00facia \u00e9 homenageada ao lado do pai na C\u00e2mara de Vereadores de Canoas"}]},{"@type":"WebSite","@id":"https:\/\/jornaltimoneiro.com.br\/#website","url":"https:\/\/jornaltimoneiro.com.br\/","name":"Jornal Timoneiro Canoas RS","description":"Jornal O Timoneiro, o verdadeiro jornal de Canoas","publisher":{"@id":"https:\/\/jornaltimoneiro.com.br\/#organization"},"potentialAction":[{"@type":"SearchAction","target":{"@type":"EntryPoint","urlTemplate":"https:\/\/jornaltimoneiro.com.br\/?s={search_term_string}"},"query-input":"required name=search_term_string"}],"inLanguage":"pt-BR"},{"@type":"Organization","@id":"https:\/\/jornaltimoneiro.com.br\/#organization","name":"Jornal Timoneiro Canoas RS","url":"https:\/\/jornaltimoneiro.com.br\/","logo":{"@type":"ImageObject","inLanguage":"pt-BR","@id":"https:\/\/jornaltimoneiro.com.br\/#\/schema\/logo\/image\/","url":"https:\/\/jornaltimoneiro.com.br\/wp-content\/uploads\/2023\/03\/logonovo.png","contentUrl":"https:\/\/jornaltimoneiro.com.br\/wp-content\/uploads\/2023\/03\/logonovo.png","width":"469","height":"171","caption":"Jornal Timoneiro Canoas RS"},"image":{"@id":"https:\/\/jornaltimoneiro.com.br\/#\/schema\/logo\/image\/"},"sameAs":["https:\/\/www.facebook.com\/jornaltimoneiro","https:\/\/twitter.com\/_OTimoneiro","https:\/\/www.instagram.com\/jornaltimoneirocanoas\/","https:\/\/www.youtube.com\/@jornalotimoneiro7927"]},{"@type":"Person","@id":"https:\/\/jornaltimoneiro.com.br\/#\/schema\/person\/f63482f1a02b1a9592707865e509ab40","name":"Reda\u00e7\u00e3o","image":{"@type":"ImageObject","inLanguage":"pt-BR","@id":"https:\/\/jornaltimoneiro.com.br\/#\/schema\/person\/image\/","url":"https:\/\/jornaltimoneiro.com.br\/wp-content\/uploads\/2023\/03\/download.jpeg","contentUrl":"https:\/\/jornaltimoneiro.com.br\/wp-content\/uploads\/2023\/03\/download.jpeg","caption":"Reda\u00e7\u00e3o"},"url":"https:\/\/jornaltimoneiro.com.br\/index.php\/author\/simone-dutra\/"}]}},"_links":{"self":[{"href":"https:\/\/jornaltimoneiro.com.br\/index.php\/wp-json\/wp\/v2\/posts\/25535"}],"collection":[{"href":"https:\/\/jornaltimoneiro.com.br\/index.php\/wp-json\/wp\/v2\/posts"}],"about":[{"href":"https:\/\/jornaltimoneiro.com.br\/index.php\/wp-json\/wp\/v2\/types\/post"}],"author":[{"embeddable":true,"href":"https:\/\/jornaltimoneiro.com.br\/index.php\/wp-json\/wp\/v2\/users\/2"}],"replies":[{"embeddable":true,"href":"https:\/\/jornaltimoneiro.com.br\/index.php\/wp-json\/wp\/v2\/comments?post=25535"}],"version-history":[{"count":1,"href":"https:\/\/jornaltimoneiro.com.br\/index.php\/wp-json\/wp\/v2\/posts\/25535\/revisions"}],"predecessor-version":[{"id":25538,"href":"https:\/\/jornaltimoneiro.com.br\/index.php\/wp-json\/wp\/v2\/posts\/25535\/revisions\/25538"}],"wp:featuredmedia":[{"embeddable":true,"href":"https:\/\/jornaltimoneiro.com.br\/index.php\/wp-json\/wp\/v2\/media\/25537"}],"wp:attachment":[{"href":"https:\/\/jornaltimoneiro.com.br\/index.php\/wp-json\/wp\/v2\/media?parent=25535"}],"wp:term":[{"taxonomy":"category","embeddable":true,"href":"https:\/\/jornaltimoneiro.com.br\/index.php\/wp-json\/wp\/v2\/categories?post=25535"},{"taxonomy":"post_tag","embeddable":true,"href":"https:\/\/jornaltimoneiro.com.br\/index.php\/wp-json\/wp\/v2\/tags?post=25535"}],"curies":[{"name":"wp","href":"https:\/\/api.w.org\/{rel}","templated":true}]}}